{"id":123455,"date":"2025-08-14T12:57:24","date_gmt":"2025-08-14T15:57:24","guid":{"rendered":"https:\/\/www.noticiasradioreflejos.com.ar\/2021\/?p=123455"},"modified":"2025-08-14T12:57:24","modified_gmt":"2025-08-14T15:57:24","slug":"finalizo-con-exito-un-curso-de-capacitacion-para-el-personal-de-telecomunicaciones-de-celt","status":"publish","type":"post","link":"https:\/\/www.noticiasradioreflejos.com.ar\/2021\/finalizo-con-exito-un-curso-de-capacitacion-para-el-personal-de-telecomunicaciones-de-celt\/","title":{"rendered":"\u00a0Finaliz\u00f3 con \u00e9xito un curso de capacitaci\u00f3n para el personal de telecomunicaciones de CELT"},"content":{"rendered":"<p>En una iniciativa orientada a fortalecer las habilidades del personal t\u00e9cnico, la Cooperativa de Electricidad,\u00a0 llev\u00f3 a cabo un programa de capacitaci\u00f3n dirigido a los empleados del \u00e1rea de telecomunicaciones. La actividad, que se desarroll\u00f3 durante varias jornadas, tuvo como objetivo principal perfeccionar las conocimientos en el tendido de l\u00edneas de fibra \u00f3ptica y en el comportamiento de los diferentes conductores empleados en esta infraestructura.<!--more--><\/p>\n<p>El curso abord\u00f3 aspectos fundamentales, desde las t\u00e9cnicas de instalaci\u00f3n y ensamblaje de las fibras \u00f3pticas, hasta las consideraciones respecto a la calidad del servicio y la durabilidad de las conexiones. Especial enfoque se le dio a la comprensi\u00f3n del comportamiento de los conductores utilizados, resaltando la importancia de seleccionar los materiales adecuados para garantizar la eficiencia y seguridad de las redes de telecomunicaciones.<\/p>\n<p>La capacitaci\u00f3n fue liderada por expertos en la materia, quienes adem\u00e1s brindaron asesoramiento pr\u00e1ctico y recomendaron las mejores pr\u00e1cticas para satisfacer las crecientes demandas de conectividad en la regi\u00f3n. Desde Celt expresaron su satisfacci\u00f3n por la participaci\u00f3n activa del personal, destacando que este tipo de actividades contribuyen a elevar la calidad del servicio y a mantener la excelencia t\u00e9cnica en las instalaciones.<\/p>\n<p>Este proceso de formaci\u00f3n reafirma el compromiso de la cooperativa con la innovaci\u00f3n tecnol\u00f3gica y la capacitaci\u00f3n continua de su equipo, en beneficio de toda la comunidad.<\/p>\n<p><img loading=\"lazy\" decoding=\"async\" class=\"alignnone wp-image-89392 size-large\" src=\"https:\/\/www.celttv.com.ar\/wp-content\/uploads\/2025\/08\/IMG_2871-Medium-1024x683.jpg\" sizes=\"auto, (max-width: 1024px) 100vw, 1024px\" srcset=\"https:\/\/www.celttv.com.ar\/wp-content\/uploads\/2025\/08\/IMG_2871-Medium-1024x683.jpg 1024w, https:\/\/www.celttv.com.ar\/wp-content\/uploads\/2025\/08\/IMG_2871-Medium-300x200.jpg 300w, https:\/\/www.celttv.com.ar\/wp-content\/uploads\/2025\/08\/IMG_2871-Medium-768x512.jpg 768w, https:\/\/www.celttv.com.ar\/wp-content\/uploads\/2025\/08\/IMG_2871-Medium-750x500.jpg 750w, https:\/\/www.celttv.com.ar\/wp-content\/uploads\/2025\/08\/IMG_2871-Medium-1140x760.jpg 1140w, https:\/\/www.celttv.com.ar\/wp-content\/uploads\/2025\/08\/IMG_2871-Medium.jpg 1152w\" alt=\"\" width=\"1024\" height=\"683\" data-pin-no-hover=\"true\" \/>\u00a0<img loading=\"lazy\" decoding=\"async\" class=\"alignnone wp-image-89393 size-large\" src=\"https:\/\/www.celttv.com.ar\/wp-content\/uploads\/2025\/08\/IMG_2872-Medium-1024x683.jpg\" sizes=\"auto, (max-width: 1024px) 100vw, 1024px\" srcset=\"https:\/\/www.celttv.com.ar\/wp-content\/uploads\/2025\/08\/IMG_2872-Medium-1024x683.jpg 1024w, https:\/\/www.celttv.com.ar\/wp-content\/uploads\/2025\/08\/IMG_2872-Medium-300x200.jpg 300w, https:\/\/www.celttv.com.ar\/wp-content\/uploads\/2025\/08\/IMG_2872-Medium-768x512.jpg 768w, https:\/\/www.celttv.com.ar\/wp-content\/uploads\/2025\/08\/IMG_2872-Medium-750x500.jpg 750w, https:\/\/www.celttv.com.ar\/wp-content\/uploads\/2025\/08\/IMG_2872-Medium-1140x760.jpg 1140w, https:\/\/www.celttv.com.ar\/wp-content\/uploads\/2025\/08\/IMG_2872-Medium.jpg 1152w\" alt=\"\" width=\"1024\" height=\"683\" data-pin-no-hover=\"true\" \/>\u00a0<img loading=\"lazy\" decoding=\"async\" class=\"alignnone wp-image-89394 size-large\" src=\"https:\/\/www.celttv.com.ar\/wp-content\/uploads\/2025\/08\/IMG_2873-Medium-1024x683.jpg\" sizes=\"auto, (max-width: 1024px) 100vw, 1024px\" srcset=\"https:\/\/www.celttv.com.ar\/wp-content\/uploads\/2025\/08\/IMG_2873-Medium-1024x683.jpg 1024w, https:\/\/www.celttv.com.ar\/wp-content\/uploads\/2025\/08\/IMG_2873-Medium-300x200.jpg 300w, https:\/\/www.celttv.com.ar\/wp-content\/uploads\/2025\/08\/IMG_2873-Medium-768x512.jpg 768w, https:\/\/www.celttv.com.ar\/wp-content\/uploads\/2025\/08\/IMG_2873-Medium-750x500.jpg 750w, https:\/\/www.celttv.com.ar\/wp-content\/uploads\/2025\/08\/IMG_2873-Medium-1140x760.jpg 1140w, https:\/\/www.celttv.com.ar\/wp-content\/uploads\/2025\/08\/IMG_2873-Medium.jpg 1152w\" alt=\"\" width=\"1024\" height=\"683\" data-pin-no-hover=\"true\" \/>\u00a0<img loading=\"lazy\" decoding=\"async\" class=\"alignnone wp-image-89395 size-large\" src=\"https:\/\/www.celttv.com.ar\/wp-content\/uploads\/2025\/08\/IMG_2874-Medium-1024x683.jpg\" sizes=\"auto, (max-width: 1024px) 100vw, 1024px\" srcset=\"https:\/\/www.celttv.com.ar\/wp-content\/uploads\/2025\/08\/IMG_2874-Medium-1024x683.jpg 1024w, https:\/\/www.celttv.com.ar\/wp-content\/uploads\/2025\/08\/IMG_2874-Medium-300x200.jpg 300w, https:\/\/www.celttv.com.ar\/wp-content\/uploads\/2025\/08\/IMG_2874-Medium-768x512.jpg 768w, https:\/\/www.celttv.com.ar\/wp-content\/uploads\/2025\/08\/IMG_2874-Medium-750x500.jpg 750w, https:\/\/www.celttv.com.ar\/wp-content\/uploads\/2025\/08\/IMG_2874-Medium-1140x760.jpg 1140w, https:\/\/www.celttv.com.ar\/wp-content\/uploads\/2025\/08\/IMG_2874-Medium.jpg 1152w\" alt=\"\" width=\"1024\" height=\"683\" data-pin-no-hover=\"true\" \/><\/p>\n","protected":false},"excerpt":{"rendered":"<p>En una iniciativa orientada a fortalecer las habilidades del personal t\u00e9cnico, la Cooperativa de Electricidad,\u00a0 llev\u00f3 a cabo un programa de capacitaci\u00f3n dirigido a los empleados del \u00e1rea de telecomunicaciones. La actividad, que se desarroll\u00f3 durante varias jornadas, tuvo como objetivo principal perfeccionar las conocimientos en el tendido de l\u00edneas de fibra \u00f3ptica y en [&hellip;]<\/p>\n","protected":false},"author":3,"featured_media":0,"comment_status":"closed","ping_status":"closed","sticky":false,"template":"","format":"standard","meta":{"footnotes":""},"categories":[26],"tags":[],"class_list":["post-123455","post","type-post","status-publish","format-standard","hentry","category-sociedad"],"yoast_head":"<!-- This site is optimized with the Yoast SEO plugin v25.9 - https:\/\/yoast.com\/wordpress\/plugins\/seo\/ -->\n<title>\u00a0Finaliz\u00f3 con \u00e9xito un curso de capacitaci\u00f3n para el personal de telecomunicaciones de CELT - Noticias Radio Reflejos<\/title>\n<meta name=\"robots\" content=\"index, follow, max-snippet:-1, max-image-preview:large, max-video-preview:-1\" \/>\n<link rel=\"canonical\" href=\"https:\/\/www.noticiasradioreflejos.com.ar\/2021\/finalizo-con-exito-un-curso-de-capacitacion-para-el-personal-de-telecomunicaciones-de-celt\/\" \/>\n<meta property=\"og:locale\" content=\"es_ES\" \/>\n<meta property=\"og:type\" content=\"article\" \/>\n<meta property=\"og:title\" content=\"\u00a0Finaliz\u00f3 con \u00e9xito un curso de capacitaci\u00f3n para el personal de telecomunicaciones de CELT - Noticias Radio Reflejos\" \/>\n<meta property=\"og:description\" content=\"En una iniciativa orientada a fortalecer las habilidades del personal t\u00e9cnico, la Cooperativa de Electricidad,\u00a0 llev\u00f3 a cabo un programa de capacitaci\u00f3n dirigido a los empleados del \u00e1rea de telecomunicaciones. La actividad, que se desarroll\u00f3 durante varias jornadas, tuvo como objetivo principal perfeccionar las conocimientos en el tendido de l\u00edneas de fibra \u00f3ptica y en [&hellip;]\" \/>\n<meta property=\"og:url\" content=\"https:\/\/www.noticiasradioreflejos.com.ar\/2021\/finalizo-con-exito-un-curso-de-capacitacion-para-el-personal-de-telecomunicaciones-de-celt\/\" \/>\n<meta property=\"og:site_name\" content=\"Noticias Radio Reflejos\" \/>\n<meta property=\"article:published_time\" content=\"2025-08-14T15:57:24+00:00\" \/>\n<meta property=\"og:image\" content=\"https:\/\/www.noticiasradioreflejos.com.ar\/2021\/wp-content\/uploads\/2025\/08\/celt.jpg\" \/>\n\t<meta property=\"og:image:width\" content=\"750\" \/>\n\t<meta property=\"og:image:height\" content=\"500\" \/>\n\t<meta property=\"og:image:type\" content=\"image\/jpeg\" \/>\n<meta name=\"author\" content=\"Arnaldo Botto\" \/>\n<meta name=\"twitter:card\" content=\"summary_large_image\" \/>\n<script type=\"application\/ld+json\" class=\"yoast-schema-graph\">{\"@context\":\"https:\/\/schema.org\",\"@graph\":[{\"@type\":\"WebPage\",\"@id\":\"https:\/\/www.noticiasradioreflejos.com.ar\/2021\/finalizo-con-exito-un-curso-de-capacitacion-para-el-personal-de-telecomunicaciones-de-celt\/\",\"url\":\"https:\/\/www.noticiasradioreflejos.com.ar\/2021\/finalizo-con-exito-un-curso-de-capacitacion-para-el-personal-de-telecomunicaciones-de-celt\/\",\"name\":\"\u00a0Finaliz\u00f3 con \u00e9xito un curso de capacitaci\u00f3n para el personal de telecomunicaciones de CELT - Noticias Radio Reflejos\",\"isPartOf\":{\"@id\":\"https:\/\/www.noticiasradioreflejos.com.ar\/2021\/#website\"},\"primaryImageOfPage\":{\"@id\":\"https:\/\/www.noticiasradioreflejos.com.ar\/2021\/finalizo-con-exito-un-curso-de-capacitacion-para-el-personal-de-telecomunicaciones-de-celt\/#primaryimage\"},\"image\":{\"@id\":\"https:\/\/www.noticiasradioreflejos.com.ar\/2021\/finalizo-con-exito-un-curso-de-capacitacion-para-el-personal-de-telecomunicaciones-de-celt\/#primaryimage\"},\"thumbnailUrl\":\"https:\/\/www.celttv.com.ar\/wp-content\/uploads\/2025\/08\/IMG_2871-Medium-1024x683.jpg\",\"datePublished\":\"2025-08-14T15:57:24+00:00\",\"author\":{\"@id\":\"https:\/\/www.noticiasradioreflejos.com.ar\/2021\/#\/schema\/person\/ad82545263dcc5ec0996818884fd5fb1\"},\"breadcrumb\":{\"@id\":\"https:\/\/www.noticiasradioreflejos.com.ar\/2021\/finalizo-con-exito-un-curso-de-capacitacion-para-el-personal-de-telecomunicaciones-de-celt\/#breadcrumb\"},\"inLanguage\":\"es\",\"potentialAction\":[{\"@type\":\"ReadAction\",\"target\":[\"https:\/\/www.noticiasradioreflejos.com.ar\/2021\/finalizo-con-exito-un-curso-de-capacitacion-para-el-personal-de-telecomunicaciones-de-celt\/\"]}]},{\"@type\":\"ImageObject\",\"inLanguage\":\"es\",\"@id\":\"https:\/\/www.noticiasradioreflejos.com.ar\/2021\/finalizo-con-exito-un-curso-de-capacitacion-para-el-personal-de-telecomunicaciones-de-celt\/#primaryimage\",\"url\":\"https:\/\/www.celttv.com.ar\/wp-content\/uploads\/2025\/08\/IMG_2871-Medium-1024x683.jpg\",\"contentUrl\":\"https:\/\/www.celttv.com.ar\/wp-content\/uploads\/2025\/08\/IMG_2871-Medium-1024x683.jpg\"},{\"@type\":\"BreadcrumbList\",\"@id\":\"https:\/\/www.noticiasradioreflejos.com.ar\/2021\/finalizo-con-exito-un-curso-de-capacitacion-para-el-personal-de-telecomunicaciones-de-celt\/#breadcrumb\",\"itemListElement\":[{\"@type\":\"ListItem\",\"position\":1,\"name\":\"Portada\",\"item\":\"https:\/\/www.noticiasradioreflejos.com.ar\/2021\/\"},{\"@type\":\"ListItem\",\"position\":2,\"name\":\"\u00a0Finaliz\u00f3 con \u00e9xito un curso de capacitaci\u00f3n para el personal de telecomunicaciones de CELT\"}]},{\"@type\":\"WebSite\",\"@id\":\"https:\/\/www.noticiasradioreflejos.com.ar\/2021\/#website\",\"url\":\"https:\/\/www.noticiasradioreflejos.com.ar\/2021\/\",\"name\":\"Noticias Radio Reflejos\",\"description\":\"Las noticias de mi comarca\",\"potentialAction\":[{\"@type\":\"SearchAction\",\"target\":{\"@type\":\"EntryPoint\",\"urlTemplate\":\"https:\/\/www.noticiasradioreflejos.com.ar\/2021\/?s={search_term_string}\"},\"query-input\":{\"@type\":\"PropertyValueSpecification\",\"valueRequired\":true,\"valueName\":\"search_term_string\"}}],\"inLanguage\":\"es\"},{\"@type\":\"Person\",\"@id\":\"https:\/\/www.noticiasradioreflejos.com.ar\/2021\/#\/schema\/person\/ad82545263dcc5ec0996818884fd5fb1\",\"name\":\"Arnaldo Botto\",\"image\":{\"@type\":\"ImageObject\",\"inLanguage\":\"es\",\"@id\":\"https:\/\/www.noticiasradioreflejos.com.ar\/2021\/#\/schema\/person\/image\/\",\"url\":\"https:\/\/secure.gravatar.com\/avatar\/55cb5e37c1efa326397366e6974cb338056df65cb50e7d64d1cf314e87504837?s=96&d=mm&r=g\",\"contentUrl\":\"https:\/\/secure.gravatar.com\/avatar\/55cb5e37c1efa326397366e6974cb338056df65cb50e7d64d1cf314e87504837?s=96&d=mm&r=g\",\"caption\":\"Arnaldo Botto\"},\"url\":\"https:\/\/www.noticiasradioreflejos.com.ar\/2021\/author\/arnaldo\/\"}]}<\/script>\n<!-- \/ Yoast SEO plugin. -->","yoast_head_json":{"title":"\u00a0Finaliz\u00f3 con \u00e9xito un curso de capacitaci\u00f3n para el personal de telecomunicaciones de CELT - Noticias Radio Reflejos","robots":{"index":"index","follow":"follow","max-snippet":"max-snippet:-1","max-image-preview":"max-image-preview:large","max-video-preview":"max-video-preview:-1"},"canonical":"https:\/\/www.noticiasradioreflejos.com.ar\/2021\/finalizo-con-exito-un-curso-de-capacitacion-para-el-personal-de-telecomunicaciones-de-celt\/","og_locale":"es_ES","og_type":"article","og_title":"\u00a0Finaliz\u00f3 con \u00e9xito un curso de capacitaci\u00f3n para el personal de telecomunicaciones de CELT - Noticias Radio Reflejos","og_description":"En una iniciativa orientada a fortalecer las habilidades del personal t\u00e9cnico, la Cooperativa de Electricidad,\u00a0 llev\u00f3 a cabo un programa de capacitaci\u00f3n dirigido a los empleados del \u00e1rea de telecomunicaciones. La actividad, que se desarroll\u00f3 durante varias jornadas, tuvo como objetivo principal perfeccionar las conocimientos en el tendido de l\u00edneas de fibra \u00f3ptica y en [&hellip;]","og_url":"https:\/\/www.noticiasradioreflejos.com.ar\/2021\/finalizo-con-exito-un-curso-de-capacitacion-para-el-personal-de-telecomunicaciones-de-celt\/","og_site_name":"Noticias Radio Reflejos","article_published_time":"2025-08-14T15:57:24+00:00","og_image":[{"width":750,"height":500,"url":"https:\/\/www.noticiasradioreflejos.com.ar\/2021\/wp-content\/uploads\/2025\/08\/celt.jpg","type":"image\/jpeg"}],"author":"Arnaldo Botto","twitter_card":"summary_large_image","schema":{"@context":"https:\/\/schema.org","@graph":[{"@type":"WebPage","@id":"https:\/\/www.noticiasradioreflejos.com.ar\/2021\/finalizo-con-exito-un-curso-de-capacitacion-para-el-personal-de-telecomunicaciones-de-celt\/","url":"https:\/\/www.noticiasradioreflejos.com.ar\/2021\/finalizo-con-exito-un-curso-de-capacitacion-para-el-personal-de-telecomunicaciones-de-celt\/","name":"\u00a0Finaliz\u00f3 con \u00e9xito un curso de capacitaci\u00f3n para el personal de telecomunicaciones de CELT - Noticias Radio Reflejos","isPartOf":{"@id":"https:\/\/www.noticiasradioreflejos.com.ar\/2021\/#website"},"primaryImageOfPage":{"@id":"https:\/\/www.noticiasradioreflejos.com.ar\/2021\/finalizo-con-exito-un-curso-de-capacitacion-para-el-personal-de-telecomunicaciones-de-celt\/#primaryimage"},"image":{"@id":"https:\/\/www.noticiasradioreflejos.com.ar\/2021\/finalizo-con-exito-un-curso-de-capacitacion-para-el-personal-de-telecomunicaciones-de-celt\/#primaryimage"},"thumbnailUrl":"https:\/\/www.celttv.com.ar\/wp-content\/uploads\/2025\/08\/IMG_2871-Medium-1024x683.jpg","datePublished":"2025-08-14T15:57:24+00:00","author":{"@id":"https:\/\/www.noticiasradioreflejos.com.ar\/2021\/#\/schema\/person\/ad82545263dcc5ec0996818884fd5fb1"},"breadcrumb":{"@id":"https:\/\/www.noticiasradioreflejos.com.ar\/2021\/finalizo-con-exito-un-curso-de-capacitacion-para-el-personal-de-telecomunicaciones-de-celt\/#breadcrumb"},"inLanguage":"es","potentialAction":[{"@type":"ReadAction","target":["https:\/\/www.noticiasradioreflejos.com.ar\/2021\/finalizo-con-exito-un-curso-de-capacitacion-para-el-personal-de-telecomunicaciones-de-celt\/"]}]},{"@type":"ImageObject","inLanguage":"es","@id":"https:\/\/www.noticiasradioreflejos.com.ar\/2021\/finalizo-con-exito-un-curso-de-capacitacion-para-el-personal-de-telecomunicaciones-de-celt\/#primaryimage","url":"https:\/\/www.celttv.com.ar\/wp-content\/uploads\/2025\/08\/IMG_2871-Medium-1024x683.jpg","contentUrl":"https:\/\/www.celttv.com.ar\/wp-content\/uploads\/2025\/08\/IMG_2871-Medium-1024x683.jpg"},{"@type":"BreadcrumbList","@id":"https:\/\/www.noticiasradioreflejos.com.ar\/2021\/finalizo-con-exito-un-curso-de-capacitacion-para-el-personal-de-telecomunicaciones-de-celt\/#breadcrumb","itemListElement":[{"@type":"ListItem","position":1,"name":"Portada","item":"https:\/\/www.noticiasradioreflejos.com.ar\/2021\/"},{"@type":"ListItem","position":2,"name":"\u00a0Finaliz\u00f3 con \u00e9xito un curso de capacitaci\u00f3n para el personal de telecomunicaciones de CELT"}]},{"@type":"WebSite","@id":"https:\/\/www.noticiasradioreflejos.com.ar\/2021\/#website","url":"https:\/\/www.noticiasradioreflejos.com.ar\/2021\/","name":"Noticias Radio Reflejos","description":"Las noticias de mi comarca","potentialAction":[{"@type":"SearchAction","target":{"@type":"EntryPoint","urlTemplate":"https:\/\/www.noticiasradioreflejos.com.ar\/2021\/?s={search_term_string}"},"query-input":{"@type":"PropertyValueSpecification","valueRequired":true,"valueName":"search_term_string"}}],"inLanguage":"es"},{"@type":"Person","@id":"https:\/\/www.noticiasradioreflejos.com.ar\/2021\/#\/schema\/person\/ad82545263dcc5ec0996818884fd5fb1","name":"Arnaldo Botto","image":{"@type":"ImageObject","inLanguage":"es","@id":"https:\/\/www.noticiasradioreflejos.com.ar\/2021\/#\/schema\/person\/image\/","url":"https:\/\/secure.gravatar.com\/avatar\/55cb5e37c1efa326397366e6974cb338056df65cb50e7d64d1cf314e87504837?s=96&d=mm&r=g","contentUrl":"https:\/\/secure.gravatar.com\/avatar\/55cb5e37c1efa326397366e6974cb338056df65cb50e7d64d1cf314e87504837?s=96&d=mm&r=g","caption":"Arnaldo Botto"},"url":"https:\/\/www.noticiasradioreflejos.com.ar\/2021\/author\/arnaldo\/"}]}},"_links":{"self":[{"href":"https:\/\/www.noticiasradioreflejos.com.ar\/2021\/wp-json\/wp\/v2\/posts\/123455","targetHints":{"allow":["GET"]}}],"collection":[{"href":"https:\/\/www.noticiasradioreflejos.com.ar\/2021\/wp-json\/wp\/v2\/posts"}],"about":[{"href":"https:\/\/www.noticiasradioreflejos.com.ar\/2021\/wp-json\/wp\/v2\/types\/post"}],"author":[{"embeddable":true,"href":"https:\/\/www.noticiasradioreflejos.com.ar\/2021\/wp-json\/wp\/v2\/users\/3"}],"replies":[{"embeddable":true,"href":"https:\/\/www.noticiasradioreflejos.com.ar\/2021\/wp-json\/wp\/v2\/comments?post=123455"}],"version-history":[{"count":1,"href":"https:\/\/www.noticiasradioreflejos.com.ar\/2021\/wp-json\/wp\/v2\/posts\/123455\/revisions"}],"predecessor-version":[{"id":123457,"href":"https:\/\/www.noticiasradioreflejos.com.ar\/2021\/wp-json\/wp\/v2\/posts\/123455\/revisions\/123457"}],"wp:attachment":[{"href":"https:\/\/www.noticiasradioreflejos.com.ar\/2021\/wp-json\/wp\/v2\/media?parent=123455"}],"wp:term":[{"taxonomy":"category","embeddable":true,"href":"https:\/\/www.noticiasradioreflejos.com.ar\/2021\/wp-json\/wp\/v2\/categories?post=123455"},{"taxonomy":"post_tag","embeddable":true,"href":"https:\/\/www.noticiasradioreflejos.com.ar\/2021\/wp-json\/wp\/v2\/tags?post=123455"}],"curies":[{"name":"wp","href":"https:\/\/api.w.org\/{rel}","templated":true}]}}