{"id":123448,"date":"2025-08-14T17:32:58","date_gmt":"2025-08-14T20:32:58","guid":{"rendered":"https:\/\/www.noticiasradioreflejos.com.ar\/2021\/?p=123448"},"modified":"2025-08-14T17:50:35","modified_gmt":"2025-08-14T20:50:35","slug":"la-cooperativa-taller-uno-ltda-y-su-compromiso-con-el-medio-ambiente","status":"publish","type":"post","link":"https:\/\/www.noticiasradioreflejos.com.ar\/2021\/la-cooperativa-taller-uno-ltda-y-su-compromiso-con-el-medio-ambiente\/","title":{"rendered":"La Cooperativa Taller Uno Ltda. y su compromiso con el medio ambiente."},"content":{"rendered":"<p>La cooperativa trabaja en la recuperaci\u00f3n de residuos y tratamiento de excretas en Bah\u00eda Blanca, con un enfoque en la sostenibilidad y el cuidado del medio ambiente. Hoy en FM Reflejos Julio Seewald su presidente nos habla de su trayectoria y los proyectos que llevan adelante.<!--more--><\/p>\n<p><a href=\"https:\/\/www.noticiasradioreflejos.com.ar\/2021\/la-cooperativa-taller-uno-ltda-y-su-compromiso-con-el-medio-ambiente\/cooperativa-uno\/\" rel=\"attachment wp-att-123492\"><img loading=\"lazy\" decoding=\"async\" class=\"aligncenter size-full wp-image-123492\" src=\"https:\/\/www.noticiasradioreflejos.com.ar\/2021\/wp-content\/uploads\/2025\/08\/cooperativa-UNO.jpeg\" alt=\"\" width=\"1600\" height=\"718\" \/><\/a><\/p>\n<p>Por un lado, la mencionada Cooperativa trabaja en la recuperaci\u00f3n de residuos en el relleno sanitario de Bah\u00eda Blanca. Tambi\u00e9n en el ingreso a la terminal de \u00f3mnibus de Bah\u00eda Blanca, donde realiza el tratamiento de excretas. Tiene la autorizaci\u00f3n del Organismo Provincial de Desarrollo Sustentable de la provincia de Buenos Aires para la disposici\u00f3n final de residuos.<\/p>\n<p>\u00abLa cooperativa se fund\u00f3 en el 2001 en Punta Alta. Se fund\u00f3 para hacer trabajos navales, pero en esa \u00e9poca las matr\u00edculas cooperativas eran muy amplias. Oper\u00f3 ah\u00ed varios a\u00f1os y despu\u00e9s se vino a Bah\u00eda Blanca a operar en materia civil. Nosotros ingresamos en el 2007 como asociado, y le empezamos a buscar la vuelta a la parte ambiental\u00bb presenta Julio los comienzos de la Taller Uno, mencionando numerosas tareas que han realizado desde entonces hasta el d\u00eda de hoy.<\/p>\n<p><a href=\"https:\/\/www.noticiasradioreflejos.com.ar\/2021\/la-cooperativa-taller-uno-ltda-y-su-compromiso-con-el-medio-ambiente\/seewald\/\" rel=\"attachment wp-att-123483\"><img loading=\"lazy\" decoding=\"async\" class=\"aligncenter size-full wp-image-123483\" src=\"https:\/\/www.noticiasradioreflejos.com.ar\/2021\/wp-content\/uploads\/2025\/08\/Seewald.jpg\" alt=\"\" width=\"738\" height=\"860\" srcset=\"https:\/\/www.noticiasradioreflejos.com.ar\/2021\/wp-content\/uploads\/2025\/08\/Seewald.jpg 738w, https:\/\/www.noticiasradioreflejos.com.ar\/2021\/wp-content\/uploads\/2025\/08\/Seewald-257x300.jpg 257w\" sizes=\"auto, (max-width: 738px) 100vw, 738px\" \/><\/a><\/p>\n<p>&nbsp;<\/p>\n<p>Santiago explica que durante todo su trabajo, han modificado su perspectiva de ese mundo laboral, entendiendo que quienes trabajan de ello son recicladores de material valioso para poder trabajar. \u00abTambi\u00e9n nos hemos acorazado con las historias de la gente. Hay muchas personas realizando reciclado dentro de la ciudad de manera particular\u00bb.<\/p>\n<p>El trabajo de la Taller Uno se delimitar\u00eda a los grandes generadores de material, quienes pasan los 1000 kilos al mes, aunque tambi\u00e9n se trabaja con la comunidad bahiense. \u00abTodo eso queda asentado en una plataforma del Ministerio de Ambiente de la Provincia. Bah\u00eda Blanca implement\u00f3 un sistema de rutas separadas donde x d\u00eda va pasando por los barrios, la gente va sacando sus residuos separados y eso va a parar en la Eco-planta de Cerri, donde tenemos 18 asociados. Desembarcamos la eco-planta en diciembre u enero de este a\u00f1o. Hoy est\u00e1 trabajando doble turno\u00bb.<\/p>\n<p><a href=\"https:\/\/www.noticiasradioreflejos.com.ar\/2021\/la-cooperativa-taller-uno-ltda-y-su-compromiso-con-el-medio-ambiente\/cooperativa-uno-2\/\" rel=\"attachment wp-att-123490\"><img loading=\"lazy\" decoding=\"async\" class=\"aligncenter size-full wp-image-123490\" src=\"https:\/\/www.noticiasradioreflejos.com.ar\/2021\/wp-content\/uploads\/2025\/08\/cooperativa-uno-2.jpeg\" alt=\"\" width=\"1600\" height=\"1200\" \/><\/a><\/p>\n<p>\u00abCreo que este gobierno le est\u00e1 dando otra visibilidad a los reciclados. Hay campa\u00f1as por parte del municipio de separaci\u00f3n. No se avanza a un ritmo grande porque es una sociedad muy grande, es dif\u00edcil que tanta gente se ponga de acuerdo. Y otra cosa que pas\u00f3 son las cat\u00e1strofes clim\u00e1ticas\u00bb eval\u00faa la situaci\u00f3n actual de Bah\u00eda Blanca.<\/p>\n<p>\u00abHemos trabajado en Tornquist, porque tenemos personal de limpieza de espacios verdes. All\u00e1 tienen muy internalizado a nivel comunidad el tema ecol\u00f3gico. Fuimos a verlos para hacer un trabajo y vimos que todos trabajan para el Taller Protegido, tienen un objetivo en com\u00fan\u00bb compara la situaci\u00f3n de la localidad cabecera de nuestro partido con la ciudad de Bah\u00eda Blanca.<\/p>\n<p>\u00abTenemos la calificaci\u00f3n m\u00e1s alta en tratamiento de residuos de Residuos S\u00f3lidos Urbanos (RSU). Tenemos una trayectoria, el Ministerio de Ambiente lo exige. Ahora estamos tratando de instalar ahora, que los lugares tengan su planeamiento de residuos. Nosotros hacemos el trabajo t\u00e9cnico\u00bb menciona la trayectoria de la Cooperativa y el trabajo espec\u00edfico que realiza.<\/p>\n<p>&nbsp;<\/p>\n<audio class=\"wp-audio-shortcode\" id=\"audio-123448-1\" preload=\"none\" style=\"width: 100%;\" controls=\"controls\"><source type=\"audio\/mpeg\" src=\"https:\/\/www.noticiasradioreflejos.com.ar\/2021\/wp-content\/uploads\/2025\/08\/Julio-Seewald-14-08.mp3?_=1\" \/><a href=\"https:\/\/www.noticiasradioreflejos.com.ar\/2021\/wp-content\/uploads\/2025\/08\/Julio-Seewald-14-08.mp3\">https:\/\/www.noticiasradioreflejos.com.ar\/2021\/wp-content\/uploads\/2025\/08\/Julio-Seewald-14-08.mp3<\/a><\/audio>\n<p>&nbsp;<\/p>\n<p><a href=\"https:\/\/www.noticiasradioreflejos.com.ar\/2021\/la-cooperativa-taller-uno-ltda-y-su-compromiso-con-el-medio-ambiente\/cooperativa-uno-3\/\" rel=\"attachment wp-att-123489\"><img loading=\"lazy\" decoding=\"async\" class=\"aligncenter size-full wp-image-123489\" src=\"https:\/\/www.noticiasradioreflejos.com.ar\/2021\/wp-content\/uploads\/2025\/08\/cooperativa-uno-3.jpeg\" alt=\"\" width=\"1080\" height=\"737\" srcset=\"https:\/\/www.noticiasradioreflejos.com.ar\/2021\/wp-content\/uploads\/2025\/08\/cooperativa-uno-3.jpeg 1080w, https:\/\/www.noticiasradioreflejos.com.ar\/2021\/wp-content\/uploads\/2025\/08\/cooperativa-uno-3-300x205.jpeg 300w, https:\/\/www.noticiasradioreflejos.com.ar\/2021\/wp-content\/uploads\/2025\/08\/cooperativa-uno-3-1024x699.jpeg 1024w, https:\/\/www.noticiasradioreflejos.com.ar\/2021\/wp-content\/uploads\/2025\/08\/cooperativa-uno-3-768x524.jpeg 768w, https:\/\/www.noticiasradioreflejos.com.ar\/2021\/wp-content\/uploads\/2025\/08\/cooperativa-uno-3-750x512.jpeg 750w\" sizes=\"auto, (max-width: 1080px) 100vw, 1080px\" \/><\/a><\/p>\n","protected":false},"excerpt":{"rendered":"<p>La cooperativa trabaja en la recuperaci\u00f3n de residuos y tratamiento de excretas en Bah\u00eda Blanca, con un enfoque en la sostenibilidad y el cuidado del medio ambiente. Hoy en FM Reflejos Julio Seewald su presidente nos habla de su trayectoria y los proyectos que llevan adelante.<\/p>\n","protected":false},"author":3,"featured_media":123494,"comment_status":"closed","ping_status":"closed","sticky":false,"template":"","format":"standard","meta":{"footnotes":""},"categories":[46,28],"tags":[48],"class_list":["post-123448","post","type-post","status-publish","format-standard","has-post-thumbnail","hentry","category-ciencia-y-tecnologia","category-municipales","tag-destacada"],"yoast_head":"<!-- This site is optimized with the Yoast SEO plugin v25.9 - https:\/\/yoast.com\/wordpress\/plugins\/seo\/ -->\n<title>La Cooperativa Taller Uno Ltda. y su compromiso con el medio ambiente. - Noticias Radio Reflejos<\/title>\n<meta name=\"robots\" content=\"index, follow, max-snippet:-1, max-image-preview:large, max-video-preview:-1\" \/>\n<link rel=\"canonical\" href=\"https:\/\/www.noticiasradioreflejos.com.ar\/2021\/la-cooperativa-taller-uno-ltda-y-su-compromiso-con-el-medio-ambiente\/\" \/>\n<meta property=\"og:locale\" content=\"es_ES\" \/>\n<meta property=\"og:type\" content=\"article\" \/>\n<meta property=\"og:title\" content=\"La Cooperativa Taller Uno Ltda. y su compromiso con el medio ambiente. - Noticias Radio Reflejos\" \/>\n<meta property=\"og:description\" content=\"La cooperativa trabaja en la recuperaci\u00f3n de residuos y tratamiento de excretas en Bah\u00eda Blanca, con un enfoque en la sostenibilidad y el cuidado del medio ambiente. Hoy en FM Reflejos Julio Seewald su presidente nos habla de su trayectoria y los proyectos que llevan adelante.\" \/>\n<meta property=\"og:url\" content=\"https:\/\/www.noticiasradioreflejos.com.ar\/2021\/la-cooperativa-taller-uno-ltda-y-su-compromiso-con-el-medio-ambiente\/\" \/>\n<meta property=\"og:site_name\" content=\"Noticias Radio Reflejos\" \/>\n<meta property=\"article:published_time\" content=\"2025-08-14T20:32:58+00:00\" \/>\n<meta property=\"article:modified_time\" content=\"2025-08-14T20:50:35+00:00\" \/>\n<meta property=\"og:image\" content=\"https:\/\/www.noticiasradioreflejos.com.ar\/2021\/wp-content\/uploads\/2025\/08\/cooperativa-uno-1-1.jpeg\" \/>\n\t<meta property=\"og:image:width\" content=\"1600\" \/>\n\t<meta property=\"og:image:height\" content=\"788\" \/>\n\t<meta property=\"og:image:type\" content=\"image\/jpeg\" \/>\n<meta name=\"author\" content=\"Arnaldo Botto\" \/>\n<meta name=\"twitter:card\" content=\"summary_large_image\" \/>\n<script type=\"application\/ld+json\" class=\"yoast-schema-graph\">{\"@context\":\"https:\/\/schema.org\",\"@graph\":[{\"@type\":\"WebPage\",\"@id\":\"https:\/\/www.noticiasradioreflejos.com.ar\/2021\/la-cooperativa-taller-uno-ltda-y-su-compromiso-con-el-medio-ambiente\/\",\"url\":\"https:\/\/www.noticiasradioreflejos.com.ar\/2021\/la-cooperativa-taller-uno-ltda-y-su-compromiso-con-el-medio-ambiente\/\",\"name\":\"La Cooperativa Taller Uno Ltda. y su compromiso con el medio ambiente. - Noticias Radio Reflejos\",\"isPartOf\":{\"@id\":\"https:\/\/www.noticiasradioreflejos.com.ar\/2021\/#website\"},\"primaryImageOfPage\":{\"@id\":\"https:\/\/www.noticiasradioreflejos.com.ar\/2021\/la-cooperativa-taller-uno-ltda-y-su-compromiso-con-el-medio-ambiente\/#primaryimage\"},\"image\":{\"@id\":\"https:\/\/www.noticiasradioreflejos.com.ar\/2021\/la-cooperativa-taller-uno-ltda-y-su-compromiso-con-el-medio-ambiente\/#primaryimage\"},\"thumbnailUrl\":\"https:\/\/www.noticiasradioreflejos.com.ar\/2021\/wp-content\/uploads\/2025\/08\/cooperativa-uno-1-1.jpeg\",\"datePublished\":\"2025-08-14T20:32:58+00:00\",\"dateModified\":\"2025-08-14T20:50:35+00:00\",\"author\":{\"@id\":\"https:\/\/www.noticiasradioreflejos.com.ar\/2021\/#\/schema\/person\/ad82545263dcc5ec0996818884fd5fb1\"},\"breadcrumb\":{\"@id\":\"https:\/\/www.noticiasradioreflejos.com.ar\/2021\/la-cooperativa-taller-uno-ltda-y-su-compromiso-con-el-medio-ambiente\/#breadcrumb\"},\"inLanguage\":\"es\",\"potentialAction\":[{\"@type\":\"ReadAction\",\"target\":[\"https:\/\/www.noticiasradioreflejos.com.ar\/2021\/la-cooperativa-taller-uno-ltda-y-su-compromiso-con-el-medio-ambiente\/\"]}]},{\"@type\":\"ImageObject\",\"inLanguage\":\"es\",\"@id\":\"https:\/\/www.noticiasradioreflejos.com.ar\/2021\/la-cooperativa-taller-uno-ltda-y-su-compromiso-con-el-medio-ambiente\/#primaryimage\",\"url\":\"https:\/\/www.noticiasradioreflejos.com.ar\/2021\/wp-content\/uploads\/2025\/08\/cooperativa-uno-1-1.jpeg\",\"contentUrl\":\"https:\/\/www.noticiasradioreflejos.com.ar\/2021\/wp-content\/uploads\/2025\/08\/cooperativa-uno-1-1.jpeg\",\"width\":1600,\"height\":788},{\"@type\":\"BreadcrumbList\",\"@id\":\"https:\/\/www.noticiasradioreflejos.com.ar\/2021\/la-cooperativa-taller-uno-ltda-y-su-compromiso-con-el-medio-ambiente\/#breadcrumb\",\"itemListElement\":[{\"@type\":\"ListItem\",\"position\":1,\"name\":\"Portada\",\"item\":\"https:\/\/www.noticiasradioreflejos.com.ar\/2021\/\"},{\"@type\":\"ListItem\",\"position\":2,\"name\":\"La Cooperativa Taller Uno Ltda. y su compromiso con el medio ambiente.\"}]},{\"@type\":\"WebSite\",\"@id\":\"https:\/\/www.noticiasradioreflejos.com.ar\/2021\/#website\",\"url\":\"https:\/\/www.noticiasradioreflejos.com.ar\/2021\/\",\"name\":\"Noticias Radio Reflejos\",\"description\":\"Las noticias de mi comarca\",\"potentialAction\":[{\"@type\":\"SearchAction\",\"target\":{\"@type\":\"EntryPoint\",\"urlTemplate\":\"https:\/\/www.noticiasradioreflejos.com.ar\/2021\/?s={search_term_string}\"},\"query-input\":{\"@type\":\"PropertyValueSpecification\",\"valueRequired\":true,\"valueName\":\"search_term_string\"}}],\"inLanguage\":\"es\"},{\"@type\":\"Person\",\"@id\":\"https:\/\/www.noticiasradioreflejos.com.ar\/2021\/#\/schema\/person\/ad82545263dcc5ec0996818884fd5fb1\",\"name\":\"Arnaldo Botto\",\"image\":{\"@type\":\"ImageObject\",\"inLanguage\":\"es\",\"@id\":\"https:\/\/www.noticiasradioreflejos.com.ar\/2021\/#\/schema\/person\/image\/\",\"url\":\"https:\/\/secure.gravatar.com\/avatar\/55cb5e37c1efa326397366e6974cb338056df65cb50e7d64d1cf314e87504837?s=96&d=mm&r=g\",\"contentUrl\":\"https:\/\/secure.gravatar.com\/avatar\/55cb5e37c1efa326397366e6974cb338056df65cb50e7d64d1cf314e87504837?s=96&d=mm&r=g\",\"caption\":\"Arnaldo Botto\"},\"url\":\"https:\/\/www.noticiasradioreflejos.com.ar\/2021\/author\/arnaldo\/\"}]}<\/script>\n<!-- \/ Yoast SEO plugin. -->","yoast_head_json":{"title":"La Cooperativa Taller Uno Ltda. y su compromiso con el medio ambiente. - Noticias Radio Reflejos","robots":{"index":"index","follow":"follow","max-snippet":"max-snippet:-1","max-image-preview":"max-image-preview:large","max-video-preview":"max-video-preview:-1"},"canonical":"https:\/\/www.noticiasradioreflejos.com.ar\/2021\/la-cooperativa-taller-uno-ltda-y-su-compromiso-con-el-medio-ambiente\/","og_locale":"es_ES","og_type":"article","og_title":"La Cooperativa Taller Uno Ltda. y su compromiso con el medio ambiente. - Noticias Radio Reflejos","og_description":"La cooperativa trabaja en la recuperaci\u00f3n de residuos y tratamiento de excretas en Bah\u00eda Blanca, con un enfoque en la sostenibilidad y el cuidado del medio ambiente. Hoy en FM Reflejos Julio Seewald su presidente nos habla de su trayectoria y los proyectos que llevan adelante.","og_url":"https:\/\/www.noticiasradioreflejos.com.ar\/2021\/la-cooperativa-taller-uno-ltda-y-su-compromiso-con-el-medio-ambiente\/","og_site_name":"Noticias Radio Reflejos","article_published_time":"2025-08-14T20:32:58+00:00","article_modified_time":"2025-08-14T20:50:35+00:00","og_image":[{"width":1600,"height":788,"url":"https:\/\/www.noticiasradioreflejos.com.ar\/2021\/wp-content\/uploads\/2025\/08\/cooperativa-uno-1-1.jpeg","type":"image\/jpeg"}],"author":"Arnaldo Botto","twitter_card":"summary_large_image","schema":{"@context":"https:\/\/schema.org","@graph":[{"@type":"WebPage","@id":"https:\/\/www.noticiasradioreflejos.com.ar\/2021\/la-cooperativa-taller-uno-ltda-y-su-compromiso-con-el-medio-ambiente\/","url":"https:\/\/www.noticiasradioreflejos.com.ar\/2021\/la-cooperativa-taller-uno-ltda-y-su-compromiso-con-el-medio-ambiente\/","name":"La Cooperativa Taller Uno Ltda. y su compromiso con el medio ambiente. - Noticias Radio Reflejos","isPartOf":{"@id":"https:\/\/www.noticiasradioreflejos.com.ar\/2021\/#website"},"primaryImageOfPage":{"@id":"https:\/\/www.noticiasradioreflejos.com.ar\/2021\/la-cooperativa-taller-uno-ltda-y-su-compromiso-con-el-medio-ambiente\/#primaryimage"},"image":{"@id":"https:\/\/www.noticiasradioreflejos.com.ar\/2021\/la-cooperativa-taller-uno-ltda-y-su-compromiso-con-el-medio-ambiente\/#primaryimage"},"thumbnailUrl":"https:\/\/www.noticiasradioreflejos.com.ar\/2021\/wp-content\/uploads\/2025\/08\/cooperativa-uno-1-1.jpeg","datePublished":"2025-08-14T20:32:58+00:00","dateModified":"2025-08-14T20:50:35+00:00","author":{"@id":"https:\/\/www.noticiasradioreflejos.com.ar\/2021\/#\/schema\/person\/ad82545263dcc5ec0996818884fd5fb1"},"breadcrumb":{"@id":"https:\/\/www.noticiasradioreflejos.com.ar\/2021\/la-cooperativa-taller-uno-ltda-y-su-compromiso-con-el-medio-ambiente\/#breadcrumb"},"inLanguage":"es","potentialAction":[{"@type":"ReadAction","target":["https:\/\/www.noticiasradioreflejos.com.ar\/2021\/la-cooperativa-taller-uno-ltda-y-su-compromiso-con-el-medio-ambiente\/"]}]},{"@type":"ImageObject","inLanguage":"es","@id":"https:\/\/www.noticiasradioreflejos.com.ar\/2021\/la-cooperativa-taller-uno-ltda-y-su-compromiso-con-el-medio-ambiente\/#primaryimage","url":"https:\/\/www.noticiasradioreflejos.com.ar\/2021\/wp-content\/uploads\/2025\/08\/cooperativa-uno-1-1.jpeg","contentUrl":"https:\/\/www.noticiasradioreflejos.com.ar\/2021\/wp-content\/uploads\/2025\/08\/cooperativa-uno-1-1.jpeg","width":1600,"height":788},{"@type":"BreadcrumbList","@id":"https:\/\/www.noticiasradioreflejos.com.ar\/2021\/la-cooperativa-taller-uno-ltda-y-su-compromiso-con-el-medio-ambiente\/#breadcrumb","itemListElement":[{"@type":"ListItem","position":1,"name":"Portada","item":"https:\/\/www.noticiasradioreflejos.com.ar\/2021\/"},{"@type":"ListItem","position":2,"name":"La Cooperativa Taller Uno Ltda. y su compromiso con el medio ambiente."}]},{"@type":"WebSite","@id":"https:\/\/www.noticiasradioreflejos.com.ar\/2021\/#website","url":"https:\/\/www.noticiasradioreflejos.com.ar\/2021\/","name":"Noticias Radio Reflejos","description":"Las noticias de mi comarca","potentialAction":[{"@type":"SearchAction","target":{"@type":"EntryPoint","urlTemplate":"https:\/\/www.noticiasradioreflejos.com.ar\/2021\/?s={search_term_string}"},"query-input":{"@type":"PropertyValueSpecification","valueRequired":true,"valueName":"search_term_string"}}],"inLanguage":"es"},{"@type":"Person","@id":"https:\/\/www.noticiasradioreflejos.com.ar\/2021\/#\/schema\/person\/ad82545263dcc5ec0996818884fd5fb1","name":"Arnaldo Botto","image":{"@type":"ImageObject","inLanguage":"es","@id":"https:\/\/www.noticiasradioreflejos.com.ar\/2021\/#\/schema\/person\/image\/","url":"https:\/\/secure.gravatar.com\/avatar\/55cb5e37c1efa326397366e6974cb338056df65cb50e7d64d1cf314e87504837?s=96&d=mm&r=g","contentUrl":"https:\/\/secure.gravatar.com\/avatar\/55cb5e37c1efa326397366e6974cb338056df65cb50e7d64d1cf314e87504837?s=96&d=mm&r=g","caption":"Arnaldo Botto"},"url":"https:\/\/www.noticiasradioreflejos.com.ar\/2021\/author\/arnaldo\/"}]}},"_links":{"self":[{"href":"https:\/\/www.noticiasradioreflejos.com.ar\/2021\/wp-json\/wp\/v2\/posts\/123448","targetHints":{"allow":["GET"]}}],"collection":[{"href":"https:\/\/www.noticiasradioreflejos.com.ar\/2021\/wp-json\/wp\/v2\/posts"}],"about":[{"href":"https:\/\/www.noticiasradioreflejos.com.ar\/2021\/wp-json\/wp\/v2\/types\/post"}],"author":[{"embeddable":true,"href":"https:\/\/www.noticiasradioreflejos.com.ar\/2021\/wp-json\/wp\/v2\/users\/3"}],"replies":[{"embeddable":true,"href":"https:\/\/www.noticiasradioreflejos.com.ar\/2021\/wp-json\/wp\/v2\/comments?post=123448"}],"version-history":[{"count":5,"href":"https:\/\/www.noticiasradioreflejos.com.ar\/2021\/wp-json\/wp\/v2\/posts\/123448\/revisions"}],"predecessor-version":[{"id":123495,"href":"https:\/\/www.noticiasradioreflejos.com.ar\/2021\/wp-json\/wp\/v2\/posts\/123448\/revisions\/123495"}],"wp:featuredmedia":[{"embeddable":true,"href":"https:\/\/www.noticiasradioreflejos.com.ar\/2021\/wp-json\/wp\/v2\/media\/123494"}],"wp:attachment":[{"href":"https:\/\/www.noticiasradioreflejos.com.ar\/2021\/wp-json\/wp\/v2\/media?parent=123448"}],"wp:term":[{"taxonomy":"category","embeddable":true,"href":"https:\/\/www.noticiasradioreflejos.com.ar\/2021\/wp-json\/wp\/v2\/categories?post=123448"},{"taxonomy":"post_tag","embeddable":true,"href":"https:\/\/www.noticiasradioreflejos.com.ar\/2021\/wp-json\/wp\/v2\/tags?post=123448"}],"curies":[{"name":"wp","href":"https:\/\/api.w.org\/{rel}","templated":true}]}}