{"id":123445,"date":"2025-08-14T17:23:43","date_gmt":"2025-08-14T20:23:43","guid":{"rendered":"https:\/\/www.noticiasradioreflejos.com.ar\/2021\/?p=123445"},"modified":"2025-08-14T17:23:54","modified_gmt":"2025-08-14T20:23:54","slug":"fiesta-de-reyes-magos-en-sierra-sortearan-un-0-km-con-un-bono-contribucion","status":"publish","type":"post","link":"https:\/\/www.noticiasradioreflejos.com.ar\/2021\/fiesta-de-reyes-magos-en-sierra-sortearan-un-0-km-con-un-bono-contribucion\/","title":{"rendered":"Fiesta de Reyes Magos en Sierra: Sortear\u00e1n un 0 km con un bono contribuci\u00f3n."},"content":{"rendered":"<p>S<strong>antiago Polvara<\/strong>, integrante de la comisi\u00f3n organizadora de la fiesta y del cuerpo activo de Bomberos Voluntarios , comparte las novedades sobre el trabajo realizado para llevar adelante la conocida Fiesta de Reyes Magos.<!--more--><\/p>\n<p>\u00abEs un grupo muy consolidado, integrado por personas de la localidad pero que tambi\u00e9n representan a distintas instituciones. El a\u00f1o pasado comenzamos a mitad de a\u00f1o, este a\u00f1o ya termin\u00f3 la \u00faltima edici\u00f3n y autom\u00e1ticamente nos pusimos objetivos y a partir de febrero, m\u00e1s o menos, empezamos a reunirnos con el objetivo de planificar la pr\u00f3xima edici\u00f3n de enero 2026\u00bb se refiere Santiago a sus compa\u00f1eros de la comisi\u00f3n, quienes se encargan de organizar una de las fiestas m\u00e1s importantes del partido de Tornquist. \u00abEs la fiesta nuestra, porque todos en alg\u00fan momento hemos estado ah\u00ed. Toda la gente de la comisi\u00f3n tambi\u00e9n tiene un sentido de pertenencia con esta fiesta\u00bb agrega felizmente.<\/p>\n<p>\u00abEste a\u00f1o, la bajada de reyes ser\u00eda el d\u00eda lunes, comenzando el d\u00eda viernes\u00bb comparte las novedades para esta nueva edici\u00f3n, esta nueva decisi\u00f3n de que la celebraci\u00f3n durar\u00e1 4 d\u00edas fue tomada por la misma comisi\u00f3n de Reyes.<\/p>\n<p>\u00abNosotros manejamos un presupuesto estimativo. Dentro de lo m\u00e1s costoso, est\u00e1 el sonido, iluminaci\u00f3n y pantallas. Posterior a eso, los fuegos y los juguetes y al final, los artistas. Puntualmente uno de los ingresos m\u00e1s grandes que tenemos es el patio gastron\u00f3mico, cervecero y de manualistas. Ya largamos la convocatoria y fue impresionante c\u00f3mo a corto plazo ya pudimos cubrir todas las plazas para el evento\u00bb explica Santiago c\u00f3mo es que se sostiene econ\u00f3micamente la fiesta, agregando la gran convocatoria que ha tenido desde tiempos tempranos este a\u00f1o. \u00abTenemos lista de espera con gente que se qued\u00f3 esperando a ver si se baja alguien. La verdad es que se van muy conformes, les sirve con la gira de paso para ir a otros eventos, pero vuelven. Si miras la grilla, son los mismos productores, foodtrucks y mismo p\u00fablico\u00bb comenta.<\/p>\n<p>En esta nueva edici\u00f3n de la fiesta, ocurrir\u00e1 un hecho hist\u00f3rico; se sortear\u00e1 un auto. \u00abTen\u00edamos que pensar en una idea para recaudar el dinero que nos estar\u00eda faltando, fuera de los otros aportes que tenemos por otros lados. Y se nos ocurri\u00f3 la del bono contribuci\u00f3n de 1000 n\u00fameros, con 250 bonos, de un auto 0km, un Renault Kwid\u00bb comenta el entrevistado. \u00ab160 mil pesos es el valor al contado, y sino estamos ofreciendo son 5 cuotas de 40mil pesos. A esto le hicimos una cuesti\u00f3n adicional para comerciantes, con el bono a 200mil al contado o 5 cuotas de 50 y entran en el aporte publicitario\u00bb. El sorteo se realizar\u00e1 por quiniela nocturna Ex Nacional, el 6 de enero del 2026.<\/p>\n<p>N\u00famero de contacto para los interesados: <strong>2914600564<\/strong>.<\/p>\n<audio class=\"wp-audio-shortcode\" id=\"audio-123445-1\" preload=\"none\" style=\"width: 100%;\" controls=\"controls\"><source type=\"audio\/mpeg\" src=\"https:\/\/www.noticiasradioreflejos.com.ar\/2021\/wp-content\/uploads\/2025\/08\/Sanriago-Polvara-14-08.mp3?_=1\" \/><a href=\"https:\/\/www.noticiasradioreflejos.com.ar\/2021\/wp-content\/uploads\/2025\/08\/Sanriago-Polvara-14-08.mp3\">https:\/\/www.noticiasradioreflejos.com.ar\/2021\/wp-content\/uploads\/2025\/08\/Sanriago-Polvara-14-08.mp3<\/a><\/audio>\n<p>&nbsp;<\/p>\n<p>&nbsp;<\/p>\n<p><a href=\"https:\/\/www.noticiasradioreflejos.com.ar\/2021\/fiesta-de-reyes-magos-en-sierra-sortearan-un-0-km-con-un-bono-contribucion\/reyes-0-km\/\" rel=\"attachment wp-att-123480\"><img loading=\"lazy\" decoding=\"async\" class=\"aligncenter size-full wp-image-123480\" src=\"https:\/\/www.noticiasradioreflejos.com.ar\/2021\/wp-content\/uploads\/2025\/08\/reyes-0-km.jpeg\" alt=\"\" width=\"1080\" height=\"1350\" \/><\/a><\/p>\n","protected":false},"excerpt":{"rendered":"<p>Santiago Polvara, integrante de la comisi\u00f3n organizadora de la fiesta y del cuerpo activo de Bomberos Voluntarios , comparte las novedades sobre el trabajo realizado para llevar adelante la conocida Fiesta de Reyes Magos.<\/p>\n","protected":false},"author":3,"featured_media":111401,"comment_status":"closed","ping_status":"closed","sticky":false,"template":"","format":"standard","meta":{"footnotes":""},"categories":[35,28,26],"tags":[48],"class_list":["post-123445","post","type-post","status-publish","format-standard","has-post-thumbnail","hentry","category-cultura","category-municipales","category-sociedad","tag-destacada"],"yoast_head":"<!-- This site is optimized with the Yoast SEO plugin v25.9 - https:\/\/yoast.com\/wordpress\/plugins\/seo\/ -->\n<title>Fiesta de Reyes Magos en Sierra: Sortear\u00e1n un 0 km con un bono contribuci\u00f3n. - Noticias Radio Reflejos<\/title>\n<meta name=\"robots\" content=\"index, follow, max-snippet:-1, max-image-preview:large, max-video-preview:-1\" \/>\n<link rel=\"canonical\" href=\"https:\/\/www.noticiasradioreflejos.com.ar\/2021\/fiesta-de-reyes-magos-en-sierra-sortearan-un-0-km-con-un-bono-contribucion\/\" \/>\n<meta property=\"og:locale\" content=\"es_ES\" \/>\n<meta property=\"og:type\" content=\"article\" \/>\n<meta property=\"og:title\" content=\"Fiesta de Reyes Magos en Sierra: Sortear\u00e1n un 0 km con un bono contribuci\u00f3n. - Noticias Radio Reflejos\" \/>\n<meta property=\"og:description\" content=\"Santiago Polvara, integrante de la comisi\u00f3n organizadora de la fiesta y del cuerpo activo de Bomberos Voluntarios , comparte las novedades sobre el trabajo realizado para llevar adelante la conocida Fiesta de Reyes Magos.\" \/>\n<meta property=\"og:url\" content=\"https:\/\/www.noticiasradioreflejos.com.ar\/2021\/fiesta-de-reyes-magos-en-sierra-sortearan-un-0-km-con-un-bono-contribucion\/\" \/>\n<meta property=\"og:site_name\" content=\"Noticias Radio Reflejos\" \/>\n<meta property=\"article:published_time\" content=\"2025-08-14T20:23:43+00:00\" \/>\n<meta property=\"article:modified_time\" content=\"2025-08-14T20:23:54+00:00\" \/>\n<meta property=\"og:image\" content=\"https:\/\/www.noticiasradioreflejos.com.ar\/2021\/wp-content\/uploads\/2025\/01\/Fiesta-de-Reyes-Drone-4.jpg\" \/>\n\t<meta property=\"og:image:width\" content=\"1440\" \/>\n\t<meta property=\"og:image:height\" content=\"1080\" \/>\n\t<meta property=\"og:image:type\" content=\"image\/jpeg\" \/>\n<meta name=\"author\" content=\"Arnaldo Botto\" \/>\n<meta name=\"twitter:card\" content=\"summary_large_image\" \/>\n<script type=\"application\/ld+json\" class=\"yoast-schema-graph\">{\"@context\":\"https:\/\/schema.org\",\"@graph\":[{\"@type\":\"WebPage\",\"@id\":\"https:\/\/www.noticiasradioreflejos.com.ar\/2021\/fiesta-de-reyes-magos-en-sierra-sortearan-un-0-km-con-un-bono-contribucion\/\",\"url\":\"https:\/\/www.noticiasradioreflejos.com.ar\/2021\/fiesta-de-reyes-magos-en-sierra-sortearan-un-0-km-con-un-bono-contribucion\/\",\"name\":\"Fiesta de Reyes Magos en Sierra: Sortear\u00e1n un 0 km con un bono contribuci\u00f3n. - Noticias Radio Reflejos\",\"isPartOf\":{\"@id\":\"https:\/\/www.noticiasradioreflejos.com.ar\/2021\/#website\"},\"primaryImageOfPage\":{\"@id\":\"https:\/\/www.noticiasradioreflejos.com.ar\/2021\/fiesta-de-reyes-magos-en-sierra-sortearan-un-0-km-con-un-bono-contribucion\/#primaryimage\"},\"image\":{\"@id\":\"https:\/\/www.noticiasradioreflejos.com.ar\/2021\/fiesta-de-reyes-magos-en-sierra-sortearan-un-0-km-con-un-bono-contribucion\/#primaryimage\"},\"thumbnailUrl\":\"https:\/\/www.noticiasradioreflejos.com.ar\/2021\/wp-content\/uploads\/2025\/01\/Fiesta-de-Reyes-Drone-4.jpg\",\"datePublished\":\"2025-08-14T20:23:43+00:00\",\"dateModified\":\"2025-08-14T20:23:54+00:00\",\"author\":{\"@id\":\"https:\/\/www.noticiasradioreflejos.com.ar\/2021\/#\/schema\/person\/ad82545263dcc5ec0996818884fd5fb1\"},\"breadcrumb\":{\"@id\":\"https:\/\/www.noticiasradioreflejos.com.ar\/2021\/fiesta-de-reyes-magos-en-sierra-sortearan-un-0-km-con-un-bono-contribucion\/#breadcrumb\"},\"inLanguage\":\"es\",\"potentialAction\":[{\"@type\":\"ReadAction\",\"target\":[\"https:\/\/www.noticiasradioreflejos.com.ar\/2021\/fiesta-de-reyes-magos-en-sierra-sortearan-un-0-km-con-un-bono-contribucion\/\"]}]},{\"@type\":\"ImageObject\",\"inLanguage\":\"es\",\"@id\":\"https:\/\/www.noticiasradioreflejos.com.ar\/2021\/fiesta-de-reyes-magos-en-sierra-sortearan-un-0-km-con-un-bono-contribucion\/#primaryimage\",\"url\":\"https:\/\/www.noticiasradioreflejos.com.ar\/2021\/wp-content\/uploads\/2025\/01\/Fiesta-de-Reyes-Drone-4.jpg\",\"contentUrl\":\"https:\/\/www.noticiasradioreflejos.com.ar\/2021\/wp-content\/uploads\/2025\/01\/Fiesta-de-Reyes-Drone-4.jpg\",\"width\":1440,\"height\":1080},{\"@type\":\"BreadcrumbList\",\"@id\":\"https:\/\/www.noticiasradioreflejos.com.ar\/2021\/fiesta-de-reyes-magos-en-sierra-sortearan-un-0-km-con-un-bono-contribucion\/#breadcrumb\",\"itemListElement\":[{\"@type\":\"ListItem\",\"position\":1,\"name\":\"Portada\",\"item\":\"https:\/\/www.noticiasradioreflejos.com.ar\/2021\/\"},{\"@type\":\"ListItem\",\"position\":2,\"name\":\"Fiesta de Reyes Magos en Sierra: Sortear\u00e1n un 0 km con un bono contribuci\u00f3n.\"}]},{\"@type\":\"WebSite\",\"@id\":\"https:\/\/www.noticiasradioreflejos.com.ar\/2021\/#website\",\"url\":\"https:\/\/www.noticiasradioreflejos.com.ar\/2021\/\",\"name\":\"Noticias Radio Reflejos\",\"description\":\"Las noticias de mi comarca\",\"potentialAction\":[{\"@type\":\"SearchAction\",\"target\":{\"@type\":\"EntryPoint\",\"urlTemplate\":\"https:\/\/www.noticiasradioreflejos.com.ar\/2021\/?s={search_term_string}\"},\"query-input\":{\"@type\":\"PropertyValueSpecification\",\"valueRequired\":true,\"valueName\":\"search_term_string\"}}],\"inLanguage\":\"es\"},{\"@type\":\"Person\",\"@id\":\"https:\/\/www.noticiasradioreflejos.com.ar\/2021\/#\/schema\/person\/ad82545263dcc5ec0996818884fd5fb1\",\"name\":\"Arnaldo Botto\",\"image\":{\"@type\":\"ImageObject\",\"inLanguage\":\"es\",\"@id\":\"https:\/\/www.noticiasradioreflejos.com.ar\/2021\/#\/schema\/person\/image\/\",\"url\":\"https:\/\/secure.gravatar.com\/avatar\/55cb5e37c1efa326397366e6974cb338056df65cb50e7d64d1cf314e87504837?s=96&d=mm&r=g\",\"contentUrl\":\"https:\/\/secure.gravatar.com\/avatar\/55cb5e37c1efa326397366e6974cb338056df65cb50e7d64d1cf314e87504837?s=96&d=mm&r=g\",\"caption\":\"Arnaldo Botto\"},\"url\":\"https:\/\/www.noticiasradioreflejos.com.ar\/2021\/author\/arnaldo\/\"}]}<\/script>\n<!-- \/ Yoast SEO plugin. -->","yoast_head_json":{"title":"Fiesta de Reyes Magos en Sierra: Sortear\u00e1n un 0 km con un bono contribuci\u00f3n. - Noticias Radio Reflejos","robots":{"index":"index","follow":"follow","max-snippet":"max-snippet:-1","max-image-preview":"max-image-preview:large","max-video-preview":"max-video-preview:-1"},"canonical":"https:\/\/www.noticiasradioreflejos.com.ar\/2021\/fiesta-de-reyes-magos-en-sierra-sortearan-un-0-km-con-un-bono-contribucion\/","og_locale":"es_ES","og_type":"article","og_title":"Fiesta de Reyes Magos en Sierra: Sortear\u00e1n un 0 km con un bono contribuci\u00f3n. - Noticias Radio Reflejos","og_description":"Santiago Polvara, integrante de la comisi\u00f3n organizadora de la fiesta y del cuerpo activo de Bomberos Voluntarios , comparte las novedades sobre el trabajo realizado para llevar adelante la conocida Fiesta de Reyes Magos.","og_url":"https:\/\/www.noticiasradioreflejos.com.ar\/2021\/fiesta-de-reyes-magos-en-sierra-sortearan-un-0-km-con-un-bono-contribucion\/","og_site_name":"Noticias Radio Reflejos","article_published_time":"2025-08-14T20:23:43+00:00","article_modified_time":"2025-08-14T20:23:54+00:00","og_image":[{"width":1440,"height":1080,"url":"https:\/\/www.noticiasradioreflejos.com.ar\/2021\/wp-content\/uploads\/2025\/01\/Fiesta-de-Reyes-Drone-4.jpg","type":"image\/jpeg"}],"author":"Arnaldo Botto","twitter_card":"summary_large_image","schema":{"@context":"https:\/\/schema.org","@graph":[{"@type":"WebPage","@id":"https:\/\/www.noticiasradioreflejos.com.ar\/2021\/fiesta-de-reyes-magos-en-sierra-sortearan-un-0-km-con-un-bono-contribucion\/","url":"https:\/\/www.noticiasradioreflejos.com.ar\/2021\/fiesta-de-reyes-magos-en-sierra-sortearan-un-0-km-con-un-bono-contribucion\/","name":"Fiesta de Reyes Magos en Sierra: Sortear\u00e1n un 0 km con un bono contribuci\u00f3n. - Noticias Radio Reflejos","isPartOf":{"@id":"https:\/\/www.noticiasradioreflejos.com.ar\/2021\/#website"},"primaryImageOfPage":{"@id":"https:\/\/www.noticiasradioreflejos.com.ar\/2021\/fiesta-de-reyes-magos-en-sierra-sortearan-un-0-km-con-un-bono-contribucion\/#primaryimage"},"image":{"@id":"https:\/\/www.noticiasradioreflejos.com.ar\/2021\/fiesta-de-reyes-magos-en-sierra-sortearan-un-0-km-con-un-bono-contribucion\/#primaryimage"},"thumbnailUrl":"https:\/\/www.noticiasradioreflejos.com.ar\/2021\/wp-content\/uploads\/2025\/01\/Fiesta-de-Reyes-Drone-4.jpg","datePublished":"2025-08-14T20:23:43+00:00","dateModified":"2025-08-14T20:23:54+00:00","author":{"@id":"https:\/\/www.noticiasradioreflejos.com.ar\/2021\/#\/schema\/person\/ad82545263dcc5ec0996818884fd5fb1"},"breadcrumb":{"@id":"https:\/\/www.noticiasradioreflejos.com.ar\/2021\/fiesta-de-reyes-magos-en-sierra-sortearan-un-0-km-con-un-bono-contribucion\/#breadcrumb"},"inLanguage":"es","potentialAction":[{"@type":"ReadAction","target":["https:\/\/www.noticiasradioreflejos.com.ar\/2021\/fiesta-de-reyes-magos-en-sierra-sortearan-un-0-km-con-un-bono-contribucion\/"]}]},{"@type":"ImageObject","inLanguage":"es","@id":"https:\/\/www.noticiasradioreflejos.com.ar\/2021\/fiesta-de-reyes-magos-en-sierra-sortearan-un-0-km-con-un-bono-contribucion\/#primaryimage","url":"https:\/\/www.noticiasradioreflejos.com.ar\/2021\/wp-content\/uploads\/2025\/01\/Fiesta-de-Reyes-Drone-4.jpg","contentUrl":"https:\/\/www.noticiasradioreflejos.com.ar\/2021\/wp-content\/uploads\/2025\/01\/Fiesta-de-Reyes-Drone-4.jpg","width":1440,"height":1080},{"@type":"BreadcrumbList","@id":"https:\/\/www.noticiasradioreflejos.com.ar\/2021\/fiesta-de-reyes-magos-en-sierra-sortearan-un-0-km-con-un-bono-contribucion\/#breadcrumb","itemListElement":[{"@type":"ListItem","position":1,"name":"Portada","item":"https:\/\/www.noticiasradioreflejos.com.ar\/2021\/"},{"@type":"ListItem","position":2,"name":"Fiesta de Reyes Magos en Sierra: Sortear\u00e1n un 0 km con un bono contribuci\u00f3n."}]},{"@type":"WebSite","@id":"https:\/\/www.noticiasradioreflejos.com.ar\/2021\/#website","url":"https:\/\/www.noticiasradioreflejos.com.ar\/2021\/","name":"Noticias Radio Reflejos","description":"Las noticias de mi comarca","potentialAction":[{"@type":"SearchAction","target":{"@type":"EntryPoint","urlTemplate":"https:\/\/www.noticiasradioreflejos.com.ar\/2021\/?s={search_term_string}"},"query-input":{"@type":"PropertyValueSpecification","valueRequired":true,"valueName":"search_term_string"}}],"inLanguage":"es"},{"@type":"Person","@id":"https:\/\/www.noticiasradioreflejos.com.ar\/2021\/#\/schema\/person\/ad82545263dcc5ec0996818884fd5fb1","name":"Arnaldo Botto","image":{"@type":"ImageObject","inLanguage":"es","@id":"https:\/\/www.noticiasradioreflejos.com.ar\/2021\/#\/schema\/person\/image\/","url":"https:\/\/secure.gravatar.com\/avatar\/55cb5e37c1efa326397366e6974cb338056df65cb50e7d64d1cf314e87504837?s=96&d=mm&r=g","contentUrl":"https:\/\/secure.gravatar.com\/avatar\/55cb5e37c1efa326397366e6974cb338056df65cb50e7d64d1cf314e87504837?s=96&d=mm&r=g","caption":"Arnaldo Botto"},"url":"https:\/\/www.noticiasradioreflejos.com.ar\/2021\/author\/arnaldo\/"}]}},"_links":{"self":[{"href":"https:\/\/www.noticiasradioreflejos.com.ar\/2021\/wp-json\/wp\/v2\/posts\/123445","targetHints":{"allow":["GET"]}}],"collection":[{"href":"https:\/\/www.noticiasradioreflejos.com.ar\/2021\/wp-json\/wp\/v2\/posts"}],"about":[{"href":"https:\/\/www.noticiasradioreflejos.com.ar\/2021\/wp-json\/wp\/v2\/types\/post"}],"author":[{"embeddable":true,"href":"https:\/\/www.noticiasradioreflejos.com.ar\/2021\/wp-json\/wp\/v2\/users\/3"}],"replies":[{"embeddable":true,"href":"https:\/\/www.noticiasradioreflejos.com.ar\/2021\/wp-json\/wp\/v2\/comments?post=123445"}],"version-history":[{"count":4,"href":"https:\/\/www.noticiasradioreflejos.com.ar\/2021\/wp-json\/wp\/v2\/posts\/123445\/revisions"}],"predecessor-version":[{"id":123482,"href":"https:\/\/www.noticiasradioreflejos.com.ar\/2021\/wp-json\/wp\/v2\/posts\/123445\/revisions\/123482"}],"wp:featuredmedia":[{"embeddable":true,"href":"https:\/\/www.noticiasradioreflejos.com.ar\/2021\/wp-json\/wp\/v2\/media\/111401"}],"wp:attachment":[{"href":"https:\/\/www.noticiasradioreflejos.com.ar\/2021\/wp-json\/wp\/v2\/media?parent=123445"}],"wp:term":[{"taxonomy":"category","embeddable":true,"href":"https:\/\/www.noticiasradioreflejos.com.ar\/2021\/wp-json\/wp\/v2\/categories?post=123445"},{"taxonomy":"post_tag","embeddable":true,"href":"https:\/\/www.noticiasradioreflejos.com.ar\/2021\/wp-json\/wp\/v2\/tags?post=123445"}],"curies":[{"name":"wp","href":"https:\/\/api.w.org\/{rel}","templated":true}]}}