{"id":123435,"date":"2025-08-14T09:23:03","date_gmt":"2025-08-14T12:23:03","guid":{"rendered":"https:\/\/www.noticiasradioreflejos.com.ar\/2021\/?p=123435"},"modified":"2025-08-14T09:23:04","modified_gmt":"2025-08-14T12:23:04","slug":"crotto-el-pueblo-que-celebra-este-finde-largo-la-fiesta-de-la-mujer-campesina","status":"publish","type":"post","link":"https:\/\/www.noticiasradioreflejos.com.ar\/2021\/crotto-el-pueblo-que-celebra-este-finde-largo-la-fiesta-de-la-mujer-campesina\/","title":{"rendered":"Crotto: el pueblo que celebra este finde largo la Fiesta de la Mujer Campesina"},"content":{"rendered":"<p>A solo 300 kil\u00f3metros de la ciudad de Buenos Aires, Crotto invita a vivir la calma de la vida rural, en un entorno donde la confianza, la historia y la comunidad conviven con una naturalidad desarmante. Con su patrimonio ferroviario, su museo comunitario y una fuerte identidad colectiva, este pueblo de apenas 300 habitantes se prepara para celebrar, una vez m\u00e1s, la Fiesta de la Mujer Campesina.<!--more--><\/p>\n<p>Desde el coraz\u00f3n de la provincia de Buenos Aires, el pueblo de Crotto -una peque\u00f1a localidad de apenas 300 habitantes, localizada en Tapalqu\u00e9- ser\u00e1 escenario el pr\u00f3ximo 17 de agosto de la 10\u00b0 Fiesta de la Mujer Campesina, evento impulsado por los y las j\u00f3venes de la Escuela Secundaria local, que pone en valor a la mujer rural, con todo su af\u00e1n por el trabajo campestre y su empuje siempre orientado al desarrollo de la vida en comunidad.<\/p>\n<p>El singular evento -que tendr\u00e1 lugar en los alrededores de la estatua dedicada a la Mujer Campesina- incluir\u00e1 un acto protocolar y una ronda de reconocimientos- adem\u00e1s de un deslumbrante desfile de mujeres a caballo, poniendo en el centro de la muestra la trascendencia del g\u00e9nero en las arduas tareas campestres.<\/p>\n<p>El encuentro surgi\u00f3 hace algunos a\u00f1os como iniciativa de la asamblea de estudiantes de la Escuela Secundaria Crotto, quienes fueron adem\u00e1s los impulsores del logo y el slogan de la peque\u00f1a localidad rural: \u201cCrotto: pueblo chico, coraz\u00f3n grande\u201d.<\/p>\n<p>Actualmente la Fiesta de la Mujer Campesina es organizada por una notable comisi\u00f3n conformada no s\u00f3lo por la comunidad educativa -compuesta por alumnos, padres, madres, docentes y auxiliares-, sino tambi\u00e9n por los habitantes de Crotto que se sienten convocados por la propuesta.<\/p>\n<p>La celebraci\u00f3n desplegar\u00e1 adem\u00e1s un paseo gastron\u00f3mico, que incluir\u00e1 comidas t\u00edpicas como las empanadas de cordero cortadas a cuchillo, aut\u00e9nticas estrellas del amplio universo culinario de Crotto; as\u00ed como lech\u00f3n asado, tortas fritas y productos regionales. La muestra se completa con una buc\u00f3lica exposici\u00f3n de artesanos, espect\u00e1culos musicales, juegos y actividades recreativas.<\/p>\n<p>&nbsp;<\/p>\n<p><strong>Vida rural, tranquilidad y calidez humana<\/strong><\/p>\n<p>El coraz\u00f3n de la provincia de Buenos Aires hace un llamado al silencio, la plenitud y la vida campestre. Es que all\u00ed, a 300 kil\u00f3metros de la Capital Federal, late un peque\u00f1o pueblo que invita a sus visitantes a hacer un par\u00e9ntesis en sus fren\u00e9ticas vidas para vivenciar el sosiego de la ruralidad, su aire fresco, sus amplios espacios verdes, sus tiempos provincianos. Se trata de Crotto, un peque\u00f1o pueblo de alrededor de 300 habitantes que cautiva no s\u00f3lo por su serenidad, sino tambi\u00e9n por la solidaridad y la vida comunitaria que su gente pone en pr\u00e1ctica cada d\u00eda.<\/p>\n<p>Fundado el 23 de octubre de 1914, este pueblo llev\u00f3 el apellido de la familia rural italiana propietaria de la Estancia San Enrique. Est\u00e1 localizado a la vera de las v\u00edas del Ferrocarril del Sud, que luego fue el Ferrocarril Roca, y que conectaba a Constituci\u00f3n (en Ciudad de Buenos Aires) con Zapala, en R\u00edo Negro.<\/p>\n<p>Los pobladores de este pueblo aducen ser de \u201cCrotto con dos t\u201d, y no ser \u201ccrotos\u201d, palabra que hace referencia a los \u201clinyeras\u201d. La alusi\u00f3n se explica porque, durante la gobernaci\u00f3n de Jos\u00e9 Camilo Crotto (1918\u20131921), se sancion\u00f3 una ley que posibilitaba a los peones golondrina viajar gratis en el tren para llegar a los campos a trabajar. Por ese entonces, los jefes de estaci\u00f3n, al momento de controlar a los pasajeros, anunciaban: \u201cvan por Crotto\u201d, expresi\u00f3n que luego se convirti\u00f3 en \u201cson de Crotto\u201d, para finalmente derivar en \u201cson crotos\u201d.<\/p>\n<p>&nbsp;<\/p>\n<p><a href=\"https:\/\/www.noticiasradioreflejos.com.ar\/2021\/crotto-el-pueblo-que-celebra-este-finde-largo-la-fiesta-de-la-mujer-campesina\/crotto-2-2\/\" rel=\"attachment wp-att-123436\"><img loading=\"lazy\" decoding=\"async\" class=\"aligncenter size-full wp-image-123436\" src=\"https:\/\/www.noticiasradioreflejos.com.ar\/2021\/wp-content\/uploads\/2025\/08\/Crotto-2.jpg\" alt=\"\" width=\"900\" height=\"600\" srcset=\"https:\/\/www.noticiasradioreflejos.com.ar\/2021\/wp-content\/uploads\/2025\/08\/Crotto-2.jpg 900w, https:\/\/www.noticiasradioreflejos.com.ar\/2021\/wp-content\/uploads\/2025\/08\/Crotto-2-300x200.jpg 300w, https:\/\/www.noticiasradioreflejos.com.ar\/2021\/wp-content\/uploads\/2025\/08\/Crotto-2-768x512.jpg 768w, https:\/\/www.noticiasradioreflejos.com.ar\/2021\/wp-content\/uploads\/2025\/08\/Crotto-2-750x500.jpg 750w\" sizes=\"auto, (max-width: 900px) 100vw, 900px\" \/><\/a><\/p>\n<p>&nbsp;<\/p>\n<p><strong>Un museo pleno de peque\u00f1as historias.<\/strong><\/p>\n<p>Este encantador pueblito bonaerense, al que es posible acceder f\u00e1cilmente, cuenta con instalaciones b\u00e1sicas que agregan vida y movimiento a la cotidianeidad campestre: delegaci\u00f3n municipal, iglesia cat\u00f3lica y cristiana evang\u00e9lica, club, jard\u00edn de infantes, escuelas primaria y secundaria, y destacamento policial.<\/p>\n<p>Pero aqu\u00ed no termina todo, ya que a dichas instalaciones y edificios p\u00fablicos se les debe sumar el atractivo del Museo Municipal Comunitario, emplazado en el edificio de la estaci\u00f3n del ferrocarril Roca, a principios de 2019, y cuyo interior alberga la historia y las costumbres de los habitantes de este rinc\u00f3n de la provincia.<\/p>\n<p>Durante la visita al museo se pueden apreciar objetos familiares de los pobladores y otros donados por los actuales vecinos, breves recorridos hist\u00f3ricos sobre los primeros asentamientos rurales, con detalles sobre los pueblos originarios que habitaron la regi\u00f3n y las familias pioneras que dieron forma a la identidad de este pueblo.<\/p>\n<p>&nbsp;<\/p>\n<p><strong>Peque\u00f1as postales de la cotidianeidad<\/strong><\/p>\n<p>Escenas simples y llanas atraviesan el sosiego de Crotto. All\u00ed nom\u00e1s se sit\u00faa un viejo almac\u00e9n de campo, con sus paredes a\u00f1ejas, aunque robustas, y sus pisos de ladrillo, cuyo due\u00f1o todav\u00eda ofrece sus productos \u201cde fiado\u201d a los clientes.<\/p>\n<p>Un poco m\u00e1s all\u00e1, una mujer sonriente montada en su bicicleta entrega su cara al sol por un instante, para luego estacionar el veh\u00edculo de dos ruedas en un cerco de alambre (as\u00ed nom\u00e1s, solita la bici, sin cadenas ni candados) y entrar a su casa. Observamos tambi\u00e9n que no cierra la puerta con llave ni nada parecido.<\/p>\n<p>Todo transcurre con una naturalidad desarmante, como si en Crotto el tiempo se hubiera detenido en un pacto silencioso de confianza y sencillez, donde la vida a\u00fan se rige por c\u00f3digos que en otros rincones ya parecen olvidados.<\/p>\n<p>M\u00e1s info en:<br \/>\nEscuela Secundaria de Crotto<br \/>\n<a href=\"https:\/\/linkedinfo.tr.pemsv11.net\/c\/eyJhIjoibGlua2VkaW5mbyIsIm0iOiJtYWlsX2NtZWJiMjZ3cTR5bTYwODE0eHYxenJ3Z2QiLCJsIjoibGlua19lZDUwY2U1ZGY2N2U5MTZmNjFmY2M4YTY0ODc1MjM3MjBiM2JjNzBmXzkyNzgyMyIsImkiOltdLCJ1IjoiaHR0cHM6Ly93d3cuZmFjZWJvb2suY29tL3Byb2ZpbGUucGhwP2lkPTEwMDAxMjE0MTY3MDM0OVdlYjomdXRtX3NvdXJjZT1wZXJmaXQmdXRtX21lZGl1bT1lbWFpbCZ1dG1fY2FtcGFpZ249Q3JvdHRvJTIwZmVzdGVqYSUyMGxhJTIwZnVlcnphJTIwZmVtZW5pbmElMjAocmVlbnYlQzMlQURvKSIsImMiOiIiLCJoIjoiNDA5YWQ3In0\" target=\"_blank\" rel=\"noopener\" data-saferedirecturl=\"https:\/\/www.google.com\/url?q=https:\/\/linkedinfo.tr.pemsv11.net\/c\/eyJhIjoibGlua2VkaW5mbyIsIm0iOiJtYWlsX2NtZWJiMjZ3cTR5bTYwODE0eHYxenJ3Z2QiLCJsIjoibGlua19lZDUwY2U1ZGY2N2U5MTZmNjFmY2M4YTY0ODc1MjM3MjBiM2JjNzBmXzkyNzgyMyIsImkiOltdLCJ1IjoiaHR0cHM6Ly93d3cuZmFjZWJvb2suY29tL3Byb2ZpbGUucGhwP2lkPTEwMDAxMjE0MTY3MDM0OVdlYjomdXRtX3NvdXJjZT1wZXJmaXQmdXRtX21lZGl1bT1lbWFpbCZ1dG1fY2FtcGFpZ249Q3JvdHRvJTIwZmVzdGVqYSUyMGxhJTIwZnVlcnphJTIwZmVtZW5pbmElMjAocmVlbnYlQzMlQURvKSIsImMiOiIiLCJoIjoiNDA5YWQ3In0&amp;source=gmail&amp;ust=1755258719825000&amp;usg=AOvVaw23bih4YZZTraHlGCQQNCv4\">https:\/\/www.facebook.com\/<wbr \/>profile.php?id=<wbr \/>100012141670349Web:<\/a><\/p>\n<p>Municipio de Tapalqu\u00e9<br \/>\n<a href=\"https:\/\/linkedinfo.tr.pemsv11.net\/c\/eyJhIjoibGlua2VkaW5mbyIsIm0iOiJtYWlsX2NtZWJiMjZ3cTR5bTYwODE0eHYxenJ3Z2QiLCJsIjoibGlua18wMjM1YjhjNjQ2NWQ5MjI3MWYxMmM0ODhiZDYxNDM0N2I1MjQwMzA0XzE3YmYzZCIsImkiOltdLCJ1IjoiaHR0cHM6Ly93d3cubXVuaWNpcGlvZGV0YXBhbHF1ZS5nb2IuYXIvb2ZpY2luYS10dXJpc21vP3V0bV9zb3VyY2U9cGVyZml0JnV0bV9tZWRpdW09ZW1haWwmdXRtX2NhbXBhaWduPUNyb3R0byUyMGZlc3RlamElMjBsYSUyMGZ1ZXJ6YSUyMGZlbWVuaW5hJTIwKHJlZW52JUMzJUFEbykiLCJjIjoiIiwiaCI6IjVlODZlNCJ9\" target=\"_blank\" rel=\"noopener\" data-saferedirecturl=\"https:\/\/www.google.com\/url?q=https:\/\/linkedinfo.tr.pemsv11.net\/c\/eyJhIjoibGlua2VkaW5mbyIsIm0iOiJtYWlsX2NtZWJiMjZ3cTR5bTYwODE0eHYxenJ3Z2QiLCJsIjoibGlua18wMjM1YjhjNjQ2NWQ5MjI3MWYxMmM0ODhiZDYxNDM0N2I1MjQwMzA0XzE3YmYzZCIsImkiOltdLCJ1IjoiaHR0cHM6Ly93d3cubXVuaWNpcGlvZGV0YXBhbHF1ZS5nb2IuYXIvb2ZpY2luYS10dXJpc21vP3V0bV9zb3VyY2U9cGVyZml0JnV0bV9tZWRpdW09ZW1haWwmdXRtX2NhbXBhaWduPUNyb3R0byUyMGZlc3RlamElMjBsYSUyMGZ1ZXJ6YSUyMGZlbWVuaW5hJTIwKHJlZW52JUMzJUFEbykiLCJjIjoiIiwiaCI6IjVlODZlNCJ9&amp;source=gmail&amp;ust=1755258719825000&amp;usg=AOvVaw0z2xAz76wtxN163txjEGS5\">https:\/\/www.<wbr \/>municipiodetapalque.gob.ar\/<wbr \/>oficina-turismo<\/a><\/p>\n","protected":false},"excerpt":{"rendered":"<p>A solo 300 kil\u00f3metros de la ciudad de Buenos Aires, Crotto invita a vivir la calma de la vida rural, en un entorno donde la confianza, la historia y la comunidad conviven con una naturalidad desarmante. Con su patrimonio ferroviario, su museo comunitario y una fuerte identidad colectiva, este pueblo de apenas 300 habitantes se [&hellip;]<\/p>\n","protected":false},"author":3,"featured_media":123437,"comment_status":"closed","ping_status":"closed","sticky":false,"template":"","format":"standard","meta":{"footnotes":""},"categories":[26,33],"tags":[],"class_list":["post-123435","post","type-post","status-publish","format-standard","has-post-thumbnail","hentry","category-sociedad","category-turismo"],"yoast_head":"<!-- This site is optimized with the Yoast SEO plugin v25.9 - https:\/\/yoast.com\/wordpress\/plugins\/seo\/ -->\n<title>Crotto: el pueblo que celebra este finde largo la Fiesta de la Mujer Campesina - Noticias Radio Reflejos<\/title>\n<meta name=\"robots\" content=\"index, follow, max-snippet:-1, max-image-preview:large, max-video-preview:-1\" \/>\n<link rel=\"canonical\" href=\"https:\/\/www.noticiasradioreflejos.com.ar\/2021\/crotto-el-pueblo-que-celebra-este-finde-largo-la-fiesta-de-la-mujer-campesina\/\" \/>\n<meta property=\"og:locale\" content=\"es_ES\" \/>\n<meta property=\"og:type\" content=\"article\" \/>\n<meta property=\"og:title\" content=\"Crotto: el pueblo que celebra este finde largo la Fiesta de la Mujer Campesina - Noticias Radio Reflejos\" \/>\n<meta property=\"og:description\" content=\"A solo 300 kil\u00f3metros de la ciudad de Buenos Aires, Crotto invita a vivir la calma de la vida rural, en un entorno donde la confianza, la historia y la comunidad conviven con una naturalidad desarmante. Con su patrimonio ferroviario, su museo comunitario y una fuerte identidad colectiva, este pueblo de apenas 300 habitantes se [&hellip;]\" \/>\n<meta property=\"og:url\" content=\"https:\/\/www.noticiasradioreflejos.com.ar\/2021\/crotto-el-pueblo-que-celebra-este-finde-largo-la-fiesta-de-la-mujer-campesina\/\" \/>\n<meta property=\"og:site_name\" content=\"Noticias Radio Reflejos\" \/>\n<meta property=\"article:published_time\" content=\"2025-08-14T12:23:03+00:00\" \/>\n<meta property=\"article:modified_time\" content=\"2025-08-14T12:23:04+00:00\" \/>\n<meta property=\"og:image\" content=\"https:\/\/www.noticiasradioreflejos.com.ar\/2021\/wp-content\/uploads\/2025\/08\/Crotto-1.jpg\" \/>\n\t<meta property=\"og:image:width\" content=\"900\" \/>\n\t<meta property=\"og:image:height\" content=\"600\" \/>\n\t<meta property=\"og:image:type\" content=\"image\/jpeg\" \/>\n<meta name=\"author\" content=\"Arnaldo Botto\" \/>\n<meta name=\"twitter:card\" content=\"summary_large_image\" \/>\n<script type=\"application\/ld+json\" class=\"yoast-schema-graph\">{\"@context\":\"https:\/\/schema.org\",\"@graph\":[{\"@type\":\"WebPage\",\"@id\":\"https:\/\/www.noticiasradioreflejos.com.ar\/2021\/crotto-el-pueblo-que-celebra-este-finde-largo-la-fiesta-de-la-mujer-campesina\/\",\"url\":\"https:\/\/www.noticiasradioreflejos.com.ar\/2021\/crotto-el-pueblo-que-celebra-este-finde-largo-la-fiesta-de-la-mujer-campesina\/\",\"name\":\"Crotto: el pueblo que celebra este finde largo la Fiesta de la Mujer Campesina - Noticias Radio Reflejos\",\"isPartOf\":{\"@id\":\"https:\/\/www.noticiasradioreflejos.com.ar\/2021\/#website\"},\"primaryImageOfPage\":{\"@id\":\"https:\/\/www.noticiasradioreflejos.com.ar\/2021\/crotto-el-pueblo-que-celebra-este-finde-largo-la-fiesta-de-la-mujer-campesina\/#primaryimage\"},\"image\":{\"@id\":\"https:\/\/www.noticiasradioreflejos.com.ar\/2021\/crotto-el-pueblo-que-celebra-este-finde-largo-la-fiesta-de-la-mujer-campesina\/#primaryimage\"},\"thumbnailUrl\":\"https:\/\/www.noticiasradioreflejos.com.ar\/2021\/wp-content\/uploads\/2025\/08\/Crotto-1.jpg\",\"datePublished\":\"2025-08-14T12:23:03+00:00\",\"dateModified\":\"2025-08-14T12:23:04+00:00\",\"author\":{\"@id\":\"https:\/\/www.noticiasradioreflejos.com.ar\/2021\/#\/schema\/person\/ad82545263dcc5ec0996818884fd5fb1\"},\"breadcrumb\":{\"@id\":\"https:\/\/www.noticiasradioreflejos.com.ar\/2021\/crotto-el-pueblo-que-celebra-este-finde-largo-la-fiesta-de-la-mujer-campesina\/#breadcrumb\"},\"inLanguage\":\"es\",\"potentialAction\":[{\"@type\":\"ReadAction\",\"target\":[\"https:\/\/www.noticiasradioreflejos.com.ar\/2021\/crotto-el-pueblo-que-celebra-este-finde-largo-la-fiesta-de-la-mujer-campesina\/\"]}]},{\"@type\":\"ImageObject\",\"inLanguage\":\"es\",\"@id\":\"https:\/\/www.noticiasradioreflejos.com.ar\/2021\/crotto-el-pueblo-que-celebra-este-finde-largo-la-fiesta-de-la-mujer-campesina\/#primaryimage\",\"url\":\"https:\/\/www.noticiasradioreflejos.com.ar\/2021\/wp-content\/uploads\/2025\/08\/Crotto-1.jpg\",\"contentUrl\":\"https:\/\/www.noticiasradioreflejos.com.ar\/2021\/wp-content\/uploads\/2025\/08\/Crotto-1.jpg\",\"width\":900,\"height\":600},{\"@type\":\"BreadcrumbList\",\"@id\":\"https:\/\/www.noticiasradioreflejos.com.ar\/2021\/crotto-el-pueblo-que-celebra-este-finde-largo-la-fiesta-de-la-mujer-campesina\/#breadcrumb\",\"itemListElement\":[{\"@type\":\"ListItem\",\"position\":1,\"name\":\"Portada\",\"item\":\"https:\/\/www.noticiasradioreflejos.com.ar\/2021\/\"},{\"@type\":\"ListItem\",\"position\":2,\"name\":\"Crotto: el pueblo que celebra este finde largo la Fiesta de la Mujer Campesina\"}]},{\"@type\":\"WebSite\",\"@id\":\"https:\/\/www.noticiasradioreflejos.com.ar\/2021\/#website\",\"url\":\"https:\/\/www.noticiasradioreflejos.com.ar\/2021\/\",\"name\":\"Noticias Radio Reflejos\",\"description\":\"Las noticias de mi comarca\",\"potentialAction\":[{\"@type\":\"SearchAction\",\"target\":{\"@type\":\"EntryPoint\",\"urlTemplate\":\"https:\/\/www.noticiasradioreflejos.com.ar\/2021\/?s={search_term_string}\"},\"query-input\":{\"@type\":\"PropertyValueSpecification\",\"valueRequired\":true,\"valueName\":\"search_term_string\"}}],\"inLanguage\":\"es\"},{\"@type\":\"Person\",\"@id\":\"https:\/\/www.noticiasradioreflejos.com.ar\/2021\/#\/schema\/person\/ad82545263dcc5ec0996818884fd5fb1\",\"name\":\"Arnaldo Botto\",\"image\":{\"@type\":\"ImageObject\",\"inLanguage\":\"es\",\"@id\":\"https:\/\/www.noticiasradioreflejos.com.ar\/2021\/#\/schema\/person\/image\/\",\"url\":\"https:\/\/secure.gravatar.com\/avatar\/55cb5e37c1efa326397366e6974cb338056df65cb50e7d64d1cf314e87504837?s=96&d=mm&r=g\",\"contentUrl\":\"https:\/\/secure.gravatar.com\/avatar\/55cb5e37c1efa326397366e6974cb338056df65cb50e7d64d1cf314e87504837?s=96&d=mm&r=g\",\"caption\":\"Arnaldo Botto\"},\"url\":\"https:\/\/www.noticiasradioreflejos.com.ar\/2021\/author\/arnaldo\/\"}]}<\/script>\n<!-- \/ Yoast SEO plugin. -->","yoast_head_json":{"title":"Crotto: el pueblo que celebra este finde largo la Fiesta de la Mujer Campesina - Noticias Radio Reflejos","robots":{"index":"index","follow":"follow","max-snippet":"max-snippet:-1","max-image-preview":"max-image-preview:large","max-video-preview":"max-video-preview:-1"},"canonical":"https:\/\/www.noticiasradioreflejos.com.ar\/2021\/crotto-el-pueblo-que-celebra-este-finde-largo-la-fiesta-de-la-mujer-campesina\/","og_locale":"es_ES","og_type":"article","og_title":"Crotto: el pueblo que celebra este finde largo la Fiesta de la Mujer Campesina - Noticias Radio Reflejos","og_description":"A solo 300 kil\u00f3metros de la ciudad de Buenos Aires, Crotto invita a vivir la calma de la vida rural, en un entorno donde la confianza, la historia y la comunidad conviven con una naturalidad desarmante. Con su patrimonio ferroviario, su museo comunitario y una fuerte identidad colectiva, este pueblo de apenas 300 habitantes se [&hellip;]","og_url":"https:\/\/www.noticiasradioreflejos.com.ar\/2021\/crotto-el-pueblo-que-celebra-este-finde-largo-la-fiesta-de-la-mujer-campesina\/","og_site_name":"Noticias Radio Reflejos","article_published_time":"2025-08-14T12:23:03+00:00","article_modified_time":"2025-08-14T12:23:04+00:00","og_image":[{"width":900,"height":600,"url":"https:\/\/www.noticiasradioreflejos.com.ar\/2021\/wp-content\/uploads\/2025\/08\/Crotto-1.jpg","type":"image\/jpeg"}],"author":"Arnaldo Botto","twitter_card":"summary_large_image","schema":{"@context":"https:\/\/schema.org","@graph":[{"@type":"WebPage","@id":"https:\/\/www.noticiasradioreflejos.com.ar\/2021\/crotto-el-pueblo-que-celebra-este-finde-largo-la-fiesta-de-la-mujer-campesina\/","url":"https:\/\/www.noticiasradioreflejos.com.ar\/2021\/crotto-el-pueblo-que-celebra-este-finde-largo-la-fiesta-de-la-mujer-campesina\/","name":"Crotto: el pueblo que celebra este finde largo la Fiesta de la Mujer Campesina - Noticias Radio Reflejos","isPartOf":{"@id":"https:\/\/www.noticiasradioreflejos.com.ar\/2021\/#website"},"primaryImageOfPage":{"@id":"https:\/\/www.noticiasradioreflejos.com.ar\/2021\/crotto-el-pueblo-que-celebra-este-finde-largo-la-fiesta-de-la-mujer-campesina\/#primaryimage"},"image":{"@id":"https:\/\/www.noticiasradioreflejos.com.ar\/2021\/crotto-el-pueblo-que-celebra-este-finde-largo-la-fiesta-de-la-mujer-campesina\/#primaryimage"},"thumbnailUrl":"https:\/\/www.noticiasradioreflejos.com.ar\/2021\/wp-content\/uploads\/2025\/08\/Crotto-1.jpg","datePublished":"2025-08-14T12:23:03+00:00","dateModified":"2025-08-14T12:23:04+00:00","author":{"@id":"https:\/\/www.noticiasradioreflejos.com.ar\/2021\/#\/schema\/person\/ad82545263dcc5ec0996818884fd5fb1"},"breadcrumb":{"@id":"https:\/\/www.noticiasradioreflejos.com.ar\/2021\/crotto-el-pueblo-que-celebra-este-finde-largo-la-fiesta-de-la-mujer-campesina\/#breadcrumb"},"inLanguage":"es","potentialAction":[{"@type":"ReadAction","target":["https:\/\/www.noticiasradioreflejos.com.ar\/2021\/crotto-el-pueblo-que-celebra-este-finde-largo-la-fiesta-de-la-mujer-campesina\/"]}]},{"@type":"ImageObject","inLanguage":"es","@id":"https:\/\/www.noticiasradioreflejos.com.ar\/2021\/crotto-el-pueblo-que-celebra-este-finde-largo-la-fiesta-de-la-mujer-campesina\/#primaryimage","url":"https:\/\/www.noticiasradioreflejos.com.ar\/2021\/wp-content\/uploads\/2025\/08\/Crotto-1.jpg","contentUrl":"https:\/\/www.noticiasradioreflejos.com.ar\/2021\/wp-content\/uploads\/2025\/08\/Crotto-1.jpg","width":900,"height":600},{"@type":"BreadcrumbList","@id":"https:\/\/www.noticiasradioreflejos.com.ar\/2021\/crotto-el-pueblo-que-celebra-este-finde-largo-la-fiesta-de-la-mujer-campesina\/#breadcrumb","itemListElement":[{"@type":"ListItem","position":1,"name":"Portada","item":"https:\/\/www.noticiasradioreflejos.com.ar\/2021\/"},{"@type":"ListItem","position":2,"name":"Crotto: el pueblo que celebra este finde largo la Fiesta de la Mujer Campesina"}]},{"@type":"WebSite","@id":"https:\/\/www.noticiasradioreflejos.com.ar\/2021\/#website","url":"https:\/\/www.noticiasradioreflejos.com.ar\/2021\/","name":"Noticias Radio Reflejos","description":"Las noticias de mi comarca","potentialAction":[{"@type":"SearchAction","target":{"@type":"EntryPoint","urlTemplate":"https:\/\/www.noticiasradioreflejos.com.ar\/2021\/?s={search_term_string}"},"query-input":{"@type":"PropertyValueSpecification","valueRequired":true,"valueName":"search_term_string"}}],"inLanguage":"es"},{"@type":"Person","@id":"https:\/\/www.noticiasradioreflejos.com.ar\/2021\/#\/schema\/person\/ad82545263dcc5ec0996818884fd5fb1","name":"Arnaldo Botto","image":{"@type":"ImageObject","inLanguage":"es","@id":"https:\/\/www.noticiasradioreflejos.com.ar\/2021\/#\/schema\/person\/image\/","url":"https:\/\/secure.gravatar.com\/avatar\/55cb5e37c1efa326397366e6974cb338056df65cb50e7d64d1cf314e87504837?s=96&d=mm&r=g","contentUrl":"https:\/\/secure.gravatar.com\/avatar\/55cb5e37c1efa326397366e6974cb338056df65cb50e7d64d1cf314e87504837?s=96&d=mm&r=g","caption":"Arnaldo Botto"},"url":"https:\/\/www.noticiasradioreflejos.com.ar\/2021\/author\/arnaldo\/"}]}},"_links":{"self":[{"href":"https:\/\/www.noticiasradioreflejos.com.ar\/2021\/wp-json\/wp\/v2\/posts\/123435","targetHints":{"allow":["GET"]}}],"collection":[{"href":"https:\/\/www.noticiasradioreflejos.com.ar\/2021\/wp-json\/wp\/v2\/posts"}],"about":[{"href":"https:\/\/www.noticiasradioreflejos.com.ar\/2021\/wp-json\/wp\/v2\/types\/post"}],"author":[{"embeddable":true,"href":"https:\/\/www.noticiasradioreflejos.com.ar\/2021\/wp-json\/wp\/v2\/users\/3"}],"replies":[{"embeddable":true,"href":"https:\/\/www.noticiasradioreflejos.com.ar\/2021\/wp-json\/wp\/v2\/comments?post=123435"}],"version-history":[{"count":2,"href":"https:\/\/www.noticiasradioreflejos.com.ar\/2021\/wp-json\/wp\/v2\/posts\/123435\/revisions"}],"predecessor-version":[{"id":123439,"href":"https:\/\/www.noticiasradioreflejos.com.ar\/2021\/wp-json\/wp\/v2\/posts\/123435\/revisions\/123439"}],"wp:featuredmedia":[{"embeddable":true,"href":"https:\/\/www.noticiasradioreflejos.com.ar\/2021\/wp-json\/wp\/v2\/media\/123437"}],"wp:attachment":[{"href":"https:\/\/www.noticiasradioreflejos.com.ar\/2021\/wp-json\/wp\/v2\/media?parent=123435"}],"wp:term":[{"taxonomy":"category","embeddable":true,"href":"https:\/\/www.noticiasradioreflejos.com.ar\/2021\/wp-json\/wp\/v2\/categories?post=123435"},{"taxonomy":"post_tag","embeddable":true,"href":"https:\/\/www.noticiasradioreflejos.com.ar\/2021\/wp-json\/wp\/v2\/tags?post=123435"}],"curies":[{"name":"wp","href":"https:\/\/api.w.org\/{rel}","templated":true}]}}