{"id":12333,"date":"2017-07-16T21:23:00","date_gmt":"2017-07-17T00:23:00","guid":{"rendered":"http:\/\/www.noticiasradioreflejos.com.ar\/noticias\/?p=12333"},"modified":"2017-07-16T21:23:00","modified_gmt":"2017-07-17T00:23:00","slug":"reconocimientos-y-diversion-en-otro-dia-del-amigo-en-automoto","status":"publish","type":"post","link":"https:\/\/www.noticiasradioreflejos.com.ar\/2021\/reconocimientos-y-diversion-en-otro-dia-del-amigo-en-automoto\/","title":{"rendered":"Reconocimientos y diversi\u00f3n, en otro D\u00eda del Amigo en Automoto"},"content":{"rendered":"<p><a title=\"003\" href=\"http:\/\/farm5.staticflickr.com\/4320\/35160524023_f41b1f4568.jpg\" rel=\"\"><img loading=\"lazy\" decoding=\"async\" class=\"alignleft\" style=\"float: left;\" title=\"003\" src=\"http:\/\/farm5.staticflickr.com\/4320\/35160524023_f41b1f4568.jpg\" alt=\"003\" width=\"500\" height=\"375\" \/><\/a>La emoci\u00f3n por los reconocimientos, el excelente servicio gastron\u00f3mico, los muy buenos shows musicales, un sal\u00f3n espectacularmente ambientado, luces y sonido de primer nivel, y un impresionante escenario con pantallas led, fueron los aspectos salientes de otra edici\u00f3n de la Fiesta del D\u00eda del Amigo del Automoto Club Deportivo.<br \/>\nLejos de amedrentarse con el adverso clima invernal (nieve y fr\u00edo a la hora programada), los asistentes le pusieron calor a una jornada alegre y emotiva, que se desarroll\u00f3 en el polideportivo de la instituci\u00f3n.<!--more--><br \/>\nUno de los aspectos salientes de la noche fue la instauraci\u00f3n del nombre de Jorge \u201cFut\u00fa\u201d Scharff a la tribuna de cemento de la cancha de f\u00fatbol, en homenaje a la labor efectuada por quien fuera presidente de la instituci\u00f3n entre 2003 y 2007, a\u00f1os en los cuales el club tom\u00f3 la determinaci\u00f3n de emigrar hacia la Liga Regional de F\u00fatbol de Coronel Su\u00e1rez.<br \/>\n\u201cFut\u00fa\u201d recibi\u00f3 el reconocimiento acompa\u00f1ado de su familia y parte de las personas que lo acompa\u00f1aron durante sus dos per\u00edodos al mando de los destinos de la entidad, durante los cuales se realiz\u00f3 la reforma del estadio y la construcci\u00f3n de la mencionada tribuna.<br \/>\nOtro momento emotivo result\u00f3 la elecci\u00f3n de Luis Amer como el Amigo 2017 del Automoto Club Deportivo, en homenaje a su incansable labor como masajista del plantel de primera divisi\u00f3n y reserva, trabajo que viene realizando de manera ininterrumpida, y ad honorem, desde el a\u00f1o 1998.<br \/>\nTambi\u00e9n hubo tiempo para disfrutar de la m\u00fasica, que lleg\u00f3 de la mano de Fabio Gonz\u00e1lez y de La Pecadora, una banda bahiense que present\u00f3 un alegre y variado show.<br \/>\nTodo el marco estuvo acompa\u00f1ado por la gastronom\u00eda. Durante la noche se sirvi\u00f3 ensalada capresse con fiambres como entrada, carne asada y mesa de ensaladas como plato principal, bomb\u00f3n suizo de postre y mesa dulce. Todo estuvo acompa\u00f1ado por diferentes bebidas, mientras que despu\u00e9s de la cena se habilit\u00f3 la barra de tragos.<br \/>\n<a title=\"002\" href=\"http:\/\/farm5.staticflickr.com\/4325\/35160525663_7527579b01_z.jpg\" rel=\"\"><img loading=\"lazy\" decoding=\"async\" class=\"aligncenter\" title=\"002\" src=\"http:\/\/farm5.staticflickr.com\/4325\/35160525663_7527579b01_z.jpg\" alt=\"002\" width=\"640\" height=\"480\" \/><\/a><a title=\"008\" href=\"http:\/\/farm5.staticflickr.com\/4302\/35970483405_034ac3d297_z.jpg\" rel=\"\"><img loading=\"lazy\" decoding=\"async\" class=\"aligncenter\" title=\"008\" src=\"http:\/\/farm5.staticflickr.com\/4302\/35970483405_034ac3d297_z.jpg\" alt=\"008\" width=\"640\" height=\"360\" \/><\/a><br \/>\nDepartamento de Prensa \u2013 Automoto Club Deportivo<br \/>\nwww.clubautomotopasion.com.ar<br \/>\nFacebook: \/automototornquist<br \/>\nTwitter: @ClubAutomoto<br \/>\nYouTube: acdtvideos<\/p>\n","protected":false},"excerpt":{"rendered":"<p>La emoci\u00f3n por los reconocimientos, el excelente servicio gastron\u00f3mico, los muy buenos shows musicales, un sal\u00f3n espectacularmente ambientado, luces y sonido de primer nivel, y un impresionante escenario con pantallas led, fueron los aspectos salientes de otra edici\u00f3n de la Fiesta del D\u00eda del Amigo del Automoto Club Deportivo. Lejos de amedrentarse con el adverso [&hellip;]<\/p>\n","protected":false},"author":3,"featured_media":0,"comment_status":"closed","ping_status":"open","sticky":false,"template":"","format":"standard","meta":{"footnotes":""},"categories":[26],"tags":[],"class_list":["post-12333","post","type-post","status-publish","format-standard","hentry","category-sociedad"],"yoast_head":"<!-- This site is optimized with the Yoast SEO plugin v25.9 - https:\/\/yoast.com\/wordpress\/plugins\/seo\/ -->\n<title>Reconocimientos y diversi\u00f3n, en otro D\u00eda del Amigo en Automoto - Noticias Radio Reflejos<\/title>\n<meta name=\"robots\" content=\"index, follow, max-snippet:-1, max-image-preview:large, max-video-preview:-1\" \/>\n<link rel=\"canonical\" href=\"https:\/\/www.noticiasradioreflejos.com.ar\/2021\/reconocimientos-y-diversion-en-otro-dia-del-amigo-en-automoto\/\" \/>\n<meta property=\"og:locale\" content=\"es_ES\" \/>\n<meta property=\"og:type\" content=\"article\" \/>\n<meta property=\"og:title\" content=\"Reconocimientos y diversi\u00f3n, en otro D\u00eda del Amigo en Automoto - Noticias Radio Reflejos\" \/>\n<meta property=\"og:description\" content=\"La emoci\u00f3n por los reconocimientos, el excelente servicio gastron\u00f3mico, los muy buenos shows musicales, un sal\u00f3n espectacularmente ambientado, luces y sonido de primer nivel, y un impresionante escenario con pantallas led, fueron los aspectos salientes de otra edici\u00f3n de la Fiesta del D\u00eda del Amigo del Automoto Club Deportivo. Lejos de amedrentarse con el adverso [&hellip;]\" \/>\n<meta property=\"og:url\" content=\"https:\/\/www.noticiasradioreflejos.com.ar\/2021\/reconocimientos-y-diversion-en-otro-dia-del-amigo-en-automoto\/\" \/>\n<meta property=\"og:site_name\" content=\"Noticias Radio Reflejos\" \/>\n<meta property=\"article:published_time\" content=\"2017-07-17T00:23:00+00:00\" \/>\n<meta property=\"og:image\" content=\"http:\/\/farm5.staticflickr.com\/4320\/35160524023_f41b1f4568.jpg\" \/>\n<meta name=\"author\" content=\"Arnaldo Botto\" \/>\n<meta name=\"twitter:card\" content=\"summary_large_image\" \/>\n<script type=\"application\/ld+json\" class=\"yoast-schema-graph\">{\"@context\":\"https:\/\/schema.org\",\"@graph\":[{\"@type\":\"WebPage\",\"@id\":\"https:\/\/www.noticiasradioreflejos.com.ar\/2021\/reconocimientos-y-diversion-en-otro-dia-del-amigo-en-automoto\/\",\"url\":\"https:\/\/www.noticiasradioreflejos.com.ar\/2021\/reconocimientos-y-diversion-en-otro-dia-del-amigo-en-automoto\/\",\"name\":\"Reconocimientos y diversi\u00f3n, en otro D\u00eda del Amigo en Automoto - Noticias Radio Reflejos\",\"isPartOf\":{\"@id\":\"https:\/\/www.noticiasradioreflejos.com.ar\/2021\/#website\"},\"primaryImageOfPage\":{\"@id\":\"https:\/\/www.noticiasradioreflejos.com.ar\/2021\/reconocimientos-y-diversion-en-otro-dia-del-amigo-en-automoto\/#primaryimage\"},\"image\":{\"@id\":\"https:\/\/www.noticiasradioreflejos.com.ar\/2021\/reconocimientos-y-diversion-en-otro-dia-del-amigo-en-automoto\/#primaryimage\"},\"thumbnailUrl\":\"http:\/\/farm5.staticflickr.com\/4320\/35160524023_f41b1f4568.jpg\",\"datePublished\":\"2017-07-17T00:23:00+00:00\",\"author\":{\"@id\":\"https:\/\/www.noticiasradioreflejos.com.ar\/2021\/#\/schema\/person\/ad82545263dcc5ec0996818884fd5fb1\"},\"breadcrumb\":{\"@id\":\"https:\/\/www.noticiasradioreflejos.com.ar\/2021\/reconocimientos-y-diversion-en-otro-dia-del-amigo-en-automoto\/#breadcrumb\"},\"inLanguage\":\"es\",\"potentialAction\":[{\"@type\":\"ReadAction\",\"target\":[\"https:\/\/www.noticiasradioreflejos.com.ar\/2021\/reconocimientos-y-diversion-en-otro-dia-del-amigo-en-automoto\/\"]}]},{\"@type\":\"ImageObject\",\"inLanguage\":\"es\",\"@id\":\"https:\/\/www.noticiasradioreflejos.com.ar\/2021\/reconocimientos-y-diversion-en-otro-dia-del-amigo-en-automoto\/#primaryimage\",\"url\":\"http:\/\/farm5.staticflickr.com\/4320\/35160524023_f41b1f4568.jpg\",\"contentUrl\":\"http:\/\/farm5.staticflickr.com\/4320\/35160524023_f41b1f4568.jpg\"},{\"@type\":\"BreadcrumbList\",\"@id\":\"https:\/\/www.noticiasradioreflejos.com.ar\/2021\/reconocimientos-y-diversion-en-otro-dia-del-amigo-en-automoto\/#breadcrumb\",\"itemListElement\":[{\"@type\":\"ListItem\",\"position\":1,\"name\":\"Portada\",\"item\":\"https:\/\/www.noticiasradioreflejos.com.ar\/2021\/\"},{\"@type\":\"ListItem\",\"position\":2,\"name\":\"Reconocimientos y diversi\u00f3n, en otro D\u00eda del Amigo en Automoto\"}]},{\"@type\":\"WebSite\",\"@id\":\"https:\/\/www.noticiasradioreflejos.com.ar\/2021\/#website\",\"url\":\"https:\/\/www.noticiasradioreflejos.com.ar\/2021\/\",\"name\":\"Noticias Radio Reflejos\",\"description\":\"Las noticias de mi comarca\",\"potentialAction\":[{\"@type\":\"SearchAction\",\"target\":{\"@type\":\"EntryPoint\",\"urlTemplate\":\"https:\/\/www.noticiasradioreflejos.com.ar\/2021\/?s={search_term_string}\"},\"query-input\":{\"@type\":\"PropertyValueSpecification\",\"valueRequired\":true,\"valueName\":\"search_term_string\"}}],\"inLanguage\":\"es\"},{\"@type\":\"Person\",\"@id\":\"https:\/\/www.noticiasradioreflejos.com.ar\/2021\/#\/schema\/person\/ad82545263dcc5ec0996818884fd5fb1\",\"name\":\"Arnaldo Botto\",\"image\":{\"@type\":\"ImageObject\",\"inLanguage\":\"es\",\"@id\":\"https:\/\/www.noticiasradioreflejos.com.ar\/2021\/#\/schema\/person\/image\/\",\"url\":\"https:\/\/secure.gravatar.com\/avatar\/55cb5e37c1efa326397366e6974cb338056df65cb50e7d64d1cf314e87504837?s=96&d=mm&r=g\",\"contentUrl\":\"https:\/\/secure.gravatar.com\/avatar\/55cb5e37c1efa326397366e6974cb338056df65cb50e7d64d1cf314e87504837?s=96&d=mm&r=g\",\"caption\":\"Arnaldo Botto\"},\"url\":\"https:\/\/www.noticiasradioreflejos.com.ar\/2021\/author\/arnaldo\/\"}]}<\/script>\n<!-- \/ Yoast SEO plugin. -->","yoast_head_json":{"title":"Reconocimientos y diversi\u00f3n, en otro D\u00eda del Amigo en Automoto - Noticias Radio Reflejos","robots":{"index":"index","follow":"follow","max-snippet":"max-snippet:-1","max-image-preview":"max-image-preview:large","max-video-preview":"max-video-preview:-1"},"canonical":"https:\/\/www.noticiasradioreflejos.com.ar\/2021\/reconocimientos-y-diversion-en-otro-dia-del-amigo-en-automoto\/","og_locale":"es_ES","og_type":"article","og_title":"Reconocimientos y diversi\u00f3n, en otro D\u00eda del Amigo en Automoto - Noticias Radio Reflejos","og_description":"La emoci\u00f3n por los reconocimientos, el excelente servicio gastron\u00f3mico, los muy buenos shows musicales, un sal\u00f3n espectacularmente ambientado, luces y sonido de primer nivel, y un impresionante escenario con pantallas led, fueron los aspectos salientes de otra edici\u00f3n de la Fiesta del D\u00eda del Amigo del Automoto Club Deportivo. Lejos de amedrentarse con el adverso [&hellip;]","og_url":"https:\/\/www.noticiasradioreflejos.com.ar\/2021\/reconocimientos-y-diversion-en-otro-dia-del-amigo-en-automoto\/","og_site_name":"Noticias Radio Reflejos","article_published_time":"2017-07-17T00:23:00+00:00","og_image":[{"url":"http:\/\/farm5.staticflickr.com\/4320\/35160524023_f41b1f4568.jpg","type":"","width":"","height":""}],"author":"Arnaldo Botto","twitter_card":"summary_large_image","schema":{"@context":"https:\/\/schema.org","@graph":[{"@type":"WebPage","@id":"https:\/\/www.noticiasradioreflejos.com.ar\/2021\/reconocimientos-y-diversion-en-otro-dia-del-amigo-en-automoto\/","url":"https:\/\/www.noticiasradioreflejos.com.ar\/2021\/reconocimientos-y-diversion-en-otro-dia-del-amigo-en-automoto\/","name":"Reconocimientos y diversi\u00f3n, en otro D\u00eda del Amigo en Automoto - Noticias Radio Reflejos","isPartOf":{"@id":"https:\/\/www.noticiasradioreflejos.com.ar\/2021\/#website"},"primaryImageOfPage":{"@id":"https:\/\/www.noticiasradioreflejos.com.ar\/2021\/reconocimientos-y-diversion-en-otro-dia-del-amigo-en-automoto\/#primaryimage"},"image":{"@id":"https:\/\/www.noticiasradioreflejos.com.ar\/2021\/reconocimientos-y-diversion-en-otro-dia-del-amigo-en-automoto\/#primaryimage"},"thumbnailUrl":"http:\/\/farm5.staticflickr.com\/4320\/35160524023_f41b1f4568.jpg","datePublished":"2017-07-17T00:23:00+00:00","author":{"@id":"https:\/\/www.noticiasradioreflejos.com.ar\/2021\/#\/schema\/person\/ad82545263dcc5ec0996818884fd5fb1"},"breadcrumb":{"@id":"https:\/\/www.noticiasradioreflejos.com.ar\/2021\/reconocimientos-y-diversion-en-otro-dia-del-amigo-en-automoto\/#breadcrumb"},"inLanguage":"es","potentialAction":[{"@type":"ReadAction","target":["https:\/\/www.noticiasradioreflejos.com.ar\/2021\/reconocimientos-y-diversion-en-otro-dia-del-amigo-en-automoto\/"]}]},{"@type":"ImageObject","inLanguage":"es","@id":"https:\/\/www.noticiasradioreflejos.com.ar\/2021\/reconocimientos-y-diversion-en-otro-dia-del-amigo-en-automoto\/#primaryimage","url":"http:\/\/farm5.staticflickr.com\/4320\/35160524023_f41b1f4568.jpg","contentUrl":"http:\/\/farm5.staticflickr.com\/4320\/35160524023_f41b1f4568.jpg"},{"@type":"BreadcrumbList","@id":"https:\/\/www.noticiasradioreflejos.com.ar\/2021\/reconocimientos-y-diversion-en-otro-dia-del-amigo-en-automoto\/#breadcrumb","itemListElement":[{"@type":"ListItem","position":1,"name":"Portada","item":"https:\/\/www.noticiasradioreflejos.com.ar\/2021\/"},{"@type":"ListItem","position":2,"name":"Reconocimientos y diversi\u00f3n, en otro D\u00eda del Amigo en Automoto"}]},{"@type":"WebSite","@id":"https:\/\/www.noticiasradioreflejos.com.ar\/2021\/#website","url":"https:\/\/www.noticiasradioreflejos.com.ar\/2021\/","name":"Noticias Radio Reflejos","description":"Las noticias de mi comarca","potentialAction":[{"@type":"SearchAction","target":{"@type":"EntryPoint","urlTemplate":"https:\/\/www.noticiasradioreflejos.com.ar\/2021\/?s={search_term_string}"},"query-input":{"@type":"PropertyValueSpecification","valueRequired":true,"valueName":"search_term_string"}}],"inLanguage":"es"},{"@type":"Person","@id":"https:\/\/www.noticiasradioreflejos.com.ar\/2021\/#\/schema\/person\/ad82545263dcc5ec0996818884fd5fb1","name":"Arnaldo Botto","image":{"@type":"ImageObject","inLanguage":"es","@id":"https:\/\/www.noticiasradioreflejos.com.ar\/2021\/#\/schema\/person\/image\/","url":"https:\/\/secure.gravatar.com\/avatar\/55cb5e37c1efa326397366e6974cb338056df65cb50e7d64d1cf314e87504837?s=96&d=mm&r=g","contentUrl":"https:\/\/secure.gravatar.com\/avatar\/55cb5e37c1efa326397366e6974cb338056df65cb50e7d64d1cf314e87504837?s=96&d=mm&r=g","caption":"Arnaldo Botto"},"url":"https:\/\/www.noticiasradioreflejos.com.ar\/2021\/author\/arnaldo\/"}]}},"_links":{"self":[{"href":"https:\/\/www.noticiasradioreflejos.com.ar\/2021\/wp-json\/wp\/v2\/posts\/12333","targetHints":{"allow":["GET"]}}],"collection":[{"href":"https:\/\/www.noticiasradioreflejos.com.ar\/2021\/wp-json\/wp\/v2\/posts"}],"about":[{"href":"https:\/\/www.noticiasradioreflejos.com.ar\/2021\/wp-json\/wp\/v2\/types\/post"}],"author":[{"embeddable":true,"href":"https:\/\/www.noticiasradioreflejos.com.ar\/2021\/wp-json\/wp\/v2\/users\/3"}],"replies":[{"embeddable":true,"href":"https:\/\/www.noticiasradioreflejos.com.ar\/2021\/wp-json\/wp\/v2\/comments?post=12333"}],"version-history":[{"count":0,"href":"https:\/\/www.noticiasradioreflejos.com.ar\/2021\/wp-json\/wp\/v2\/posts\/12333\/revisions"}],"wp:attachment":[{"href":"https:\/\/www.noticiasradioreflejos.com.ar\/2021\/wp-json\/wp\/v2\/media?parent=12333"}],"wp:term":[{"taxonomy":"category","embeddable":true,"href":"https:\/\/www.noticiasradioreflejos.com.ar\/2021\/wp-json\/wp\/v2\/categories?post=12333"},{"taxonomy":"post_tag","embeddable":true,"href":"https:\/\/www.noticiasradioreflejos.com.ar\/2021\/wp-json\/wp\/v2\/tags?post=12333"}],"curies":[{"name":"wp","href":"https:\/\/api.w.org\/{rel}","templated":true}]}}