{"id":123257,"date":"2025-08-12T09:01:37","date_gmt":"2025-08-12T12:01:37","guid":{"rendered":"https:\/\/www.noticiasradioreflejos.com.ar\/2021\/?p=123257"},"modified":"2025-08-12T20:09:16","modified_gmt":"2025-08-12T23:09:16","slug":"sierra-de-la-ventana-se-viste-de-blanco-y-rosa-con-la-floracion-de-los-almendros","status":"publish","type":"post","link":"https:\/\/www.noticiasradioreflejos.com.ar\/2021\/sierra-de-la-ventana-se-viste-de-blanco-y-rosa-con-la-floracion-de-los-almendros\/","title":{"rendered":"Sierra de la Ventana se viste de blanco y rosa con la floraci\u00f3n de los almendros"},"content":{"rendered":"<p>La llegada de agosto a Sierra de la Ventana trae consigo un espect\u00e1culo natural sin igual: la floraci\u00f3n de los almendros. El Bulevar del Reloj, conocido tambi\u00e9n como el Bulevar de los Almendros, se convierte en un aut\u00e9ntico jard\u00edn de ensue\u00f1o, con sus flores blancas y rosadas despleg\u00e1ndose como una alfombra de belleza.<!--more--><\/p>\n<p><a href=\"https:\/\/www.noticiasradioreflejos.com.ar\/2021\/sierra-de-la-ventana-se-viste-de-blanco-y-rosa-con-la-floracion-de-los-almendros\/almendros\/\" rel=\"attachment wp-att-123260\"><img loading=\"lazy\" decoding=\"async\" class=\"aligncenter size-full wp-image-123260\" src=\"https:\/\/www.noticiasradioreflejos.com.ar\/2021\/wp-content\/uploads\/2025\/08\/Almendros.jpg\" alt=\"\" width=\"1600\" height=\"1197\" srcset=\"https:\/\/www.noticiasradioreflejos.com.ar\/2021\/wp-content\/uploads\/2025\/08\/Almendros.jpg 1600w, https:\/\/www.noticiasradioreflejos.com.ar\/2021\/wp-content\/uploads\/2025\/08\/Almendros-300x224.jpg 300w, https:\/\/www.noticiasradioreflejos.com.ar\/2021\/wp-content\/uploads\/2025\/08\/Almendros-1024x766.jpg 1024w, https:\/\/www.noticiasradioreflejos.com.ar\/2021\/wp-content\/uploads\/2025\/08\/Almendros-768x575.jpg 768w, https:\/\/www.noticiasradioreflejos.com.ar\/2021\/wp-content\/uploads\/2025\/08\/Almendros-1536x1149.jpg 1536w, https:\/\/www.noticiasradioreflejos.com.ar\/2021\/wp-content\/uploads\/2025\/08\/Almendros-750x561.jpg 750w, https:\/\/www.noticiasradioreflejos.com.ar\/2021\/wp-content\/uploads\/2025\/08\/Almendros-1140x853.jpg 1140w\" sizes=\"auto, (max-width: 1600px) 100vw, 1600px\" \/><\/a><\/p>\n<p>Este toque de color y vida suma un atractivo m\u00e1s al paisaje serrano, convirtiendo a Sierra de la Ventana en un destino imperdible para los amantes de la naturaleza y el turismo. La belleza de los almendros en flor es simplemente incomparable, y su llegada es un evento esperado por todos los habitantes y visitantes de la regi\u00f3n.<\/p>\n<p>La floraci\u00f3n de los almendros es un espect\u00e1culo que inspira la poes\u00eda y la reflexi\u00f3n, invitando a todos a detenerse y apreciar la belleza que nos rodea. No te pierdas la oportunidad de disfrutar de este espect\u00e1culo natural en Sierra de la Ventana.<\/p>\n<p>&nbsp;<\/p>\n<h4>\u00abLa historia detr\u00e1s del Bulevar de los Almendros en Sierra de la Ventana\u00bb<\/h4>\n<p>El Bulevar de los Almendros, un emblem\u00e1tico paseo de Sierra de la Ventana, tiene una rica historia que se remonta a sus or\u00edgenes. Originalmente, este bulevar contaba con 10 plantas de almendro, cuidadosamente distribuidas en dos sectores. Fueron plantadas en el a\u00f1o 2005 por la entonces gesti\u00f3n municipal.<\/p>\n<p>Seis de estas plantas se ubicaban frente a la rotonda central de Sierra de la Ventana, creando un paisaje visual atractivo y sim\u00e9trico. Las cuatro plantas restantes se situaban junto al cartel que indicaba el nombre de la localidad y su fecha de fundaci\u00f3n.<\/p>\n<p>Un detalle interesante es que, en su momento, este cartel tambi\u00e9n contaba con un reloj, lo que dio origen al nombre de la plazoleta: \u00abBulevar del Reloj\u00bb. Con el tiempo, el nombre se ha simplificado a \u00abBulevar de los Almendros\u00bb, en honor a las majestuosas plantas que lo adornan.<\/p>\n<p>Hoy en d\u00eda, el Bulevar de los Almendros sigue siendo un lugar emblem\u00e1tico de Sierra de la Ventana, donde los visitantes pueden disfrutar de la belleza natural y la rica historia de la regi\u00f3n.<\/p>\n<p><a href=\"https:\/\/www.noticiasradioreflejos.com.ar\/2021\/sierra-de-la-ventana-se-viste-de-blanco-y-rosa-con-la-floracion-de-los-almendros\/almendros-2\/\" rel=\"attachment wp-att-123259\"><img loading=\"lazy\" decoding=\"async\" class=\"aligncenter size-full wp-image-123259\" src=\"https:\/\/www.noticiasradioreflejos.com.ar\/2021\/wp-content\/uploads\/2025\/08\/almendros-2.jpg\" alt=\"\" width=\"1600\" height=\"720\" srcset=\"https:\/\/www.noticiasradioreflejos.com.ar\/2021\/wp-content\/uploads\/2025\/08\/almendros-2.jpg 1600w, https:\/\/www.noticiasradioreflejos.com.ar\/2021\/wp-content\/uploads\/2025\/08\/almendros-2-300x135.jpg 300w, https:\/\/www.noticiasradioreflejos.com.ar\/2021\/wp-content\/uploads\/2025\/08\/almendros-2-1024x461.jpg 1024w, https:\/\/www.noticiasradioreflejos.com.ar\/2021\/wp-content\/uploads\/2025\/08\/almendros-2-768x346.jpg 768w, https:\/\/www.noticiasradioreflejos.com.ar\/2021\/wp-content\/uploads\/2025\/08\/almendros-2-1536x691.jpg 1536w, https:\/\/www.noticiasradioreflejos.com.ar\/2021\/wp-content\/uploads\/2025\/08\/almendros-2-750x338.jpg 750w, https:\/\/www.noticiasradioreflejos.com.ar\/2021\/wp-content\/uploads\/2025\/08\/almendros-2-1140x513.jpg 1140w\" sizes=\"auto, (max-width: 1600px) 100vw, 1600px\" \/><\/a><\/p>\n<p>&nbsp;<\/p>\n","protected":false},"excerpt":{"rendered":"<p>La llegada de agosto a Sierra de la Ventana trae consigo un espect\u00e1culo natural sin igual: la floraci\u00f3n de los almendros. El Bulevar del Reloj, conocido tambi\u00e9n como el Bulevar de los Almendros, se convierte en un aut\u00e9ntico jard\u00edn de ensue\u00f1o, con sus flores blancas y rosadas despleg\u00e1ndose como una alfombra de belleza.<\/p>\n","protected":false},"author":3,"featured_media":123258,"comment_status":"closed","ping_status":"closed","sticky":false,"template":"","format":"standard","meta":{"footnotes":""},"categories":[26,33],"tags":[],"class_list":["post-123257","post","type-post","status-publish","format-standard","has-post-thumbnail","hentry","category-sociedad","category-turismo"],"yoast_head":"<!-- This site is optimized with the Yoast SEO plugin v25.9 - https:\/\/yoast.com\/wordpress\/plugins\/seo\/ -->\n<title>Sierra de la Ventana se viste de blanco y rosa con la floraci\u00f3n de los almendros - Noticias Radio Reflejos<\/title>\n<meta name=\"robots\" content=\"index, follow, max-snippet:-1, max-image-preview:large, max-video-preview:-1\" \/>\n<link rel=\"canonical\" href=\"https:\/\/www.noticiasradioreflejos.com.ar\/2021\/sierra-de-la-ventana-se-viste-de-blanco-y-rosa-con-la-floracion-de-los-almendros\/\" \/>\n<meta property=\"og:locale\" content=\"es_ES\" \/>\n<meta property=\"og:type\" content=\"article\" \/>\n<meta property=\"og:title\" content=\"Sierra de la Ventana se viste de blanco y rosa con la floraci\u00f3n de los almendros - Noticias Radio Reflejos\" \/>\n<meta property=\"og:description\" content=\"La llegada de agosto a Sierra de la Ventana trae consigo un espect\u00e1culo natural sin igual: la floraci\u00f3n de los almendros. El Bulevar del Reloj, conocido tambi\u00e9n como el Bulevar de los Almendros, se convierte en un aut\u00e9ntico jard\u00edn de ensue\u00f1o, con sus flores blancas y rosadas despleg\u00e1ndose como una alfombra de belleza.\" \/>\n<meta property=\"og:url\" content=\"https:\/\/www.noticiasradioreflejos.com.ar\/2021\/sierra-de-la-ventana-se-viste-de-blanco-y-rosa-con-la-floracion-de-los-almendros\/\" \/>\n<meta property=\"og:site_name\" content=\"Noticias Radio Reflejos\" \/>\n<meta property=\"article:published_time\" content=\"2025-08-12T12:01:37+00:00\" \/>\n<meta property=\"article:modified_time\" content=\"2025-08-12T23:09:16+00:00\" \/>\n<meta property=\"og:image\" content=\"https:\/\/www.noticiasradioreflejos.com.ar\/2021\/wp-content\/uploads\/2025\/08\/almendros-1.jpg\" \/>\n\t<meta property=\"og:image:width\" content=\"1280\" \/>\n\t<meta property=\"og:image:height\" content=\"720\" \/>\n\t<meta property=\"og:image:type\" content=\"image\/jpeg\" \/>\n<meta name=\"author\" content=\"Arnaldo Botto\" \/>\n<meta name=\"twitter:card\" content=\"summary_large_image\" \/>\n<script type=\"application\/ld+json\" class=\"yoast-schema-graph\">{\"@context\":\"https:\/\/schema.org\",\"@graph\":[{\"@type\":\"WebPage\",\"@id\":\"https:\/\/www.noticiasradioreflejos.com.ar\/2021\/sierra-de-la-ventana-se-viste-de-blanco-y-rosa-con-la-floracion-de-los-almendros\/\",\"url\":\"https:\/\/www.noticiasradioreflejos.com.ar\/2021\/sierra-de-la-ventana-se-viste-de-blanco-y-rosa-con-la-floracion-de-los-almendros\/\",\"name\":\"Sierra de la Ventana se viste de blanco y rosa con la floraci\u00f3n de los almendros - Noticias Radio Reflejos\",\"isPartOf\":{\"@id\":\"https:\/\/www.noticiasradioreflejos.com.ar\/2021\/#website\"},\"primaryImageOfPage\":{\"@id\":\"https:\/\/www.noticiasradioreflejos.com.ar\/2021\/sierra-de-la-ventana-se-viste-de-blanco-y-rosa-con-la-floracion-de-los-almendros\/#primaryimage\"},\"image\":{\"@id\":\"https:\/\/www.noticiasradioreflejos.com.ar\/2021\/sierra-de-la-ventana-se-viste-de-blanco-y-rosa-con-la-floracion-de-los-almendros\/#primaryimage\"},\"thumbnailUrl\":\"https:\/\/www.noticiasradioreflejos.com.ar\/2021\/wp-content\/uploads\/2025\/08\/almendros-1.jpg\",\"datePublished\":\"2025-08-12T12:01:37+00:00\",\"dateModified\":\"2025-08-12T23:09:16+00:00\",\"author\":{\"@id\":\"https:\/\/www.noticiasradioreflejos.com.ar\/2021\/#\/schema\/person\/ad82545263dcc5ec0996818884fd5fb1\"},\"breadcrumb\":{\"@id\":\"https:\/\/www.noticiasradioreflejos.com.ar\/2021\/sierra-de-la-ventana-se-viste-de-blanco-y-rosa-con-la-floracion-de-los-almendros\/#breadcrumb\"},\"inLanguage\":\"es\",\"potentialAction\":[{\"@type\":\"ReadAction\",\"target\":[\"https:\/\/www.noticiasradioreflejos.com.ar\/2021\/sierra-de-la-ventana-se-viste-de-blanco-y-rosa-con-la-floracion-de-los-almendros\/\"]}]},{\"@type\":\"ImageObject\",\"inLanguage\":\"es\",\"@id\":\"https:\/\/www.noticiasradioreflejos.com.ar\/2021\/sierra-de-la-ventana-se-viste-de-blanco-y-rosa-con-la-floracion-de-los-almendros\/#primaryimage\",\"url\":\"https:\/\/www.noticiasradioreflejos.com.ar\/2021\/wp-content\/uploads\/2025\/08\/almendros-1.jpg\",\"contentUrl\":\"https:\/\/www.noticiasradioreflejos.com.ar\/2021\/wp-content\/uploads\/2025\/08\/almendros-1.jpg\",\"width\":1280,\"height\":720},{\"@type\":\"BreadcrumbList\",\"@id\":\"https:\/\/www.noticiasradioreflejos.com.ar\/2021\/sierra-de-la-ventana-se-viste-de-blanco-y-rosa-con-la-floracion-de-los-almendros\/#breadcrumb\",\"itemListElement\":[{\"@type\":\"ListItem\",\"position\":1,\"name\":\"Portada\",\"item\":\"https:\/\/www.noticiasradioreflejos.com.ar\/2021\/\"},{\"@type\":\"ListItem\",\"position\":2,\"name\":\"Sierra de la Ventana se viste de blanco y rosa con la floraci\u00f3n de los almendros\"}]},{\"@type\":\"WebSite\",\"@id\":\"https:\/\/www.noticiasradioreflejos.com.ar\/2021\/#website\",\"url\":\"https:\/\/www.noticiasradioreflejos.com.ar\/2021\/\",\"name\":\"Noticias Radio Reflejos\",\"description\":\"Las noticias de mi comarca\",\"potentialAction\":[{\"@type\":\"SearchAction\",\"target\":{\"@type\":\"EntryPoint\",\"urlTemplate\":\"https:\/\/www.noticiasradioreflejos.com.ar\/2021\/?s={search_term_string}\"},\"query-input\":{\"@type\":\"PropertyValueSpecification\",\"valueRequired\":true,\"valueName\":\"search_term_string\"}}],\"inLanguage\":\"es\"},{\"@type\":\"Person\",\"@id\":\"https:\/\/www.noticiasradioreflejos.com.ar\/2021\/#\/schema\/person\/ad82545263dcc5ec0996818884fd5fb1\",\"name\":\"Arnaldo Botto\",\"image\":{\"@type\":\"ImageObject\",\"inLanguage\":\"es\",\"@id\":\"https:\/\/www.noticiasradioreflejos.com.ar\/2021\/#\/schema\/person\/image\/\",\"url\":\"https:\/\/secure.gravatar.com\/avatar\/55cb5e37c1efa326397366e6974cb338056df65cb50e7d64d1cf314e87504837?s=96&d=mm&r=g\",\"contentUrl\":\"https:\/\/secure.gravatar.com\/avatar\/55cb5e37c1efa326397366e6974cb338056df65cb50e7d64d1cf314e87504837?s=96&d=mm&r=g\",\"caption\":\"Arnaldo Botto\"},\"url\":\"https:\/\/www.noticiasradioreflejos.com.ar\/2021\/author\/arnaldo\/\"}]}<\/script>\n<!-- \/ Yoast SEO plugin. -->","yoast_head_json":{"title":"Sierra de la Ventana se viste de blanco y rosa con la floraci\u00f3n de los almendros - Noticias Radio Reflejos","robots":{"index":"index","follow":"follow","max-snippet":"max-snippet:-1","max-image-preview":"max-image-preview:large","max-video-preview":"max-video-preview:-1"},"canonical":"https:\/\/www.noticiasradioreflejos.com.ar\/2021\/sierra-de-la-ventana-se-viste-de-blanco-y-rosa-con-la-floracion-de-los-almendros\/","og_locale":"es_ES","og_type":"article","og_title":"Sierra de la Ventana se viste de blanco y rosa con la floraci\u00f3n de los almendros - Noticias Radio Reflejos","og_description":"La llegada de agosto a Sierra de la Ventana trae consigo un espect\u00e1culo natural sin igual: la floraci\u00f3n de los almendros. El Bulevar del Reloj, conocido tambi\u00e9n como el Bulevar de los Almendros, se convierte en un aut\u00e9ntico jard\u00edn de ensue\u00f1o, con sus flores blancas y rosadas despleg\u00e1ndose como una alfombra de belleza.","og_url":"https:\/\/www.noticiasradioreflejos.com.ar\/2021\/sierra-de-la-ventana-se-viste-de-blanco-y-rosa-con-la-floracion-de-los-almendros\/","og_site_name":"Noticias Radio Reflejos","article_published_time":"2025-08-12T12:01:37+00:00","article_modified_time":"2025-08-12T23:09:16+00:00","og_image":[{"width":1280,"height":720,"url":"https:\/\/www.noticiasradioreflejos.com.ar\/2021\/wp-content\/uploads\/2025\/08\/almendros-1.jpg","type":"image\/jpeg"}],"author":"Arnaldo Botto","twitter_card":"summary_large_image","schema":{"@context":"https:\/\/schema.org","@graph":[{"@type":"WebPage","@id":"https:\/\/www.noticiasradioreflejos.com.ar\/2021\/sierra-de-la-ventana-se-viste-de-blanco-y-rosa-con-la-floracion-de-los-almendros\/","url":"https:\/\/www.noticiasradioreflejos.com.ar\/2021\/sierra-de-la-ventana-se-viste-de-blanco-y-rosa-con-la-floracion-de-los-almendros\/","name":"Sierra de la Ventana se viste de blanco y rosa con la floraci\u00f3n de los almendros - Noticias Radio Reflejos","isPartOf":{"@id":"https:\/\/www.noticiasradioreflejos.com.ar\/2021\/#website"},"primaryImageOfPage":{"@id":"https:\/\/www.noticiasradioreflejos.com.ar\/2021\/sierra-de-la-ventana-se-viste-de-blanco-y-rosa-con-la-floracion-de-los-almendros\/#primaryimage"},"image":{"@id":"https:\/\/www.noticiasradioreflejos.com.ar\/2021\/sierra-de-la-ventana-se-viste-de-blanco-y-rosa-con-la-floracion-de-los-almendros\/#primaryimage"},"thumbnailUrl":"https:\/\/www.noticiasradioreflejos.com.ar\/2021\/wp-content\/uploads\/2025\/08\/almendros-1.jpg","datePublished":"2025-08-12T12:01:37+00:00","dateModified":"2025-08-12T23:09:16+00:00","author":{"@id":"https:\/\/www.noticiasradioreflejos.com.ar\/2021\/#\/schema\/person\/ad82545263dcc5ec0996818884fd5fb1"},"breadcrumb":{"@id":"https:\/\/www.noticiasradioreflejos.com.ar\/2021\/sierra-de-la-ventana-se-viste-de-blanco-y-rosa-con-la-floracion-de-los-almendros\/#breadcrumb"},"inLanguage":"es","potentialAction":[{"@type":"ReadAction","target":["https:\/\/www.noticiasradioreflejos.com.ar\/2021\/sierra-de-la-ventana-se-viste-de-blanco-y-rosa-con-la-floracion-de-los-almendros\/"]}]},{"@type":"ImageObject","inLanguage":"es","@id":"https:\/\/www.noticiasradioreflejos.com.ar\/2021\/sierra-de-la-ventana-se-viste-de-blanco-y-rosa-con-la-floracion-de-los-almendros\/#primaryimage","url":"https:\/\/www.noticiasradioreflejos.com.ar\/2021\/wp-content\/uploads\/2025\/08\/almendros-1.jpg","contentUrl":"https:\/\/www.noticiasradioreflejos.com.ar\/2021\/wp-content\/uploads\/2025\/08\/almendros-1.jpg","width":1280,"height":720},{"@type":"BreadcrumbList","@id":"https:\/\/www.noticiasradioreflejos.com.ar\/2021\/sierra-de-la-ventana-se-viste-de-blanco-y-rosa-con-la-floracion-de-los-almendros\/#breadcrumb","itemListElement":[{"@type":"ListItem","position":1,"name":"Portada","item":"https:\/\/www.noticiasradioreflejos.com.ar\/2021\/"},{"@type":"ListItem","position":2,"name":"Sierra de la Ventana se viste de blanco y rosa con la floraci\u00f3n de los almendros"}]},{"@type":"WebSite","@id":"https:\/\/www.noticiasradioreflejos.com.ar\/2021\/#website","url":"https:\/\/www.noticiasradioreflejos.com.ar\/2021\/","name":"Noticias Radio Reflejos","description":"Las noticias de mi comarca","potentialAction":[{"@type":"SearchAction","target":{"@type":"EntryPoint","urlTemplate":"https:\/\/www.noticiasradioreflejos.com.ar\/2021\/?s={search_term_string}"},"query-input":{"@type":"PropertyValueSpecification","valueRequired":true,"valueName":"search_term_string"}}],"inLanguage":"es"},{"@type":"Person","@id":"https:\/\/www.noticiasradioreflejos.com.ar\/2021\/#\/schema\/person\/ad82545263dcc5ec0996818884fd5fb1","name":"Arnaldo Botto","image":{"@type":"ImageObject","inLanguage":"es","@id":"https:\/\/www.noticiasradioreflejos.com.ar\/2021\/#\/schema\/person\/image\/","url":"https:\/\/secure.gravatar.com\/avatar\/55cb5e37c1efa326397366e6974cb338056df65cb50e7d64d1cf314e87504837?s=96&d=mm&r=g","contentUrl":"https:\/\/secure.gravatar.com\/avatar\/55cb5e37c1efa326397366e6974cb338056df65cb50e7d64d1cf314e87504837?s=96&d=mm&r=g","caption":"Arnaldo Botto"},"url":"https:\/\/www.noticiasradioreflejos.com.ar\/2021\/author\/arnaldo\/"}]}},"_links":{"self":[{"href":"https:\/\/www.noticiasradioreflejos.com.ar\/2021\/wp-json\/wp\/v2\/posts\/123257","targetHints":{"allow":["GET"]}}],"collection":[{"href":"https:\/\/www.noticiasradioreflejos.com.ar\/2021\/wp-json\/wp\/v2\/posts"}],"about":[{"href":"https:\/\/www.noticiasradioreflejos.com.ar\/2021\/wp-json\/wp\/v2\/types\/post"}],"author":[{"embeddable":true,"href":"https:\/\/www.noticiasradioreflejos.com.ar\/2021\/wp-json\/wp\/v2\/users\/3"}],"replies":[{"embeddable":true,"href":"https:\/\/www.noticiasradioreflejos.com.ar\/2021\/wp-json\/wp\/v2\/comments?post=123257"}],"version-history":[{"count":2,"href":"https:\/\/www.noticiasradioreflejos.com.ar\/2021\/wp-json\/wp\/v2\/posts\/123257\/revisions"}],"predecessor-version":[{"id":123262,"href":"https:\/\/www.noticiasradioreflejos.com.ar\/2021\/wp-json\/wp\/v2\/posts\/123257\/revisions\/123262"}],"wp:featuredmedia":[{"embeddable":true,"href":"https:\/\/www.noticiasradioreflejos.com.ar\/2021\/wp-json\/wp\/v2\/media\/123258"}],"wp:attachment":[{"href":"https:\/\/www.noticiasradioreflejos.com.ar\/2021\/wp-json\/wp\/v2\/media?parent=123257"}],"wp:term":[{"taxonomy":"category","embeddable":true,"href":"https:\/\/www.noticiasradioreflejos.com.ar\/2021\/wp-json\/wp\/v2\/categories?post=123257"},{"taxonomy":"post_tag","embeddable":true,"href":"https:\/\/www.noticiasradioreflejos.com.ar\/2021\/wp-json\/wp\/v2\/tags?post=123257"}],"curies":[{"name":"wp","href":"https:\/\/api.w.org\/{rel}","templated":true}]}}