{"id":123248,"date":"2025-08-12T08:45:34","date_gmt":"2025-08-12T11:45:34","guid":{"rendered":"https:\/\/www.noticiasradioreflejos.com.ar\/2021\/?p=123248"},"modified":"2025-08-12T08:45:34","modified_gmt":"2025-08-12T11:45:34","slug":"liniers-de-bahia-blanca-brilla-en-la-licebo-2025-josefina-candal-y-mateo-lautaro-botto-beli-participaron-del-tercer-weekend","status":"publish","type":"post","link":"https:\/\/www.noticiasradioreflejos.com.ar\/2021\/liniers-de-bahia-blanca-brilla-en-la-licebo-2025-josefina-candal-y-mateo-lautaro-botto-beli-participaron-del-tercer-weekend\/","title":{"rendered":"\u00abLiniers de Bah\u00eda Blanca brilla en la LiCeBo 2025: Josefina Candal y Mateo Lautaro Botto Beli participaron del tercer weekend\u00bb"},"content":{"rendered":"<p>Josefina Candal y Mateo Lautaro Boto Beli, dos talentosos juveniles del Club Liniers de Bah\u00eda Blanca, han tenido una destacada participaci\u00f3n en las primeras divisiones del equipo que compiti\u00f3 en el tercer weekend de la<strong> LiCeBo 2025<\/strong>.<!--more--><\/p>\n<p>Ambos jugadores han demostrado su habilidad y dedicaci\u00f3n en sus respectivas categor\u00edas y forman parte del equipo que busca conquistar la Copa de Oro Provincial, t\u00edtulos muy codiciados.<\/p>\n<div dir=\"auto\"><span class=\"html-span xdj266r x14z9mp xat24cr x1lziwak xexx8yu xyri2b x18d9i69 x1c1uobl x1hl2dhg x16tdsg8 x1vvkbs\"><a class=\"x1i10hfl xjbqb8w x1ejq31n x18oe1m7 x1sy0etr xstzfhl x972fbf x10w94by x1qhh985 x14e42zd x9f619 x1ypdohk xt0psk2 x3ct3a4 xdj266r x14z9mp xat24cr x1lziwak xexx8yu xyri2b x18d9i69 x1c1uobl x16tdsg8 x1hl2dhg xggy1nq x1a2a7pz xkrqix3 x1sur9pj x1fey0fg x1s688f\" tabindex=\"0\" role=\"link\" href=\"https:\/\/www.facebook.com\/hashtag\/licebo2025?__eep__=6&amp;__cft__[0]=AZVFWuumK1yzl73q32IEhHN0l_wMGkmNXNnwBzJJV_WP9PvLwdbyhPEHGSb-kPdqtN5D4hinwLyrV70QTzihaVh--1k5UUS7wKjuo-Sd58OWYEPOfTbttACsjpqRoXCeqPotr5O0FQc-qsvqnSDJR1HaUISbDKEF7AIFhVZOvukQLg&amp;__tn__=*NK-R\">#Licebo2025<\/a><\/span> Se disput\u00f3 este fin de semana el tercer weekend (\u00faltimo de las mujeres y pen\u00faltimo de los hombres) de la Liga Provincial de Primera Divisi\u00f3n y el @clubatleticoliniers consigui\u00f3 por segundo a\u00f1o consecutivo meter a ambas ramas en la Copa de Oro de la competencia provincial m\u00e1s importante del a\u00f1o.<\/div>\n<div dir=\"auto\">En la rama masculina, el m\u00faltiple campe\u00f3n bahiense sum\u00f3 10 puntos sobre 12 posibles (3 victorias y una ca\u00edda ante el l\u00edder Once Unidos en tie break) y a falta de un fin de semana de juego (3 partidos) es uno de los tres equipos ya clasificados a la fase final por el cetro.<\/div>\n<div dir=\"auto\"><\/div>\n<div dir=\"auto\">Por su parte, la rama femenina obtuvos dos triunfos y dos ca\u00eddas y termin\u00f3 la etapa regular entre los cinco mejores equipos de la provincia, consiguiendo el boleto a las Finales de la Licebo como tambi\u00e9n a la Final Provincial en noviembre pr\u00f3ximo.<\/div>\n<div dir=\"auto\"><\/div>\n<div dir=\"auto\">&#8211;\u00c9stos fueron todos los resultados del fin de semana:<\/div>\n<div dir=\"auto\">Varones<\/div>\n<div dir=\"auto\">*3-0 a Cedetalvo de Mar del Plata<\/div>\n<div dir=\"auto\">*2-3 vs Once Unidos de Mar del Plata<\/div>\n<div dir=\"auto\">*3-0 a La Armon\u00eda<\/div>\n<div dir=\"auto\">*3-0 a Atl\u00e9tico Villa Gesell<\/div>\n<div dir=\"auto\">Mujeres<\/div>\n<div dir=\"auto\">*0-3 vs Once Unidos de Mar del Plata<\/div>\n<div dir=\"auto\">*3-0 a Juventud Unida de Tandil<\/div>\n<div dir=\"auto\">*1-3 vs Mar Chiquita Voley<\/div>\n<div dir=\"auto\">*3-1 a Estudiantes de Olavarr\u00eda<\/div>\n<p>&nbsp;<\/p>\n<p><iframe loading=\"lazy\" style=\"border: none; overflow: hidden;\" src=\"https:\/\/www.facebook.com\/plugins\/post.php?href=https%3A%2F%2Fwww.facebook.com%2Fliniers.voley.9%2Fposts%2Fpfbid0eZvAvTXeDT6fMh3dD6kYHzV5p7jAYPufXsD23gYGsfNKPoAucuqsLPMphyZjZbZil&amp;show_text=true&amp;width=500\" width=\"500\" height=\"761\" frameborder=\"0\" scrolling=\"no\" allowfullscreen=\"allowfullscreen\"><\/iframe><br \/>\n\u00a1Esperamos que contin\u00faen brillando y llevando alto el nombre del Club Liniers! \u00b9<\/p>\n","protected":false},"excerpt":{"rendered":"<p>Josefina Candal y Mateo Lautaro Boto Beli, dos talentosos juveniles del Club Liniers de Bah\u00eda Blanca, han tenido una destacada participaci\u00f3n en las primeras divisiones del equipo que compiti\u00f3 en el tercer weekend de la LiCeBo 2025.<\/p>\n","protected":false},"author":3,"featured_media":123249,"comment_status":"closed","ping_status":"closed","sticky":false,"template":"","format":"standard","meta":{"footnotes":""},"categories":[27],"tags":[48],"class_list":["post-123248","post","type-post","status-publish","format-standard","has-post-thumbnail","hentry","category-deportes","tag-destacada"],"yoast_head":"<!-- This site is optimized with the Yoast SEO plugin v25.9 - https:\/\/yoast.com\/wordpress\/plugins\/seo\/ -->\n<title>&quot;Liniers de Bah\u00eda Blanca brilla en la LiCeBo 2025: Josefina Candal y Mateo Lautaro Botto Beli participaron del tercer weekend&quot; - Noticias Radio Reflejos<\/title>\n<meta name=\"robots\" content=\"index, follow, max-snippet:-1, max-image-preview:large, max-video-preview:-1\" \/>\n<link rel=\"canonical\" href=\"https:\/\/www.noticiasradioreflejos.com.ar\/2021\/liniers-de-bahia-blanca-brilla-en-la-licebo-2025-josefina-candal-y-mateo-lautaro-botto-beli-participaron-del-tercer-weekend\/\" \/>\n<meta property=\"og:locale\" content=\"es_ES\" \/>\n<meta property=\"og:type\" content=\"article\" \/>\n<meta property=\"og:title\" content=\"&quot;Liniers de Bah\u00eda Blanca brilla en la LiCeBo 2025: Josefina Candal y Mateo Lautaro Botto Beli participaron del tercer weekend&quot; - Noticias Radio Reflejos\" \/>\n<meta property=\"og:description\" content=\"Josefina Candal y Mateo Lautaro Boto Beli, dos talentosos juveniles del Club Liniers de Bah\u00eda Blanca, han tenido una destacada participaci\u00f3n en las primeras divisiones del equipo que compiti\u00f3 en el tercer weekend de la LiCeBo 2025.\" \/>\n<meta property=\"og:url\" content=\"https:\/\/www.noticiasradioreflejos.com.ar\/2021\/liniers-de-bahia-blanca-brilla-en-la-licebo-2025-josefina-candal-y-mateo-lautaro-botto-beli-participaron-del-tercer-weekend\/\" \/>\n<meta property=\"og:site_name\" content=\"Noticias Radio Reflejos\" \/>\n<meta property=\"article:published_time\" content=\"2025-08-12T11:45:34+00:00\" \/>\n<meta property=\"og:image\" content=\"https:\/\/www.noticiasradioreflejos.com.ar\/2021\/wp-content\/uploads\/2025\/08\/image.jpg\" \/>\n\t<meta property=\"og:image:width\" content=\"1724\" \/>\n\t<meta property=\"og:image:height\" content=\"1113\" \/>\n\t<meta property=\"og:image:type\" content=\"image\/jpeg\" \/>\n<meta name=\"author\" content=\"Arnaldo Botto\" \/>\n<meta name=\"twitter:card\" content=\"summary_large_image\" \/>\n<script type=\"application\/ld+json\" class=\"yoast-schema-graph\">{\"@context\":\"https:\/\/schema.org\",\"@graph\":[{\"@type\":\"WebPage\",\"@id\":\"https:\/\/www.noticiasradioreflejos.com.ar\/2021\/liniers-de-bahia-blanca-brilla-en-la-licebo-2025-josefina-candal-y-mateo-lautaro-botto-beli-participaron-del-tercer-weekend\/\",\"url\":\"https:\/\/www.noticiasradioreflejos.com.ar\/2021\/liniers-de-bahia-blanca-brilla-en-la-licebo-2025-josefina-candal-y-mateo-lautaro-botto-beli-participaron-del-tercer-weekend\/\",\"name\":\"\\\"Liniers de Bah\u00eda Blanca brilla en la LiCeBo 2025: Josefina Candal y Mateo Lautaro Botto Beli participaron del tercer weekend\\\" - Noticias Radio Reflejos\",\"isPartOf\":{\"@id\":\"https:\/\/www.noticiasradioreflejos.com.ar\/2021\/#website\"},\"primaryImageOfPage\":{\"@id\":\"https:\/\/www.noticiasradioreflejos.com.ar\/2021\/liniers-de-bahia-blanca-brilla-en-la-licebo-2025-josefina-candal-y-mateo-lautaro-botto-beli-participaron-del-tercer-weekend\/#primaryimage\"},\"image\":{\"@id\":\"https:\/\/www.noticiasradioreflejos.com.ar\/2021\/liniers-de-bahia-blanca-brilla-en-la-licebo-2025-josefina-candal-y-mateo-lautaro-botto-beli-participaron-del-tercer-weekend\/#primaryimage\"},\"thumbnailUrl\":\"https:\/\/www.noticiasradioreflejos.com.ar\/2021\/wp-content\/uploads\/2025\/08\/image.jpg\",\"datePublished\":\"2025-08-12T11:45:34+00:00\",\"author\":{\"@id\":\"https:\/\/www.noticiasradioreflejos.com.ar\/2021\/#\/schema\/person\/ad82545263dcc5ec0996818884fd5fb1\"},\"breadcrumb\":{\"@id\":\"https:\/\/www.noticiasradioreflejos.com.ar\/2021\/liniers-de-bahia-blanca-brilla-en-la-licebo-2025-josefina-candal-y-mateo-lautaro-botto-beli-participaron-del-tercer-weekend\/#breadcrumb\"},\"inLanguage\":\"es\",\"potentialAction\":[{\"@type\":\"ReadAction\",\"target\":[\"https:\/\/www.noticiasradioreflejos.com.ar\/2021\/liniers-de-bahia-blanca-brilla-en-la-licebo-2025-josefina-candal-y-mateo-lautaro-botto-beli-participaron-del-tercer-weekend\/\"]}]},{\"@type\":\"ImageObject\",\"inLanguage\":\"es\",\"@id\":\"https:\/\/www.noticiasradioreflejos.com.ar\/2021\/liniers-de-bahia-blanca-brilla-en-la-licebo-2025-josefina-candal-y-mateo-lautaro-botto-beli-participaron-del-tercer-weekend\/#primaryimage\",\"url\":\"https:\/\/www.noticiasradioreflejos.com.ar\/2021\/wp-content\/uploads\/2025\/08\/image.jpg\",\"contentUrl\":\"https:\/\/www.noticiasradioreflejos.com.ar\/2021\/wp-content\/uploads\/2025\/08\/image.jpg\",\"width\":1724,\"height\":1113},{\"@type\":\"BreadcrumbList\",\"@id\":\"https:\/\/www.noticiasradioreflejos.com.ar\/2021\/liniers-de-bahia-blanca-brilla-en-la-licebo-2025-josefina-candal-y-mateo-lautaro-botto-beli-participaron-del-tercer-weekend\/#breadcrumb\",\"itemListElement\":[{\"@type\":\"ListItem\",\"position\":1,\"name\":\"Portada\",\"item\":\"https:\/\/www.noticiasradioreflejos.com.ar\/2021\/\"},{\"@type\":\"ListItem\",\"position\":2,\"name\":\"\u00abLiniers de Bah\u00eda Blanca brilla en la LiCeBo 2025: Josefina Candal y Mateo Lautaro Botto Beli participaron del tercer weekend\u00bb\"}]},{\"@type\":\"WebSite\",\"@id\":\"https:\/\/www.noticiasradioreflejos.com.ar\/2021\/#website\",\"url\":\"https:\/\/www.noticiasradioreflejos.com.ar\/2021\/\",\"name\":\"Noticias Radio Reflejos\",\"description\":\"Las noticias de mi comarca\",\"potentialAction\":[{\"@type\":\"SearchAction\",\"target\":{\"@type\":\"EntryPoint\",\"urlTemplate\":\"https:\/\/www.noticiasradioreflejos.com.ar\/2021\/?s={search_term_string}\"},\"query-input\":{\"@type\":\"PropertyValueSpecification\",\"valueRequired\":true,\"valueName\":\"search_term_string\"}}],\"inLanguage\":\"es\"},{\"@type\":\"Person\",\"@id\":\"https:\/\/www.noticiasradioreflejos.com.ar\/2021\/#\/schema\/person\/ad82545263dcc5ec0996818884fd5fb1\",\"name\":\"Arnaldo Botto\",\"image\":{\"@type\":\"ImageObject\",\"inLanguage\":\"es\",\"@id\":\"https:\/\/www.noticiasradioreflejos.com.ar\/2021\/#\/schema\/person\/image\/\",\"url\":\"https:\/\/secure.gravatar.com\/avatar\/55cb5e37c1efa326397366e6974cb338056df65cb50e7d64d1cf314e87504837?s=96&d=mm&r=g\",\"contentUrl\":\"https:\/\/secure.gravatar.com\/avatar\/55cb5e37c1efa326397366e6974cb338056df65cb50e7d64d1cf314e87504837?s=96&d=mm&r=g\",\"caption\":\"Arnaldo Botto\"},\"url\":\"https:\/\/www.noticiasradioreflejos.com.ar\/2021\/author\/arnaldo\/\"}]}<\/script>\n<!-- \/ Yoast SEO plugin. -->","yoast_head_json":{"title":"\"Liniers de Bah\u00eda Blanca brilla en la LiCeBo 2025: Josefina Candal y Mateo Lautaro Botto Beli participaron del tercer weekend\" - Noticias Radio Reflejos","robots":{"index":"index","follow":"follow","max-snippet":"max-snippet:-1","max-image-preview":"max-image-preview:large","max-video-preview":"max-video-preview:-1"},"canonical":"https:\/\/www.noticiasradioreflejos.com.ar\/2021\/liniers-de-bahia-blanca-brilla-en-la-licebo-2025-josefina-candal-y-mateo-lautaro-botto-beli-participaron-del-tercer-weekend\/","og_locale":"es_ES","og_type":"article","og_title":"\"Liniers de Bah\u00eda Blanca brilla en la LiCeBo 2025: Josefina Candal y Mateo Lautaro Botto Beli participaron del tercer weekend\" - Noticias Radio Reflejos","og_description":"Josefina Candal y Mateo Lautaro Boto Beli, dos talentosos juveniles del Club Liniers de Bah\u00eda Blanca, han tenido una destacada participaci\u00f3n en las primeras divisiones del equipo que compiti\u00f3 en el tercer weekend de la LiCeBo 2025.","og_url":"https:\/\/www.noticiasradioreflejos.com.ar\/2021\/liniers-de-bahia-blanca-brilla-en-la-licebo-2025-josefina-candal-y-mateo-lautaro-botto-beli-participaron-del-tercer-weekend\/","og_site_name":"Noticias Radio Reflejos","article_published_time":"2025-08-12T11:45:34+00:00","og_image":[{"width":1724,"height":1113,"url":"https:\/\/www.noticiasradioreflejos.com.ar\/2021\/wp-content\/uploads\/2025\/08\/image.jpg","type":"image\/jpeg"}],"author":"Arnaldo Botto","twitter_card":"summary_large_image","schema":{"@context":"https:\/\/schema.org","@graph":[{"@type":"WebPage","@id":"https:\/\/www.noticiasradioreflejos.com.ar\/2021\/liniers-de-bahia-blanca-brilla-en-la-licebo-2025-josefina-candal-y-mateo-lautaro-botto-beli-participaron-del-tercer-weekend\/","url":"https:\/\/www.noticiasradioreflejos.com.ar\/2021\/liniers-de-bahia-blanca-brilla-en-la-licebo-2025-josefina-candal-y-mateo-lautaro-botto-beli-participaron-del-tercer-weekend\/","name":"\"Liniers de Bah\u00eda Blanca brilla en la LiCeBo 2025: Josefina Candal y Mateo Lautaro Botto Beli participaron del tercer weekend\" - Noticias Radio Reflejos","isPartOf":{"@id":"https:\/\/www.noticiasradioreflejos.com.ar\/2021\/#website"},"primaryImageOfPage":{"@id":"https:\/\/www.noticiasradioreflejos.com.ar\/2021\/liniers-de-bahia-blanca-brilla-en-la-licebo-2025-josefina-candal-y-mateo-lautaro-botto-beli-participaron-del-tercer-weekend\/#primaryimage"},"image":{"@id":"https:\/\/www.noticiasradioreflejos.com.ar\/2021\/liniers-de-bahia-blanca-brilla-en-la-licebo-2025-josefina-candal-y-mateo-lautaro-botto-beli-participaron-del-tercer-weekend\/#primaryimage"},"thumbnailUrl":"https:\/\/www.noticiasradioreflejos.com.ar\/2021\/wp-content\/uploads\/2025\/08\/image.jpg","datePublished":"2025-08-12T11:45:34+00:00","author":{"@id":"https:\/\/www.noticiasradioreflejos.com.ar\/2021\/#\/schema\/person\/ad82545263dcc5ec0996818884fd5fb1"},"breadcrumb":{"@id":"https:\/\/www.noticiasradioreflejos.com.ar\/2021\/liniers-de-bahia-blanca-brilla-en-la-licebo-2025-josefina-candal-y-mateo-lautaro-botto-beli-participaron-del-tercer-weekend\/#breadcrumb"},"inLanguage":"es","potentialAction":[{"@type":"ReadAction","target":["https:\/\/www.noticiasradioreflejos.com.ar\/2021\/liniers-de-bahia-blanca-brilla-en-la-licebo-2025-josefina-candal-y-mateo-lautaro-botto-beli-participaron-del-tercer-weekend\/"]}]},{"@type":"ImageObject","inLanguage":"es","@id":"https:\/\/www.noticiasradioreflejos.com.ar\/2021\/liniers-de-bahia-blanca-brilla-en-la-licebo-2025-josefina-candal-y-mateo-lautaro-botto-beli-participaron-del-tercer-weekend\/#primaryimage","url":"https:\/\/www.noticiasradioreflejos.com.ar\/2021\/wp-content\/uploads\/2025\/08\/image.jpg","contentUrl":"https:\/\/www.noticiasradioreflejos.com.ar\/2021\/wp-content\/uploads\/2025\/08\/image.jpg","width":1724,"height":1113},{"@type":"BreadcrumbList","@id":"https:\/\/www.noticiasradioreflejos.com.ar\/2021\/liniers-de-bahia-blanca-brilla-en-la-licebo-2025-josefina-candal-y-mateo-lautaro-botto-beli-participaron-del-tercer-weekend\/#breadcrumb","itemListElement":[{"@type":"ListItem","position":1,"name":"Portada","item":"https:\/\/www.noticiasradioreflejos.com.ar\/2021\/"},{"@type":"ListItem","position":2,"name":"\u00abLiniers de Bah\u00eda Blanca brilla en la LiCeBo 2025: Josefina Candal y Mateo Lautaro Botto Beli participaron del tercer weekend\u00bb"}]},{"@type":"WebSite","@id":"https:\/\/www.noticiasradioreflejos.com.ar\/2021\/#website","url":"https:\/\/www.noticiasradioreflejos.com.ar\/2021\/","name":"Noticias Radio Reflejos","description":"Las noticias de mi comarca","potentialAction":[{"@type":"SearchAction","target":{"@type":"EntryPoint","urlTemplate":"https:\/\/www.noticiasradioreflejos.com.ar\/2021\/?s={search_term_string}"},"query-input":{"@type":"PropertyValueSpecification","valueRequired":true,"valueName":"search_term_string"}}],"inLanguage":"es"},{"@type":"Person","@id":"https:\/\/www.noticiasradioreflejos.com.ar\/2021\/#\/schema\/person\/ad82545263dcc5ec0996818884fd5fb1","name":"Arnaldo Botto","image":{"@type":"ImageObject","inLanguage":"es","@id":"https:\/\/www.noticiasradioreflejos.com.ar\/2021\/#\/schema\/person\/image\/","url":"https:\/\/secure.gravatar.com\/avatar\/55cb5e37c1efa326397366e6974cb338056df65cb50e7d64d1cf314e87504837?s=96&d=mm&r=g","contentUrl":"https:\/\/secure.gravatar.com\/avatar\/55cb5e37c1efa326397366e6974cb338056df65cb50e7d64d1cf314e87504837?s=96&d=mm&r=g","caption":"Arnaldo Botto"},"url":"https:\/\/www.noticiasradioreflejos.com.ar\/2021\/author\/arnaldo\/"}]}},"_links":{"self":[{"href":"https:\/\/www.noticiasradioreflejos.com.ar\/2021\/wp-json\/wp\/v2\/posts\/123248","targetHints":{"allow":["GET"]}}],"collection":[{"href":"https:\/\/www.noticiasradioreflejos.com.ar\/2021\/wp-json\/wp\/v2\/posts"}],"about":[{"href":"https:\/\/www.noticiasradioreflejos.com.ar\/2021\/wp-json\/wp\/v2\/types\/post"}],"author":[{"embeddable":true,"href":"https:\/\/www.noticiasradioreflejos.com.ar\/2021\/wp-json\/wp\/v2\/users\/3"}],"replies":[{"embeddable":true,"href":"https:\/\/www.noticiasradioreflejos.com.ar\/2021\/wp-json\/wp\/v2\/comments?post=123248"}],"version-history":[{"count":5,"href":"https:\/\/www.noticiasradioreflejos.com.ar\/2021\/wp-json\/wp\/v2\/posts\/123248\/revisions"}],"predecessor-version":[{"id":123254,"href":"https:\/\/www.noticiasradioreflejos.com.ar\/2021\/wp-json\/wp\/v2\/posts\/123248\/revisions\/123254"}],"wp:featuredmedia":[{"embeddable":true,"href":"https:\/\/www.noticiasradioreflejos.com.ar\/2021\/wp-json\/wp\/v2\/media\/123249"}],"wp:attachment":[{"href":"https:\/\/www.noticiasradioreflejos.com.ar\/2021\/wp-json\/wp\/v2\/media?parent=123248"}],"wp:term":[{"taxonomy":"category","embeddable":true,"href":"https:\/\/www.noticiasradioreflejos.com.ar\/2021\/wp-json\/wp\/v2\/categories?post=123248"},{"taxonomy":"post_tag","embeddable":true,"href":"https:\/\/www.noticiasradioreflejos.com.ar\/2021\/wp-json\/wp\/v2\/tags?post=123248"}],"curies":[{"name":"wp","href":"https:\/\/api.w.org\/{rel}","templated":true}]}}