{"id":12323,"date":"2017-07-16T19:20:42","date_gmt":"2017-07-16T22:20:42","guid":{"rendered":"http:\/\/www.noticiasradioreflejos.com.ar\/noticias\/?p=12323"},"modified":"2017-07-16T19:20:42","modified_gmt":"2017-07-16T22:20:42","slug":"actividades-en-la-biblioteca-de-villa-ventana-3","status":"publish","type":"post","link":"https:\/\/www.noticiasradioreflejos.com.ar\/2021\/actividades-en-la-biblioteca-de-villa-ventana-3\/","title":{"rendered":"Actividades en la biblioteca de Villa Ventana."},"content":{"rendered":"<p>Toda la grilla de estas vacaciones invernales en la \u00abBiblioteca Popular Macedonio Fern\u00e1ndez.\u00bb<br \/>\n<!--more--><br \/>\nLUNES 17 \/ 17 hs. El show del Mago Elio. Para toda la familia. *entrada $100 \u2013 Socios $50<br \/>\nMARTES 18 \/17 hs. \u201cDesde Plat\u00f3n hasta S\u00f3crates\u201d, recreando la filosof\u00eda para ni\u00f1os, ni\u00f1as y adolescentes. Coordina: Julieta Cavali *entrada a la gorra<br \/>\nMI\u00c9RCOLES 19<br \/>\n-18 hs. \u201cPuntos por aqu\u00ed, puntos por ac\u00e1 \u2026\u201d Espacio de lectura de cuentos y actividad pl\u00e1stica para ni\u00f1as y ni\u00f1os a partir de 5 a\u00f1os. Coord. M. Amalia Bernat.<br \/>\n*entrada: colaboraci\u00f3n voluntaria a beneficio de la Biblioteca<br \/>\n-20 hs. Clase de Zumba, para adolescentes y adultos. Coord. Jesy<br \/>\nJUEVES 20 \/ 18 hs. Cine para toda la familia *gratis<br \/>\nVIERNES 21 \/ 18 hs. KOSTURERAS. M\u00fasica y poes\u00eda para ni\u00f1os y ni\u00f1as. Recital en vivo. Chocolateada y espacio de recreaci\u00f3n Septenio. *entrada a la gorra\u00bb.<br \/>\nS\u00c1BADO 22<br \/>\n10.30 a 13 hs y 14.30 a 17.30 hs. TAI CHI. Seminario para principiantes. Relajaci\u00f3n, coordinaci\u00f3n, propiocepci\u00f3n, trabajo vestibular, conexi\u00f3n cerebral. Coord. N\u00e9stor Asin. *arancel $500<br \/>\n20 hs. TEATRO. \u201cDe tiempo somos\u201d, obra de creaci\u00f3n colectiva de la Compa\u00f1\u00eda teatral La Candelaria *entrada $120 \/Socios $100<br \/>\nDOMINGO 23<br \/>\n16 hs. TALLER DE DIBUJO. Coordinado por Bel\u00e9n Martelli. Inauguraci\u00f3n de muestra pl\u00e1stica de la artista en la Biblioteca. *entrada $50 \/ Socios: $30<br \/>\n19 hs. TEATRO DE T\u00cdTERES \u201cDe Barro y fuego\u201d. Una historia hace 3000 a\u00f1os. Esta obra de teatro de t\u00edteres, para ni\u00f1as y ni\u00f1os, es el producto de un trabajo articulado entre cient\u00edficos, docentes y artistas para comunicar y generar una experiencia est\u00e9tica y de reflexi\u00f3n sobre la historia ind\u00edgena prehisp\u00e1nica en el actual territorio de la provincia de Buenos Aires. Gui\u00f3n: Ver\u00f3nica Gu\u00e9rin y Alejandra Pupio. *entrada $70 \/ Socios $40<br \/>\nLUNES 24<br \/>\n-16. hs. CUENTO LO QUE SUENA. Taller para crear cuentos con instrumentos musicales<br \/>\n-18 hs. \u201cLa Luna Compa\u00f1\u00eda de Cuentos\u201d. Espect\u00e1culo de narraci\u00f3n y m\u00fasica *entrada a la gorra<br \/>\nMARTES 25: En el marco del \u00b470 Aniversario de Villa Ventana<br \/>\n-15 a 19 hs. Visita guiada por la Biblioteca<br \/>\n-21 hs. \u201cMacedonia invierno\u201d: noche m\u00e1gica con caminos de arte, m\u00fasica, poes\u00eda y lecturas &#8211; Hebrias en Ebras, Kostureras +Thesas-tres, Alfredo Holzmann, Los Hex\u00e1gonos- Cantina Macedonia. *gratis<br \/>\nMI\u00c9RCOLES 26<br \/>\n-17 hs. TALLER DE PAN, un cl\u00e1sico de la biblio. Para ni\u00f1os y ni\u00f1as. Coord. Irene Antognolli * entrada $50 \/Socios $30<br \/>\n-20 hs. Clase de Zumba, para adolescentes y adultos. Coord. Jesy<br \/>\nJUEVES 27<br \/>\n-16 hs. \u201cUN LIBRO SORPRENDENTE\u201d Cuentos de papel. Talle de Pop Up para ni\u00f1os y ni\u00f1as con grandes. Coordina Leandro Coccia. *50 Y 30<br \/>\n-18 hs. PRESENTACI\u00d3N DEL LIBRO \u201cSiniestro\u201d de Patricio Chaija<br \/>\nVIERNES 28 \/ 17 hs. TALLER DE FIELTRO. Experimentaci\u00f3n con fieltro para toda la familia. Coordina Mar\u00eda Fernanda P\u00e9rez. *entrada $50 Socios $30.-<br \/>\nS\u00c1BADO 29 \/17 hs. SEPTENIO. Un espacio para ni\u00f1os y ni\u00f1as de la villa. Juegos y creatividad. Coordina: Carmen Costilla<br \/>\nHORARIO ATENCI\u00d3N BIBLIOTECA:<br \/>\n&gt;LUNES Y MI\u00c9RCOLES 9 a 13 hs.<br \/>\n&gt;MARTES, VIERNES Y S\u00c1BADO 15 a 19 hs<br \/>\n&gt;Pr\u00e9stamo especial a turistas<br \/>\nM\u00e1s informaci\u00f3n en f Macedonio Fern\u00e1ndez<\/p>\n","protected":false},"excerpt":{"rendered":"<p>Toda la grilla de estas vacaciones invernales en la \u00abBiblioteca Popular Macedonio Fern\u00e1ndez.\u00bb<\/p>\n","protected":false},"author":3,"featured_media":0,"comment_status":"closed","ping_status":"open","sticky":false,"template":"","format":"standard","meta":{"footnotes":""},"categories":[35],"tags":[],"class_list":["post-12323","post","type-post","status-publish","format-standard","hentry","category-cultura"],"yoast_head":"<!-- This site is optimized with the Yoast SEO plugin v25.9 - https:\/\/yoast.com\/wordpress\/plugins\/seo\/ -->\n<title>Actividades en la biblioteca de Villa Ventana. - Noticias Radio Reflejos<\/title>\n<meta name=\"robots\" content=\"index, follow, max-snippet:-1, max-image-preview:large, max-video-preview:-1\" \/>\n<link rel=\"canonical\" href=\"https:\/\/www.noticiasradioreflejos.com.ar\/2021\/actividades-en-la-biblioteca-de-villa-ventana-3\/\" \/>\n<meta property=\"og:locale\" content=\"es_ES\" \/>\n<meta property=\"og:type\" content=\"article\" \/>\n<meta property=\"og:title\" content=\"Actividades en la biblioteca de Villa Ventana. - Noticias Radio Reflejos\" \/>\n<meta property=\"og:description\" content=\"Toda la grilla de estas vacaciones invernales en la \u00abBiblioteca Popular Macedonio Fern\u00e1ndez.\u00bb\" \/>\n<meta property=\"og:url\" content=\"https:\/\/www.noticiasradioreflejos.com.ar\/2021\/actividades-en-la-biblioteca-de-villa-ventana-3\/\" \/>\n<meta property=\"og:site_name\" content=\"Noticias Radio Reflejos\" \/>\n<meta property=\"article:published_time\" content=\"2017-07-16T22:20:42+00:00\" \/>\n<meta property=\"og:image\" content=\"https:\/\/www.noticiasradioreflejos.com.ar\/2021\/wp-content\/uploads\/2021\/07\/logosol300x200.png\" \/>\n\t<meta property=\"og:image:width\" content=\"300\" \/>\n\t<meta property=\"og:image:height\" content=\"200\" \/>\n\t<meta property=\"og:image:type\" content=\"image\/png\" \/>\n<meta name=\"author\" content=\"Arnaldo Botto\" \/>\n<meta name=\"twitter:card\" content=\"summary_large_image\" \/>\n<script type=\"application\/ld+json\" class=\"yoast-schema-graph\">{\"@context\":\"https:\/\/schema.org\",\"@graph\":[{\"@type\":\"WebPage\",\"@id\":\"https:\/\/www.noticiasradioreflejos.com.ar\/2021\/actividades-en-la-biblioteca-de-villa-ventana-3\/\",\"url\":\"https:\/\/www.noticiasradioreflejos.com.ar\/2021\/actividades-en-la-biblioteca-de-villa-ventana-3\/\",\"name\":\"Actividades en la biblioteca de Villa Ventana. - Noticias Radio Reflejos\",\"isPartOf\":{\"@id\":\"https:\/\/www.noticiasradioreflejos.com.ar\/2021\/#website\"},\"datePublished\":\"2017-07-16T22:20:42+00:00\",\"author\":{\"@id\":\"https:\/\/www.noticiasradioreflejos.com.ar\/2021\/#\/schema\/person\/ad82545263dcc5ec0996818884fd5fb1\"},\"breadcrumb\":{\"@id\":\"https:\/\/www.noticiasradioreflejos.com.ar\/2021\/actividades-en-la-biblioteca-de-villa-ventana-3\/#breadcrumb\"},\"inLanguage\":\"es\",\"potentialAction\":[{\"@type\":\"ReadAction\",\"target\":[\"https:\/\/www.noticiasradioreflejos.com.ar\/2021\/actividades-en-la-biblioteca-de-villa-ventana-3\/\"]}]},{\"@type\":\"BreadcrumbList\",\"@id\":\"https:\/\/www.noticiasradioreflejos.com.ar\/2021\/actividades-en-la-biblioteca-de-villa-ventana-3\/#breadcrumb\",\"itemListElement\":[{\"@type\":\"ListItem\",\"position\":1,\"name\":\"Portada\",\"item\":\"https:\/\/www.noticiasradioreflejos.com.ar\/2021\/\"},{\"@type\":\"ListItem\",\"position\":2,\"name\":\"Actividades en la biblioteca de Villa Ventana.\"}]},{\"@type\":\"WebSite\",\"@id\":\"https:\/\/www.noticiasradioreflejos.com.ar\/2021\/#website\",\"url\":\"https:\/\/www.noticiasradioreflejos.com.ar\/2021\/\",\"name\":\"Noticias Radio Reflejos\",\"description\":\"Las noticias de mi comarca\",\"potentialAction\":[{\"@type\":\"SearchAction\",\"target\":{\"@type\":\"EntryPoint\",\"urlTemplate\":\"https:\/\/www.noticiasradioreflejos.com.ar\/2021\/?s={search_term_string}\"},\"query-input\":{\"@type\":\"PropertyValueSpecification\",\"valueRequired\":true,\"valueName\":\"search_term_string\"}}],\"inLanguage\":\"es\"},{\"@type\":\"Person\",\"@id\":\"https:\/\/www.noticiasradioreflejos.com.ar\/2021\/#\/schema\/person\/ad82545263dcc5ec0996818884fd5fb1\",\"name\":\"Arnaldo Botto\",\"image\":{\"@type\":\"ImageObject\",\"inLanguage\":\"es\",\"@id\":\"https:\/\/www.noticiasradioreflejos.com.ar\/2021\/#\/schema\/person\/image\/\",\"url\":\"https:\/\/secure.gravatar.com\/avatar\/55cb5e37c1efa326397366e6974cb338056df65cb50e7d64d1cf314e87504837?s=96&d=mm&r=g\",\"contentUrl\":\"https:\/\/secure.gravatar.com\/avatar\/55cb5e37c1efa326397366e6974cb338056df65cb50e7d64d1cf314e87504837?s=96&d=mm&r=g\",\"caption\":\"Arnaldo Botto\"},\"url\":\"https:\/\/www.noticiasradioreflejos.com.ar\/2021\/author\/arnaldo\/\"}]}<\/script>\n<!-- \/ Yoast SEO plugin. -->","yoast_head_json":{"title":"Actividades en la biblioteca de Villa Ventana. - Noticias Radio Reflejos","robots":{"index":"index","follow":"follow","max-snippet":"max-snippet:-1","max-image-preview":"max-image-preview:large","max-video-preview":"max-video-preview:-1"},"canonical":"https:\/\/www.noticiasradioreflejos.com.ar\/2021\/actividades-en-la-biblioteca-de-villa-ventana-3\/","og_locale":"es_ES","og_type":"article","og_title":"Actividades en la biblioteca de Villa Ventana. - Noticias Radio Reflejos","og_description":"Toda la grilla de estas vacaciones invernales en la \u00abBiblioteca Popular Macedonio Fern\u00e1ndez.\u00bb","og_url":"https:\/\/www.noticiasradioreflejos.com.ar\/2021\/actividades-en-la-biblioteca-de-villa-ventana-3\/","og_site_name":"Noticias Radio Reflejos","article_published_time":"2017-07-16T22:20:42+00:00","og_image":[{"width":300,"height":200,"url":"https:\/\/www.noticiasradioreflejos.com.ar\/2021\/wp-content\/uploads\/2021\/07\/logosol300x200.png","type":"image\/png"}],"author":"Arnaldo Botto","twitter_card":"summary_large_image","schema":{"@context":"https:\/\/schema.org","@graph":[{"@type":"WebPage","@id":"https:\/\/www.noticiasradioreflejos.com.ar\/2021\/actividades-en-la-biblioteca-de-villa-ventana-3\/","url":"https:\/\/www.noticiasradioreflejos.com.ar\/2021\/actividades-en-la-biblioteca-de-villa-ventana-3\/","name":"Actividades en la biblioteca de Villa Ventana. - Noticias Radio Reflejos","isPartOf":{"@id":"https:\/\/www.noticiasradioreflejos.com.ar\/2021\/#website"},"datePublished":"2017-07-16T22:20:42+00:00","author":{"@id":"https:\/\/www.noticiasradioreflejos.com.ar\/2021\/#\/schema\/person\/ad82545263dcc5ec0996818884fd5fb1"},"breadcrumb":{"@id":"https:\/\/www.noticiasradioreflejos.com.ar\/2021\/actividades-en-la-biblioteca-de-villa-ventana-3\/#breadcrumb"},"inLanguage":"es","potentialAction":[{"@type":"ReadAction","target":["https:\/\/www.noticiasradioreflejos.com.ar\/2021\/actividades-en-la-biblioteca-de-villa-ventana-3\/"]}]},{"@type":"BreadcrumbList","@id":"https:\/\/www.noticiasradioreflejos.com.ar\/2021\/actividades-en-la-biblioteca-de-villa-ventana-3\/#breadcrumb","itemListElement":[{"@type":"ListItem","position":1,"name":"Portada","item":"https:\/\/www.noticiasradioreflejos.com.ar\/2021\/"},{"@type":"ListItem","position":2,"name":"Actividades en la biblioteca de Villa Ventana."}]},{"@type":"WebSite","@id":"https:\/\/www.noticiasradioreflejos.com.ar\/2021\/#website","url":"https:\/\/www.noticiasradioreflejos.com.ar\/2021\/","name":"Noticias Radio Reflejos","description":"Las noticias de mi comarca","potentialAction":[{"@type":"SearchAction","target":{"@type":"EntryPoint","urlTemplate":"https:\/\/www.noticiasradioreflejos.com.ar\/2021\/?s={search_term_string}"},"query-input":{"@type":"PropertyValueSpecification","valueRequired":true,"valueName":"search_term_string"}}],"inLanguage":"es"},{"@type":"Person","@id":"https:\/\/www.noticiasradioreflejos.com.ar\/2021\/#\/schema\/person\/ad82545263dcc5ec0996818884fd5fb1","name":"Arnaldo Botto","image":{"@type":"ImageObject","inLanguage":"es","@id":"https:\/\/www.noticiasradioreflejos.com.ar\/2021\/#\/schema\/person\/image\/","url":"https:\/\/secure.gravatar.com\/avatar\/55cb5e37c1efa326397366e6974cb338056df65cb50e7d64d1cf314e87504837?s=96&d=mm&r=g","contentUrl":"https:\/\/secure.gravatar.com\/avatar\/55cb5e37c1efa326397366e6974cb338056df65cb50e7d64d1cf314e87504837?s=96&d=mm&r=g","caption":"Arnaldo Botto"},"url":"https:\/\/www.noticiasradioreflejos.com.ar\/2021\/author\/arnaldo\/"}]}},"_links":{"self":[{"href":"https:\/\/www.noticiasradioreflejos.com.ar\/2021\/wp-json\/wp\/v2\/posts\/12323","targetHints":{"allow":["GET"]}}],"collection":[{"href":"https:\/\/www.noticiasradioreflejos.com.ar\/2021\/wp-json\/wp\/v2\/posts"}],"about":[{"href":"https:\/\/www.noticiasradioreflejos.com.ar\/2021\/wp-json\/wp\/v2\/types\/post"}],"author":[{"embeddable":true,"href":"https:\/\/www.noticiasradioreflejos.com.ar\/2021\/wp-json\/wp\/v2\/users\/3"}],"replies":[{"embeddable":true,"href":"https:\/\/www.noticiasradioreflejos.com.ar\/2021\/wp-json\/wp\/v2\/comments?post=12323"}],"version-history":[{"count":0,"href":"https:\/\/www.noticiasradioreflejos.com.ar\/2021\/wp-json\/wp\/v2\/posts\/12323\/revisions"}],"wp:attachment":[{"href":"https:\/\/www.noticiasradioreflejos.com.ar\/2021\/wp-json\/wp\/v2\/media?parent=12323"}],"wp:term":[{"taxonomy":"category","embeddable":true,"href":"https:\/\/www.noticiasradioreflejos.com.ar\/2021\/wp-json\/wp\/v2\/categories?post=12323"},{"taxonomy":"post_tag","embeddable":true,"href":"https:\/\/www.noticiasradioreflejos.com.ar\/2021\/wp-json\/wp\/v2\/tags?post=12323"}],"curies":[{"name":"wp","href":"https:\/\/api.w.org\/{rel}","templated":true}]}}