{"id":12315,"date":"2017-07-16T19:09:24","date_gmt":"2017-07-16T22:09:24","guid":{"rendered":"http:\/\/www.noticiasradioreflejos.com.ar\/noticias\/?p=12315"},"modified":"2017-07-16T19:09:24","modified_gmt":"2017-07-16T22:09:24","slug":"miles-de-turistas-atraidos-por-la-nieve","status":"publish","type":"post","link":"https:\/\/www.noticiasradioreflejos.com.ar\/2021\/miles-de-turistas-atraidos-por-la-nieve\/","title":{"rendered":"Miles de turistas atra\u00eddos por la nieve en la Comarca de Sierra de la Ventana."},"content":{"rendered":"<p><a title=\"11570044\" href=\"http:\/\/farm5.staticflickr.com\/4324\/35835583321_31b88cf83b.jpg\" rel=\"\"><img loading=\"lazy\" decoding=\"async\" class=\"alignleft\" style=\"float: left;\" title=\"11570044\" src=\"http:\/\/farm5.staticflickr.com\/4324\/35835583321_31b88cf83b.jpg\" alt=\"11570044\" width=\"500\" height=\"281\" \/><\/a>La nieve lleg\u00f3 a la Comarca de Sierra de la Ventana, y con ella, decenas de miles de turistas que viajaron desde muchos kil\u00f3metros para vivir el momento.<br \/>\nEn horas de la noche de este s\u00e1bado 15 de julio, comenz\u00f3 a nevar en gran parte de la regi\u00f3n, pero el punto m\u00e1s atractivo sin dudas, es el cord\u00f3n de las serran\u00edas de Ventania.<br \/>\nSi a esto le agregamos la difusi\u00f3n de los medios nacionales, que en algunos casos se apostaron desde el viernes a la espera del fen\u00f3meno climatol\u00f3gico, el resultado no puede sorprender.<!--more--><br \/>\nM\u00e1s de 25 km. de autos en una fila que por momentos transit\u00f3 a no m\u00e1s de 5 km\/h, ponen el resultado de una estad\u00edstica que marca un nuevo r\u00e9cord. En horas de la ma\u00f1ana para llegar desde Sierra de la Ventana a Villa Ventana (10 km) se tardaba m\u00e1s de 1 hora y media.<br \/>\nEn la recorrida, km a km que se transitaba, las familias se ubicaban en los m\u00e1rgenes de la ruta 76 para disfrutar de la postal y de la fr\u00eda materia, tan esperada.<br \/>\n<a title=\"11570008\" href=\"http:\/\/farm5.staticflickr.com\/4322\/35579281340_fb9ff999ff.jpg\" rel=\"\"><img loading=\"lazy\" decoding=\"async\" class=\"aligncenter\" title=\"11570008\" src=\"http:\/\/farm5.staticflickr.com\/4322\/35579281340_fb9ff999ff.jpg\" alt=\"11570008\" width=\"649\" height=\"365\" \/><\/a><br \/>\nLas esculturas con la nieve viajaban en techos, cajas de camionetas, capots y por centenares quedaron como mudos testigos del aluvi\u00f3n tur\u00edstico de este domingo.<br \/>\nCon alegr\u00eda todos disfrutaron, muchos mojados totalmente por las guerras de bolas de nieve que volaban de uno a otro y con una temperatura que no super\u00f3 el grado sobre cero durante toda la jornada.<br \/>\nEn horas de la tarde la situaci\u00f3n fue peor, porque desde puntos distantes de la provincia, los turistas segu\u00edan llegando con las \u00faltimas horas del d\u00eda, y la cola de veh\u00edculos se acrecentaba.<br \/>\n<a title=\"11570026\" href=\"http:\/\/farm5.staticflickr.com\/4307\/35579278030_6e7b09662c.jpg\" rel=\"\"><img loading=\"lazy\" decoding=\"async\" class=\"aligncenter\" title=\"11570026\" src=\"http:\/\/farm5.staticflickr.com\/4307\/35579278030_6e7b09662c.jpg\" alt=\"11570026\" width=\"651\" height=\"366\" \/><\/a><br \/>\nVarios dispositivos con bomberos, polic\u00edas e inspectores municipales, ordenaban el tr\u00e1nsito en el acceso a Villa Ventana. En varios puntos del sector del Abra de la Ventana, tambi\u00e9n los agentes observaban en forma continua el movimiento de los visitantes para evitar accidentes. No obstante, el tremendo caudal de veh\u00edculos hizo colapsar la circulaci\u00f3n por las calles de Villa Ventana y tambi\u00e9n en Sierra de la Ventana.<br \/>\n<a title=\"11570016\" href=\"http:\/\/farm5.staticflickr.com\/4293\/35579279860_e354f8fe99_z.jpg\" rel=\"\"><img loading=\"lazy\" decoding=\"async\" class=\"aligncenter\" title=\"11570016\" src=\"http:\/\/farm5.staticflickr.com\/4293\/35579279860_e354f8fe99_z.jpg\" alt=\"11570016\" width=\"640\" height=\"360\" \/><\/a><br \/>\nLargas esperas para acceder a los servicios gastron\u00f3micos, ventas abundantes en regionales y todos los negocios abarrotados de gente, fueron el resultado de este espectacular fin de semana con la postal nevada de nuestras sierras.<br \/>\nUn comienzo de temporada invernal que tendr\u00e1 muchos an\u00e1lisis para todos los intervientes, tanto autoridades como prestadores tur\u00edsticos, ya que la afluencia de gente super\u00f3 todas las expectativas.<br \/>\n<a title=\"11570037\" href=\"http:\/\/farm5.staticflickr.com\/4291\/35579276370_6757be272b_z.jpg\" rel=\"\"><img loading=\"lazy\" decoding=\"async\" class=\"aligncenter\" title=\"11570037\" src=\"http:\/\/farm5.staticflickr.com\/4291\/35579276370_6757be272b_z.jpg\" alt=\"11570037\" width=\"640\" height=\"360\" \/><\/a><br \/>\n<a href=\"https:\/\/www.facebook.com\/reflejosfm\/media_set?set=a.10213624223348681.1073742046.1496587978&amp;type=3&amp;uploaded=63\"><strong>FOTOS:<\/strong><\/a><\/p>\n","protected":false},"excerpt":{"rendered":"<p>La nieve lleg\u00f3 a la Comarca de Sierra de la Ventana, y con ella, decenas de miles de turistas que viajaron desde muchos kil\u00f3metros para vivir el momento. En horas de la noche de este s\u00e1bado 15 de julio, comenz\u00f3 a nevar en gran parte de la regi\u00f3n, pero el punto m\u00e1s atractivo sin dudas, [&hellip;]<\/p>\n","protected":false},"author":3,"featured_media":0,"comment_status":"closed","ping_status":"open","sticky":false,"template":"","format":"standard","meta":{"footnotes":""},"categories":[33],"tags":[],"class_list":["post-12315","post","type-post","status-publish","format-standard","hentry","category-turismo"],"yoast_head":"<!-- This site is optimized with the Yoast SEO plugin v25.9 - https:\/\/yoast.com\/wordpress\/plugins\/seo\/ -->\n<title>Miles de turistas atra\u00eddos por la nieve en la Comarca de Sierra de la Ventana. - Noticias Radio Reflejos<\/title>\n<meta name=\"robots\" content=\"index, follow, max-snippet:-1, max-image-preview:large, max-video-preview:-1\" \/>\n<link rel=\"canonical\" href=\"https:\/\/www.noticiasradioreflejos.com.ar\/2021\/miles-de-turistas-atraidos-por-la-nieve\/\" \/>\n<meta property=\"og:locale\" content=\"es_ES\" \/>\n<meta property=\"og:type\" content=\"article\" \/>\n<meta property=\"og:title\" content=\"Miles de turistas atra\u00eddos por la nieve en la Comarca de Sierra de la Ventana. - Noticias Radio Reflejos\" \/>\n<meta property=\"og:description\" content=\"La nieve lleg\u00f3 a la Comarca de Sierra de la Ventana, y con ella, decenas de miles de turistas que viajaron desde muchos kil\u00f3metros para vivir el momento. En horas de la noche de este s\u00e1bado 15 de julio, comenz\u00f3 a nevar en gran parte de la regi\u00f3n, pero el punto m\u00e1s atractivo sin dudas, [&hellip;]\" \/>\n<meta property=\"og:url\" content=\"https:\/\/www.noticiasradioreflejos.com.ar\/2021\/miles-de-turistas-atraidos-por-la-nieve\/\" \/>\n<meta property=\"og:site_name\" content=\"Noticias Radio Reflejos\" \/>\n<meta property=\"article:published_time\" content=\"2017-07-16T22:09:24+00:00\" \/>\n<meta property=\"og:image\" content=\"http:\/\/farm5.staticflickr.com\/4324\/35835583321_31b88cf83b.jpg\" \/>\n<meta name=\"author\" content=\"Arnaldo Botto\" \/>\n<meta name=\"twitter:card\" content=\"summary_large_image\" \/>\n<script type=\"application\/ld+json\" class=\"yoast-schema-graph\">{\"@context\":\"https:\/\/schema.org\",\"@graph\":[{\"@type\":\"WebPage\",\"@id\":\"https:\/\/www.noticiasradioreflejos.com.ar\/2021\/miles-de-turistas-atraidos-por-la-nieve\/\",\"url\":\"https:\/\/www.noticiasradioreflejos.com.ar\/2021\/miles-de-turistas-atraidos-por-la-nieve\/\",\"name\":\"Miles de turistas atra\u00eddos por la nieve en la Comarca de Sierra de la Ventana. - Noticias Radio Reflejos\",\"isPartOf\":{\"@id\":\"https:\/\/www.noticiasradioreflejos.com.ar\/2021\/#website\"},\"primaryImageOfPage\":{\"@id\":\"https:\/\/www.noticiasradioreflejos.com.ar\/2021\/miles-de-turistas-atraidos-por-la-nieve\/#primaryimage\"},\"image\":{\"@id\":\"https:\/\/www.noticiasradioreflejos.com.ar\/2021\/miles-de-turistas-atraidos-por-la-nieve\/#primaryimage\"},\"thumbnailUrl\":\"http:\/\/farm5.staticflickr.com\/4324\/35835583321_31b88cf83b.jpg\",\"datePublished\":\"2017-07-16T22:09:24+00:00\",\"author\":{\"@id\":\"https:\/\/www.noticiasradioreflejos.com.ar\/2021\/#\/schema\/person\/ad82545263dcc5ec0996818884fd5fb1\"},\"breadcrumb\":{\"@id\":\"https:\/\/www.noticiasradioreflejos.com.ar\/2021\/miles-de-turistas-atraidos-por-la-nieve\/#breadcrumb\"},\"inLanguage\":\"es\",\"potentialAction\":[{\"@type\":\"ReadAction\",\"target\":[\"https:\/\/www.noticiasradioreflejos.com.ar\/2021\/miles-de-turistas-atraidos-por-la-nieve\/\"]}]},{\"@type\":\"ImageObject\",\"inLanguage\":\"es\",\"@id\":\"https:\/\/www.noticiasradioreflejos.com.ar\/2021\/miles-de-turistas-atraidos-por-la-nieve\/#primaryimage\",\"url\":\"http:\/\/farm5.staticflickr.com\/4324\/35835583321_31b88cf83b.jpg\",\"contentUrl\":\"http:\/\/farm5.staticflickr.com\/4324\/35835583321_31b88cf83b.jpg\"},{\"@type\":\"BreadcrumbList\",\"@id\":\"https:\/\/www.noticiasradioreflejos.com.ar\/2021\/miles-de-turistas-atraidos-por-la-nieve\/#breadcrumb\",\"itemListElement\":[{\"@type\":\"ListItem\",\"position\":1,\"name\":\"Portada\",\"item\":\"https:\/\/www.noticiasradioreflejos.com.ar\/2021\/\"},{\"@type\":\"ListItem\",\"position\":2,\"name\":\"Miles de turistas atra\u00eddos por la nieve en la Comarca de Sierra de la Ventana.\"}]},{\"@type\":\"WebSite\",\"@id\":\"https:\/\/www.noticiasradioreflejos.com.ar\/2021\/#website\",\"url\":\"https:\/\/www.noticiasradioreflejos.com.ar\/2021\/\",\"name\":\"Noticias Radio Reflejos\",\"description\":\"Las noticias de mi comarca\",\"potentialAction\":[{\"@type\":\"SearchAction\",\"target\":{\"@type\":\"EntryPoint\",\"urlTemplate\":\"https:\/\/www.noticiasradioreflejos.com.ar\/2021\/?s={search_term_string}\"},\"query-input\":{\"@type\":\"PropertyValueSpecification\",\"valueRequired\":true,\"valueName\":\"search_term_string\"}}],\"inLanguage\":\"es\"},{\"@type\":\"Person\",\"@id\":\"https:\/\/www.noticiasradioreflejos.com.ar\/2021\/#\/schema\/person\/ad82545263dcc5ec0996818884fd5fb1\",\"name\":\"Arnaldo Botto\",\"image\":{\"@type\":\"ImageObject\",\"inLanguage\":\"es\",\"@id\":\"https:\/\/www.noticiasradioreflejos.com.ar\/2021\/#\/schema\/person\/image\/\",\"url\":\"https:\/\/secure.gravatar.com\/avatar\/55cb5e37c1efa326397366e6974cb338056df65cb50e7d64d1cf314e87504837?s=96&d=mm&r=g\",\"contentUrl\":\"https:\/\/secure.gravatar.com\/avatar\/55cb5e37c1efa326397366e6974cb338056df65cb50e7d64d1cf314e87504837?s=96&d=mm&r=g\",\"caption\":\"Arnaldo Botto\"},\"url\":\"https:\/\/www.noticiasradioreflejos.com.ar\/2021\/author\/arnaldo\/\"}]}<\/script>\n<!-- \/ Yoast SEO plugin. -->","yoast_head_json":{"title":"Miles de turistas atra\u00eddos por la nieve en la Comarca de Sierra de la Ventana. - Noticias Radio Reflejos","robots":{"index":"index","follow":"follow","max-snippet":"max-snippet:-1","max-image-preview":"max-image-preview:large","max-video-preview":"max-video-preview:-1"},"canonical":"https:\/\/www.noticiasradioreflejos.com.ar\/2021\/miles-de-turistas-atraidos-por-la-nieve\/","og_locale":"es_ES","og_type":"article","og_title":"Miles de turistas atra\u00eddos por la nieve en la Comarca de Sierra de la Ventana. - Noticias Radio Reflejos","og_description":"La nieve lleg\u00f3 a la Comarca de Sierra de la Ventana, y con ella, decenas de miles de turistas que viajaron desde muchos kil\u00f3metros para vivir el momento. En horas de la noche de este s\u00e1bado 15 de julio, comenz\u00f3 a nevar en gran parte de la regi\u00f3n, pero el punto m\u00e1s atractivo sin dudas, [&hellip;]","og_url":"https:\/\/www.noticiasradioreflejos.com.ar\/2021\/miles-de-turistas-atraidos-por-la-nieve\/","og_site_name":"Noticias Radio Reflejos","article_published_time":"2017-07-16T22:09:24+00:00","og_image":[{"url":"http:\/\/farm5.staticflickr.com\/4324\/35835583321_31b88cf83b.jpg","type":"","width":"","height":""}],"author":"Arnaldo Botto","twitter_card":"summary_large_image","schema":{"@context":"https:\/\/schema.org","@graph":[{"@type":"WebPage","@id":"https:\/\/www.noticiasradioreflejos.com.ar\/2021\/miles-de-turistas-atraidos-por-la-nieve\/","url":"https:\/\/www.noticiasradioreflejos.com.ar\/2021\/miles-de-turistas-atraidos-por-la-nieve\/","name":"Miles de turistas atra\u00eddos por la nieve en la Comarca de Sierra de la Ventana. - Noticias Radio Reflejos","isPartOf":{"@id":"https:\/\/www.noticiasradioreflejos.com.ar\/2021\/#website"},"primaryImageOfPage":{"@id":"https:\/\/www.noticiasradioreflejos.com.ar\/2021\/miles-de-turistas-atraidos-por-la-nieve\/#primaryimage"},"image":{"@id":"https:\/\/www.noticiasradioreflejos.com.ar\/2021\/miles-de-turistas-atraidos-por-la-nieve\/#primaryimage"},"thumbnailUrl":"http:\/\/farm5.staticflickr.com\/4324\/35835583321_31b88cf83b.jpg","datePublished":"2017-07-16T22:09:24+00:00","author":{"@id":"https:\/\/www.noticiasradioreflejos.com.ar\/2021\/#\/schema\/person\/ad82545263dcc5ec0996818884fd5fb1"},"breadcrumb":{"@id":"https:\/\/www.noticiasradioreflejos.com.ar\/2021\/miles-de-turistas-atraidos-por-la-nieve\/#breadcrumb"},"inLanguage":"es","potentialAction":[{"@type":"ReadAction","target":["https:\/\/www.noticiasradioreflejos.com.ar\/2021\/miles-de-turistas-atraidos-por-la-nieve\/"]}]},{"@type":"ImageObject","inLanguage":"es","@id":"https:\/\/www.noticiasradioreflejos.com.ar\/2021\/miles-de-turistas-atraidos-por-la-nieve\/#primaryimage","url":"http:\/\/farm5.staticflickr.com\/4324\/35835583321_31b88cf83b.jpg","contentUrl":"http:\/\/farm5.staticflickr.com\/4324\/35835583321_31b88cf83b.jpg"},{"@type":"BreadcrumbList","@id":"https:\/\/www.noticiasradioreflejos.com.ar\/2021\/miles-de-turistas-atraidos-por-la-nieve\/#breadcrumb","itemListElement":[{"@type":"ListItem","position":1,"name":"Portada","item":"https:\/\/www.noticiasradioreflejos.com.ar\/2021\/"},{"@type":"ListItem","position":2,"name":"Miles de turistas atra\u00eddos por la nieve en la Comarca de Sierra de la Ventana."}]},{"@type":"WebSite","@id":"https:\/\/www.noticiasradioreflejos.com.ar\/2021\/#website","url":"https:\/\/www.noticiasradioreflejos.com.ar\/2021\/","name":"Noticias Radio Reflejos","description":"Las noticias de mi comarca","potentialAction":[{"@type":"SearchAction","target":{"@type":"EntryPoint","urlTemplate":"https:\/\/www.noticiasradioreflejos.com.ar\/2021\/?s={search_term_string}"},"query-input":{"@type":"PropertyValueSpecification","valueRequired":true,"valueName":"search_term_string"}}],"inLanguage":"es"},{"@type":"Person","@id":"https:\/\/www.noticiasradioreflejos.com.ar\/2021\/#\/schema\/person\/ad82545263dcc5ec0996818884fd5fb1","name":"Arnaldo Botto","image":{"@type":"ImageObject","inLanguage":"es","@id":"https:\/\/www.noticiasradioreflejos.com.ar\/2021\/#\/schema\/person\/image\/","url":"https:\/\/secure.gravatar.com\/avatar\/55cb5e37c1efa326397366e6974cb338056df65cb50e7d64d1cf314e87504837?s=96&d=mm&r=g","contentUrl":"https:\/\/secure.gravatar.com\/avatar\/55cb5e37c1efa326397366e6974cb338056df65cb50e7d64d1cf314e87504837?s=96&d=mm&r=g","caption":"Arnaldo Botto"},"url":"https:\/\/www.noticiasradioreflejos.com.ar\/2021\/author\/arnaldo\/"}]}},"_links":{"self":[{"href":"https:\/\/www.noticiasradioreflejos.com.ar\/2021\/wp-json\/wp\/v2\/posts\/12315","targetHints":{"allow":["GET"]}}],"collection":[{"href":"https:\/\/www.noticiasradioreflejos.com.ar\/2021\/wp-json\/wp\/v2\/posts"}],"about":[{"href":"https:\/\/www.noticiasradioreflejos.com.ar\/2021\/wp-json\/wp\/v2\/types\/post"}],"author":[{"embeddable":true,"href":"https:\/\/www.noticiasradioreflejos.com.ar\/2021\/wp-json\/wp\/v2\/users\/3"}],"replies":[{"embeddable":true,"href":"https:\/\/www.noticiasradioreflejos.com.ar\/2021\/wp-json\/wp\/v2\/comments?post=12315"}],"version-history":[{"count":0,"href":"https:\/\/www.noticiasradioreflejos.com.ar\/2021\/wp-json\/wp\/v2\/posts\/12315\/revisions"}],"wp:attachment":[{"href":"https:\/\/www.noticiasradioreflejos.com.ar\/2021\/wp-json\/wp\/v2\/media?parent=12315"}],"wp:term":[{"taxonomy":"category","embeddable":true,"href":"https:\/\/www.noticiasradioreflejos.com.ar\/2021\/wp-json\/wp\/v2\/categories?post=12315"},{"taxonomy":"post_tag","embeddable":true,"href":"https:\/\/www.noticiasradioreflejos.com.ar\/2021\/wp-json\/wp\/v2\/tags?post=12315"}],"curies":[{"name":"wp","href":"https:\/\/api.w.org\/{rel}","templated":true}]}}