{"id":123088,"date":"2025-08-08T07:19:49","date_gmt":"2025-08-08T10:19:49","guid":{"rendered":"https:\/\/www.noticiasradioreflejos.com.ar\/2021\/?p=123088"},"modified":"2025-08-08T07:19:49","modified_gmt":"2025-08-08T10:19:49","slug":"el-peronismo-mantiene-su-alianza-para-las-elecciones-de-octubre-aunque-persiste-la-duda-sobre-juan-grabois","status":"publish","type":"post","link":"https:\/\/www.noticiasradioreflejos.com.ar\/2021\/el-peronismo-mantiene-su-alianza-para-las-elecciones-de-octubre-aunque-persiste-la-duda-sobre-juan-grabois\/","title":{"rendered":"El peronismo mantiene su alianza para las elecciones de octubre aunque persiste la duda sobre Juan Grabois\u00a0"},"content":{"rendered":"<p>Las tribus peronistas competir\u00e1n bajo el sello Fuerza Patria. Patria Grande es el \u00fanico espacio que podr\u00eda quedar afuera del frente com\u00fan.<!--more--><\/p>\n<div class=\"columns\" data-tadevel-template=\"web\/article-columns\">\n<div class=\"column-main\">\n<div class=\"article-body\" data-tadevel-template=\"web\/article-body\">\n<div class=\"article-body-content\">\n<p>El peronismo mantuvo este jueves la alianza\u00a0<i>Fuerza Patria\u00a0<\/i>que firm\u00f3 el pasado 9 de julio para competir tanto en las elecciones legislativas nacionales como en las provinciales, aunque persist\u00eda la duda sobre una posible ruptura del dirigente de Patria Grande,\u00a0<strong>Juan Grabois<\/strong>.<\/p>\n<p>\u201c<strong>No firm\u00f3, pero todo puede ser<\/strong>\u201d, precisaron fuentes partidarias en di\u00e1logo con la\u00a0<i>Agencia Noticias Argentinas<\/i>, quien desliz\u00f3 que el referente de los movimientos sociales no tiene el aval de la ex presidenta<strong>\u00a0Cristina Kirchner<\/strong>\u00a0para tomar esa actitud.<\/p>\n<p>\u201c<strong>Cristina (Kirchner) le dijo que vayamos todos juntos. Si rompe es cosa de \u00e9l<\/strong>\u201d, sentenci\u00f3 la misma fuente a NA.<\/p>\n<p>En territorio porte\u00f1o, el justicialismo cerr\u00f3 durante la jornada de hoy un frente de unidad bajo el sello\u00a0<i>Fuerza Patria<\/i>, donde logr\u00f3 integrar a todas las tribus que hab\u00edan competido por afuera en las elecciones legislativas del 18 de mayo, aunque no pudo convencer al partido de Grabois, quien<strong>\u00a0ir\u00e1 solo a las urnas en territorio capitalino<\/strong>.<\/p>\n<p>\u201cEl peronismo, junto a otras fuerzas del campo nacional y popular, logr\u00f3 consolidar un frente electoral amplio con un objetivo com\u00fan: frenar el ajuste de Milei, defender a los argentinos y trabajar en propuestas que les mejoren la vida\u201d, celebr\u00f3 el presidente del PJ porte\u00f1o,\u00a0<strong>Mariano Recalde<\/strong>, en redes sociales.<\/p>\n<p>Luego de que en las legislativas porte\u00f1as el frente que encabez\u00f3 el diputado nacional<strong>\u00a0Leandro Santoro<\/strong>\u00a0disputara la elecci\u00f3n sin algunos correligionarios dentro de la alianza Es Ahora Buenos Aires, el PJ porte\u00f1o consigui\u00f3 hoy agrupar a la mayor\u00eda de las fuerzas de cara a las elecciones de octubre.<\/p>\n<figure class=\"multimedia\" data-tadevel-template=\"web\/multimedia\" data-type=\"photo\">\n<div class=\"content\">\n<div class=\"sizer\" data-sizer=\"aspect-ratio\" data-tadevel-template=\"web\/aspect-ratio\">\n<div class=\"backdrop\" data-tadevel-template=\"web\/picture\"><\/div>\n<picture data-tadevel-template=\"web\/picture\"><source srcset=\"https:\/\/alpha-assets.tadevel-cdn.com\/68954a268ce8f1e5c7ede7ba\/180.webp 320w, https:\/\/alpha-assets.tadevel-cdn.com\/68954a268ce8f1e5c7ede7ba\/360.webp 640w, https:\/\/alpha-assets.tadevel-cdn.com\/68954a268ce8f1e5c7ede7ba\/720.webp 1280w\" type=\"image\/webp\" sizes=\"(min-device-width: 768px) 768px, 200px\" \/><source srcset=\"https:\/\/alpha-assets.tadevel-cdn.com\/68954a268ce8f1e5c7ede7ba\/720.jpeg 1280w\" type=\"image\/jpeg\" sizes=\"(min-device-width: 768px) 768px, 200px\" \/><\/picture>\n<div class=\"overlay\"><\/div>\n<picture data-tadevel-template=\"web\/picture\"><img alt=\"Mariano Recalde y Juan Manuel Abal Medina. \" \/><\/picture>\n<\/div>\n<\/div><figcaption class=\"caption\">\n<div class=\"description\">Mariano Recalde y Juan Manuel Abal Medina.<\/div>\n<div class=\"attribution\"><\/div>\n<\/figcaption><\/figure>\n<p>Frente a esa contienda electoral, el peronismo porte\u00f1o, que encabeza Recalde, sum\u00f3 al espacio del ex jefe de Gabinete\u00a0<strong>Juan Manuel Abal Medina<\/strong>; el del ex secretario de Comercio Interior\u00a0<strong>Guillermo Moreno\u00a0<\/strong>y al del referente de Unidad Popular,\u00a0<strong>Claudio Lozano<\/strong>.<\/p>\n<p>\u201c<strong>Todos los que fuimos separados en mayo fuimos convocados y escucharon nuestros planteos<\/strong>\u201d, precis\u00f3 a la\u00a0<i>Agencia Noticias Argentinas<\/i>\u00a0una fuente del peronismo capitalino cuyo espacio compiti\u00f3 con espacio propio en mayo.<\/p>\n<p>El \u00fanico partido que no hab\u00eda firmado la integraci\u00f3n al frente porte\u00f1o era Patria Grande de Grabois, quien tensionaba por estas horas con la alianza que lideran el gobernador bonaerense\u00a0<strong>Axel Kicillof<\/strong>, el jefe del PJ bonaerense\u00a0<strong>M\u00e1ximo Kirchner<\/strong>\u00a0y el referente del Frente Renovador\u00a0<strong>Sergio Massa<\/strong>.<\/p>\n<p>\u201c<strong>Todos suponemos que es para presionar en Provincia<\/strong>\u201d, desliz\u00f3 a esta agencia la misma fuente al referirse a la disputa que el dirigente social mantiene con la c\u00fapula de Fuerza Patria para ocupar un lugar de relevancia en la boleta de la provincia de Buenos Aires.<\/p>\n<p>En tanto, el peronismo santafesino oficializ\u00f3 un frente electoral en la provincia de Santa Fe bajo el nombre\u00a0<strong>Fuerza Patria<\/strong>, mientras que en Entre R\u00edos el ex intendente de Paran\u00e1<strong>\u00a0Ad\u00e1n Bahl<\/strong>\u00a0y el ex director de aduanas\u00a0<strong>Guillemo Michel<\/strong>\u00a0presentaron Fuerza Entre R\u00edos, el espacio con el que competir\u00e1n en las elecciones del 26 de octubre.<\/p>\n<p>Luego de negociaciones entre las diferentes tribus, el PJ santafesino anunci\u00f3 la conformaci\u00f3n de una alianza electoral que\u00a0<strong>no dej\u00f3 afuera a ninguna de las fuerzas partidarias<\/strong>.<\/p>\n<p>El nuevo espacio pol\u00edtico est\u00e1 integrado por el\u00a0<strong>PJ, el Frente Renovador, Partido Santafesino Cien por Ciento, Ciudad Futura, Partido Solidario, Partido Principios y Valores y el Frente Grande<\/strong>. Adem\u00e1s, forman parte el\u00a0<strong>Partido Progreso Social, Instrumento Electoral por la Unidad Popular, el Movimiento Nacional Alfonsinista, el Partido Federal y Patria Grande.<\/strong><\/p>\n<p>\u201cNos unimos con la convicci\u00f3n profunda de representar a los trabajadores, los jubilados, los docentes, a quienes producen, a quienes estudian, y a todas las familias que hoy sufren la crueldad del ajuste impuesto por Javier Milei\u201d, manifestaron desde el peronismo santafesino en un comunicado.<\/p>\n<p>Tras esta disputa se abre ahora la discusi\u00f3n por los nombres para ocupar las<strong>\u00a09 bancas<\/strong>\u00a0en diputados que renovar\u00e1 la provincia en octubre. Los primeros lugares en la n\u00f3mina se los disputan el actual diputado nacional\u00a0<strong>Eduardo Toniolli<\/strong>\u00a0y el ex jefe de Gabinete\u00a0<strong>Agust\u00edn Rossi<\/strong>.<\/p>\n<p>\u201c<strong>Agust\u00edn es el mejor posicionado seg\u00fan las encuestas<\/strong>\u201d, precisaron a la Agencia Noticias Argentinas desde el entorno del ex candidato a vicepresidente.<\/p>\n<p>Seg\u00fan indicaron, el ex ministro de Defensa tiene la imagen m\u00e1s alta junto al concejal rosarino\u00a0<strong>Juan Monteverde<\/strong>\u00a0y\u00a0<strong>Cristina Kirchner<\/strong>. \u201c<strong>Todos pegados por uno o dos puntos<\/strong>\u201d, precisaron las mismas fuentes.<\/p>\n<p>Al igual que en Santa Fe, el PJ entrerriano sell\u00f3 su frente electoral bajo el nombre\u00a0<i>Fuerza Entre R\u00edos<\/i>, con Bahl y Michel como candidatos a legisladores nacionales.<\/p>\n<p>\u201cLa unidad es la fuerza para defender a los entrerrianos\u201d es la consigna del justicialismo entrerriano, desde donde, a trav\u00e9s de un documento, expresaron que el mensaje de la campa\u00f1a estar\u00e1 centrado en la producci\u00f3n, el trabajo, la educaci\u00f3n y salud p\u00fablica de calidad.<\/p>\n<p>En esta provincia se juegan de cara a las elecciones legislativas nacionales\u00a0<strong>9 bancas en la C\u00e1mara de Diputados y 3 en la de senadores<\/strong>.<\/p>\n<figure class=\"multimedia\" data-tadevel-template=\"web\/multimedia\" data-type=\"photo\">\n<div class=\"content\">\n<div class=\"sizer\" data-sizer=\"aspect-ratio\" data-tadevel-template=\"web\/aspect-ratio\">\n<div class=\"backdrop\" data-tadevel-template=\"web\/picture\"><\/div>\n<picture data-tadevel-template=\"web\/picture\"><source srcset=\"https:\/\/alpha-assets.tadevel-cdn.com\/68954aa38ce8f1e5c7edf150\/180.webp 266w, https:\/\/alpha-assets.tadevel-cdn.com\/68954aa38ce8f1e5c7edf150\/360.webp 531w, https:\/\/alpha-assets.tadevel-cdn.com\/68954aa38ce8f1e5c7edf150\/720.webp 1061w\" type=\"image\/webp\" sizes=\"(min-device-width: 768px) 768px, 200px\" \/><source srcset=\"https:\/\/alpha-assets.tadevel-cdn.com\/68954aa38ce8f1e5c7edf150\/720.jpeg 1061w\" type=\"image\/jpeg\" sizes=\"(min-device-width: 768px) 768px, 200px\" \/><\/picture>\n<div class=\"overlay\"><\/div>\n<picture data-tadevel-template=\"web\/picture\"><img alt=\"Ad\u00e1n Bahl y Guillemo Michel presentaron Fuerza Entre R\u00edos.\" \/><\/picture>\n<\/div>\n<\/div><figcaption class=\"caption\">\n<div class=\"description\">Ad\u00e1n Bahl y Guillemo Michel presentaron Fuerza Entre R\u00edos.<\/div>\n<div class=\"attribution\"><\/div>\n<\/figcaption><\/figure>\n<p>En tierras salte\u00f1as,\u00a0<i>Fuerza Patria<\/i>\u00a0tambi\u00e9n logr\u00f3 constituirse como frente de la mano del ex gobernador de esa provincia\u00a0<strong>Juan Manuel Urtubey<\/strong>, quien competir\u00e1 para ser senador nacional por ese espacio.<\/p>\n<p>\u00abLa conformaci\u00f3n de Fuerza Patria en Salta es una muestra concreta de madurez pol\u00edtica y responsabilidad hist\u00f3rica: distintos sectores que pensamos distinto nos unimos porque hoy la prioridad es frenar el da\u00f1o que el gobierno de Milei le est\u00e1 haciendo a la provincia y al pa\u00eds\u201d dijo Urtubey al sellar la alianza.<\/p>\n<p>El frente qued\u00f3 conformado por los partidos Justicialista, de la<strong>\u00a0Victoria, Kolina, Frente Grande, del Trabajo y del Pueblo, Instrumento Electoral para la Unidad Popular, Igualar, Representar, de la Educaci\u00f3n de la Cultura y el Trabajo, Felicidad y Patria sin Frontera<\/strong>.<\/p>\n<p>Lo mismo sucedi\u00f3 con el peronismo fueguino, que conform\u00f3 una alianza bajo id\u00e9ntico sello para \u201chacer frente a las pol\u00edticas de ajuste del gobierno nacional\u201d, indicaron desde el PJ de Tierra del Fuego en un comunicado.<\/p>\n<p>\u201cCon una amplia base de representaci\u00f3n pol\u00edtica y territorial, qued\u00f3 formalizado el frente de partidos y organizaciones que integran Fuerza Patria en la provincia de Tierra del Fuego (AeIAS)\u201d, manifestaron en el mismo parte de prensa.<\/p>\n<p>El justicialismo fueguino qued\u00f3 integrado por el\u00a0<strong>Partido Justicialista, Partido de la Concertaci\u00f3n FORJA, Principios y Valores y Unidad Socialista<\/strong>, entre otras fuerzas provinciales.<\/p>\n<\/div>\n<\/div>\n<\/div>\n<\/div>\n","protected":false},"excerpt":{"rendered":"<p>Las tribus peronistas competir\u00e1n bajo el sello Fuerza Patria. Patria Grande es el \u00fanico espacio que podr\u00eda quedar afuera del frente com\u00fan.<\/p>\n","protected":false},"author":3,"featured_media":123089,"comment_status":"closed","ping_status":"closed","sticky":false,"template":"","format":"standard","meta":{"footnotes":""},"categories":[24],"tags":[],"class_list":["post-123088","post","type-post","status-publish","format-standard","has-post-thumbnail","hentry","category-politica"],"yoast_head":"<!-- This site is optimized with the Yoast SEO plugin v25.9 - https:\/\/yoast.com\/wordpress\/plugins\/seo\/ -->\n<title>El peronismo mantiene su alianza para las elecciones de octubre aunque persiste la duda sobre Juan Grabois\u00a0 - Noticias Radio Reflejos<\/title>\n<meta name=\"robots\" content=\"index, follow, max-snippet:-1, max-image-preview:large, max-video-preview:-1\" \/>\n<link rel=\"canonical\" href=\"https:\/\/www.noticiasradioreflejos.com.ar\/2021\/el-peronismo-mantiene-su-alianza-para-las-elecciones-de-octubre-aunque-persiste-la-duda-sobre-juan-grabois\/\" \/>\n<meta property=\"og:locale\" content=\"es_ES\" \/>\n<meta property=\"og:type\" content=\"article\" \/>\n<meta property=\"og:title\" content=\"El peronismo mantiene su alianza para las elecciones de octubre aunque persiste la duda sobre Juan Grabois\u00a0 - Noticias Radio Reflejos\" \/>\n<meta property=\"og:description\" content=\"Las tribus peronistas competir\u00e1n bajo el sello Fuerza Patria. Patria Grande es el \u00fanico espacio que podr\u00eda quedar afuera del frente com\u00fan.\" \/>\n<meta property=\"og:url\" content=\"https:\/\/www.noticiasradioreflejos.com.ar\/2021\/el-peronismo-mantiene-su-alianza-para-las-elecciones-de-octubre-aunque-persiste-la-duda-sobre-juan-grabois\/\" \/>\n<meta property=\"og:site_name\" content=\"Noticias Radio Reflejos\" \/>\n<meta property=\"article:published_time\" content=\"2025-08-08T10:19:49+00:00\" \/>\n<meta property=\"og:image\" content=\"https:\/\/www.noticiasradioreflejos.com.ar\/2021\/wp-content\/uploads\/2025\/08\/massa-axel-maximo.jpg\" \/>\n\t<meta property=\"og:image:width\" content=\"1366\" \/>\n\t<meta property=\"og:image:height\" content=\"768\" \/>\n\t<meta property=\"og:image:type\" content=\"image\/jpeg\" \/>\n<meta name=\"author\" content=\"Arnaldo Botto\" \/>\n<meta name=\"twitter:card\" content=\"summary_large_image\" \/>\n<script type=\"application\/ld+json\" class=\"yoast-schema-graph\">{\"@context\":\"https:\/\/schema.org\",\"@graph\":[{\"@type\":\"WebPage\",\"@id\":\"https:\/\/www.noticiasradioreflejos.com.ar\/2021\/el-peronismo-mantiene-su-alianza-para-las-elecciones-de-octubre-aunque-persiste-la-duda-sobre-juan-grabois\/\",\"url\":\"https:\/\/www.noticiasradioreflejos.com.ar\/2021\/el-peronismo-mantiene-su-alianza-para-las-elecciones-de-octubre-aunque-persiste-la-duda-sobre-juan-grabois\/\",\"name\":\"El peronismo mantiene su alianza para las elecciones de octubre aunque persiste la duda sobre Juan Grabois\u00a0 - Noticias Radio Reflejos\",\"isPartOf\":{\"@id\":\"https:\/\/www.noticiasradioreflejos.com.ar\/2021\/#website\"},\"primaryImageOfPage\":{\"@id\":\"https:\/\/www.noticiasradioreflejos.com.ar\/2021\/el-peronismo-mantiene-su-alianza-para-las-elecciones-de-octubre-aunque-persiste-la-duda-sobre-juan-grabois\/#primaryimage\"},\"image\":{\"@id\":\"https:\/\/www.noticiasradioreflejos.com.ar\/2021\/el-peronismo-mantiene-su-alianza-para-las-elecciones-de-octubre-aunque-persiste-la-duda-sobre-juan-grabois\/#primaryimage\"},\"thumbnailUrl\":\"https:\/\/www.noticiasradioreflejos.com.ar\/2021\/wp-content\/uploads\/2025\/08\/massa-axel-maximo.jpg\",\"datePublished\":\"2025-08-08T10:19:49+00:00\",\"author\":{\"@id\":\"https:\/\/www.noticiasradioreflejos.com.ar\/2021\/#\/schema\/person\/ad82545263dcc5ec0996818884fd5fb1\"},\"breadcrumb\":{\"@id\":\"https:\/\/www.noticiasradioreflejos.com.ar\/2021\/el-peronismo-mantiene-su-alianza-para-las-elecciones-de-octubre-aunque-persiste-la-duda-sobre-juan-grabois\/#breadcrumb\"},\"inLanguage\":\"es\",\"potentialAction\":[{\"@type\":\"ReadAction\",\"target\":[\"https:\/\/www.noticiasradioreflejos.com.ar\/2021\/el-peronismo-mantiene-su-alianza-para-las-elecciones-de-octubre-aunque-persiste-la-duda-sobre-juan-grabois\/\"]}]},{\"@type\":\"ImageObject\",\"inLanguage\":\"es\",\"@id\":\"https:\/\/www.noticiasradioreflejos.com.ar\/2021\/el-peronismo-mantiene-su-alianza-para-las-elecciones-de-octubre-aunque-persiste-la-duda-sobre-juan-grabois\/#primaryimage\",\"url\":\"https:\/\/www.noticiasradioreflejos.com.ar\/2021\/wp-content\/uploads\/2025\/08\/massa-axel-maximo.jpg\",\"contentUrl\":\"https:\/\/www.noticiasradioreflejos.com.ar\/2021\/wp-content\/uploads\/2025\/08\/massa-axel-maximo.jpg\",\"width\":1366,\"height\":768},{\"@type\":\"BreadcrumbList\",\"@id\":\"https:\/\/www.noticiasradioreflejos.com.ar\/2021\/el-peronismo-mantiene-su-alianza-para-las-elecciones-de-octubre-aunque-persiste-la-duda-sobre-juan-grabois\/#breadcrumb\",\"itemListElement\":[{\"@type\":\"ListItem\",\"position\":1,\"name\":\"Portada\",\"item\":\"https:\/\/www.noticiasradioreflejos.com.ar\/2021\/\"},{\"@type\":\"ListItem\",\"position\":2,\"name\":\"El peronismo mantiene su alianza para las elecciones de octubre aunque persiste la duda sobre Juan Grabois\u00a0\"}]},{\"@type\":\"WebSite\",\"@id\":\"https:\/\/www.noticiasradioreflejos.com.ar\/2021\/#website\",\"url\":\"https:\/\/www.noticiasradioreflejos.com.ar\/2021\/\",\"name\":\"Noticias Radio Reflejos\",\"description\":\"Las noticias de mi comarca\",\"potentialAction\":[{\"@type\":\"SearchAction\",\"target\":{\"@type\":\"EntryPoint\",\"urlTemplate\":\"https:\/\/www.noticiasradioreflejos.com.ar\/2021\/?s={search_term_string}\"},\"query-input\":{\"@type\":\"PropertyValueSpecification\",\"valueRequired\":true,\"valueName\":\"search_term_string\"}}],\"inLanguage\":\"es\"},{\"@type\":\"Person\",\"@id\":\"https:\/\/www.noticiasradioreflejos.com.ar\/2021\/#\/schema\/person\/ad82545263dcc5ec0996818884fd5fb1\",\"name\":\"Arnaldo Botto\",\"image\":{\"@type\":\"ImageObject\",\"inLanguage\":\"es\",\"@id\":\"https:\/\/www.noticiasradioreflejos.com.ar\/2021\/#\/schema\/person\/image\/\",\"url\":\"https:\/\/secure.gravatar.com\/avatar\/55cb5e37c1efa326397366e6974cb338056df65cb50e7d64d1cf314e87504837?s=96&d=mm&r=g\",\"contentUrl\":\"https:\/\/secure.gravatar.com\/avatar\/55cb5e37c1efa326397366e6974cb338056df65cb50e7d64d1cf314e87504837?s=96&d=mm&r=g\",\"caption\":\"Arnaldo Botto\"},\"url\":\"https:\/\/www.noticiasradioreflejos.com.ar\/2021\/author\/arnaldo\/\"}]}<\/script>\n<!-- \/ Yoast SEO plugin. -->","yoast_head_json":{"title":"El peronismo mantiene su alianza para las elecciones de octubre aunque persiste la duda sobre Juan Grabois\u00a0 - Noticias Radio Reflejos","robots":{"index":"index","follow":"follow","max-snippet":"max-snippet:-1","max-image-preview":"max-image-preview:large","max-video-preview":"max-video-preview:-1"},"canonical":"https:\/\/www.noticiasradioreflejos.com.ar\/2021\/el-peronismo-mantiene-su-alianza-para-las-elecciones-de-octubre-aunque-persiste-la-duda-sobre-juan-grabois\/","og_locale":"es_ES","og_type":"article","og_title":"El peronismo mantiene su alianza para las elecciones de octubre aunque persiste la duda sobre Juan Grabois\u00a0 - Noticias Radio Reflejos","og_description":"Las tribus peronistas competir\u00e1n bajo el sello Fuerza Patria. Patria Grande es el \u00fanico espacio que podr\u00eda quedar afuera del frente com\u00fan.","og_url":"https:\/\/www.noticiasradioreflejos.com.ar\/2021\/el-peronismo-mantiene-su-alianza-para-las-elecciones-de-octubre-aunque-persiste-la-duda-sobre-juan-grabois\/","og_site_name":"Noticias Radio Reflejos","article_published_time":"2025-08-08T10:19:49+00:00","og_image":[{"width":1366,"height":768,"url":"https:\/\/www.noticiasradioreflejos.com.ar\/2021\/wp-content\/uploads\/2025\/08\/massa-axel-maximo.jpg","type":"image\/jpeg"}],"author":"Arnaldo Botto","twitter_card":"summary_large_image","schema":{"@context":"https:\/\/schema.org","@graph":[{"@type":"WebPage","@id":"https:\/\/www.noticiasradioreflejos.com.ar\/2021\/el-peronismo-mantiene-su-alianza-para-las-elecciones-de-octubre-aunque-persiste-la-duda-sobre-juan-grabois\/","url":"https:\/\/www.noticiasradioreflejos.com.ar\/2021\/el-peronismo-mantiene-su-alianza-para-las-elecciones-de-octubre-aunque-persiste-la-duda-sobre-juan-grabois\/","name":"El peronismo mantiene su alianza para las elecciones de octubre aunque persiste la duda sobre Juan Grabois\u00a0 - Noticias Radio Reflejos","isPartOf":{"@id":"https:\/\/www.noticiasradioreflejos.com.ar\/2021\/#website"},"primaryImageOfPage":{"@id":"https:\/\/www.noticiasradioreflejos.com.ar\/2021\/el-peronismo-mantiene-su-alianza-para-las-elecciones-de-octubre-aunque-persiste-la-duda-sobre-juan-grabois\/#primaryimage"},"image":{"@id":"https:\/\/www.noticiasradioreflejos.com.ar\/2021\/el-peronismo-mantiene-su-alianza-para-las-elecciones-de-octubre-aunque-persiste-la-duda-sobre-juan-grabois\/#primaryimage"},"thumbnailUrl":"https:\/\/www.noticiasradioreflejos.com.ar\/2021\/wp-content\/uploads\/2025\/08\/massa-axel-maximo.jpg","datePublished":"2025-08-08T10:19:49+00:00","author":{"@id":"https:\/\/www.noticiasradioreflejos.com.ar\/2021\/#\/schema\/person\/ad82545263dcc5ec0996818884fd5fb1"},"breadcrumb":{"@id":"https:\/\/www.noticiasradioreflejos.com.ar\/2021\/el-peronismo-mantiene-su-alianza-para-las-elecciones-de-octubre-aunque-persiste-la-duda-sobre-juan-grabois\/#breadcrumb"},"inLanguage":"es","potentialAction":[{"@type":"ReadAction","target":["https:\/\/www.noticiasradioreflejos.com.ar\/2021\/el-peronismo-mantiene-su-alianza-para-las-elecciones-de-octubre-aunque-persiste-la-duda-sobre-juan-grabois\/"]}]},{"@type":"ImageObject","inLanguage":"es","@id":"https:\/\/www.noticiasradioreflejos.com.ar\/2021\/el-peronismo-mantiene-su-alianza-para-las-elecciones-de-octubre-aunque-persiste-la-duda-sobre-juan-grabois\/#primaryimage","url":"https:\/\/www.noticiasradioreflejos.com.ar\/2021\/wp-content\/uploads\/2025\/08\/massa-axel-maximo.jpg","contentUrl":"https:\/\/www.noticiasradioreflejos.com.ar\/2021\/wp-content\/uploads\/2025\/08\/massa-axel-maximo.jpg","width":1366,"height":768},{"@type":"BreadcrumbList","@id":"https:\/\/www.noticiasradioreflejos.com.ar\/2021\/el-peronismo-mantiene-su-alianza-para-las-elecciones-de-octubre-aunque-persiste-la-duda-sobre-juan-grabois\/#breadcrumb","itemListElement":[{"@type":"ListItem","position":1,"name":"Portada","item":"https:\/\/www.noticiasradioreflejos.com.ar\/2021\/"},{"@type":"ListItem","position":2,"name":"El peronismo mantiene su alianza para las elecciones de octubre aunque persiste la duda sobre Juan Grabois\u00a0"}]},{"@type":"WebSite","@id":"https:\/\/www.noticiasradioreflejos.com.ar\/2021\/#website","url":"https:\/\/www.noticiasradioreflejos.com.ar\/2021\/","name":"Noticias Radio Reflejos","description":"Las noticias de mi comarca","potentialAction":[{"@type":"SearchAction","target":{"@type":"EntryPoint","urlTemplate":"https:\/\/www.noticiasradioreflejos.com.ar\/2021\/?s={search_term_string}"},"query-input":{"@type":"PropertyValueSpecification","valueRequired":true,"valueName":"search_term_string"}}],"inLanguage":"es"},{"@type":"Person","@id":"https:\/\/www.noticiasradioreflejos.com.ar\/2021\/#\/schema\/person\/ad82545263dcc5ec0996818884fd5fb1","name":"Arnaldo Botto","image":{"@type":"ImageObject","inLanguage":"es","@id":"https:\/\/www.noticiasradioreflejos.com.ar\/2021\/#\/schema\/person\/image\/","url":"https:\/\/secure.gravatar.com\/avatar\/55cb5e37c1efa326397366e6974cb338056df65cb50e7d64d1cf314e87504837?s=96&d=mm&r=g","contentUrl":"https:\/\/secure.gravatar.com\/avatar\/55cb5e37c1efa326397366e6974cb338056df65cb50e7d64d1cf314e87504837?s=96&d=mm&r=g","caption":"Arnaldo Botto"},"url":"https:\/\/www.noticiasradioreflejos.com.ar\/2021\/author\/arnaldo\/"}]}},"_links":{"self":[{"href":"https:\/\/www.noticiasradioreflejos.com.ar\/2021\/wp-json\/wp\/v2\/posts\/123088","targetHints":{"allow":["GET"]}}],"collection":[{"href":"https:\/\/www.noticiasradioreflejos.com.ar\/2021\/wp-json\/wp\/v2\/posts"}],"about":[{"href":"https:\/\/www.noticiasradioreflejos.com.ar\/2021\/wp-json\/wp\/v2\/types\/post"}],"author":[{"embeddable":true,"href":"https:\/\/www.noticiasradioreflejos.com.ar\/2021\/wp-json\/wp\/v2\/users\/3"}],"replies":[{"embeddable":true,"href":"https:\/\/www.noticiasradioreflejos.com.ar\/2021\/wp-json\/wp\/v2\/comments?post=123088"}],"version-history":[{"count":1,"href":"https:\/\/www.noticiasradioreflejos.com.ar\/2021\/wp-json\/wp\/v2\/posts\/123088\/revisions"}],"predecessor-version":[{"id":123090,"href":"https:\/\/www.noticiasradioreflejos.com.ar\/2021\/wp-json\/wp\/v2\/posts\/123088\/revisions\/123090"}],"wp:featuredmedia":[{"embeddable":true,"href":"https:\/\/www.noticiasradioreflejos.com.ar\/2021\/wp-json\/wp\/v2\/media\/123089"}],"wp:attachment":[{"href":"https:\/\/www.noticiasradioreflejos.com.ar\/2021\/wp-json\/wp\/v2\/media?parent=123088"}],"wp:term":[{"taxonomy":"category","embeddable":true,"href":"https:\/\/www.noticiasradioreflejos.com.ar\/2021\/wp-json\/wp\/v2\/categories?post=123088"},{"taxonomy":"post_tag","embeddable":true,"href":"https:\/\/www.noticiasradioreflejos.com.ar\/2021\/wp-json\/wp\/v2\/tags?post=123088"}],"curies":[{"name":"wp","href":"https:\/\/api.w.org\/{rel}","templated":true}]}}