{"id":123074,"date":"2025-08-08T06:56:18","date_gmt":"2025-08-08T09:56:18","guid":{"rendered":"https:\/\/www.noticiasradioreflejos.com.ar\/2021\/?p=123074"},"modified":"2025-08-08T06:56:18","modified_gmt":"2025-08-08T09:56:18","slug":"un-sueldo-que-no-se-gaste-en-tres-dias-el-reclamo-de-la-organizaciones-sociales-y-la-iglesia-en-el-dia-de-san-cayetano","status":"publish","type":"post","link":"https:\/\/www.noticiasradioreflejos.com.ar\/2021\/un-sueldo-que-no-se-gaste-en-tres-dias-el-reclamo-de-la-organizaciones-sociales-y-la-iglesia-en-el-dia-de-san-cayetano\/","title":{"rendered":"\u201cUn sueldo que no se gaste en tres d\u00edas\u201d: el reclamo de la organizaciones sociales y la Iglesia en el D\u00eda de San Cayetano"},"content":{"rendered":"<p>La frase fue parte de la bendici\u00f3n del arzobispo de Buenos Aires, Jorge Garc\u00eda Cuerva, al inicio de la peregrinaci\u00f3n desde el santuario del barrio de Liniers con Plaza de Mayo, que cada a\u00f1o es un term\u00f3metro social. Este a\u00f1o a la UTEP se suma tambien la CGT.<!--more--><br \/>\nLa virgen de Luj\u00e1n con un manto que dice Evita. Un tractor con un caj\u00f3n lleno de espinacas. Una lancha. Una camioneta con prendas de vestir colgadas en perchas y una bandera que reclama \u201cNo m\u00e1s importaciones textiles\u201d. Carros con cajas de cart\u00f3n. La bendici\u00f3n de <strong>Jorge<\/strong>\u00a0<strong>Garc\u00eda Cuerva<\/strong>, arzobispo de la ciudad de Buenos Aires, porque \u201clos argentinos necesitan el trabajo como ordenador social\u201d. La consigna del pasacalles que se extiende de punta a punta por la avenida Rivadavia y que pide \u201cPaz, pan, tierra, techo y trabajo.\u00a0<strong>El d\u00eda de San Cayetano, term\u00f3metro social de la Argentina, estuvo marcado en Liniers por un fuerte reclamo contra Javier Milei.<\/strong><\/p>\n<p>La peregrinaci\u00f3n hacia Plaza de Mayo de las organizaciones sociales de la UTEP, a la que adhiri\u00f3 la CGT, arranc\u00f3 temprano este 7 de agosto, mientras cientos de fieles pasaban por el santuario de la calle Cuzco para pedirle personalmente al \u201csanto del trabajo\u201d. Una columna que se extendi\u00f3 por cinco cuadras cop\u00f3 por completo el carril de la avenida Rivadavia con rumbo hacia el microcentro.<strong>\u00a0Ten\u00edan por delante unos 15 kil\u00f3metros, al ritmo de fe pol\u00edtica y cat\u00f3lica, rodeados por agentes de la Polic\u00eda de la Ciudad.<\/strong><\/p>\n<p>&nbsp;<\/p>\n<figure><picture class=\"news-image\"><source srcset=\"https:\/\/static.eldiario.es\/clip\/51764926-e412-4c7e-9388-2e7647184d6a_16-9-discover-aspect-ratio_50p_0.webp\" type=\"image\/webp\" media=\"(max-width: 576px)\" \/><source srcset=\"https:\/\/static.eldiario.es\/clip\/51764926-e412-4c7e-9388-2e7647184d6a_16-9-discover-aspect-ratio_50p_0.jpg\" type=\"image\/jpg\" media=\"(max-width: 576px)\" \/><source srcset=\"https:\/\/static.eldiario.es\/clip\/51764926-e412-4c7e-9388-2e7647184d6a_16-9-discover-aspect-ratio_75p_0.webp\" type=\"image\/webp\" media=\"(max-width: 767px)\" \/><source srcset=\"https:\/\/static.eldiario.es\/clip\/51764926-e412-4c7e-9388-2e7647184d6a_16-9-discover-aspect-ratio_75p_0.jpg\" type=\"image\/jpg\" media=\"(max-width: 767px)\" \/><source srcset=\"https:\/\/static.eldiario.es\/clip\/51764926-e412-4c7e-9388-2e7647184d6a_16-9-discover-aspect-ratio_default_0.webp\" type=\"image\/webp\" media=\"(min-width: 768px)\" \/><source srcset=\"https:\/\/static.eldiario.es\/clip\/51764926-e412-4c7e-9388-2e7647184d6a_16-9-discover-aspect-ratio_default_0.jpg\" type=\"image\/jpg\" media=\"(min-width: 768px)\" \/><source srcset=\"https:\/\/static.eldiario.es\/clip\/51764926-e412-4c7e-9388-2e7647184d6a_16-9-discover-aspect-ratio_default_0.webp\" type=\"image\/webp\" \/><img decoding=\"async\" class=\"lazy entered loaded\" src=\"https:\/\/static.eldiario.es\/clip\/51764926-e412-4c7e-9388-2e7647184d6a_16-9-discover-aspect-ratio_default_0.jpg\" alt=\"Jorge Garc\u00eda Cuerva, arzobispo de Buenos Aires, bendice las herramientas de los trabajadores.\" data-src=\"https:\/\/static.eldiario.es\/clip\/51764926-e412-4c7e-9388-2e7647184d6a_16-9-discover-aspect-ratio_default_0.jpg\" data-ll-status=\"loaded\" \/><\/picture><\/figure>\n<p><em><span class=\"title\">Jorge Garc\u00eda Cuerva, arzobispo de Buenos Aires, bendice las herramientas de los trabajadores.\u00a0<span class=\"author\">UTEP<\/span><\/span><\/em><\/p>\n<p>&nbsp;<\/p>\n<p class=\"article-text\">\u201cEl pueblo es la lucha y el pueblo tiene raz\u00f3n, por eso el pueblo camina\u201d, dice Gabriel \u201cPato\u201d Dina, 58 a\u00f1os, al hombro la virgen de Luj\u00e1n con el manto que dice Evita. Una compa\u00f1ero lleva en andas una imagen del Negro Manuel, santo patrono por ser el protector de la virgen, de quien fue testigo de un milagro en 1630. Las figuras encabeza la manifestaci\u00f3n como parte de la agrupaci\u00f3n \u201cLos misioneros De Francisco\u201d y este jueves culminan una peregrinaci\u00f3n que arranc\u00f3 el 26 de julio en Los Toldos. \u201cEn todos los lugares donde paramos la gente nos dec\u00eda que no llega a fin de mes, que solo come arroz con alitas de pollo\u201d, asegura \u201cPato\u201d.<\/p>\n<p class=\"article-text\">Las organizaciones nucleadas en la UTEP protagonizan el 7 de agosto desde la \u00e9poca de Mauricio Macri, cuando la red de organizaciones de la econom\u00eda popular comenz\u00f3 a unirse como Los Cayetanos. La primera movilizaci\u00f3n fue un domingo y los vecinos los aplaudieron.\u00a0<strong>Casi diez a\u00f1os despu\u00e9s, la marcha se gan\u00f3 ya un lugar en la fecha religiosa<\/strong>. Lo demuestra la bendici\u00f3n de las herramientas encabezada por el propio Garc\u00eda Cuerva.<\/p>\n<p>&nbsp;<\/p>\n<figure class=\"embed-container embed-container--type-twitter \">\n<div class=\"twitter-tweet twitter-tweet-rendered\"><iframe id=\"twitter-widget-0\" class=\"\" title=\"X Post\" src=\"https:\/\/platform.twitter.com\/embed\/Tweet.html?dnt=false&amp;embedId=twitter-widget-0&amp;features=eyJ0ZndfdGltZWxpbmVfbGlzdCI6eyJidWNrZXQiOltdLCJ2ZXJzaW9uIjpudWxsfSwidGZ3X2ZvbGxvd2VyX2NvdW50X3N1bnNldCI6eyJidWNrZXQiOnRydWUsInZlcnNpb24iOm51bGx9LCJ0ZndfdHdlZXRfZWRpdF9iYWNrZW5kIjp7ImJ1Y2tldCI6Im9uIiwidmVyc2lvbiI6bnVsbH0sInRmd19yZWZzcmNfc2Vzc2lvbiI6eyJidWNrZXQiOiJvbiIsInZlcnNpb24iOm51bGx9LCJ0ZndfZm9zbnJfc29mdF9pbnRlcnZlbnRpb25zX2VuYWJsZWQiOnsiYnVja2V0Ijoib24iLCJ2ZXJzaW9uIjpudWxsfSwidGZ3X21peGVkX21lZGlhXzE1ODk3Ijp7ImJ1Y2tldCI6InRyZWF0bWVudCIsInZlcnNpb24iOm51bGx9LCJ0ZndfZXhwZXJpbWVudHNfY29va2llX2V4cGlyYXRpb24iOnsiYnVja2V0IjoxMjA5NjAwLCJ2ZXJzaW9uIjpudWxsfSwidGZ3X3Nob3dfYmlyZHdhdGNoX3Bpdm90c19lbmFibGVkIjp7ImJ1Y2tldCI6Im9uIiwidmVyc2lvbiI6bnVsbH0sInRmd19kdXBsaWNhdGVfc2NyaWJlc190b19zZXR0aW5ncyI6eyJidWNrZXQiOiJvbiIsInZlcnNpb24iOm51bGx9LCJ0ZndfdXNlX3Byb2ZpbGVfaW1hZ2Vfc2hhcGVfZW5hYmxlZCI6eyJidWNrZXQiOiJvbiIsInZlcnNpb24iOm51bGx9LCJ0ZndfdmlkZW9faGxzX2R5bmFtaWNfbWFuaWZlc3RzXzE1MDgyIjp7ImJ1Y2tldCI6InRydWVfYml0cmF0ZSIsInZlcnNpb24iOm51bGx9LCJ0ZndfbGVnYWN5X3RpbWVsaW5lX3N1bnNldCI6eyJidWNrZXQiOnRydWUsInZlcnNpb24iOm51bGx9LCJ0ZndfdHdlZXRfZWRpdF9mcm9udGVuZCI6eyJidWNrZXQiOiJvbiIsInZlcnNpb24iOm51bGx9fQ%3D%3D&amp;frame=false&amp;hideCard=false&amp;hideThread=false&amp;id=1953405201693454565&amp;lang=es&amp;origin=https%3A%2F%2Fwww.eldiarioar.com%2Fpolitica%2Fsueldo-no-gaste-tres-dias-reclamo-organizaciones-sociales-iglesia-dia-san-cayetano_1_12521001.html&amp;sessionId=7989779993f2ce6e9b08cd2c006cd81915d2f43f&amp;theme=light&amp;widgetsVersion=2615f7e52b7e0%3A1702314776716&amp;width=550px\" frameborder=\"0\" scrolling=\"no\" allowfullscreen=\"allowfullscreen\" data-gtm-yt-inspected-34399851_303=\"true\" data-gtm-yt-inspected-34399851_396=\"true\" data-gtm-yt-inspected-46=\"true\" data-tweet-id=\"1953405201693454565\" data-mce-fragment=\"1\"><\/iframe><\/div>\n<\/figure>\n<p>&nbsp;<\/p>\n<p class=\"article-text\">\u201cBendice a cada uno de los trabajadores y a cada uno de los que buscan trabajo. Y a quienes est\u00e9n tirados al borde del camino, que encuentren en nuestras manos solidaridad\u201d, pidi\u00f3 el jefe de la Iglesia en el \u00e1mbito porte\u00f1o. La oraci\u00f3n a viva voz al inicio de la movilizaci\u00f3n interpel\u00f3 veladamente a estos tiempos de ajuste libertario: \u201cHoy no te pedimos fuegos artificiales, sino lo esencial, lo justo, lo humano. Un sueldo que no se gaste en los primeros tres d\u00edas, una mesa que no se saltee ninguna comida, un d\u00eda libre que no sea por estar enfermo\u201d. Ya en la la homil\u00eda religiosa, frente al santuario, Garc\u00eda Cuerva ir\u00e1 m\u00e1s all\u00e1:\u00a0<strong>\u201cAs\u00ed como bajo la inflaci\u00f3n, le pedimos a San Cayetano comprometernos para bajar los niveles de agresi\u00f3n\u201d<\/strong>. Y cerrar\u00e1 a tono El Eternauta como s\u00edmbolo de rebeli\u00f3n ante estos tiempos individualistas: \u201cNo nos salvamos solos\u201d.<\/p>\n<p class=\"article-text\">La movilizaci\u00f3n por avenida Rivadavia busc\u00f3 visibilizar las distintas ramas de la econom\u00eda popular,\u00a0<strong>aquellos sectores de la informalidad que crecieron cuando se estanc\u00f3 el trabajo registrado<\/strong>: por eso la camioneta de los textiles, los carros de los cartoneros, el tractor de la agricultura familiar, la lancha de los pescadores de Punta Lara, los cascos de los alba\u00f1iles, las ollas de las cocineras de los comedores populares, las pecheras de los vendedores ambulantes.<\/p>\n<p class=\"article-text\">Entre esos elementos, im\u00e1genes de la virgen de Luj\u00e1n y de Caacup\u00e9, el Negro Manuel. Pero tambi\u00e9n figuras pol\u00edticas de carne y hueso, como el senador kirchnerista Mariano Recalde; el diputado y jefe de la CTA, Hugo Yasky; el ex secretario de Derechos Humanos Horacio Pietragalla; el titular de ATE, Rodolfo Aguiar. \u201cMilei est\u00e1 siendo derrotado en el Congreso. Nosotros tenemos que seguir derrot\u00e1ndolo en la calle para que finalmente sea vencido en las urnas. Esta multitudinaria movilizaci\u00f3n se tiene que transformar en la antesala de un nuevo paro general\u201d, apunt\u00f3 a\u00a0<strong>elDiarioAR<\/strong>\u00a0el jefe de los estatales.<\/p>\n<p>&nbsp;<\/p>\n<figure><picture class=\"news-image\"><source srcset=\"https:\/\/static.eldiario.es\/clip\/da8b87db-0920-40a2-930d-bc9e017fd1c6_16-9-discover-aspect-ratio_50p_0.webp\" type=\"image\/webp\" media=\"(max-width: 576px)\" \/><source srcset=\"https:\/\/static.eldiario.es\/clip\/da8b87db-0920-40a2-930d-bc9e017fd1c6_16-9-discover-aspect-ratio_50p_0.jpg\" type=\"image\/jpg\" media=\"(max-width: 576px)\" \/><source srcset=\"https:\/\/static.eldiario.es\/clip\/da8b87db-0920-40a2-930d-bc9e017fd1c6_16-9-discover-aspect-ratio_75p_0.webp\" type=\"image\/webp\" media=\"(max-width: 767px)\" \/><source srcset=\"https:\/\/static.eldiario.es\/clip\/da8b87db-0920-40a2-930d-bc9e017fd1c6_16-9-discover-aspect-ratio_75p_0.jpg\" type=\"image\/jpg\" media=\"(max-width: 767px)\" \/><source srcset=\"https:\/\/static.eldiario.es\/clip\/da8b87db-0920-40a2-930d-bc9e017fd1c6_16-9-discover-aspect-ratio_default_0.webp\" type=\"image\/webp\" media=\"(min-width: 768px)\" \/><source srcset=\"https:\/\/static.eldiario.es\/clip\/da8b87db-0920-40a2-930d-bc9e017fd1c6_16-9-discover-aspect-ratio_default_0.jpg\" type=\"image\/jpg\" media=\"(min-width: 768px)\" \/><source srcset=\"https:\/\/static.eldiario.es\/clip\/da8b87db-0920-40a2-930d-bc9e017fd1c6_16-9-discover-aspect-ratio_default_0.webp\" type=\"image\/webp\" \/><img decoding=\"async\" class=\"lazy entered loaded\" src=\"https:\/\/static.eldiario.es\/clip\/da8b87db-0920-40a2-930d-bc9e017fd1c6_16-9-discover-aspect-ratio_default_0.jpg\" alt=\"Las cocineras de los barrios populares marchan al frente de la columna de la UTEP.\" data-src=\"https:\/\/static.eldiario.es\/clip\/da8b87db-0920-40a2-930d-bc9e017fd1c6_16-9-discover-aspect-ratio_default_0.jpg\" data-ll-status=\"loaded\" \/><\/picture><figcaption class=\"image-footer\"><em><span class=\"title\">Las cocineras de los barrios populares marchan al frente de la columna de la UTEP.\u00a0<span class=\"author\">UTEP<\/span><\/span><\/em><\/figcaption><\/figure>\n<p>&nbsp;<\/p>\n<p class=\"article-text\">La CGT envi\u00f3 una delegaci\u00f3n que cerr\u00f3 la movilizaci\u00f3n con banderas de los empleados de comercio y los alba\u00f1iles de la UOCRA.<strong>\u00a0La central adhiri\u00f3 a su manera:\u00a0<\/strong>moviliza hacia Plaza de Mayo con una concentraci\u00f3n propia en Diagonal Norte pasado el mediod\u00eda. A su vez, la izquierda del Polo Obrero concentraba en Avellaneda para cruzar el puente Pueyrred\u00f3n y luego ir al ex ministerio de Desarrollo Social, antes de terminar tambi\u00e9n en la plaza. Un apoyo importante a la peregrinaci\u00f3n de los cayetanos se da en el Congreso, donde se sumaban columnas de otras organizaciones sociales, junto con agrupaciones de jubilados y organismos de derechos humanos. Ayer hubo muestras de apoyo de Estela de Carlotto, Adolfo P\u00e9rez Esquivel y Taty Almeida. Adem\u00e1s, la marcha iba a hacer una parada intermedia en Flores, para rendir un homenaje especial en la parroquia donde oficiaba Jorge Bergoglio.<\/p>\n<p>&nbsp;<\/p>\n<figure class=\"embed-container embed-container--type-twitter \">\n<div class=\"twitter-tweet twitter-tweet-rendered\"><iframe id=\"twitter-widget-1\" class=\"\" title=\"X Post\" src=\"https:\/\/platform.twitter.com\/embed\/Tweet.html?dnt=false&amp;embedId=twitter-widget-1&amp;features=eyJ0ZndfdGltZWxpbmVfbGlzdCI6eyJidWNrZXQiOltdLCJ2ZXJzaW9uIjpudWxsfSwidGZ3X2ZvbGxvd2VyX2NvdW50X3N1bnNldCI6eyJidWNrZXQiOnRydWUsInZlcnNpb24iOm51bGx9LCJ0ZndfdHdlZXRfZWRpdF9iYWNrZW5kIjp7ImJ1Y2tldCI6Im9uIiwidmVyc2lvbiI6bnVsbH0sInRmd19yZWZzcmNfc2Vzc2lvbiI6eyJidWNrZXQiOiJvbiIsInZlcnNpb24iOm51bGx9LCJ0ZndfZm9zbnJfc29mdF9pbnRlcnZlbnRpb25zX2VuYWJsZWQiOnsiYnVja2V0Ijoib24iLCJ2ZXJzaW9uIjpudWxsfSwidGZ3X21peGVkX21lZGlhXzE1ODk3Ijp7ImJ1Y2tldCI6InRyZWF0bWVudCIsInZlcnNpb24iOm51bGx9LCJ0ZndfZXhwZXJpbWVudHNfY29va2llX2V4cGlyYXRpb24iOnsiYnVja2V0IjoxMjA5NjAwLCJ2ZXJzaW9uIjpudWxsfSwidGZ3X3Nob3dfYmlyZHdhdGNoX3Bpdm90c19lbmFibGVkIjp7ImJ1Y2tldCI6Im9uIiwidmVyc2lvbiI6bnVsbH0sInRmd19kdXBsaWNhdGVfc2NyaWJlc190b19zZXR0aW5ncyI6eyJidWNrZXQiOiJvbiIsInZlcnNpb24iOm51bGx9LCJ0ZndfdXNlX3Byb2ZpbGVfaW1hZ2Vfc2hhcGVfZW5hYmxlZCI6eyJidWNrZXQiOiJvbiIsInZlcnNpb24iOm51bGx9LCJ0ZndfdmlkZW9faGxzX2R5bmFtaWNfbWFuaWZlc3RzXzE1MDgyIjp7ImJ1Y2tldCI6InRydWVfYml0cmF0ZSIsInZlcnNpb24iOm51bGx9LCJ0ZndfbGVnYWN5X3RpbWVsaW5lX3N1bnNldCI6eyJidWNrZXQiOnRydWUsInZlcnNpb24iOm51bGx9LCJ0ZndfdHdlZXRfZWRpdF9mcm9udGVuZCI6eyJidWNrZXQiOiJvbiIsInZlcnNpb24iOm51bGx9fQ%3D%3D&amp;frame=false&amp;hideCard=false&amp;hideThread=false&amp;id=1953127244701876508&amp;lang=es&amp;origin=https%3A%2F%2Fwww.eldiarioar.com%2Fpolitica%2Fsueldo-no-gaste-tres-dias-reclamo-organizaciones-sociales-iglesia-dia-san-cayetano_1_12521001.html&amp;sessionId=7989779993f2ce6e9b08cd2c006cd81915d2f43f&amp;theme=light&amp;widgetsVersion=2615f7e52b7e0%3A1702314776716&amp;width=550px\" frameborder=\"0\" scrolling=\"no\" allowfullscreen=\"allowfullscreen\" data-gtm-yt-inspected-34399851_303=\"true\" data-gtm-yt-inspected-34399851_396=\"true\" data-gtm-yt-inspected-46=\"true\" data-tweet-id=\"1953127244701876508\" data-mce-fragment=\"1\"><\/iframe><\/div>\n<\/figure>\n<p class=\"article-text\">La imagen de Francisco ahora se multiplica en el santuario de San Cayetano. \u201cGanar\u00e1s el pan con el sudor de tu frente\u201d, dice una bandera instalada al frente de la iglesia de la calle Cuzco con la cara del fallecido papa este a\u00f1o. Un p\u00e1rroco bendice y lanza agua bendita a una fila de diez personas.\u00a0<strong>\u201c\u00a1Viva San Cayetano!\u201d<\/strong>, se escucha un grito dentro del santuario.<\/p>\n<p class=\"article-text\">Se siente el fr\u00edo cuando el reloj marca las 8 pero hay feligreses que hicieron una vigilia nocturna por su santo y otros esperaron tres horas en una fila para entrar a la iglesia y tocar la hermita.\u00a0<strong>\u201cYo vengo a agradecer porque hace treinta a\u00f1os no ten\u00eda trabajo, vine a pedirle y de ah\u00ed no par\u00e9\u201d<\/strong>, dice Gladys, jubilada, que lleg\u00f3 desde San Fernando con amigas a las 5.<\/p>\n<p class=\"article-text\">Una familia de San Miguel con un beb\u00e9 de dos meses y medio envuelto en su cochecito tambi\u00e9n espera para entrar. Tienen mate, una bolsa con chip\u00e1 y una reposera. \u201cVenimos a agradecer y a pedir que no falte trabajo\u201d, dicen.<\/p>\n<div id=\"container-after-news-outlook\"><\/div>\n<p class=\"article-text\">La fila se extiende por tres cuadras. Las espigas con estampitas se venden a mil pesos. \u201cSe vende poco\u201d, comenta una vendedora que no dej\u00f3 de caminar la zona toda la noche. En medio del ajuste libertario, y en la semana del veto de Milei al aumento de los haberes y la emergencia en discapacidad, el d\u00eda de San Cayetano es espejo de c\u00f3mo est\u00e1 la calle. \u201cDe mal en peor est\u00e1 la situaci\u00f3n. Yo soy jubilada y no me alcanza\u201d, se queja Gloria, de Merlo, tambi\u00e9n jubilada, que cierra:\u00a0<strong>\u201cSi como, no compro los remedios; si compro los remedios, no como\u201d.<\/strong><\/p>\n<figure class=\"embed-container embed-container--type-twitter \">\n<div class=\"twitter-tweet twitter-tweet-rendered\"><iframe id=\"twitter-widget-2\" class=\"\" title=\"X Post\" src=\"https:\/\/platform.twitter.com\/embed\/Tweet.html?dnt=false&amp;embedId=twitter-widget-2&amp;features=eyJ0ZndfdGltZWxpbmVfbGlzdCI6eyJidWNrZXQiOltdLCJ2ZXJzaW9uIjpudWxsfSwidGZ3X2ZvbGxvd2VyX2NvdW50X3N1bnNldCI6eyJidWNrZXQiOnRydWUsInZlcnNpb24iOm51bGx9LCJ0ZndfdHdlZXRfZWRpdF9iYWNrZW5kIjp7ImJ1Y2tldCI6Im9uIiwidmVyc2lvbiI6bnVsbH0sInRmd19yZWZzcmNfc2Vzc2lvbiI6eyJidWNrZXQiOiJvbiIsInZlcnNpb24iOm51bGx9LCJ0ZndfZm9zbnJfc29mdF9pbnRlcnZlbnRpb25zX2VuYWJsZWQiOnsiYnVja2V0Ijoib24iLCJ2ZXJzaW9uIjpudWxsfSwidGZ3X21peGVkX21lZGlhXzE1ODk3Ijp7ImJ1Y2tldCI6InRyZWF0bWVudCIsInZlcnNpb24iOm51bGx9LCJ0ZndfZXhwZXJpbWVudHNfY29va2llX2V4cGlyYXRpb24iOnsiYnVja2V0IjoxMjA5NjAwLCJ2ZXJzaW9uIjpudWxsfSwidGZ3X3Nob3dfYmlyZHdhdGNoX3Bpdm90c19lbmFibGVkIjp7ImJ1Y2tldCI6Im9uIiwidmVyc2lvbiI6bnVsbH0sInRmd19kdXBsaWNhdGVfc2NyaWJlc190b19zZXR0aW5ncyI6eyJidWNrZXQiOiJvbiIsInZlcnNpb24iOm51bGx9LCJ0ZndfdXNlX3Byb2ZpbGVfaW1hZ2Vfc2hhcGVfZW5hYmxlZCI6eyJidWNrZXQiOiJvbiIsInZlcnNpb24iOm51bGx9LCJ0ZndfdmlkZW9faGxzX2R5bmFtaWNfbWFuaWZlc3RzXzE1MDgyIjp7ImJ1Y2tldCI6InRydWVfYml0cmF0ZSIsInZlcnNpb24iOm51bGx9LCJ0ZndfbGVnYWN5X3RpbWVsaW5lX3N1bnNldCI6eyJidWNrZXQiOnRydWUsInZlcnNpb24iOm51bGx9LCJ0ZndfdHdlZXRfZWRpdF9mcm9udGVuZCI6eyJidWNrZXQiOiJvbiIsInZlcnNpb24iOm51bGx9fQ%3D%3D&amp;frame=false&amp;hideCard=false&amp;hideThread=false&amp;id=1953410313153339414&amp;lang=es&amp;origin=https%3A%2F%2Fwww.eldiarioar.com%2Fpolitica%2Fsueldo-no-gaste-tres-dias-reclamo-organizaciones-sociales-iglesia-dia-san-cayetano_1_12521001.html&amp;sessionId=7989779993f2ce6e9b08cd2c006cd81915d2f43f&amp;theme=light&amp;widgetsVersion=2615f7e52b7e0%3A1702314776716&amp;width=550px\" frameborder=\"0\" scrolling=\"no\" allowfullscreen=\"allowfullscreen\" data-gtm-yt-inspected-34399851_303=\"true\" data-gtm-yt-inspected-34399851_396=\"true\" data-gtm-yt-inspected-46=\"true\" data-tweet-id=\"1953410313153339414\" data-mce-fragment=\"1\"><\/iframe><\/div>\n<\/figure>\n<div class=\"tags\" data-mrf-recirculation=\"etiquetas\"><\/div>\n<div class=\"partner-wrapper\">\n<div class=\"first-col\">\n<div class=\"author-pill-wrapper\">\n<footer class=\"cmp-featured-signature-component\">\n<div class=\"featured-signature-component\">\n<div class=\"featured-avatar\"><\/div>\n<div class=\"featured-data\">\n<div class=\"featured-name__wrapper\"><a class=\"featured-name\" href=\"https:\/\/www.eldiarioar.com\/autores\/mauricio-caminos\/\">Mauricio Caminos &#8211; ElDiarioAR<\/a><\/div>\n<div>\n<div><a class=\"twitter-account\" href=\"https:\/\/twitter.com\/@MauriCaminos\" target=\"_blank\" rel=\"noopener\"><i class=\"fab fa-twitter\"><\/i>\u00a0<span class=\"featured-twitter\">@MauriCaminos<\/span><\/a><\/div>\n<\/div>\n<\/div>\n<\/div>\n<\/footer>\n<\/div>\n<footer class=\"rs-pill\">\n<div class=\"edi-social-buttons\">\n<div><\/div>\n<\/div>\n<\/footer>\n<\/div>\n<div class=\"second-col\">\n<div class=\"edi-report\">\n<div id=\"error-report\" class=\"\"><\/div>\n<\/div>\n<\/div>\n<\/div>\n","protected":false},"excerpt":{"rendered":"<p>La frase fue parte de la bendici\u00f3n del arzobispo de Buenos Aires, Jorge Garc\u00eda Cuerva, al inicio de la peregrinaci\u00f3n desde el santuario del barrio de Liniers con Plaza de Mayo, que cada a\u00f1o es un term\u00f3metro social. Este a\u00f1o a la UTEP se suma tambien la CGT.<\/p>\n","protected":false},"author":3,"featured_media":123075,"comment_status":"closed","ping_status":"closed","sticky":false,"template":"","format":"standard","meta":{"footnotes":""},"categories":[24,26],"tags":[],"class_list":["post-123074","post","type-post","status-publish","format-standard","has-post-thumbnail","hentry","category-politica","category-sociedad"],"yoast_head":"<!-- This site is optimized with the Yoast SEO plugin v25.9 - https:\/\/yoast.com\/wordpress\/plugins\/seo\/ -->\n<title>\u201cUn sueldo que no se gaste en tres d\u00edas\u201d: el reclamo de la organizaciones sociales y la Iglesia en el D\u00eda de San Cayetano - Noticias Radio Reflejos<\/title>\n<meta name=\"robots\" content=\"index, follow, max-snippet:-1, max-image-preview:large, max-video-preview:-1\" \/>\n<link rel=\"canonical\" href=\"https:\/\/www.noticiasradioreflejos.com.ar\/2021\/un-sueldo-que-no-se-gaste-en-tres-dias-el-reclamo-de-la-organizaciones-sociales-y-la-iglesia-en-el-dia-de-san-cayetano\/\" \/>\n<meta property=\"og:locale\" content=\"es_ES\" \/>\n<meta property=\"og:type\" content=\"article\" \/>\n<meta property=\"og:title\" content=\"\u201cUn sueldo que no se gaste en tres d\u00edas\u201d: el reclamo de la organizaciones sociales y la Iglesia en el D\u00eda de San Cayetano - Noticias Radio Reflejos\" \/>\n<meta property=\"og:description\" content=\"La frase fue parte de la bendici\u00f3n del arzobispo de Buenos Aires, Jorge Garc\u00eda Cuerva, al inicio de la peregrinaci\u00f3n desde el santuario del barrio de Liniers con Plaza de Mayo, que cada a\u00f1o es un term\u00f3metro social. Este a\u00f1o a la UTEP se suma tambien la CGT.\" \/>\n<meta property=\"og:url\" content=\"https:\/\/www.noticiasradioreflejos.com.ar\/2021\/un-sueldo-que-no-se-gaste-en-tres-dias-el-reclamo-de-la-organizaciones-sociales-y-la-iglesia-en-el-dia-de-san-cayetano\/\" \/>\n<meta property=\"og:site_name\" content=\"Noticias Radio Reflejos\" \/>\n<meta property=\"article:published_time\" content=\"2025-08-08T09:56:18+00:00\" \/>\n<meta property=\"og:image\" content=\"https:\/\/www.noticiasradioreflejos.com.ar\/2021\/wp-content\/uploads\/2025\/08\/San-Cayetano-1.jpg\" \/>\n\t<meta property=\"og:image:width\" content=\"1200\" \/>\n\t<meta property=\"og:image:height\" content=\"675\" \/>\n\t<meta property=\"og:image:type\" content=\"image\/jpeg\" \/>\n<meta name=\"author\" content=\"Arnaldo Botto\" \/>\n<meta name=\"twitter:card\" content=\"summary_large_image\" \/>\n<script type=\"application\/ld+json\" class=\"yoast-schema-graph\">{\"@context\":\"https:\/\/schema.org\",\"@graph\":[{\"@type\":\"WebPage\",\"@id\":\"https:\/\/www.noticiasradioreflejos.com.ar\/2021\/un-sueldo-que-no-se-gaste-en-tres-dias-el-reclamo-de-la-organizaciones-sociales-y-la-iglesia-en-el-dia-de-san-cayetano\/\",\"url\":\"https:\/\/www.noticiasradioreflejos.com.ar\/2021\/un-sueldo-que-no-se-gaste-en-tres-dias-el-reclamo-de-la-organizaciones-sociales-y-la-iglesia-en-el-dia-de-san-cayetano\/\",\"name\":\"\u201cUn sueldo que no se gaste en tres d\u00edas\u201d: el reclamo de la organizaciones sociales y la Iglesia en el D\u00eda de San Cayetano - Noticias Radio Reflejos\",\"isPartOf\":{\"@id\":\"https:\/\/www.noticiasradioreflejos.com.ar\/2021\/#website\"},\"primaryImageOfPage\":{\"@id\":\"https:\/\/www.noticiasradioreflejos.com.ar\/2021\/un-sueldo-que-no-se-gaste-en-tres-dias-el-reclamo-de-la-organizaciones-sociales-y-la-iglesia-en-el-dia-de-san-cayetano\/#primaryimage\"},\"image\":{\"@id\":\"https:\/\/www.noticiasradioreflejos.com.ar\/2021\/un-sueldo-que-no-se-gaste-en-tres-dias-el-reclamo-de-la-organizaciones-sociales-y-la-iglesia-en-el-dia-de-san-cayetano\/#primaryimage\"},\"thumbnailUrl\":\"https:\/\/www.noticiasradioreflejos.com.ar\/2021\/wp-content\/uploads\/2025\/08\/San-Cayetano-1.jpg\",\"datePublished\":\"2025-08-08T09:56:18+00:00\",\"author\":{\"@id\":\"https:\/\/www.noticiasradioreflejos.com.ar\/2021\/#\/schema\/person\/ad82545263dcc5ec0996818884fd5fb1\"},\"breadcrumb\":{\"@id\":\"https:\/\/www.noticiasradioreflejos.com.ar\/2021\/un-sueldo-que-no-se-gaste-en-tres-dias-el-reclamo-de-la-organizaciones-sociales-y-la-iglesia-en-el-dia-de-san-cayetano\/#breadcrumb\"},\"inLanguage\":\"es\",\"potentialAction\":[{\"@type\":\"ReadAction\",\"target\":[\"https:\/\/www.noticiasradioreflejos.com.ar\/2021\/un-sueldo-que-no-se-gaste-en-tres-dias-el-reclamo-de-la-organizaciones-sociales-y-la-iglesia-en-el-dia-de-san-cayetano\/\"]}]},{\"@type\":\"ImageObject\",\"inLanguage\":\"es\",\"@id\":\"https:\/\/www.noticiasradioreflejos.com.ar\/2021\/un-sueldo-que-no-se-gaste-en-tres-dias-el-reclamo-de-la-organizaciones-sociales-y-la-iglesia-en-el-dia-de-san-cayetano\/#primaryimage\",\"url\":\"https:\/\/www.noticiasradioreflejos.com.ar\/2021\/wp-content\/uploads\/2025\/08\/San-Cayetano-1.jpg\",\"contentUrl\":\"https:\/\/www.noticiasradioreflejos.com.ar\/2021\/wp-content\/uploads\/2025\/08\/San-Cayetano-1.jpg\",\"width\":1200,\"height\":675},{\"@type\":\"BreadcrumbList\",\"@id\":\"https:\/\/www.noticiasradioreflejos.com.ar\/2021\/un-sueldo-que-no-se-gaste-en-tres-dias-el-reclamo-de-la-organizaciones-sociales-y-la-iglesia-en-el-dia-de-san-cayetano\/#breadcrumb\",\"itemListElement\":[{\"@type\":\"ListItem\",\"position\":1,\"name\":\"Portada\",\"item\":\"https:\/\/www.noticiasradioreflejos.com.ar\/2021\/\"},{\"@type\":\"ListItem\",\"position\":2,\"name\":\"\u201cUn sueldo que no se gaste en tres d\u00edas\u201d: el reclamo de la organizaciones sociales y la Iglesia en el D\u00eda de San Cayetano\"}]},{\"@type\":\"WebSite\",\"@id\":\"https:\/\/www.noticiasradioreflejos.com.ar\/2021\/#website\",\"url\":\"https:\/\/www.noticiasradioreflejos.com.ar\/2021\/\",\"name\":\"Noticias Radio Reflejos\",\"description\":\"Las noticias de mi comarca\",\"potentialAction\":[{\"@type\":\"SearchAction\",\"target\":{\"@type\":\"EntryPoint\",\"urlTemplate\":\"https:\/\/www.noticiasradioreflejos.com.ar\/2021\/?s={search_term_string}\"},\"query-input\":{\"@type\":\"PropertyValueSpecification\",\"valueRequired\":true,\"valueName\":\"search_term_string\"}}],\"inLanguage\":\"es\"},{\"@type\":\"Person\",\"@id\":\"https:\/\/www.noticiasradioreflejos.com.ar\/2021\/#\/schema\/person\/ad82545263dcc5ec0996818884fd5fb1\",\"name\":\"Arnaldo Botto\",\"image\":{\"@type\":\"ImageObject\",\"inLanguage\":\"es\",\"@id\":\"https:\/\/www.noticiasradioreflejos.com.ar\/2021\/#\/schema\/person\/image\/\",\"url\":\"https:\/\/secure.gravatar.com\/avatar\/55cb5e37c1efa326397366e6974cb338056df65cb50e7d64d1cf314e87504837?s=96&d=mm&r=g\",\"contentUrl\":\"https:\/\/secure.gravatar.com\/avatar\/55cb5e37c1efa326397366e6974cb338056df65cb50e7d64d1cf314e87504837?s=96&d=mm&r=g\",\"caption\":\"Arnaldo Botto\"},\"url\":\"https:\/\/www.noticiasradioreflejos.com.ar\/2021\/author\/arnaldo\/\"}]}<\/script>\n<!-- \/ Yoast SEO plugin. -->","yoast_head_json":{"title":"\u201cUn sueldo que no se gaste en tres d\u00edas\u201d: el reclamo de la organizaciones sociales y la Iglesia en el D\u00eda de San Cayetano - Noticias Radio Reflejos","robots":{"index":"index","follow":"follow","max-snippet":"max-snippet:-1","max-image-preview":"max-image-preview:large","max-video-preview":"max-video-preview:-1"},"canonical":"https:\/\/www.noticiasradioreflejos.com.ar\/2021\/un-sueldo-que-no-se-gaste-en-tres-dias-el-reclamo-de-la-organizaciones-sociales-y-la-iglesia-en-el-dia-de-san-cayetano\/","og_locale":"es_ES","og_type":"article","og_title":"\u201cUn sueldo que no se gaste en tres d\u00edas\u201d: el reclamo de la organizaciones sociales y la Iglesia en el D\u00eda de San Cayetano - Noticias Radio Reflejos","og_description":"La frase fue parte de la bendici\u00f3n del arzobispo de Buenos Aires, Jorge Garc\u00eda Cuerva, al inicio de la peregrinaci\u00f3n desde el santuario del barrio de Liniers con Plaza de Mayo, que cada a\u00f1o es un term\u00f3metro social. Este a\u00f1o a la UTEP se suma tambien la CGT.","og_url":"https:\/\/www.noticiasradioreflejos.com.ar\/2021\/un-sueldo-que-no-se-gaste-en-tres-dias-el-reclamo-de-la-organizaciones-sociales-y-la-iglesia-en-el-dia-de-san-cayetano\/","og_site_name":"Noticias Radio Reflejos","article_published_time":"2025-08-08T09:56:18+00:00","og_image":[{"width":1200,"height":675,"url":"https:\/\/www.noticiasradioreflejos.com.ar\/2021\/wp-content\/uploads\/2025\/08\/San-Cayetano-1.jpg","type":"image\/jpeg"}],"author":"Arnaldo Botto","twitter_card":"summary_large_image","schema":{"@context":"https:\/\/schema.org","@graph":[{"@type":"WebPage","@id":"https:\/\/www.noticiasradioreflejos.com.ar\/2021\/un-sueldo-que-no-se-gaste-en-tres-dias-el-reclamo-de-la-organizaciones-sociales-y-la-iglesia-en-el-dia-de-san-cayetano\/","url":"https:\/\/www.noticiasradioreflejos.com.ar\/2021\/un-sueldo-que-no-se-gaste-en-tres-dias-el-reclamo-de-la-organizaciones-sociales-y-la-iglesia-en-el-dia-de-san-cayetano\/","name":"\u201cUn sueldo que no se gaste en tres d\u00edas\u201d: el reclamo de la organizaciones sociales y la Iglesia en el D\u00eda de San Cayetano - Noticias Radio Reflejos","isPartOf":{"@id":"https:\/\/www.noticiasradioreflejos.com.ar\/2021\/#website"},"primaryImageOfPage":{"@id":"https:\/\/www.noticiasradioreflejos.com.ar\/2021\/un-sueldo-que-no-se-gaste-en-tres-dias-el-reclamo-de-la-organizaciones-sociales-y-la-iglesia-en-el-dia-de-san-cayetano\/#primaryimage"},"image":{"@id":"https:\/\/www.noticiasradioreflejos.com.ar\/2021\/un-sueldo-que-no-se-gaste-en-tres-dias-el-reclamo-de-la-organizaciones-sociales-y-la-iglesia-en-el-dia-de-san-cayetano\/#primaryimage"},"thumbnailUrl":"https:\/\/www.noticiasradioreflejos.com.ar\/2021\/wp-content\/uploads\/2025\/08\/San-Cayetano-1.jpg","datePublished":"2025-08-08T09:56:18+00:00","author":{"@id":"https:\/\/www.noticiasradioreflejos.com.ar\/2021\/#\/schema\/person\/ad82545263dcc5ec0996818884fd5fb1"},"breadcrumb":{"@id":"https:\/\/www.noticiasradioreflejos.com.ar\/2021\/un-sueldo-que-no-se-gaste-en-tres-dias-el-reclamo-de-la-organizaciones-sociales-y-la-iglesia-en-el-dia-de-san-cayetano\/#breadcrumb"},"inLanguage":"es","potentialAction":[{"@type":"ReadAction","target":["https:\/\/www.noticiasradioreflejos.com.ar\/2021\/un-sueldo-que-no-se-gaste-en-tres-dias-el-reclamo-de-la-organizaciones-sociales-y-la-iglesia-en-el-dia-de-san-cayetano\/"]}]},{"@type":"ImageObject","inLanguage":"es","@id":"https:\/\/www.noticiasradioreflejos.com.ar\/2021\/un-sueldo-que-no-se-gaste-en-tres-dias-el-reclamo-de-la-organizaciones-sociales-y-la-iglesia-en-el-dia-de-san-cayetano\/#primaryimage","url":"https:\/\/www.noticiasradioreflejos.com.ar\/2021\/wp-content\/uploads\/2025\/08\/San-Cayetano-1.jpg","contentUrl":"https:\/\/www.noticiasradioreflejos.com.ar\/2021\/wp-content\/uploads\/2025\/08\/San-Cayetano-1.jpg","width":1200,"height":675},{"@type":"BreadcrumbList","@id":"https:\/\/www.noticiasradioreflejos.com.ar\/2021\/un-sueldo-que-no-se-gaste-en-tres-dias-el-reclamo-de-la-organizaciones-sociales-y-la-iglesia-en-el-dia-de-san-cayetano\/#breadcrumb","itemListElement":[{"@type":"ListItem","position":1,"name":"Portada","item":"https:\/\/www.noticiasradioreflejos.com.ar\/2021\/"},{"@type":"ListItem","position":2,"name":"\u201cUn sueldo que no se gaste en tres d\u00edas\u201d: el reclamo de la organizaciones sociales y la Iglesia en el D\u00eda de San Cayetano"}]},{"@type":"WebSite","@id":"https:\/\/www.noticiasradioreflejos.com.ar\/2021\/#website","url":"https:\/\/www.noticiasradioreflejos.com.ar\/2021\/","name":"Noticias Radio Reflejos","description":"Las noticias de mi comarca","potentialAction":[{"@type":"SearchAction","target":{"@type":"EntryPoint","urlTemplate":"https:\/\/www.noticiasradioreflejos.com.ar\/2021\/?s={search_term_string}"},"query-input":{"@type":"PropertyValueSpecification","valueRequired":true,"valueName":"search_term_string"}}],"inLanguage":"es"},{"@type":"Person","@id":"https:\/\/www.noticiasradioreflejos.com.ar\/2021\/#\/schema\/person\/ad82545263dcc5ec0996818884fd5fb1","name":"Arnaldo Botto","image":{"@type":"ImageObject","inLanguage":"es","@id":"https:\/\/www.noticiasradioreflejos.com.ar\/2021\/#\/schema\/person\/image\/","url":"https:\/\/secure.gravatar.com\/avatar\/55cb5e37c1efa326397366e6974cb338056df65cb50e7d64d1cf314e87504837?s=96&d=mm&r=g","contentUrl":"https:\/\/secure.gravatar.com\/avatar\/55cb5e37c1efa326397366e6974cb338056df65cb50e7d64d1cf314e87504837?s=96&d=mm&r=g","caption":"Arnaldo Botto"},"url":"https:\/\/www.noticiasradioreflejos.com.ar\/2021\/author\/arnaldo\/"}]}},"_links":{"self":[{"href":"https:\/\/www.noticiasradioreflejos.com.ar\/2021\/wp-json\/wp\/v2\/posts\/123074","targetHints":{"allow":["GET"]}}],"collection":[{"href":"https:\/\/www.noticiasradioreflejos.com.ar\/2021\/wp-json\/wp\/v2\/posts"}],"about":[{"href":"https:\/\/www.noticiasradioreflejos.com.ar\/2021\/wp-json\/wp\/v2\/types\/post"}],"author":[{"embeddable":true,"href":"https:\/\/www.noticiasradioreflejos.com.ar\/2021\/wp-json\/wp\/v2\/users\/3"}],"replies":[{"embeddable":true,"href":"https:\/\/www.noticiasradioreflejos.com.ar\/2021\/wp-json\/wp\/v2\/comments?post=123074"}],"version-history":[{"count":1,"href":"https:\/\/www.noticiasradioreflejos.com.ar\/2021\/wp-json\/wp\/v2\/posts\/123074\/revisions"}],"predecessor-version":[{"id":123076,"href":"https:\/\/www.noticiasradioreflejos.com.ar\/2021\/wp-json\/wp\/v2\/posts\/123074\/revisions\/123076"}],"wp:featuredmedia":[{"embeddable":true,"href":"https:\/\/www.noticiasradioreflejos.com.ar\/2021\/wp-json\/wp\/v2\/media\/123075"}],"wp:attachment":[{"href":"https:\/\/www.noticiasradioreflejos.com.ar\/2021\/wp-json\/wp\/v2\/media?parent=123074"}],"wp:term":[{"taxonomy":"category","embeddable":true,"href":"https:\/\/www.noticiasradioreflejos.com.ar\/2021\/wp-json\/wp\/v2\/categories?post=123074"},{"taxonomy":"post_tag","embeddable":true,"href":"https:\/\/www.noticiasradioreflejos.com.ar\/2021\/wp-json\/wp\/v2\/tags?post=123074"}],"curies":[{"name":"wp","href":"https:\/\/api.w.org\/{rel}","templated":true}]}}