{"id":12306,"date":"2017-07-16T18:22:53","date_gmt":"2017-07-16T21:22:53","guid":{"rendered":"http:\/\/www.noticiasradioreflejos.com.ar\/noticias\/?p=12306"},"modified":"2017-07-16T18:22:53","modified_gmt":"2017-07-16T21:22:53","slug":"incendio-en-una-vivienda-en-sierra-de-la-ventana","status":"publish","type":"post","link":"https:\/\/www.noticiasradioreflejos.com.ar\/2021\/incendio-en-una-vivienda-en-sierra-de-la-ventana\/","title":{"rendered":"Incendio en una vivienda en Sierra de la Ventana"},"content":{"rendered":"<p><a title=\"11570065\" href=\"http:\/\/farm5.staticflickr.com\/4308\/35127408634_28ca620b15.jpg\" rel=\"\"><img loading=\"lazy\" decoding=\"async\" class=\"alignleft\" style=\"float: left;\" title=\"11570065\" src=\"http:\/\/farm5.staticflickr.com\/4308\/35127408634_28ca620b15.jpg\" alt=\"11570065\" width=\"500\" height=\"281\" \/><\/a>Cerca de las 17,00 hs de este domingo 16 de julio, toc\u00f3 la sirena de Bomberos Voluntarios.<br \/>\nEl pedido de auxilio fue por un incendio en una vivienda de la calle Napost\u00e1 840 del Barrio San Bernardo de nuestra localidad.<!--more--><br \/>\nEl siniestro se produjo al incendiarse un colch\u00f3n que estaba a pocos cent\u00edmetros de una estufa ecol\u00f3gica, para posteriormente, las llamas llegar hasta una biblioteca que se ubicaba sobre la cama.<br \/>\nEl propietario de la finca tuvo que ser trasladado a la unidad sanitaria \u00abEmilio Aldaya\u00bb por encontrase muy expuesto al mon\u00f3xido de carbono, ante el intento de apagar el fuego.<br \/>\nEl fuego fue controlado r\u00e1pidamente por las dos dotaciones de bomberos que trabajaron bajo las \u00f3rdenes de Gustavo De Vizia.<br \/>\n<a title=\"11570066\" href=\"http:\/\/farm5.staticflickr.com\/4296\/35127407114_294ee369da_z.jpg\" rel=\"\"><img loading=\"lazy\" decoding=\"async\" class=\"aligncenter\" title=\"11570066\" src=\"http:\/\/farm5.staticflickr.com\/4296\/35127407114_294ee369da_z.jpg\" alt=\"11570066\" width=\"640\" height=\"360\" \/><\/a><br \/>\n<a title=\"11570067\" href=\"http:\/\/farm5.staticflickr.com\/4297\/35926049716_694014e0d2_z.jpg\" rel=\"\"><img loading=\"lazy\" decoding=\"async\" class=\"aligncenter\" title=\"11570067\" src=\"http:\/\/farm5.staticflickr.com\/4297\/35926049716_694014e0d2_z.jpg\" alt=\"11570067\" width=\"640\" height=\"360\" \/><\/a><a title=\"11570068\" href=\"http:\/\/farm5.staticflickr.com\/4306\/35926048186_e6da8c2cfb_z.jpg\" rel=\"\"><img loading=\"lazy\" decoding=\"async\" class=\"aligncenter\" title=\"11570068\" src=\"http:\/\/farm5.staticflickr.com\/4306\/35926048186_e6da8c2cfb_z.jpg\" alt=\"11570068\" width=\"640\" height=\"360\" \/><\/a><a title=\"11570069\" href=\"http:\/\/farm5.staticflickr.com\/4309\/35127402934_c4382955d6_z.jpg\" rel=\"\"><img loading=\"lazy\" decoding=\"async\" class=\"aligncenter\" title=\"11570069\" src=\"http:\/\/farm5.staticflickr.com\/4309\/35127402934_c4382955d6_z.jpg\" alt=\"11570069\" width=\"640\" height=\"360\" \/><\/a><a title=\"11570071\" href=\"http:\/\/farm5.staticflickr.com\/4292\/35127400004_7c39909326_z.jpg\" rel=\"\"><img loading=\"lazy\" decoding=\"async\" class=\"aligncenter\" title=\"11570071\" src=\"http:\/\/farm5.staticflickr.com\/4292\/35127400004_7c39909326_z.jpg\" alt=\"11570071\" width=\"640\" height=\"360\" \/><\/a><a title=\"11570072\" href=\"http:\/\/farm5.staticflickr.com\/4326\/35926040896_db1e61c375_z.jpg\" rel=\"\"><img loading=\"lazy\" decoding=\"async\" class=\"aligncenter\" title=\"11570072\" src=\"http:\/\/farm5.staticflickr.com\/4326\/35926040896_db1e61c375_z.jpg\" alt=\"11570072\" width=\"640\" height=\"360\" \/><\/a><\/p>\n","protected":false},"excerpt":{"rendered":"<p>Cerca de las 17,00 hs de este domingo 16 de julio, toc\u00f3 la sirena de Bomberos Voluntarios. El pedido de auxilio fue por un incendio en una vivienda de la calle Napost\u00e1 840 del Barrio San Bernardo de nuestra localidad.<\/p>\n","protected":false},"author":3,"featured_media":0,"comment_status":"closed","ping_status":"open","sticky":false,"template":"","format":"standard","meta":{"footnotes":""},"categories":[25],"tags":[],"class_list":["post-12306","post","type-post","status-publish","format-standard","hentry","category-uncategorized"],"yoast_head":"<!-- This site is optimized with the Yoast SEO plugin v25.9 - https:\/\/yoast.com\/wordpress\/plugins\/seo\/ -->\n<title>Incendio en una vivienda en Sierra de la Ventana - Noticias Radio Reflejos<\/title>\n<meta name=\"robots\" content=\"index, follow, max-snippet:-1, max-image-preview:large, max-video-preview:-1\" \/>\n<link rel=\"canonical\" href=\"https:\/\/www.noticiasradioreflejos.com.ar\/2021\/incendio-en-una-vivienda-en-sierra-de-la-ventana\/\" \/>\n<meta property=\"og:locale\" content=\"es_ES\" \/>\n<meta property=\"og:type\" content=\"article\" \/>\n<meta property=\"og:title\" content=\"Incendio en una vivienda en Sierra de la Ventana - Noticias Radio Reflejos\" \/>\n<meta property=\"og:description\" content=\"Cerca de las 17,00 hs de este domingo 16 de julio, toc\u00f3 la sirena de Bomberos Voluntarios. El pedido de auxilio fue por un incendio en una vivienda de la calle Napost\u00e1 840 del Barrio San Bernardo de nuestra localidad.\" \/>\n<meta property=\"og:url\" content=\"https:\/\/www.noticiasradioreflejos.com.ar\/2021\/incendio-en-una-vivienda-en-sierra-de-la-ventana\/\" \/>\n<meta property=\"og:site_name\" content=\"Noticias Radio Reflejos\" \/>\n<meta property=\"article:published_time\" content=\"2017-07-16T21:22:53+00:00\" \/>\n<meta property=\"og:image\" content=\"http:\/\/farm5.staticflickr.com\/4308\/35127408634_28ca620b15.jpg\" \/>\n<meta name=\"author\" content=\"Arnaldo Botto\" \/>\n<meta name=\"twitter:card\" content=\"summary_large_image\" \/>\n<script type=\"application\/ld+json\" class=\"yoast-schema-graph\">{\"@context\":\"https:\/\/schema.org\",\"@graph\":[{\"@type\":\"WebPage\",\"@id\":\"https:\/\/www.noticiasradioreflejos.com.ar\/2021\/incendio-en-una-vivienda-en-sierra-de-la-ventana\/\",\"url\":\"https:\/\/www.noticiasradioreflejos.com.ar\/2021\/incendio-en-una-vivienda-en-sierra-de-la-ventana\/\",\"name\":\"Incendio en una vivienda en Sierra de la Ventana - Noticias Radio Reflejos\",\"isPartOf\":{\"@id\":\"https:\/\/www.noticiasradioreflejos.com.ar\/2021\/#website\"},\"primaryImageOfPage\":{\"@id\":\"https:\/\/www.noticiasradioreflejos.com.ar\/2021\/incendio-en-una-vivienda-en-sierra-de-la-ventana\/#primaryimage\"},\"image\":{\"@id\":\"https:\/\/www.noticiasradioreflejos.com.ar\/2021\/incendio-en-una-vivienda-en-sierra-de-la-ventana\/#primaryimage\"},\"thumbnailUrl\":\"http:\/\/farm5.staticflickr.com\/4308\/35127408634_28ca620b15.jpg\",\"datePublished\":\"2017-07-16T21:22:53+00:00\",\"author\":{\"@id\":\"https:\/\/www.noticiasradioreflejos.com.ar\/2021\/#\/schema\/person\/ad82545263dcc5ec0996818884fd5fb1\"},\"breadcrumb\":{\"@id\":\"https:\/\/www.noticiasradioreflejos.com.ar\/2021\/incendio-en-una-vivienda-en-sierra-de-la-ventana\/#breadcrumb\"},\"inLanguage\":\"es\",\"potentialAction\":[{\"@type\":\"ReadAction\",\"target\":[\"https:\/\/www.noticiasradioreflejos.com.ar\/2021\/incendio-en-una-vivienda-en-sierra-de-la-ventana\/\"]}]},{\"@type\":\"ImageObject\",\"inLanguage\":\"es\",\"@id\":\"https:\/\/www.noticiasradioreflejos.com.ar\/2021\/incendio-en-una-vivienda-en-sierra-de-la-ventana\/#primaryimage\",\"url\":\"http:\/\/farm5.staticflickr.com\/4308\/35127408634_28ca620b15.jpg\",\"contentUrl\":\"http:\/\/farm5.staticflickr.com\/4308\/35127408634_28ca620b15.jpg\"},{\"@type\":\"BreadcrumbList\",\"@id\":\"https:\/\/www.noticiasradioreflejos.com.ar\/2021\/incendio-en-una-vivienda-en-sierra-de-la-ventana\/#breadcrumb\",\"itemListElement\":[{\"@type\":\"ListItem\",\"position\":1,\"name\":\"Portada\",\"item\":\"https:\/\/www.noticiasradioreflejos.com.ar\/2021\/\"},{\"@type\":\"ListItem\",\"position\":2,\"name\":\"Incendio en una vivienda en Sierra de la Ventana\"}]},{\"@type\":\"WebSite\",\"@id\":\"https:\/\/www.noticiasradioreflejos.com.ar\/2021\/#website\",\"url\":\"https:\/\/www.noticiasradioreflejos.com.ar\/2021\/\",\"name\":\"Noticias Radio Reflejos\",\"description\":\"Las noticias de mi comarca\",\"potentialAction\":[{\"@type\":\"SearchAction\",\"target\":{\"@type\":\"EntryPoint\",\"urlTemplate\":\"https:\/\/www.noticiasradioreflejos.com.ar\/2021\/?s={search_term_string}\"},\"query-input\":{\"@type\":\"PropertyValueSpecification\",\"valueRequired\":true,\"valueName\":\"search_term_string\"}}],\"inLanguage\":\"es\"},{\"@type\":\"Person\",\"@id\":\"https:\/\/www.noticiasradioreflejos.com.ar\/2021\/#\/schema\/person\/ad82545263dcc5ec0996818884fd5fb1\",\"name\":\"Arnaldo Botto\",\"image\":{\"@type\":\"ImageObject\",\"inLanguage\":\"es\",\"@id\":\"https:\/\/www.noticiasradioreflejos.com.ar\/2021\/#\/schema\/person\/image\/\",\"url\":\"https:\/\/secure.gravatar.com\/avatar\/55cb5e37c1efa326397366e6974cb338056df65cb50e7d64d1cf314e87504837?s=96&d=mm&r=g\",\"contentUrl\":\"https:\/\/secure.gravatar.com\/avatar\/55cb5e37c1efa326397366e6974cb338056df65cb50e7d64d1cf314e87504837?s=96&d=mm&r=g\",\"caption\":\"Arnaldo Botto\"},\"url\":\"https:\/\/www.noticiasradioreflejos.com.ar\/2021\/author\/arnaldo\/\"}]}<\/script>\n<!-- \/ Yoast SEO plugin. -->","yoast_head_json":{"title":"Incendio en una vivienda en Sierra de la Ventana - Noticias Radio Reflejos","robots":{"index":"index","follow":"follow","max-snippet":"max-snippet:-1","max-image-preview":"max-image-preview:large","max-video-preview":"max-video-preview:-1"},"canonical":"https:\/\/www.noticiasradioreflejos.com.ar\/2021\/incendio-en-una-vivienda-en-sierra-de-la-ventana\/","og_locale":"es_ES","og_type":"article","og_title":"Incendio en una vivienda en Sierra de la Ventana - Noticias Radio Reflejos","og_description":"Cerca de las 17,00 hs de este domingo 16 de julio, toc\u00f3 la sirena de Bomberos Voluntarios. El pedido de auxilio fue por un incendio en una vivienda de la calle Napost\u00e1 840 del Barrio San Bernardo de nuestra localidad.","og_url":"https:\/\/www.noticiasradioreflejos.com.ar\/2021\/incendio-en-una-vivienda-en-sierra-de-la-ventana\/","og_site_name":"Noticias Radio Reflejos","article_published_time":"2017-07-16T21:22:53+00:00","og_image":[{"url":"http:\/\/farm5.staticflickr.com\/4308\/35127408634_28ca620b15.jpg","type":"","width":"","height":""}],"author":"Arnaldo Botto","twitter_card":"summary_large_image","schema":{"@context":"https:\/\/schema.org","@graph":[{"@type":"WebPage","@id":"https:\/\/www.noticiasradioreflejos.com.ar\/2021\/incendio-en-una-vivienda-en-sierra-de-la-ventana\/","url":"https:\/\/www.noticiasradioreflejos.com.ar\/2021\/incendio-en-una-vivienda-en-sierra-de-la-ventana\/","name":"Incendio en una vivienda en Sierra de la Ventana - Noticias Radio Reflejos","isPartOf":{"@id":"https:\/\/www.noticiasradioreflejos.com.ar\/2021\/#website"},"primaryImageOfPage":{"@id":"https:\/\/www.noticiasradioreflejos.com.ar\/2021\/incendio-en-una-vivienda-en-sierra-de-la-ventana\/#primaryimage"},"image":{"@id":"https:\/\/www.noticiasradioreflejos.com.ar\/2021\/incendio-en-una-vivienda-en-sierra-de-la-ventana\/#primaryimage"},"thumbnailUrl":"http:\/\/farm5.staticflickr.com\/4308\/35127408634_28ca620b15.jpg","datePublished":"2017-07-16T21:22:53+00:00","author":{"@id":"https:\/\/www.noticiasradioreflejos.com.ar\/2021\/#\/schema\/person\/ad82545263dcc5ec0996818884fd5fb1"},"breadcrumb":{"@id":"https:\/\/www.noticiasradioreflejos.com.ar\/2021\/incendio-en-una-vivienda-en-sierra-de-la-ventana\/#breadcrumb"},"inLanguage":"es","potentialAction":[{"@type":"ReadAction","target":["https:\/\/www.noticiasradioreflejos.com.ar\/2021\/incendio-en-una-vivienda-en-sierra-de-la-ventana\/"]}]},{"@type":"ImageObject","inLanguage":"es","@id":"https:\/\/www.noticiasradioreflejos.com.ar\/2021\/incendio-en-una-vivienda-en-sierra-de-la-ventana\/#primaryimage","url":"http:\/\/farm5.staticflickr.com\/4308\/35127408634_28ca620b15.jpg","contentUrl":"http:\/\/farm5.staticflickr.com\/4308\/35127408634_28ca620b15.jpg"},{"@type":"BreadcrumbList","@id":"https:\/\/www.noticiasradioreflejos.com.ar\/2021\/incendio-en-una-vivienda-en-sierra-de-la-ventana\/#breadcrumb","itemListElement":[{"@type":"ListItem","position":1,"name":"Portada","item":"https:\/\/www.noticiasradioreflejos.com.ar\/2021\/"},{"@type":"ListItem","position":2,"name":"Incendio en una vivienda en Sierra de la Ventana"}]},{"@type":"WebSite","@id":"https:\/\/www.noticiasradioreflejos.com.ar\/2021\/#website","url":"https:\/\/www.noticiasradioreflejos.com.ar\/2021\/","name":"Noticias Radio Reflejos","description":"Las noticias de mi comarca","potentialAction":[{"@type":"SearchAction","target":{"@type":"EntryPoint","urlTemplate":"https:\/\/www.noticiasradioreflejos.com.ar\/2021\/?s={search_term_string}"},"query-input":{"@type":"PropertyValueSpecification","valueRequired":true,"valueName":"search_term_string"}}],"inLanguage":"es"},{"@type":"Person","@id":"https:\/\/www.noticiasradioreflejos.com.ar\/2021\/#\/schema\/person\/ad82545263dcc5ec0996818884fd5fb1","name":"Arnaldo Botto","image":{"@type":"ImageObject","inLanguage":"es","@id":"https:\/\/www.noticiasradioreflejos.com.ar\/2021\/#\/schema\/person\/image\/","url":"https:\/\/secure.gravatar.com\/avatar\/55cb5e37c1efa326397366e6974cb338056df65cb50e7d64d1cf314e87504837?s=96&d=mm&r=g","contentUrl":"https:\/\/secure.gravatar.com\/avatar\/55cb5e37c1efa326397366e6974cb338056df65cb50e7d64d1cf314e87504837?s=96&d=mm&r=g","caption":"Arnaldo Botto"},"url":"https:\/\/www.noticiasradioreflejos.com.ar\/2021\/author\/arnaldo\/"}]}},"_links":{"self":[{"href":"https:\/\/www.noticiasradioreflejos.com.ar\/2021\/wp-json\/wp\/v2\/posts\/12306","targetHints":{"allow":["GET"]}}],"collection":[{"href":"https:\/\/www.noticiasradioreflejos.com.ar\/2021\/wp-json\/wp\/v2\/posts"}],"about":[{"href":"https:\/\/www.noticiasradioreflejos.com.ar\/2021\/wp-json\/wp\/v2\/types\/post"}],"author":[{"embeddable":true,"href":"https:\/\/www.noticiasradioreflejos.com.ar\/2021\/wp-json\/wp\/v2\/users\/3"}],"replies":[{"embeddable":true,"href":"https:\/\/www.noticiasradioreflejos.com.ar\/2021\/wp-json\/wp\/v2\/comments?post=12306"}],"version-history":[{"count":0,"href":"https:\/\/www.noticiasradioreflejos.com.ar\/2021\/wp-json\/wp\/v2\/posts\/12306\/revisions"}],"wp:attachment":[{"href":"https:\/\/www.noticiasradioreflejos.com.ar\/2021\/wp-json\/wp\/v2\/media?parent=12306"}],"wp:term":[{"taxonomy":"category","embeddable":true,"href":"https:\/\/www.noticiasradioreflejos.com.ar\/2021\/wp-json\/wp\/v2\/categories?post=12306"},{"taxonomy":"post_tag","embeddable":true,"href":"https:\/\/www.noticiasradioreflejos.com.ar\/2021\/wp-json\/wp\/v2\/tags?post=12306"}],"curies":[{"name":"wp","href":"https:\/\/api.w.org\/{rel}","templated":true}]}}