{"id":123041,"date":"2025-08-07T13:49:53","date_gmt":"2025-08-07T16:49:53","guid":{"rendered":"https:\/\/www.noticiasradioreflejos.com.ar\/2021\/?p=123041"},"modified":"2025-08-07T16:15:20","modified_gmt":"2025-08-07T19:15:20","slug":"paso-a-nivel-en-sierra-de-la-ventana-se-normaliza-tras-descarrilamiento-de-tren","status":"publish","type":"post","link":"https:\/\/www.noticiasradioreflejos.com.ar\/2021\/paso-a-nivel-en-sierra-de-la-ventana-se-normaliza-tras-descarrilamiento-de-tren\/","title":{"rendered":"Paso a nivel en Sierra de la Ventana se normaliza tras descarrilamiento de tren"},"content":{"rendered":"<p>Cuadrilla de 30 operarios de Ferrosur trabaj\u00f3 intensamente para desplazar formaci\u00f3n y liberar paso a nivel.<\/p>\n<p><!--more--><\/p>\n<p>Tras el descarrilamiento de un tren de carga en la estaci\u00f3n ferroviaria de Sierra de la Ventana, ocurrido en horas de la noche del mi\u00e9rcoles, el paso a nivel se ha normalizado gracias al trabajo intenso de una cuadrilla de 30 operarios de la empresa Ferrosur.<\/p>\n<p><a href=\"https:\/\/www.noticiasradioreflejos.com.ar\/2021\/paso-a-nivel-en-sierra-de-la-ventana-se-normaliza-tras-descarrilamiento-de-tren\/estacion-descarrilamiento-3\/\" rel=\"attachment wp-att-123043\"><img loading=\"lazy\" decoding=\"async\" class=\"aligncenter size-full wp-image-123043\" src=\"https:\/\/www.noticiasradioreflejos.com.ar\/2021\/wp-content\/uploads\/2025\/08\/Estacion-descarrilamiento-3.jpeg\" alt=\"\" width=\"1160\" height=\"522\" srcset=\"https:\/\/www.noticiasradioreflejos.com.ar\/2021\/wp-content\/uploads\/2025\/08\/Estacion-descarrilamiento-3.jpeg 1160w, https:\/\/www.noticiasradioreflejos.com.ar\/2021\/wp-content\/uploads\/2025\/08\/Estacion-descarrilamiento-3-300x135.jpeg 300w, https:\/\/www.noticiasradioreflejos.com.ar\/2021\/wp-content\/uploads\/2025\/08\/Estacion-descarrilamiento-3-1024x461.jpeg 1024w, https:\/\/www.noticiasradioreflejos.com.ar\/2021\/wp-content\/uploads\/2025\/08\/Estacion-descarrilamiento-3-768x346.jpeg 768w, https:\/\/www.noticiasradioreflejos.com.ar\/2021\/wp-content\/uploads\/2025\/08\/Estacion-descarrilamiento-3-750x338.jpeg 750w, https:\/\/www.noticiasradioreflejos.com.ar\/2021\/wp-content\/uploads\/2025\/08\/Estacion-descarrilamiento-3-1140x513.jpeg 1140w\" sizes=\"auto, (max-width: 1160px) 100vw, 1160px\" \/><\/a><\/p>\n<p>El descarrilamiento, que involucr\u00f3 a dos vagones de carga de una formaci\u00f3n de 42, provoc\u00f3 la rotura de gran parte del and\u00e9n de la estaci\u00f3n ferroviaria y la interrupci\u00f3n del tr\u00e1fico en el paso a nivel.<\/p>\n<p>Sin embargo, tras varias horas de trabajo, la cuadrilla de Ferrosur logr\u00f3 desplazar la formaci\u00f3n y liberar el paso a nivel a las 13 horas de este jueves.<\/p>\n<p>Seg\u00fan los an\u00e1lisis previos y los peritajes de la propia empresa Ferrosur, el Jefe de zona con asiento en Bah\u00eda Blanca <strong>Hugo Alberto Torresi,<\/strong> inform\u00f3 a esta redacci\u00f3n que el descarrilamiento se produjo debido a\u00a0 deficiencia en la tracci\u00f3n de una de las chatas que conten\u00eda contenedores con carga, lo que hizo que un vag\u00f3n se desplazara fuera de trocha por aproximadamente 100 metros dejando a su camino el consiguiente destrozo.<\/p>\n<p>Afortunadamente, la formaci\u00f3n se detuvo metros antes de llegar al puente, evitando un desastre mayor.<\/p>\n<p>Los trabajos de reparaci\u00f3n de v\u00edas y durmientes en los sectores afectados por el siniestro contin\u00faan en marcha.<\/p>\n<p><iframe loading=\"lazy\" title=\"7 de agosto de 2025\" src=\"https:\/\/www.youtube.com\/embed\/L3xler873wk\" width=\"640\" height=\"360\" frameborder=\"0\" allowfullscreen=\"allowfullscreen\"><\/iframe><br \/>\n&nbsp;<\/p>\n<p><a href=\"https:\/\/www.noticiasradioreflejos.com.ar\/2021\/paso-a-nivel-en-sierra-de-la-ventana-se-normaliza-tras-descarrilamiento-de-tren\/estacion-descarrilamiento-2\/\" rel=\"attachment wp-att-123042\"><img loading=\"lazy\" decoding=\"async\" class=\"aligncenter size-full wp-image-123042\" src=\"https:\/\/www.noticiasradioreflejos.com.ar\/2021\/wp-content\/uploads\/2025\/08\/Estacion-descarrilamiento-2.jpeg\" alt=\"\" width=\"1160\" height=\"522\" srcset=\"https:\/\/www.noticiasradioreflejos.com.ar\/2021\/wp-content\/uploads\/2025\/08\/Estacion-descarrilamiento-2.jpeg 1160w, https:\/\/www.noticiasradioreflejos.com.ar\/2021\/wp-content\/uploads\/2025\/08\/Estacion-descarrilamiento-2-300x135.jpeg 300w, https:\/\/www.noticiasradioreflejos.com.ar\/2021\/wp-content\/uploads\/2025\/08\/Estacion-descarrilamiento-2-1024x461.jpeg 1024w, https:\/\/www.noticiasradioreflejos.com.ar\/2021\/wp-content\/uploads\/2025\/08\/Estacion-descarrilamiento-2-768x346.jpeg 768w, https:\/\/www.noticiasradioreflejos.com.ar\/2021\/wp-content\/uploads\/2025\/08\/Estacion-descarrilamiento-2-750x338.jpeg 750w, https:\/\/www.noticiasradioreflejos.com.ar\/2021\/wp-content\/uploads\/2025\/08\/Estacion-descarrilamiento-2-1140x513.jpeg 1140w\" sizes=\"auto, (max-width: 1160px) 100vw, 1160px\" \/><\/a><\/p>\n","protected":false},"excerpt":{"rendered":"<p>Cuadrilla de 30 operarios de Ferrosur trabaj\u00f3 intensamente para desplazar formaci\u00f3n y liberar paso a nivel.<\/p>\n","protected":false},"author":3,"featured_media":123044,"comment_status":"closed","ping_status":"closed","sticky":false,"template":"","format":"standard","meta":{"footnotes":""},"categories":[26,33],"tags":[48],"class_list":["post-123041","post","type-post","status-publish","format-standard","has-post-thumbnail","hentry","category-sociedad","category-turismo","tag-destacada"],"yoast_head":"<!-- This site is optimized with the Yoast SEO plugin v25.9 - https:\/\/yoast.com\/wordpress\/plugins\/seo\/ -->\n<title>Paso a nivel en Sierra de la Ventana se normaliza tras descarrilamiento de tren - Noticias Radio Reflejos<\/title>\n<meta name=\"robots\" content=\"index, follow, max-snippet:-1, max-image-preview:large, max-video-preview:-1\" \/>\n<link rel=\"canonical\" href=\"https:\/\/www.noticiasradioreflejos.com.ar\/2021\/paso-a-nivel-en-sierra-de-la-ventana-se-normaliza-tras-descarrilamiento-de-tren\/\" \/>\n<meta property=\"og:locale\" content=\"es_ES\" \/>\n<meta property=\"og:type\" content=\"article\" \/>\n<meta property=\"og:title\" content=\"Paso a nivel en Sierra de la Ventana se normaliza tras descarrilamiento de tren - Noticias Radio Reflejos\" \/>\n<meta property=\"og:description\" content=\"Cuadrilla de 30 operarios de Ferrosur trabaj\u00f3 intensamente para desplazar formaci\u00f3n y liberar paso a nivel.\" \/>\n<meta property=\"og:url\" content=\"https:\/\/www.noticiasradioreflejos.com.ar\/2021\/paso-a-nivel-en-sierra-de-la-ventana-se-normaliza-tras-descarrilamiento-de-tren\/\" \/>\n<meta property=\"og:site_name\" content=\"Noticias Radio Reflejos\" \/>\n<meta property=\"article:published_time\" content=\"2025-08-07T16:49:53+00:00\" \/>\n<meta property=\"article:modified_time\" content=\"2025-08-07T19:15:20+00:00\" \/>\n<meta property=\"og:image\" content=\"https:\/\/www.noticiasradioreflejos.com.ar\/2021\/wp-content\/uploads\/2025\/08\/Estacion-descarrilamiento-1.jpeg\" \/>\n\t<meta property=\"og:image:width\" content=\"1280\" \/>\n\t<meta property=\"og:image:height\" content=\"576\" \/>\n\t<meta property=\"og:image:type\" content=\"image\/jpeg\" \/>\n<meta name=\"author\" content=\"Arnaldo Botto\" \/>\n<meta name=\"twitter:card\" content=\"summary_large_image\" \/>\n<script type=\"application\/ld+json\" class=\"yoast-schema-graph\">{\"@context\":\"https:\/\/schema.org\",\"@graph\":[{\"@type\":\"WebPage\",\"@id\":\"https:\/\/www.noticiasradioreflejos.com.ar\/2021\/paso-a-nivel-en-sierra-de-la-ventana-se-normaliza-tras-descarrilamiento-de-tren\/\",\"url\":\"https:\/\/www.noticiasradioreflejos.com.ar\/2021\/paso-a-nivel-en-sierra-de-la-ventana-se-normaliza-tras-descarrilamiento-de-tren\/\",\"name\":\"Paso a nivel en Sierra de la Ventana se normaliza tras descarrilamiento de tren - Noticias Radio Reflejos\",\"isPartOf\":{\"@id\":\"https:\/\/www.noticiasradioreflejos.com.ar\/2021\/#website\"},\"primaryImageOfPage\":{\"@id\":\"https:\/\/www.noticiasradioreflejos.com.ar\/2021\/paso-a-nivel-en-sierra-de-la-ventana-se-normaliza-tras-descarrilamiento-de-tren\/#primaryimage\"},\"image\":{\"@id\":\"https:\/\/www.noticiasradioreflejos.com.ar\/2021\/paso-a-nivel-en-sierra-de-la-ventana-se-normaliza-tras-descarrilamiento-de-tren\/#primaryimage\"},\"thumbnailUrl\":\"https:\/\/www.noticiasradioreflejos.com.ar\/2021\/wp-content\/uploads\/2025\/08\/Estacion-descarrilamiento-1.jpeg\",\"datePublished\":\"2025-08-07T16:49:53+00:00\",\"dateModified\":\"2025-08-07T19:15:20+00:00\",\"author\":{\"@id\":\"https:\/\/www.noticiasradioreflejos.com.ar\/2021\/#\/schema\/person\/ad82545263dcc5ec0996818884fd5fb1\"},\"breadcrumb\":{\"@id\":\"https:\/\/www.noticiasradioreflejos.com.ar\/2021\/paso-a-nivel-en-sierra-de-la-ventana-se-normaliza-tras-descarrilamiento-de-tren\/#breadcrumb\"},\"inLanguage\":\"es\",\"potentialAction\":[{\"@type\":\"ReadAction\",\"target\":[\"https:\/\/www.noticiasradioreflejos.com.ar\/2021\/paso-a-nivel-en-sierra-de-la-ventana-se-normaliza-tras-descarrilamiento-de-tren\/\"]}]},{\"@type\":\"ImageObject\",\"inLanguage\":\"es\",\"@id\":\"https:\/\/www.noticiasradioreflejos.com.ar\/2021\/paso-a-nivel-en-sierra-de-la-ventana-se-normaliza-tras-descarrilamiento-de-tren\/#primaryimage\",\"url\":\"https:\/\/www.noticiasradioreflejos.com.ar\/2021\/wp-content\/uploads\/2025\/08\/Estacion-descarrilamiento-1.jpeg\",\"contentUrl\":\"https:\/\/www.noticiasradioreflejos.com.ar\/2021\/wp-content\/uploads\/2025\/08\/Estacion-descarrilamiento-1.jpeg\",\"width\":1280,\"height\":576},{\"@type\":\"BreadcrumbList\",\"@id\":\"https:\/\/www.noticiasradioreflejos.com.ar\/2021\/paso-a-nivel-en-sierra-de-la-ventana-se-normaliza-tras-descarrilamiento-de-tren\/#breadcrumb\",\"itemListElement\":[{\"@type\":\"ListItem\",\"position\":1,\"name\":\"Portada\",\"item\":\"https:\/\/www.noticiasradioreflejos.com.ar\/2021\/\"},{\"@type\":\"ListItem\",\"position\":2,\"name\":\"Paso a nivel en Sierra de la Ventana se normaliza tras descarrilamiento de tren\"}]},{\"@type\":\"WebSite\",\"@id\":\"https:\/\/www.noticiasradioreflejos.com.ar\/2021\/#website\",\"url\":\"https:\/\/www.noticiasradioreflejos.com.ar\/2021\/\",\"name\":\"Noticias Radio Reflejos\",\"description\":\"Las noticias de mi comarca\",\"potentialAction\":[{\"@type\":\"SearchAction\",\"target\":{\"@type\":\"EntryPoint\",\"urlTemplate\":\"https:\/\/www.noticiasradioreflejos.com.ar\/2021\/?s={search_term_string}\"},\"query-input\":{\"@type\":\"PropertyValueSpecification\",\"valueRequired\":true,\"valueName\":\"search_term_string\"}}],\"inLanguage\":\"es\"},{\"@type\":\"Person\",\"@id\":\"https:\/\/www.noticiasradioreflejos.com.ar\/2021\/#\/schema\/person\/ad82545263dcc5ec0996818884fd5fb1\",\"name\":\"Arnaldo Botto\",\"image\":{\"@type\":\"ImageObject\",\"inLanguage\":\"es\",\"@id\":\"https:\/\/www.noticiasradioreflejos.com.ar\/2021\/#\/schema\/person\/image\/\",\"url\":\"https:\/\/secure.gravatar.com\/avatar\/55cb5e37c1efa326397366e6974cb338056df65cb50e7d64d1cf314e87504837?s=96&d=mm&r=g\",\"contentUrl\":\"https:\/\/secure.gravatar.com\/avatar\/55cb5e37c1efa326397366e6974cb338056df65cb50e7d64d1cf314e87504837?s=96&d=mm&r=g\",\"caption\":\"Arnaldo Botto\"},\"url\":\"https:\/\/www.noticiasradioreflejos.com.ar\/2021\/author\/arnaldo\/\"}]}<\/script>\n<!-- \/ Yoast SEO plugin. -->","yoast_head_json":{"title":"Paso a nivel en Sierra de la Ventana se normaliza tras descarrilamiento de tren - Noticias Radio Reflejos","robots":{"index":"index","follow":"follow","max-snippet":"max-snippet:-1","max-image-preview":"max-image-preview:large","max-video-preview":"max-video-preview:-1"},"canonical":"https:\/\/www.noticiasradioreflejos.com.ar\/2021\/paso-a-nivel-en-sierra-de-la-ventana-se-normaliza-tras-descarrilamiento-de-tren\/","og_locale":"es_ES","og_type":"article","og_title":"Paso a nivel en Sierra de la Ventana se normaliza tras descarrilamiento de tren - Noticias Radio Reflejos","og_description":"Cuadrilla de 30 operarios de Ferrosur trabaj\u00f3 intensamente para desplazar formaci\u00f3n y liberar paso a nivel.","og_url":"https:\/\/www.noticiasradioreflejos.com.ar\/2021\/paso-a-nivel-en-sierra-de-la-ventana-se-normaliza-tras-descarrilamiento-de-tren\/","og_site_name":"Noticias Radio Reflejos","article_published_time":"2025-08-07T16:49:53+00:00","article_modified_time":"2025-08-07T19:15:20+00:00","og_image":[{"width":1280,"height":576,"url":"https:\/\/www.noticiasradioreflejos.com.ar\/2021\/wp-content\/uploads\/2025\/08\/Estacion-descarrilamiento-1.jpeg","type":"image\/jpeg"}],"author":"Arnaldo Botto","twitter_card":"summary_large_image","schema":{"@context":"https:\/\/schema.org","@graph":[{"@type":"WebPage","@id":"https:\/\/www.noticiasradioreflejos.com.ar\/2021\/paso-a-nivel-en-sierra-de-la-ventana-se-normaliza-tras-descarrilamiento-de-tren\/","url":"https:\/\/www.noticiasradioreflejos.com.ar\/2021\/paso-a-nivel-en-sierra-de-la-ventana-se-normaliza-tras-descarrilamiento-de-tren\/","name":"Paso a nivel en Sierra de la Ventana se normaliza tras descarrilamiento de tren - Noticias Radio Reflejos","isPartOf":{"@id":"https:\/\/www.noticiasradioreflejos.com.ar\/2021\/#website"},"primaryImageOfPage":{"@id":"https:\/\/www.noticiasradioreflejos.com.ar\/2021\/paso-a-nivel-en-sierra-de-la-ventana-se-normaliza-tras-descarrilamiento-de-tren\/#primaryimage"},"image":{"@id":"https:\/\/www.noticiasradioreflejos.com.ar\/2021\/paso-a-nivel-en-sierra-de-la-ventana-se-normaliza-tras-descarrilamiento-de-tren\/#primaryimage"},"thumbnailUrl":"https:\/\/www.noticiasradioreflejos.com.ar\/2021\/wp-content\/uploads\/2025\/08\/Estacion-descarrilamiento-1.jpeg","datePublished":"2025-08-07T16:49:53+00:00","dateModified":"2025-08-07T19:15:20+00:00","author":{"@id":"https:\/\/www.noticiasradioreflejos.com.ar\/2021\/#\/schema\/person\/ad82545263dcc5ec0996818884fd5fb1"},"breadcrumb":{"@id":"https:\/\/www.noticiasradioreflejos.com.ar\/2021\/paso-a-nivel-en-sierra-de-la-ventana-se-normaliza-tras-descarrilamiento-de-tren\/#breadcrumb"},"inLanguage":"es","potentialAction":[{"@type":"ReadAction","target":["https:\/\/www.noticiasradioreflejos.com.ar\/2021\/paso-a-nivel-en-sierra-de-la-ventana-se-normaliza-tras-descarrilamiento-de-tren\/"]}]},{"@type":"ImageObject","inLanguage":"es","@id":"https:\/\/www.noticiasradioreflejos.com.ar\/2021\/paso-a-nivel-en-sierra-de-la-ventana-se-normaliza-tras-descarrilamiento-de-tren\/#primaryimage","url":"https:\/\/www.noticiasradioreflejos.com.ar\/2021\/wp-content\/uploads\/2025\/08\/Estacion-descarrilamiento-1.jpeg","contentUrl":"https:\/\/www.noticiasradioreflejos.com.ar\/2021\/wp-content\/uploads\/2025\/08\/Estacion-descarrilamiento-1.jpeg","width":1280,"height":576},{"@type":"BreadcrumbList","@id":"https:\/\/www.noticiasradioreflejos.com.ar\/2021\/paso-a-nivel-en-sierra-de-la-ventana-se-normaliza-tras-descarrilamiento-de-tren\/#breadcrumb","itemListElement":[{"@type":"ListItem","position":1,"name":"Portada","item":"https:\/\/www.noticiasradioreflejos.com.ar\/2021\/"},{"@type":"ListItem","position":2,"name":"Paso a nivel en Sierra de la Ventana se normaliza tras descarrilamiento de tren"}]},{"@type":"WebSite","@id":"https:\/\/www.noticiasradioreflejos.com.ar\/2021\/#website","url":"https:\/\/www.noticiasradioreflejos.com.ar\/2021\/","name":"Noticias Radio Reflejos","description":"Las noticias de mi comarca","potentialAction":[{"@type":"SearchAction","target":{"@type":"EntryPoint","urlTemplate":"https:\/\/www.noticiasradioreflejos.com.ar\/2021\/?s={search_term_string}"},"query-input":{"@type":"PropertyValueSpecification","valueRequired":true,"valueName":"search_term_string"}}],"inLanguage":"es"},{"@type":"Person","@id":"https:\/\/www.noticiasradioreflejos.com.ar\/2021\/#\/schema\/person\/ad82545263dcc5ec0996818884fd5fb1","name":"Arnaldo Botto","image":{"@type":"ImageObject","inLanguage":"es","@id":"https:\/\/www.noticiasradioreflejos.com.ar\/2021\/#\/schema\/person\/image\/","url":"https:\/\/secure.gravatar.com\/avatar\/55cb5e37c1efa326397366e6974cb338056df65cb50e7d64d1cf314e87504837?s=96&d=mm&r=g","contentUrl":"https:\/\/secure.gravatar.com\/avatar\/55cb5e37c1efa326397366e6974cb338056df65cb50e7d64d1cf314e87504837?s=96&d=mm&r=g","caption":"Arnaldo Botto"},"url":"https:\/\/www.noticiasradioreflejos.com.ar\/2021\/author\/arnaldo\/"}]}},"_links":{"self":[{"href":"https:\/\/www.noticiasradioreflejos.com.ar\/2021\/wp-json\/wp\/v2\/posts\/123041","targetHints":{"allow":["GET"]}}],"collection":[{"href":"https:\/\/www.noticiasradioreflejos.com.ar\/2021\/wp-json\/wp\/v2\/posts"}],"about":[{"href":"https:\/\/www.noticiasradioreflejos.com.ar\/2021\/wp-json\/wp\/v2\/types\/post"}],"author":[{"embeddable":true,"href":"https:\/\/www.noticiasradioreflejos.com.ar\/2021\/wp-json\/wp\/v2\/users\/3"}],"replies":[{"embeddable":true,"href":"https:\/\/www.noticiasradioreflejos.com.ar\/2021\/wp-json\/wp\/v2\/comments?post=123041"}],"version-history":[{"count":5,"href":"https:\/\/www.noticiasradioreflejos.com.ar\/2021\/wp-json\/wp\/v2\/posts\/123041\/revisions"}],"predecessor-version":[{"id":123053,"href":"https:\/\/www.noticiasradioreflejos.com.ar\/2021\/wp-json\/wp\/v2\/posts\/123041\/revisions\/123053"}],"wp:featuredmedia":[{"embeddable":true,"href":"https:\/\/www.noticiasradioreflejos.com.ar\/2021\/wp-json\/wp\/v2\/media\/123044"}],"wp:attachment":[{"href":"https:\/\/www.noticiasradioreflejos.com.ar\/2021\/wp-json\/wp\/v2\/media?parent=123041"}],"wp:term":[{"taxonomy":"category","embeddable":true,"href":"https:\/\/www.noticiasradioreflejos.com.ar\/2021\/wp-json\/wp\/v2\/categories?post=123041"},{"taxonomy":"post_tag","embeddable":true,"href":"https:\/\/www.noticiasradioreflejos.com.ar\/2021\/wp-json\/wp\/v2\/tags?post=123041"}],"curies":[{"name":"wp","href":"https:\/\/api.w.org\/{rel}","templated":true}]}}