{"id":123032,"date":"2025-08-07T19:35:32","date_gmt":"2025-08-07T22:35:32","guid":{"rendered":"https:\/\/www.noticiasradioreflejos.com.ar\/2021\/?p=123032"},"modified":"2025-08-07T19:38:40","modified_gmt":"2025-08-07T22:38:40","slug":"tornquist-suma-tecnologia-inauguracion-de-totems-digitales-con-conexion-wi-fi-en-la-plaza-principal","status":"publish","type":"post","link":"https:\/\/www.noticiasradioreflejos.com.ar\/2021\/tornquist-suma-tecnologia-inauguracion-de-totems-digitales-con-conexion-wi-fi-en-la-plaza-principal\/","title":{"rendered":"Tornquist suma tecnolog\u00eda: inauguraci\u00f3n de t\u00f3tems digitales con conexi\u00f3n Wi-Fi en la plaza principal."},"content":{"rendered":"<p>Ignacio Bucchi, Presidente de la Cooperativa El\u00e9ctrica Limitada de Tornquist, nos habla sobre las funcionalidades y beneficios de este nuevo servicio.<!--more--><\/p>\n<p>La Cooperativa El\u00e9ctrica Limitada de Tornquist inaugur\u00f3 t\u00f3tems digitales con conexi\u00f3n Wi-Fi en la plaza principal de la localidad y en Villa ventana, con el objetivo de renovar y mejorar la experiencia de los vecinos y visitantes.<\/p>\n<p>Ignacio Bucchi, Presidente de la Comisi\u00f3n Directiva de la cooperativa, explic\u00f3 que la iniciativa forma parte de un proyecto m\u00e1s amplio que busca renovar la infraestructura de internet en la zona, mediante la implementaci\u00f3n de fibra \u00f3ptica. \u00abLos t\u00f3tems son de gran alcance, permiten la conexi\u00f3n de hasta 300 personas y ofrecen una navegaci\u00f3n r\u00e1pida para acceder a aplicaciones como WhatsApp, Instagram y Facebook\u00bb, detall\u00f3 Bucchi.<\/p>\n<p><a href=\"https:\/\/www.noticiasradioreflejos.com.ar\/2021\/la-celt-instalo-dos-totems-de-conectividad-en-villa-ventana\/villa-ventana-4\/\" rel=\"attachment wp-att-122702\"><img loading=\"lazy\" decoding=\"async\" class=\"aligncenter size-full wp-image-122702\" src=\"https:\/\/www.noticiasradioreflejos.com.ar\/2021\/wp-content\/uploads\/2025\/08\/villa-Ventana.jpg\" alt=\"\" width=\"1024\" height=\"683\" \/><\/a><\/p>\n<p>&nbsp;<\/p>\n<p>\u00abEn realidad a lo que la cooperativa de Tornquist apost\u00f3 fue a renovar internet, poner lo que es la fibra \u00f3ptica. En raz\u00f3n de esta fibra \u00f3ptica poder modificar lo de estos t\u00f3tems. Son t\u00f3tems de gran alcance, entran hasta 300 personas que pueden estar conectadas, te permite ingresar, a los 15 o 20 minutos te saca para que alguien pueda entrar. Es una navegaci\u00f3n r\u00e1pida de Whatsapp, usar Instagram, ver algo de facebook\u00bb explica Nacho las funciones que cumplir\u00e1n los t\u00f3tems.<\/p>\n<p>\u00abCuando vos ingresas, tenes que loggearte y aceptar ciertos permisos y condiciones. Eso te condiciona al ancho de banda tambi\u00e9n\u00bb comenta cu\u00e1les son las condiciones para poder hacer uso de este nuevo servicio.<\/p>\n<p>\u00abVa a ir otro m\u00e1s en el Balneario, que lo pondremos m\u00e1s adelante. Va 1 en el parador Casuat\u00ed, tambi\u00e9n est\u00e1 en planes de que dentro de poco se ponga. 3 hay en la plaza E. Tornquist y uno en cada plaza sur y norte. Ayer estuvimos hablando de llegar a poner en el Parque L\u00e1inez y el Parque Lineal\u00bb nombra d\u00f3nde se encuentran colocados los t\u00f3tems y las proyecciones a futuro que existen.<\/p>\n<p>\u00abCada t\u00f3tem tiene 8 puestos de carga. 2 de iphone y 6 de android. Si viniste con tu familia, te quedaste sin carga, pueden enchufarlo ah\u00ed y navegar en ese sistema. Si bien la idea es copiada de otros lugares, el t\u00f3tem lo dise\u00f1amos nosotros. Cuenta con \u00faltima tecnolog\u00eda, que se usa en varias ciudades de Europa\u00bb explica las particularidades de estas nuevas adquisiciones que ya se encuentran en funcionamiento en la plaza principal de Tornquist.<\/p>\n<p>\u00abCreo que la Cooperativa se acomod\u00f3 institucional y econ\u00f3micamente. Se tomaron cosas que hab\u00edan quedado sin hacer y hay un panorama de inversiones muy grande, estamos para eso, en trabajar para la gente\u00bb hace referencia a su gesti\u00f3n como Presidente de la Comisi\u00f3n de la CELT.<\/p>\n<p>\u00abTenemos muchas l\u00edneas rurales, representa tambi\u00e9n invertir en grande pero tambi\u00e9n tiene mucho consumo. Te permite tener otra realidad de los n\u00fameros que tienen otras Cooperativas. No consideramos que, dentro de estas inversiones, la cooperativa corra alg\u00fan riesgo\u00bb responde cuando se le consulta sobre c\u00f3mo impacta en la CELT la situaci\u00f3n econ\u00f3mica actual del pa\u00eds. \u00abLa CELT tiene una morosidad muy chica, gracias a Dios. No es grande que perjudique a la econom\u00eda\u00bb cierra la nota.<\/p>\n<p>&nbsp;<\/p>\n<audio class=\"wp-audio-shortcode\" id=\"audio-123032-1\" preload=\"none\" style=\"width: 100%;\" controls=\"controls\"><source type=\"audio\/mpeg\" src=\"https:\/\/www.noticiasradioreflejos.com.ar\/2021\/wp-content\/uploads\/2025\/08\/Ignacio-Bucci-07-08.mp3?_=1\" \/><a href=\"https:\/\/www.noticiasradioreflejos.com.ar\/2021\/wp-content\/uploads\/2025\/08\/Ignacio-Bucci-07-08.mp3\">https:\/\/www.noticiasradioreflejos.com.ar\/2021\/wp-content\/uploads\/2025\/08\/Ignacio-Bucci-07-08.mp3<\/a><\/audio>\n","protected":false},"excerpt":{"rendered":"<p>Ignacio Bucchi, Presidente de la Cooperativa El\u00e9ctrica Limitada de Tornquist, nos habla sobre las funcionalidades y beneficios de este nuevo servicio.<\/p>\n","protected":false},"author":3,"featured_media":123065,"comment_status":"closed","ping_status":"closed","sticky":false,"template":"","format":"standard","meta":{"footnotes":""},"categories":[46,24],"tags":[48],"class_list":["post-123032","post","type-post","status-publish","format-standard","has-post-thumbnail","hentry","category-ciencia-y-tecnologia","category-politica","tag-destacada"],"yoast_head":"<!-- This site is optimized with the Yoast SEO plugin v25.9 - https:\/\/yoast.com\/wordpress\/plugins\/seo\/ -->\n<title>Tornquist suma tecnolog\u00eda: inauguraci\u00f3n de t\u00f3tems digitales con conexi\u00f3n Wi-Fi en la plaza principal. - Noticias Radio Reflejos<\/title>\n<meta name=\"robots\" content=\"index, follow, max-snippet:-1, max-image-preview:large, max-video-preview:-1\" \/>\n<link rel=\"canonical\" href=\"https:\/\/www.noticiasradioreflejos.com.ar\/2021\/tornquist-suma-tecnologia-inauguracion-de-totems-digitales-con-conexion-wi-fi-en-la-plaza-principal\/\" \/>\n<meta property=\"og:locale\" content=\"es_ES\" \/>\n<meta property=\"og:type\" content=\"article\" \/>\n<meta property=\"og:title\" content=\"Tornquist suma tecnolog\u00eda: inauguraci\u00f3n de t\u00f3tems digitales con conexi\u00f3n Wi-Fi en la plaza principal. - Noticias Radio Reflejos\" \/>\n<meta property=\"og:description\" content=\"Ignacio Bucchi, Presidente de la Cooperativa El\u00e9ctrica Limitada de Tornquist, nos habla sobre las funcionalidades y beneficios de este nuevo servicio.\" \/>\n<meta property=\"og:url\" content=\"https:\/\/www.noticiasradioreflejos.com.ar\/2021\/tornquist-suma-tecnologia-inauguracion-de-totems-digitales-con-conexion-wi-fi-en-la-plaza-principal\/\" \/>\n<meta property=\"og:site_name\" content=\"Noticias Radio Reflejos\" \/>\n<meta property=\"article:published_time\" content=\"2025-08-07T22:35:32+00:00\" \/>\n<meta property=\"article:modified_time\" content=\"2025-08-07T22:38:40+00:00\" \/>\n<meta property=\"og:image\" content=\"https:\/\/www.noticiasradioreflejos.com.ar\/2021\/wp-content\/uploads\/2025\/08\/Nacho-y-pino.jpg\" \/>\n\t<meta property=\"og:image:width\" content=\"1024\" \/>\n\t<meta property=\"og:image:height\" content=\"683\" \/>\n\t<meta property=\"og:image:type\" content=\"image\/jpeg\" \/>\n<meta name=\"author\" content=\"Arnaldo Botto\" \/>\n<meta name=\"twitter:card\" content=\"summary_large_image\" \/>\n<script type=\"application\/ld+json\" class=\"yoast-schema-graph\">{\"@context\":\"https:\/\/schema.org\",\"@graph\":[{\"@type\":\"WebPage\",\"@id\":\"https:\/\/www.noticiasradioreflejos.com.ar\/2021\/tornquist-suma-tecnologia-inauguracion-de-totems-digitales-con-conexion-wi-fi-en-la-plaza-principal\/\",\"url\":\"https:\/\/www.noticiasradioreflejos.com.ar\/2021\/tornquist-suma-tecnologia-inauguracion-de-totems-digitales-con-conexion-wi-fi-en-la-plaza-principal\/\",\"name\":\"Tornquist suma tecnolog\u00eda: inauguraci\u00f3n de t\u00f3tems digitales con conexi\u00f3n Wi-Fi en la plaza principal. - Noticias Radio Reflejos\",\"isPartOf\":{\"@id\":\"https:\/\/www.noticiasradioreflejos.com.ar\/2021\/#website\"},\"primaryImageOfPage\":{\"@id\":\"https:\/\/www.noticiasradioreflejos.com.ar\/2021\/tornquist-suma-tecnologia-inauguracion-de-totems-digitales-con-conexion-wi-fi-en-la-plaza-principal\/#primaryimage\"},\"image\":{\"@id\":\"https:\/\/www.noticiasradioreflejos.com.ar\/2021\/tornquist-suma-tecnologia-inauguracion-de-totems-digitales-con-conexion-wi-fi-en-la-plaza-principal\/#primaryimage\"},\"thumbnailUrl\":\"https:\/\/www.noticiasradioreflejos.com.ar\/2021\/wp-content\/uploads\/2025\/08\/Nacho-y-pino.jpg\",\"datePublished\":\"2025-08-07T22:35:32+00:00\",\"dateModified\":\"2025-08-07T22:38:40+00:00\",\"author\":{\"@id\":\"https:\/\/www.noticiasradioreflejos.com.ar\/2021\/#\/schema\/person\/ad82545263dcc5ec0996818884fd5fb1\"},\"breadcrumb\":{\"@id\":\"https:\/\/www.noticiasradioreflejos.com.ar\/2021\/tornquist-suma-tecnologia-inauguracion-de-totems-digitales-con-conexion-wi-fi-en-la-plaza-principal\/#breadcrumb\"},\"inLanguage\":\"es\",\"potentialAction\":[{\"@type\":\"ReadAction\",\"target\":[\"https:\/\/www.noticiasradioreflejos.com.ar\/2021\/tornquist-suma-tecnologia-inauguracion-de-totems-digitales-con-conexion-wi-fi-en-la-plaza-principal\/\"]}]},{\"@type\":\"ImageObject\",\"inLanguage\":\"es\",\"@id\":\"https:\/\/www.noticiasradioreflejos.com.ar\/2021\/tornquist-suma-tecnologia-inauguracion-de-totems-digitales-con-conexion-wi-fi-en-la-plaza-principal\/#primaryimage\",\"url\":\"https:\/\/www.noticiasradioreflejos.com.ar\/2021\/wp-content\/uploads\/2025\/08\/Nacho-y-pino.jpg\",\"contentUrl\":\"https:\/\/www.noticiasradioreflejos.com.ar\/2021\/wp-content\/uploads\/2025\/08\/Nacho-y-pino.jpg\",\"width\":1024,\"height\":683},{\"@type\":\"BreadcrumbList\",\"@id\":\"https:\/\/www.noticiasradioreflejos.com.ar\/2021\/tornquist-suma-tecnologia-inauguracion-de-totems-digitales-con-conexion-wi-fi-en-la-plaza-principal\/#breadcrumb\",\"itemListElement\":[{\"@type\":\"ListItem\",\"position\":1,\"name\":\"Portada\",\"item\":\"https:\/\/www.noticiasradioreflejos.com.ar\/2021\/\"},{\"@type\":\"ListItem\",\"position\":2,\"name\":\"Tornquist suma tecnolog\u00eda: inauguraci\u00f3n de t\u00f3tems digitales con conexi\u00f3n Wi-Fi en la plaza principal.\"}]},{\"@type\":\"WebSite\",\"@id\":\"https:\/\/www.noticiasradioreflejos.com.ar\/2021\/#website\",\"url\":\"https:\/\/www.noticiasradioreflejos.com.ar\/2021\/\",\"name\":\"Noticias Radio Reflejos\",\"description\":\"Las noticias de mi comarca\",\"potentialAction\":[{\"@type\":\"SearchAction\",\"target\":{\"@type\":\"EntryPoint\",\"urlTemplate\":\"https:\/\/www.noticiasradioreflejos.com.ar\/2021\/?s={search_term_string}\"},\"query-input\":{\"@type\":\"PropertyValueSpecification\",\"valueRequired\":true,\"valueName\":\"search_term_string\"}}],\"inLanguage\":\"es\"},{\"@type\":\"Person\",\"@id\":\"https:\/\/www.noticiasradioreflejos.com.ar\/2021\/#\/schema\/person\/ad82545263dcc5ec0996818884fd5fb1\",\"name\":\"Arnaldo Botto\",\"image\":{\"@type\":\"ImageObject\",\"inLanguage\":\"es\",\"@id\":\"https:\/\/www.noticiasradioreflejos.com.ar\/2021\/#\/schema\/person\/image\/\",\"url\":\"https:\/\/secure.gravatar.com\/avatar\/55cb5e37c1efa326397366e6974cb338056df65cb50e7d64d1cf314e87504837?s=96&d=mm&r=g\",\"contentUrl\":\"https:\/\/secure.gravatar.com\/avatar\/55cb5e37c1efa326397366e6974cb338056df65cb50e7d64d1cf314e87504837?s=96&d=mm&r=g\",\"caption\":\"Arnaldo Botto\"},\"url\":\"https:\/\/www.noticiasradioreflejos.com.ar\/2021\/author\/arnaldo\/\"}]}<\/script>\n<!-- \/ Yoast SEO plugin. -->","yoast_head_json":{"title":"Tornquist suma tecnolog\u00eda: inauguraci\u00f3n de t\u00f3tems digitales con conexi\u00f3n Wi-Fi en la plaza principal. - Noticias Radio Reflejos","robots":{"index":"index","follow":"follow","max-snippet":"max-snippet:-1","max-image-preview":"max-image-preview:large","max-video-preview":"max-video-preview:-1"},"canonical":"https:\/\/www.noticiasradioreflejos.com.ar\/2021\/tornquist-suma-tecnologia-inauguracion-de-totems-digitales-con-conexion-wi-fi-en-la-plaza-principal\/","og_locale":"es_ES","og_type":"article","og_title":"Tornquist suma tecnolog\u00eda: inauguraci\u00f3n de t\u00f3tems digitales con conexi\u00f3n Wi-Fi en la plaza principal. - Noticias Radio Reflejos","og_description":"Ignacio Bucchi, Presidente de la Cooperativa El\u00e9ctrica Limitada de Tornquist, nos habla sobre las funcionalidades y beneficios de este nuevo servicio.","og_url":"https:\/\/www.noticiasradioreflejos.com.ar\/2021\/tornquist-suma-tecnologia-inauguracion-de-totems-digitales-con-conexion-wi-fi-en-la-plaza-principal\/","og_site_name":"Noticias Radio Reflejos","article_published_time":"2025-08-07T22:35:32+00:00","article_modified_time":"2025-08-07T22:38:40+00:00","og_image":[{"width":1024,"height":683,"url":"https:\/\/www.noticiasradioreflejos.com.ar\/2021\/wp-content\/uploads\/2025\/08\/Nacho-y-pino.jpg","type":"image\/jpeg"}],"author":"Arnaldo Botto","twitter_card":"summary_large_image","schema":{"@context":"https:\/\/schema.org","@graph":[{"@type":"WebPage","@id":"https:\/\/www.noticiasradioreflejos.com.ar\/2021\/tornquist-suma-tecnologia-inauguracion-de-totems-digitales-con-conexion-wi-fi-en-la-plaza-principal\/","url":"https:\/\/www.noticiasradioreflejos.com.ar\/2021\/tornquist-suma-tecnologia-inauguracion-de-totems-digitales-con-conexion-wi-fi-en-la-plaza-principal\/","name":"Tornquist suma tecnolog\u00eda: inauguraci\u00f3n de t\u00f3tems digitales con conexi\u00f3n Wi-Fi en la plaza principal. - Noticias Radio Reflejos","isPartOf":{"@id":"https:\/\/www.noticiasradioreflejos.com.ar\/2021\/#website"},"primaryImageOfPage":{"@id":"https:\/\/www.noticiasradioreflejos.com.ar\/2021\/tornquist-suma-tecnologia-inauguracion-de-totems-digitales-con-conexion-wi-fi-en-la-plaza-principal\/#primaryimage"},"image":{"@id":"https:\/\/www.noticiasradioreflejos.com.ar\/2021\/tornquist-suma-tecnologia-inauguracion-de-totems-digitales-con-conexion-wi-fi-en-la-plaza-principal\/#primaryimage"},"thumbnailUrl":"https:\/\/www.noticiasradioreflejos.com.ar\/2021\/wp-content\/uploads\/2025\/08\/Nacho-y-pino.jpg","datePublished":"2025-08-07T22:35:32+00:00","dateModified":"2025-08-07T22:38:40+00:00","author":{"@id":"https:\/\/www.noticiasradioreflejos.com.ar\/2021\/#\/schema\/person\/ad82545263dcc5ec0996818884fd5fb1"},"breadcrumb":{"@id":"https:\/\/www.noticiasradioreflejos.com.ar\/2021\/tornquist-suma-tecnologia-inauguracion-de-totems-digitales-con-conexion-wi-fi-en-la-plaza-principal\/#breadcrumb"},"inLanguage":"es","potentialAction":[{"@type":"ReadAction","target":["https:\/\/www.noticiasradioreflejos.com.ar\/2021\/tornquist-suma-tecnologia-inauguracion-de-totems-digitales-con-conexion-wi-fi-en-la-plaza-principal\/"]}]},{"@type":"ImageObject","inLanguage":"es","@id":"https:\/\/www.noticiasradioreflejos.com.ar\/2021\/tornquist-suma-tecnologia-inauguracion-de-totems-digitales-con-conexion-wi-fi-en-la-plaza-principal\/#primaryimage","url":"https:\/\/www.noticiasradioreflejos.com.ar\/2021\/wp-content\/uploads\/2025\/08\/Nacho-y-pino.jpg","contentUrl":"https:\/\/www.noticiasradioreflejos.com.ar\/2021\/wp-content\/uploads\/2025\/08\/Nacho-y-pino.jpg","width":1024,"height":683},{"@type":"BreadcrumbList","@id":"https:\/\/www.noticiasradioreflejos.com.ar\/2021\/tornquist-suma-tecnologia-inauguracion-de-totems-digitales-con-conexion-wi-fi-en-la-plaza-principal\/#breadcrumb","itemListElement":[{"@type":"ListItem","position":1,"name":"Portada","item":"https:\/\/www.noticiasradioreflejos.com.ar\/2021\/"},{"@type":"ListItem","position":2,"name":"Tornquist suma tecnolog\u00eda: inauguraci\u00f3n de t\u00f3tems digitales con conexi\u00f3n Wi-Fi en la plaza principal."}]},{"@type":"WebSite","@id":"https:\/\/www.noticiasradioreflejos.com.ar\/2021\/#website","url":"https:\/\/www.noticiasradioreflejos.com.ar\/2021\/","name":"Noticias Radio Reflejos","description":"Las noticias de mi comarca","potentialAction":[{"@type":"SearchAction","target":{"@type":"EntryPoint","urlTemplate":"https:\/\/www.noticiasradioreflejos.com.ar\/2021\/?s={search_term_string}"},"query-input":{"@type":"PropertyValueSpecification","valueRequired":true,"valueName":"search_term_string"}}],"inLanguage":"es"},{"@type":"Person","@id":"https:\/\/www.noticiasradioreflejos.com.ar\/2021\/#\/schema\/person\/ad82545263dcc5ec0996818884fd5fb1","name":"Arnaldo Botto","image":{"@type":"ImageObject","inLanguage":"es","@id":"https:\/\/www.noticiasradioreflejos.com.ar\/2021\/#\/schema\/person\/image\/","url":"https:\/\/secure.gravatar.com\/avatar\/55cb5e37c1efa326397366e6974cb338056df65cb50e7d64d1cf314e87504837?s=96&d=mm&r=g","contentUrl":"https:\/\/secure.gravatar.com\/avatar\/55cb5e37c1efa326397366e6974cb338056df65cb50e7d64d1cf314e87504837?s=96&d=mm&r=g","caption":"Arnaldo Botto"},"url":"https:\/\/www.noticiasradioreflejos.com.ar\/2021\/author\/arnaldo\/"}]}},"_links":{"self":[{"href":"https:\/\/www.noticiasradioreflejos.com.ar\/2021\/wp-json\/wp\/v2\/posts\/123032","targetHints":{"allow":["GET"]}}],"collection":[{"href":"https:\/\/www.noticiasradioreflejos.com.ar\/2021\/wp-json\/wp\/v2\/posts"}],"about":[{"href":"https:\/\/www.noticiasradioreflejos.com.ar\/2021\/wp-json\/wp\/v2\/types\/post"}],"author":[{"embeddable":true,"href":"https:\/\/www.noticiasradioreflejos.com.ar\/2021\/wp-json\/wp\/v2\/users\/3"}],"replies":[{"embeddable":true,"href":"https:\/\/www.noticiasradioreflejos.com.ar\/2021\/wp-json\/wp\/v2\/comments?post=123032"}],"version-history":[{"count":6,"href":"https:\/\/www.noticiasradioreflejos.com.ar\/2021\/wp-json\/wp\/v2\/posts\/123032\/revisions"}],"predecessor-version":[{"id":123070,"href":"https:\/\/www.noticiasradioreflejos.com.ar\/2021\/wp-json\/wp\/v2\/posts\/123032\/revisions\/123070"}],"wp:featuredmedia":[{"embeddable":true,"href":"https:\/\/www.noticiasradioreflejos.com.ar\/2021\/wp-json\/wp\/v2\/media\/123065"}],"wp:attachment":[{"href":"https:\/\/www.noticiasradioreflejos.com.ar\/2021\/wp-json\/wp\/v2\/media?parent=123032"}],"wp:term":[{"taxonomy":"category","embeddable":true,"href":"https:\/\/www.noticiasradioreflejos.com.ar\/2021\/wp-json\/wp\/v2\/categories?post=123032"},{"taxonomy":"post_tag","embeddable":true,"href":"https:\/\/www.noticiasradioreflejos.com.ar\/2021\/wp-json\/wp\/v2\/tags?post=123032"}],"curies":[{"name":"wp","href":"https:\/\/api.w.org\/{rel}","templated":true}]}}