{"id":123028,"date":"2025-08-07T19:28:45","date_gmt":"2025-08-07T22:28:45","guid":{"rendered":"https:\/\/www.noticiasradioreflejos.com.ar\/2021\/?p=123028"},"modified":"2025-08-07T19:28:45","modified_gmt":"2025-08-07T22:28:45","slug":"intendente-de-cnel-suarez-aborda-el-descarrilamiento-en-sierra-de-la-ventana-quiero-una-solucion-definitiva","status":"publish","type":"post","link":"https:\/\/www.noticiasradioreflejos.com.ar\/2021\/intendente-de-cnel-suarez-aborda-el-descarrilamiento-en-sierra-de-la-ventana-quiero-una-solucion-definitiva\/","title":{"rendered":"Intendente de Cnel Su\u00e1rez aborda el descarrilamiento en Sierra de la Ventana: \u00abQuiero una soluci\u00f3n definitiva"},"content":{"rendered":"<p>Ricardo Moccero hablo esta ma\u00f1ana en <a href=\"https:\/\/www.noticiasradioreflejos.com.ar\/2021\/radio-en-vivo\/\"><strong>FM Reflejos<\/strong><\/a> se refiri\u00f3 al incidente y anunci\u00f3 que trabaja en conjunto con autoridades provinciales para encontrar una soluci\u00f3n permanente\u00bb<!--more--><\/p>\n<p>El Intendente de Coronel Su\u00e1rez, Ricardo Moccero, se pronunci\u00f3 sobre el descarrilamiento ocurrido en la estaci\u00f3n de trenes de Sierra de la Ventana, una localidad vecina de Villa La Arcadia. Moccero mencion\u00f3 que se enter\u00f3 del incidente anoche y se comunic\u00f3 de inmediato con el Delegado de la zona, quien le inform\u00f3 que el vado estaba en buen estado, pero que era solo una alternativa temporal.<\/p>\n<p><a href=\"https:\/\/www.noticiasradioreflejos.com.ar\/2021\/moccero-puso-en-funciones-al-nuevo-delegado-de-villa-la-arcadia\/moccero-gomez-2\/\" rel=\"attachment wp-att-110594\"><img loading=\"lazy\" decoding=\"async\" class=\"aligncenter size-full wp-image-110594\" src=\"https:\/\/www.noticiasradioreflejos.com.ar\/2021\/wp-content\/uploads\/2024\/12\/MOCCERO-Gomez-2.jpeg\" alt=\"\" width=\"1600\" height=\"1063\" srcset=\"https:\/\/www.noticiasradioreflejos.com.ar\/2021\/wp-content\/uploads\/2024\/12\/MOCCERO-Gomez-2.jpeg 1600w, https:\/\/www.noticiasradioreflejos.com.ar\/2021\/wp-content\/uploads\/2024\/12\/MOCCERO-Gomez-2-300x199.jpeg 300w, https:\/\/www.noticiasradioreflejos.com.ar\/2021\/wp-content\/uploads\/2024\/12\/MOCCERO-Gomez-2-1024x680.jpeg 1024w, https:\/\/www.noticiasradioreflejos.com.ar\/2021\/wp-content\/uploads\/2024\/12\/MOCCERO-Gomez-2-768x510.jpeg 768w, https:\/\/www.noticiasradioreflejos.com.ar\/2021\/wp-content\/uploads\/2024\/12\/MOCCERO-Gomez-2-1536x1020.jpeg 1536w, https:\/\/www.noticiasradioreflejos.com.ar\/2021\/wp-content\/uploads\/2024\/12\/MOCCERO-Gomez-2-750x498.jpeg 750w, https:\/\/www.noticiasradioreflejos.com.ar\/2021\/wp-content\/uploads\/2024\/12\/MOCCERO-Gomez-2-1140x757.jpeg 1140w\" sizes=\"auto, (max-width: 1600px) 100vw, 1600px\" \/><\/a><\/p>\n<p>\u00abEstoy viajando a MDQ porque hay una jornada donde estamos invitados los intendentes. Justamente, anoche me llam\u00f3 el Delegado, me mand\u00f3 la foto de lo que hab\u00eda sucedido, que el vado estaba bien pero que era una alternativa nada m\u00e1s\u00bb agrega que ante la noticia, tambi\u00e9n se comunic\u00f3 con el Director Provincial de Hidr\u00e1ulica y el Administrador de Vialidad para poder emplear estrategias para solucionar la situaci\u00f3n. \u00abNo quiero hacer algo temporario, quiero hacer algo definitivo\u00bb menciona brevemente su objetivo ante el incidente. \u00abEn buena hora que puedan tener tr\u00e1nsito para poder trabajar tranquilamente\u00bb celebra la realizaci\u00f3n del vado.<\/p>\n<p>\u00abHoy por hoy, existen unos tubos de acero que se utilizan para desag\u00fces, se pusieron sobre la ruta, que pienso que es lo que se puede hacer en el vado. Va a haber que hacerle un bypass para que pueda seguir circulando el agua. El proyecto lo tiene que ejecutar Hidr\u00e1ulica y Vialidad\u00bb comenta que esta misma tarde estar\u00edan reunidos para poder llevar una soluci\u00f3n a cabo. \u00abLo que buscamos es darle otra salida y otra entrada a Villa Arcadia. Los ingenieros sabr\u00e1n que hacer, pero yo no quiero que sea nada temporario. Quiero algo definitivo\u00bb aclara las intenciones de las intervenciones tomadas.<\/p>\n<p>\u00abSi tenemos las m\u00e1quinas preparadas para que un d\u00eda baje mucha agua, que es lo que estamos haciendo en Su\u00e1rez, cuando sabemos que est\u00e1 bajando mucha agua, camina una retro y saca los troncos y lo que pueda acarrear el arroyo. Pero prefiero que los t\u00e9cnicos hagan el proyecto que corresponda\u00bb responde ante la consulta de poder prever alguna cat\u00e1strofe como podr\u00eda ser una posible inundaci\u00f3n por alto flujo de corriente.<\/p>\n<p>&nbsp;<\/p>\n<audio class=\"wp-audio-shortcode\" id=\"audio-123028-1\" preload=\"none\" style=\"width: 100%;\" controls=\"controls\"><source type=\"audio\/mpeg\" src=\"https:\/\/www.noticiasradioreflejos.com.ar\/2021\/wp-content\/uploads\/2025\/08\/Ricardo-Moccero-07-08.mp3?_=1\" \/><a href=\"https:\/\/www.noticiasradioreflejos.com.ar\/2021\/wp-content\/uploads\/2025\/08\/Ricardo-Moccero-07-08.mp3\">https:\/\/www.noticiasradioreflejos.com.ar\/2021\/wp-content\/uploads\/2025\/08\/Ricardo-Moccero-07-08.mp3<\/a><\/audio>\n","protected":false},"excerpt":{"rendered":"<p>Ricardo Moccero hablo esta ma\u00f1ana en FM Reflejos se refiri\u00f3 al incidente y anunci\u00f3 que trabaja en conjunto con autoridades provinciales para encontrar una soluci\u00f3n permanente\u00bb<\/p>\n","protected":false},"author":3,"featured_media":123062,"comment_status":"closed","ping_status":"closed","sticky":false,"template":"","format":"standard","meta":{"footnotes":""},"categories":[24],"tags":[48],"class_list":["post-123028","post","type-post","status-publish","format-standard","has-post-thumbnail","hentry","category-politica","tag-destacada"],"yoast_head":"<!-- This site is optimized with the Yoast SEO plugin v25.9 - https:\/\/yoast.com\/wordpress\/plugins\/seo\/ -->\n<title>Intendente de Cnel Su\u00e1rez aborda el descarrilamiento en Sierra de la Ventana: &quot;Quiero una soluci\u00f3n definitiva - Noticias Radio Reflejos<\/title>\n<meta name=\"robots\" content=\"index, follow, max-snippet:-1, max-image-preview:large, max-video-preview:-1\" \/>\n<link rel=\"canonical\" href=\"https:\/\/www.noticiasradioreflejos.com.ar\/2021\/intendente-de-cnel-suarez-aborda-el-descarrilamiento-en-sierra-de-la-ventana-quiero-una-solucion-definitiva\/\" \/>\n<meta property=\"og:locale\" content=\"es_ES\" \/>\n<meta property=\"og:type\" content=\"article\" \/>\n<meta property=\"og:title\" content=\"Intendente de Cnel Su\u00e1rez aborda el descarrilamiento en Sierra de la Ventana: &quot;Quiero una soluci\u00f3n definitiva - Noticias Radio Reflejos\" \/>\n<meta property=\"og:description\" content=\"Ricardo Moccero hablo esta ma\u00f1ana en FM Reflejos se refiri\u00f3 al incidente y anunci\u00f3 que trabaja en conjunto con autoridades provinciales para encontrar una soluci\u00f3n permanente\u00bb\" \/>\n<meta property=\"og:url\" content=\"https:\/\/www.noticiasradioreflejos.com.ar\/2021\/intendente-de-cnel-suarez-aborda-el-descarrilamiento-en-sierra-de-la-ventana-quiero-una-solucion-definitiva\/\" \/>\n<meta property=\"og:site_name\" content=\"Noticias Radio Reflejos\" \/>\n<meta property=\"article:published_time\" content=\"2025-08-07T22:28:45+00:00\" \/>\n<meta property=\"og:image\" content=\"https:\/\/www.noticiasradioreflejos.com.ar\/2021\/wp-content\/uploads\/2025\/08\/Vado-La-Hoya.jpeg\" \/>\n\t<meta property=\"og:image:width\" content=\"1280\" \/>\n\t<meta property=\"og:image:height\" content=\"720\" \/>\n\t<meta property=\"og:image:type\" content=\"image\/jpeg\" \/>\n<meta name=\"author\" content=\"Arnaldo Botto\" \/>\n<meta name=\"twitter:card\" content=\"summary_large_image\" \/>\n<script type=\"application\/ld+json\" class=\"yoast-schema-graph\">{\"@context\":\"https:\/\/schema.org\",\"@graph\":[{\"@type\":\"WebPage\",\"@id\":\"https:\/\/www.noticiasradioreflejos.com.ar\/2021\/intendente-de-cnel-suarez-aborda-el-descarrilamiento-en-sierra-de-la-ventana-quiero-una-solucion-definitiva\/\",\"url\":\"https:\/\/www.noticiasradioreflejos.com.ar\/2021\/intendente-de-cnel-suarez-aborda-el-descarrilamiento-en-sierra-de-la-ventana-quiero-una-solucion-definitiva\/\",\"name\":\"Intendente de Cnel Su\u00e1rez aborda el descarrilamiento en Sierra de la Ventana: \\\"Quiero una soluci\u00f3n definitiva - Noticias Radio Reflejos\",\"isPartOf\":{\"@id\":\"https:\/\/www.noticiasradioreflejos.com.ar\/2021\/#website\"},\"primaryImageOfPage\":{\"@id\":\"https:\/\/www.noticiasradioreflejos.com.ar\/2021\/intendente-de-cnel-suarez-aborda-el-descarrilamiento-en-sierra-de-la-ventana-quiero-una-solucion-definitiva\/#primaryimage\"},\"image\":{\"@id\":\"https:\/\/www.noticiasradioreflejos.com.ar\/2021\/intendente-de-cnel-suarez-aborda-el-descarrilamiento-en-sierra-de-la-ventana-quiero-una-solucion-definitiva\/#primaryimage\"},\"thumbnailUrl\":\"https:\/\/www.noticiasradioreflejos.com.ar\/2021\/wp-content\/uploads\/2025\/08\/Vado-La-Hoya.jpeg\",\"datePublished\":\"2025-08-07T22:28:45+00:00\",\"author\":{\"@id\":\"https:\/\/www.noticiasradioreflejos.com.ar\/2021\/#\/schema\/person\/ad82545263dcc5ec0996818884fd5fb1\"},\"breadcrumb\":{\"@id\":\"https:\/\/www.noticiasradioreflejos.com.ar\/2021\/intendente-de-cnel-suarez-aborda-el-descarrilamiento-en-sierra-de-la-ventana-quiero-una-solucion-definitiva\/#breadcrumb\"},\"inLanguage\":\"es\",\"potentialAction\":[{\"@type\":\"ReadAction\",\"target\":[\"https:\/\/www.noticiasradioreflejos.com.ar\/2021\/intendente-de-cnel-suarez-aborda-el-descarrilamiento-en-sierra-de-la-ventana-quiero-una-solucion-definitiva\/\"]}]},{\"@type\":\"ImageObject\",\"inLanguage\":\"es\",\"@id\":\"https:\/\/www.noticiasradioreflejos.com.ar\/2021\/intendente-de-cnel-suarez-aborda-el-descarrilamiento-en-sierra-de-la-ventana-quiero-una-solucion-definitiva\/#primaryimage\",\"url\":\"https:\/\/www.noticiasradioreflejos.com.ar\/2021\/wp-content\/uploads\/2025\/08\/Vado-La-Hoya.jpeg\",\"contentUrl\":\"https:\/\/www.noticiasradioreflejos.com.ar\/2021\/wp-content\/uploads\/2025\/08\/Vado-La-Hoya.jpeg\",\"width\":1280,\"height\":720},{\"@type\":\"BreadcrumbList\",\"@id\":\"https:\/\/www.noticiasradioreflejos.com.ar\/2021\/intendente-de-cnel-suarez-aborda-el-descarrilamiento-en-sierra-de-la-ventana-quiero-una-solucion-definitiva\/#breadcrumb\",\"itemListElement\":[{\"@type\":\"ListItem\",\"position\":1,\"name\":\"Portada\",\"item\":\"https:\/\/www.noticiasradioreflejos.com.ar\/2021\/\"},{\"@type\":\"ListItem\",\"position\":2,\"name\":\"Intendente de Cnel Su\u00e1rez aborda el descarrilamiento en Sierra de la Ventana: \u00abQuiero una soluci\u00f3n definitiva\"}]},{\"@type\":\"WebSite\",\"@id\":\"https:\/\/www.noticiasradioreflejos.com.ar\/2021\/#website\",\"url\":\"https:\/\/www.noticiasradioreflejos.com.ar\/2021\/\",\"name\":\"Noticias Radio Reflejos\",\"description\":\"Las noticias de mi comarca\",\"potentialAction\":[{\"@type\":\"SearchAction\",\"target\":{\"@type\":\"EntryPoint\",\"urlTemplate\":\"https:\/\/www.noticiasradioreflejos.com.ar\/2021\/?s={search_term_string}\"},\"query-input\":{\"@type\":\"PropertyValueSpecification\",\"valueRequired\":true,\"valueName\":\"search_term_string\"}}],\"inLanguage\":\"es\"},{\"@type\":\"Person\",\"@id\":\"https:\/\/www.noticiasradioreflejos.com.ar\/2021\/#\/schema\/person\/ad82545263dcc5ec0996818884fd5fb1\",\"name\":\"Arnaldo Botto\",\"image\":{\"@type\":\"ImageObject\",\"inLanguage\":\"es\",\"@id\":\"https:\/\/www.noticiasradioreflejos.com.ar\/2021\/#\/schema\/person\/image\/\",\"url\":\"https:\/\/secure.gravatar.com\/avatar\/55cb5e37c1efa326397366e6974cb338056df65cb50e7d64d1cf314e87504837?s=96&d=mm&r=g\",\"contentUrl\":\"https:\/\/secure.gravatar.com\/avatar\/55cb5e37c1efa326397366e6974cb338056df65cb50e7d64d1cf314e87504837?s=96&d=mm&r=g\",\"caption\":\"Arnaldo Botto\"},\"url\":\"https:\/\/www.noticiasradioreflejos.com.ar\/2021\/author\/arnaldo\/\"}]}<\/script>\n<!-- \/ Yoast SEO plugin. -->","yoast_head_json":{"title":"Intendente de Cnel Su\u00e1rez aborda el descarrilamiento en Sierra de la Ventana: \"Quiero una soluci\u00f3n definitiva - Noticias Radio Reflejos","robots":{"index":"index","follow":"follow","max-snippet":"max-snippet:-1","max-image-preview":"max-image-preview:large","max-video-preview":"max-video-preview:-1"},"canonical":"https:\/\/www.noticiasradioreflejos.com.ar\/2021\/intendente-de-cnel-suarez-aborda-el-descarrilamiento-en-sierra-de-la-ventana-quiero-una-solucion-definitiva\/","og_locale":"es_ES","og_type":"article","og_title":"Intendente de Cnel Su\u00e1rez aborda el descarrilamiento en Sierra de la Ventana: \"Quiero una soluci\u00f3n definitiva - Noticias Radio Reflejos","og_description":"Ricardo Moccero hablo esta ma\u00f1ana en FM Reflejos se refiri\u00f3 al incidente y anunci\u00f3 que trabaja en conjunto con autoridades provinciales para encontrar una soluci\u00f3n permanente\u00bb","og_url":"https:\/\/www.noticiasradioreflejos.com.ar\/2021\/intendente-de-cnel-suarez-aborda-el-descarrilamiento-en-sierra-de-la-ventana-quiero-una-solucion-definitiva\/","og_site_name":"Noticias Radio Reflejos","article_published_time":"2025-08-07T22:28:45+00:00","og_image":[{"width":1280,"height":720,"url":"https:\/\/www.noticiasradioreflejos.com.ar\/2021\/wp-content\/uploads\/2025\/08\/Vado-La-Hoya.jpeg","type":"image\/jpeg"}],"author":"Arnaldo Botto","twitter_card":"summary_large_image","schema":{"@context":"https:\/\/schema.org","@graph":[{"@type":"WebPage","@id":"https:\/\/www.noticiasradioreflejos.com.ar\/2021\/intendente-de-cnel-suarez-aborda-el-descarrilamiento-en-sierra-de-la-ventana-quiero-una-solucion-definitiva\/","url":"https:\/\/www.noticiasradioreflejos.com.ar\/2021\/intendente-de-cnel-suarez-aborda-el-descarrilamiento-en-sierra-de-la-ventana-quiero-una-solucion-definitiva\/","name":"Intendente de Cnel Su\u00e1rez aborda el descarrilamiento en Sierra de la Ventana: \"Quiero una soluci\u00f3n definitiva - Noticias Radio Reflejos","isPartOf":{"@id":"https:\/\/www.noticiasradioreflejos.com.ar\/2021\/#website"},"primaryImageOfPage":{"@id":"https:\/\/www.noticiasradioreflejos.com.ar\/2021\/intendente-de-cnel-suarez-aborda-el-descarrilamiento-en-sierra-de-la-ventana-quiero-una-solucion-definitiva\/#primaryimage"},"image":{"@id":"https:\/\/www.noticiasradioreflejos.com.ar\/2021\/intendente-de-cnel-suarez-aborda-el-descarrilamiento-en-sierra-de-la-ventana-quiero-una-solucion-definitiva\/#primaryimage"},"thumbnailUrl":"https:\/\/www.noticiasradioreflejos.com.ar\/2021\/wp-content\/uploads\/2025\/08\/Vado-La-Hoya.jpeg","datePublished":"2025-08-07T22:28:45+00:00","author":{"@id":"https:\/\/www.noticiasradioreflejos.com.ar\/2021\/#\/schema\/person\/ad82545263dcc5ec0996818884fd5fb1"},"breadcrumb":{"@id":"https:\/\/www.noticiasradioreflejos.com.ar\/2021\/intendente-de-cnel-suarez-aborda-el-descarrilamiento-en-sierra-de-la-ventana-quiero-una-solucion-definitiva\/#breadcrumb"},"inLanguage":"es","potentialAction":[{"@type":"ReadAction","target":["https:\/\/www.noticiasradioreflejos.com.ar\/2021\/intendente-de-cnel-suarez-aborda-el-descarrilamiento-en-sierra-de-la-ventana-quiero-una-solucion-definitiva\/"]}]},{"@type":"ImageObject","inLanguage":"es","@id":"https:\/\/www.noticiasradioreflejos.com.ar\/2021\/intendente-de-cnel-suarez-aborda-el-descarrilamiento-en-sierra-de-la-ventana-quiero-una-solucion-definitiva\/#primaryimage","url":"https:\/\/www.noticiasradioreflejos.com.ar\/2021\/wp-content\/uploads\/2025\/08\/Vado-La-Hoya.jpeg","contentUrl":"https:\/\/www.noticiasradioreflejos.com.ar\/2021\/wp-content\/uploads\/2025\/08\/Vado-La-Hoya.jpeg","width":1280,"height":720},{"@type":"BreadcrumbList","@id":"https:\/\/www.noticiasradioreflejos.com.ar\/2021\/intendente-de-cnel-suarez-aborda-el-descarrilamiento-en-sierra-de-la-ventana-quiero-una-solucion-definitiva\/#breadcrumb","itemListElement":[{"@type":"ListItem","position":1,"name":"Portada","item":"https:\/\/www.noticiasradioreflejos.com.ar\/2021\/"},{"@type":"ListItem","position":2,"name":"Intendente de Cnel Su\u00e1rez aborda el descarrilamiento en Sierra de la Ventana: \u00abQuiero una soluci\u00f3n definitiva"}]},{"@type":"WebSite","@id":"https:\/\/www.noticiasradioreflejos.com.ar\/2021\/#website","url":"https:\/\/www.noticiasradioreflejos.com.ar\/2021\/","name":"Noticias Radio Reflejos","description":"Las noticias de mi comarca","potentialAction":[{"@type":"SearchAction","target":{"@type":"EntryPoint","urlTemplate":"https:\/\/www.noticiasradioreflejos.com.ar\/2021\/?s={search_term_string}"},"query-input":{"@type":"PropertyValueSpecification","valueRequired":true,"valueName":"search_term_string"}}],"inLanguage":"es"},{"@type":"Person","@id":"https:\/\/www.noticiasradioreflejos.com.ar\/2021\/#\/schema\/person\/ad82545263dcc5ec0996818884fd5fb1","name":"Arnaldo Botto","image":{"@type":"ImageObject","inLanguage":"es","@id":"https:\/\/www.noticiasradioreflejos.com.ar\/2021\/#\/schema\/person\/image\/","url":"https:\/\/secure.gravatar.com\/avatar\/55cb5e37c1efa326397366e6974cb338056df65cb50e7d64d1cf314e87504837?s=96&d=mm&r=g","contentUrl":"https:\/\/secure.gravatar.com\/avatar\/55cb5e37c1efa326397366e6974cb338056df65cb50e7d64d1cf314e87504837?s=96&d=mm&r=g","caption":"Arnaldo Botto"},"url":"https:\/\/www.noticiasradioreflejos.com.ar\/2021\/author\/arnaldo\/"}]}},"_links":{"self":[{"href":"https:\/\/www.noticiasradioreflejos.com.ar\/2021\/wp-json\/wp\/v2\/posts\/123028","targetHints":{"allow":["GET"]}}],"collection":[{"href":"https:\/\/www.noticiasradioreflejos.com.ar\/2021\/wp-json\/wp\/v2\/posts"}],"about":[{"href":"https:\/\/www.noticiasradioreflejos.com.ar\/2021\/wp-json\/wp\/v2\/types\/post"}],"author":[{"embeddable":true,"href":"https:\/\/www.noticiasradioreflejos.com.ar\/2021\/wp-json\/wp\/v2\/users\/3"}],"replies":[{"embeddable":true,"href":"https:\/\/www.noticiasradioreflejos.com.ar\/2021\/wp-json\/wp\/v2\/comments?post=123028"}],"version-history":[{"count":4,"href":"https:\/\/www.noticiasradioreflejos.com.ar\/2021\/wp-json\/wp\/v2\/posts\/123028\/revisions"}],"predecessor-version":[{"id":123063,"href":"https:\/\/www.noticiasradioreflejos.com.ar\/2021\/wp-json\/wp\/v2\/posts\/123028\/revisions\/123063"}],"wp:featuredmedia":[{"embeddable":true,"href":"https:\/\/www.noticiasradioreflejos.com.ar\/2021\/wp-json\/wp\/v2\/media\/123062"}],"wp:attachment":[{"href":"https:\/\/www.noticiasradioreflejos.com.ar\/2021\/wp-json\/wp\/v2\/media?parent=123028"}],"wp:term":[{"taxonomy":"category","embeddable":true,"href":"https:\/\/www.noticiasradioreflejos.com.ar\/2021\/wp-json\/wp\/v2\/categories?post=123028"},{"taxonomy":"post_tag","embeddable":true,"href":"https:\/\/www.noticiasradioreflejos.com.ar\/2021\/wp-json\/wp\/v2\/tags?post=123028"}],"curies":[{"name":"wp","href":"https:\/\/api.w.org\/{rel}","templated":true}]}}