{"id":123025,"date":"2025-08-07T19:23:27","date_gmt":"2025-08-07T22:23:27","guid":{"rendered":"https:\/\/www.noticiasradioreflejos.com.ar\/2021\/?p=123025"},"modified":"2025-08-07T19:59:06","modified_gmt":"2025-08-07T22:59:06","slug":"despues-del-descarrilamiento-en-sierra-de-la-ventana-un-ingeniero-propone-soluciones-para-una-conexion-segura-y-eficiente","status":"publish","type":"post","link":"https:\/\/www.noticiasradioreflejos.com.ar\/2021\/despues-del-descarrilamiento-en-sierra-de-la-ventana-un-ingeniero-propone-soluciones-para-una-conexion-segura-y-eficiente\/","title":{"rendered":"Despu\u00e9s del descarrilamiento en Sierra de la Ventana: un ingeniero propone soluciones para una conexi\u00f3n segura y eficiente."},"content":{"rendered":"<p><strong>Alejandro Josu\u00e9 Lucarelli<\/strong> analiza la problem\u00e1tica de la conexi\u00f3n entre Villa Arcadia y Sierra de la Ventana y sugiere alternativas para superar los obst\u00e1culos.<!--more--><\/p>\n<p>Tras el reciente descarrilamiento de un tren de carga en la estaci\u00f3n de trenes de Sierra de la Ventana, el Ingeniero Alejandro Josu\u00e9 Lucarelli comparti\u00f3 su visi\u00f3n sobre c\u00f3mo abordar la problem\u00e1tica de la conexi\u00f3n entre Villa Arcadia y Sierra de la Ventana, separadas por las v\u00edas del tren.<\/p>\n<p>Seg\u00fan Lucarelli, los vados actuales no son una soluci\u00f3n efectiva, ya que no permiten el paso en d\u00edas de lluvia y alteran el cauce de los arroyos y r\u00edos. \u00abHay que desactivarlo porque si en d\u00edas de lluvia no podes pasar, \u00bfpara qu\u00e9 queres un vado?\u00bb, sostuvo.<\/p>\n<p>&nbsp;<\/p>\n<p><a href=\"https:\/\/www.noticiasradioreflejos.com.ar\/2021\/despues-del-descarrilamiento-en-sierra-de-la-ventana-un-ingeniero-propone-soluciones-para-una-conexion-segura-y-eficiente\/anden-descarrilamiento\/\" rel=\"attachment wp-att-123060\"><img loading=\"lazy\" decoding=\"async\" class=\"aligncenter size-full wp-image-123060\" src=\"https:\/\/www.noticiasradioreflejos.com.ar\/2021\/wp-content\/uploads\/2025\/08\/anden-descarrilamiento.jpg\" alt=\"\" width=\"576\" height=\"702\" srcset=\"https:\/\/www.noticiasradioreflejos.com.ar\/2021\/wp-content\/uploads\/2025\/08\/anden-descarrilamiento.jpg 576w, https:\/\/www.noticiasradioreflejos.com.ar\/2021\/wp-content\/uploads\/2025\/08\/anden-descarrilamiento-246x300.jpg 246w\" sizes=\"auto, (max-width: 576px) 100vw, 576px\" \/><\/a><\/p>\n<p>\u00abLos vados no sirven para nada, porque hidr\u00e1ulica no est\u00e1 queriendo hacer vados. El vado altera el cauce del arroyo o del r\u00edo y cuando el r\u00edo sube, no tiene ning\u00fan sentido, porque no lo podes usar\u00bb arranca a dar su opini\u00f3n el ingeniero. \u00abHay que desactivarlo porque si en d\u00edas de lluvia no podes pasar, \u00bfpara qu\u00e9 queres un vado?\u00bb.<\/p>\n<p>\u00abEl otro tema ac\u00e1 es saber a d\u00f3nde queres llevar el flujo de veh\u00edculos y d\u00f3nde queres hacer el puente. Actualmente, donde est\u00e1 hoy ser\u00eda el peor lugar por el tema de las crecidas. El mejor lugar ser\u00eda en ese callej\u00f3n, yo lo estuve midiendo, es uno de los lugares m\u00e1s cortos, ya tenes altura\u00bb menciona una de las posibles soluciones a la problem\u00e1tica de los trenes dentro de la conexi\u00f3n entre Villa Arcadia y Sierra de la Ventana. \u00abUna vez que generas el paso, \u00bfD\u00f3nde termina cayendo ese volumen de veh\u00edculos? en este caso, terminar\u00eda en la YPF y hay que ver si eso es bueno o es malo\u00bb.<\/p>\n<p>\u00abHay algo m\u00e1s terrible que es el paso a nivel que hay entre el Golf, Villa Arcadia y para llegar a Sierra de la Ventana, por temas sanitarios. Hoy tiene que ir una ambulancia y se queda trabado un tren y no tenes paso. Y ah\u00ed hay una obra muy sencilla, que la hablamos con varios de la municipalidad, que ser\u00eda tirar un puente justo en la calle entre medio del correo y la polic\u00eda, donde est\u00e1 el centro cultural\u00bb hace una mirada m\u00e1s integral de la situaci\u00f3n.<\/p>\n<p>Adem\u00e1s, menciona ideas que podr\u00edan mejorar la situaci\u00f3n a largo plazo: \u00abLo ideal ser\u00eda recuperar el Puente Blanco para que el flujo de autos del Ceferino, de Arcadia, salgan directamente a la ruta. Otro puente, en el sector donde esta el basural de Saldungaray, como para entrar y salir a toda este \u00e1rea sin tocar Sierra de la Ventana\u00bb.<\/p>\n<p>\u00abEl municipio de Su\u00e1rez firm\u00f3 una carta de intenci\u00f3n con la UNS para trabajos de grado, posgrado, que se puedan realizar en esta zona, para que haya una visi\u00f3n m\u00e1s t\u00e9cnica que se complemente a la parte civil\u00bb comparte una propuesta que podr\u00eda traer posibles soluciones a la problem\u00e1tica. \u00abHay que sacar las crecidas m\u00e1ximas con trabajos de hidr\u00e1ulica. Despu\u00e9s, hay un \u00e1rea de caminos que puede estudiar el tema vehicular. Despu\u00e9s, est\u00e1 el \u00e1rea de construcciones que puede dise\u00f1ar el puente que genere mejor eficiencia en lo econ\u00f3mico. Requiere de estudio de distintas disciplinas\u00bb.<\/p>\n<p>La propuesta de Lucarelli busca ofrecer una soluci\u00f3n a corto y largo plazo para una conexi\u00f3n segura y eficiente entre Villa Arcadia y Sierra de la Ventana.<\/p>\n<p>&nbsp;<\/p>\n<p>&nbsp;<\/p>\n<audio class=\"wp-audio-shortcode\" id=\"audio-123025-1\" preload=\"none\" style=\"width: 100%;\" controls=\"controls\"><source type=\"audio\/mpeg\" src=\"https:\/\/www.noticiasradioreflejos.com.ar\/2021\/wp-content\/uploads\/2025\/08\/Alejandro-Lucareli-07-08.mp3?_=1\" \/><a href=\"https:\/\/www.noticiasradioreflejos.com.ar\/2021\/wp-content\/uploads\/2025\/08\/Alejandro-Lucareli-07-08.mp3\">https:\/\/www.noticiasradioreflejos.com.ar\/2021\/wp-content\/uploads\/2025\/08\/Alejandro-Lucareli-07-08.mp3<\/a><\/audio>\n","protected":false},"excerpt":{"rendered":"<p>Alejandro Josu\u00e9 Lucarelli analiza la problem\u00e1tica de la conexi\u00f3n entre Villa Arcadia y Sierra de la Ventana y sugiere alternativas para superar los obst\u00e1culos.<\/p>\n","protected":false},"author":3,"featured_media":123072,"comment_status":"closed","ping_status":"closed","sticky":false,"template":"","format":"standard","meta":{"footnotes":""},"categories":[24],"tags":[48],"class_list":["post-123025","post","type-post","status-publish","format-standard","has-post-thumbnail","hentry","category-politica","tag-destacada"],"yoast_head":"<!-- This site is optimized with the Yoast SEO plugin v25.9 - https:\/\/yoast.com\/wordpress\/plugins\/seo\/ -->\n<title>Despu\u00e9s del descarrilamiento en Sierra de la Ventana: un ingeniero propone soluciones para una conexi\u00f3n segura y eficiente. - Noticias Radio Reflejos<\/title>\n<meta name=\"robots\" content=\"index, follow, max-snippet:-1, max-image-preview:large, max-video-preview:-1\" \/>\n<link rel=\"canonical\" href=\"https:\/\/www.noticiasradioreflejos.com.ar\/2021\/despues-del-descarrilamiento-en-sierra-de-la-ventana-un-ingeniero-propone-soluciones-para-una-conexion-segura-y-eficiente\/\" \/>\n<meta property=\"og:locale\" content=\"es_ES\" \/>\n<meta property=\"og:type\" content=\"article\" \/>\n<meta property=\"og:title\" content=\"Despu\u00e9s del descarrilamiento en Sierra de la Ventana: un ingeniero propone soluciones para una conexi\u00f3n segura y eficiente. - Noticias Radio Reflejos\" \/>\n<meta property=\"og:description\" content=\"Alejandro Josu\u00e9 Lucarelli analiza la problem\u00e1tica de la conexi\u00f3n entre Villa Arcadia y Sierra de la Ventana y sugiere alternativas para superar los obst\u00e1culos.\" \/>\n<meta property=\"og:url\" content=\"https:\/\/www.noticiasradioreflejos.com.ar\/2021\/despues-del-descarrilamiento-en-sierra-de-la-ventana-un-ingeniero-propone-soluciones-para-una-conexion-segura-y-eficiente\/\" \/>\n<meta property=\"og:site_name\" content=\"Noticias Radio Reflejos\" \/>\n<meta property=\"article:published_time\" content=\"2025-08-07T22:23:27+00:00\" \/>\n<meta property=\"article:modified_time\" content=\"2025-08-07T22:59:06+00:00\" \/>\n<meta property=\"og:image\" content=\"https:\/\/www.noticiasradioreflejos.com.ar\/2021\/wp-content\/uploads\/2025\/08\/Puente-Jardines-Arroyo-Negro.jpeg\" \/>\n\t<meta property=\"og:image:width\" content=\"960\" \/>\n\t<meta property=\"og:image:height\" content=\"839\" \/>\n\t<meta property=\"og:image:type\" content=\"image\/jpeg\" \/>\n<meta name=\"author\" content=\"Arnaldo Botto\" \/>\n<meta name=\"twitter:card\" content=\"summary_large_image\" \/>\n<script type=\"application\/ld+json\" class=\"yoast-schema-graph\">{\"@context\":\"https:\/\/schema.org\",\"@graph\":[{\"@type\":\"WebPage\",\"@id\":\"https:\/\/www.noticiasradioreflejos.com.ar\/2021\/despues-del-descarrilamiento-en-sierra-de-la-ventana-un-ingeniero-propone-soluciones-para-una-conexion-segura-y-eficiente\/\",\"url\":\"https:\/\/www.noticiasradioreflejos.com.ar\/2021\/despues-del-descarrilamiento-en-sierra-de-la-ventana-un-ingeniero-propone-soluciones-para-una-conexion-segura-y-eficiente\/\",\"name\":\"Despu\u00e9s del descarrilamiento en Sierra de la Ventana: un ingeniero propone soluciones para una conexi\u00f3n segura y eficiente. - Noticias Radio Reflejos\",\"isPartOf\":{\"@id\":\"https:\/\/www.noticiasradioreflejos.com.ar\/2021\/#website\"},\"primaryImageOfPage\":{\"@id\":\"https:\/\/www.noticiasradioreflejos.com.ar\/2021\/despues-del-descarrilamiento-en-sierra-de-la-ventana-un-ingeniero-propone-soluciones-para-una-conexion-segura-y-eficiente\/#primaryimage\"},\"image\":{\"@id\":\"https:\/\/www.noticiasradioreflejos.com.ar\/2021\/despues-del-descarrilamiento-en-sierra-de-la-ventana-un-ingeniero-propone-soluciones-para-una-conexion-segura-y-eficiente\/#primaryimage\"},\"thumbnailUrl\":\"https:\/\/www.noticiasradioreflejos.com.ar\/2021\/wp-content\/uploads\/2025\/08\/Puente-Jardines-Arroyo-Negro.jpeg\",\"datePublished\":\"2025-08-07T22:23:27+00:00\",\"dateModified\":\"2025-08-07T22:59:06+00:00\",\"author\":{\"@id\":\"https:\/\/www.noticiasradioreflejos.com.ar\/2021\/#\/schema\/person\/ad82545263dcc5ec0996818884fd5fb1\"},\"breadcrumb\":{\"@id\":\"https:\/\/www.noticiasradioreflejos.com.ar\/2021\/despues-del-descarrilamiento-en-sierra-de-la-ventana-un-ingeniero-propone-soluciones-para-una-conexion-segura-y-eficiente\/#breadcrumb\"},\"inLanguage\":\"es\",\"potentialAction\":[{\"@type\":\"ReadAction\",\"target\":[\"https:\/\/www.noticiasradioreflejos.com.ar\/2021\/despues-del-descarrilamiento-en-sierra-de-la-ventana-un-ingeniero-propone-soluciones-para-una-conexion-segura-y-eficiente\/\"]}]},{\"@type\":\"ImageObject\",\"inLanguage\":\"es\",\"@id\":\"https:\/\/www.noticiasradioreflejos.com.ar\/2021\/despues-del-descarrilamiento-en-sierra-de-la-ventana-un-ingeniero-propone-soluciones-para-una-conexion-segura-y-eficiente\/#primaryimage\",\"url\":\"https:\/\/www.noticiasradioreflejos.com.ar\/2021\/wp-content\/uploads\/2025\/08\/Puente-Jardines-Arroyo-Negro.jpeg\",\"contentUrl\":\"https:\/\/www.noticiasradioreflejos.com.ar\/2021\/wp-content\/uploads\/2025\/08\/Puente-Jardines-Arroyo-Negro.jpeg\",\"width\":960,\"height\":839},{\"@type\":\"BreadcrumbList\",\"@id\":\"https:\/\/www.noticiasradioreflejos.com.ar\/2021\/despues-del-descarrilamiento-en-sierra-de-la-ventana-un-ingeniero-propone-soluciones-para-una-conexion-segura-y-eficiente\/#breadcrumb\",\"itemListElement\":[{\"@type\":\"ListItem\",\"position\":1,\"name\":\"Portada\",\"item\":\"https:\/\/www.noticiasradioreflejos.com.ar\/2021\/\"},{\"@type\":\"ListItem\",\"position\":2,\"name\":\"Despu\u00e9s del descarrilamiento en Sierra de la Ventana: un ingeniero propone soluciones para una conexi\u00f3n segura y eficiente.\"}]},{\"@type\":\"WebSite\",\"@id\":\"https:\/\/www.noticiasradioreflejos.com.ar\/2021\/#website\",\"url\":\"https:\/\/www.noticiasradioreflejos.com.ar\/2021\/\",\"name\":\"Noticias Radio Reflejos\",\"description\":\"Las noticias de mi comarca\",\"potentialAction\":[{\"@type\":\"SearchAction\",\"target\":{\"@type\":\"EntryPoint\",\"urlTemplate\":\"https:\/\/www.noticiasradioreflejos.com.ar\/2021\/?s={search_term_string}\"},\"query-input\":{\"@type\":\"PropertyValueSpecification\",\"valueRequired\":true,\"valueName\":\"search_term_string\"}}],\"inLanguage\":\"es\"},{\"@type\":\"Person\",\"@id\":\"https:\/\/www.noticiasradioreflejos.com.ar\/2021\/#\/schema\/person\/ad82545263dcc5ec0996818884fd5fb1\",\"name\":\"Arnaldo Botto\",\"image\":{\"@type\":\"ImageObject\",\"inLanguage\":\"es\",\"@id\":\"https:\/\/www.noticiasradioreflejos.com.ar\/2021\/#\/schema\/person\/image\/\",\"url\":\"https:\/\/secure.gravatar.com\/avatar\/55cb5e37c1efa326397366e6974cb338056df65cb50e7d64d1cf314e87504837?s=96&d=mm&r=g\",\"contentUrl\":\"https:\/\/secure.gravatar.com\/avatar\/55cb5e37c1efa326397366e6974cb338056df65cb50e7d64d1cf314e87504837?s=96&d=mm&r=g\",\"caption\":\"Arnaldo Botto\"},\"url\":\"https:\/\/www.noticiasradioreflejos.com.ar\/2021\/author\/arnaldo\/\"}]}<\/script>\n<!-- \/ Yoast SEO plugin. -->","yoast_head_json":{"title":"Despu\u00e9s del descarrilamiento en Sierra de la Ventana: un ingeniero propone soluciones para una conexi\u00f3n segura y eficiente. - Noticias Radio Reflejos","robots":{"index":"index","follow":"follow","max-snippet":"max-snippet:-1","max-image-preview":"max-image-preview:large","max-video-preview":"max-video-preview:-1"},"canonical":"https:\/\/www.noticiasradioreflejos.com.ar\/2021\/despues-del-descarrilamiento-en-sierra-de-la-ventana-un-ingeniero-propone-soluciones-para-una-conexion-segura-y-eficiente\/","og_locale":"es_ES","og_type":"article","og_title":"Despu\u00e9s del descarrilamiento en Sierra de la Ventana: un ingeniero propone soluciones para una conexi\u00f3n segura y eficiente. - Noticias Radio Reflejos","og_description":"Alejandro Josu\u00e9 Lucarelli analiza la problem\u00e1tica de la conexi\u00f3n entre Villa Arcadia y Sierra de la Ventana y sugiere alternativas para superar los obst\u00e1culos.","og_url":"https:\/\/www.noticiasradioreflejos.com.ar\/2021\/despues-del-descarrilamiento-en-sierra-de-la-ventana-un-ingeniero-propone-soluciones-para-una-conexion-segura-y-eficiente\/","og_site_name":"Noticias Radio Reflejos","article_published_time":"2025-08-07T22:23:27+00:00","article_modified_time":"2025-08-07T22:59:06+00:00","og_image":[{"width":960,"height":839,"url":"https:\/\/www.noticiasradioreflejos.com.ar\/2021\/wp-content\/uploads\/2025\/08\/Puente-Jardines-Arroyo-Negro.jpeg","type":"image\/jpeg"}],"author":"Arnaldo Botto","twitter_card":"summary_large_image","schema":{"@context":"https:\/\/schema.org","@graph":[{"@type":"WebPage","@id":"https:\/\/www.noticiasradioreflejos.com.ar\/2021\/despues-del-descarrilamiento-en-sierra-de-la-ventana-un-ingeniero-propone-soluciones-para-una-conexion-segura-y-eficiente\/","url":"https:\/\/www.noticiasradioreflejos.com.ar\/2021\/despues-del-descarrilamiento-en-sierra-de-la-ventana-un-ingeniero-propone-soluciones-para-una-conexion-segura-y-eficiente\/","name":"Despu\u00e9s del descarrilamiento en Sierra de la Ventana: un ingeniero propone soluciones para una conexi\u00f3n segura y eficiente. - Noticias Radio Reflejos","isPartOf":{"@id":"https:\/\/www.noticiasradioreflejos.com.ar\/2021\/#website"},"primaryImageOfPage":{"@id":"https:\/\/www.noticiasradioreflejos.com.ar\/2021\/despues-del-descarrilamiento-en-sierra-de-la-ventana-un-ingeniero-propone-soluciones-para-una-conexion-segura-y-eficiente\/#primaryimage"},"image":{"@id":"https:\/\/www.noticiasradioreflejos.com.ar\/2021\/despues-del-descarrilamiento-en-sierra-de-la-ventana-un-ingeniero-propone-soluciones-para-una-conexion-segura-y-eficiente\/#primaryimage"},"thumbnailUrl":"https:\/\/www.noticiasradioreflejos.com.ar\/2021\/wp-content\/uploads\/2025\/08\/Puente-Jardines-Arroyo-Negro.jpeg","datePublished":"2025-08-07T22:23:27+00:00","dateModified":"2025-08-07T22:59:06+00:00","author":{"@id":"https:\/\/www.noticiasradioreflejos.com.ar\/2021\/#\/schema\/person\/ad82545263dcc5ec0996818884fd5fb1"},"breadcrumb":{"@id":"https:\/\/www.noticiasradioreflejos.com.ar\/2021\/despues-del-descarrilamiento-en-sierra-de-la-ventana-un-ingeniero-propone-soluciones-para-una-conexion-segura-y-eficiente\/#breadcrumb"},"inLanguage":"es","potentialAction":[{"@type":"ReadAction","target":["https:\/\/www.noticiasradioreflejos.com.ar\/2021\/despues-del-descarrilamiento-en-sierra-de-la-ventana-un-ingeniero-propone-soluciones-para-una-conexion-segura-y-eficiente\/"]}]},{"@type":"ImageObject","inLanguage":"es","@id":"https:\/\/www.noticiasradioreflejos.com.ar\/2021\/despues-del-descarrilamiento-en-sierra-de-la-ventana-un-ingeniero-propone-soluciones-para-una-conexion-segura-y-eficiente\/#primaryimage","url":"https:\/\/www.noticiasradioreflejos.com.ar\/2021\/wp-content\/uploads\/2025\/08\/Puente-Jardines-Arroyo-Negro.jpeg","contentUrl":"https:\/\/www.noticiasradioreflejos.com.ar\/2021\/wp-content\/uploads\/2025\/08\/Puente-Jardines-Arroyo-Negro.jpeg","width":960,"height":839},{"@type":"BreadcrumbList","@id":"https:\/\/www.noticiasradioreflejos.com.ar\/2021\/despues-del-descarrilamiento-en-sierra-de-la-ventana-un-ingeniero-propone-soluciones-para-una-conexion-segura-y-eficiente\/#breadcrumb","itemListElement":[{"@type":"ListItem","position":1,"name":"Portada","item":"https:\/\/www.noticiasradioreflejos.com.ar\/2021\/"},{"@type":"ListItem","position":2,"name":"Despu\u00e9s del descarrilamiento en Sierra de la Ventana: un ingeniero propone soluciones para una conexi\u00f3n segura y eficiente."}]},{"@type":"WebSite","@id":"https:\/\/www.noticiasradioreflejos.com.ar\/2021\/#website","url":"https:\/\/www.noticiasradioreflejos.com.ar\/2021\/","name":"Noticias Radio Reflejos","description":"Las noticias de mi comarca","potentialAction":[{"@type":"SearchAction","target":{"@type":"EntryPoint","urlTemplate":"https:\/\/www.noticiasradioreflejos.com.ar\/2021\/?s={search_term_string}"},"query-input":{"@type":"PropertyValueSpecification","valueRequired":true,"valueName":"search_term_string"}}],"inLanguage":"es"},{"@type":"Person","@id":"https:\/\/www.noticiasradioreflejos.com.ar\/2021\/#\/schema\/person\/ad82545263dcc5ec0996818884fd5fb1","name":"Arnaldo Botto","image":{"@type":"ImageObject","inLanguage":"es","@id":"https:\/\/www.noticiasradioreflejos.com.ar\/2021\/#\/schema\/person\/image\/","url":"https:\/\/secure.gravatar.com\/avatar\/55cb5e37c1efa326397366e6974cb338056df65cb50e7d64d1cf314e87504837?s=96&d=mm&r=g","contentUrl":"https:\/\/secure.gravatar.com\/avatar\/55cb5e37c1efa326397366e6974cb338056df65cb50e7d64d1cf314e87504837?s=96&d=mm&r=g","caption":"Arnaldo Botto"},"url":"https:\/\/www.noticiasradioreflejos.com.ar\/2021\/author\/arnaldo\/"}]}},"_links":{"self":[{"href":"https:\/\/www.noticiasradioreflejos.com.ar\/2021\/wp-json\/wp\/v2\/posts\/123025","targetHints":{"allow":["GET"]}}],"collection":[{"href":"https:\/\/www.noticiasradioreflejos.com.ar\/2021\/wp-json\/wp\/v2\/posts"}],"about":[{"href":"https:\/\/www.noticiasradioreflejos.com.ar\/2021\/wp-json\/wp\/v2\/types\/post"}],"author":[{"embeddable":true,"href":"https:\/\/www.noticiasradioreflejos.com.ar\/2021\/wp-json\/wp\/v2\/users\/3"}],"replies":[{"embeddable":true,"href":"https:\/\/www.noticiasradioreflejos.com.ar\/2021\/wp-json\/wp\/v2\/comments?post=123025"}],"version-history":[{"count":7,"href":"https:\/\/www.noticiasradioreflejos.com.ar\/2021\/wp-json\/wp\/v2\/posts\/123025\/revisions"}],"predecessor-version":[{"id":123073,"href":"https:\/\/www.noticiasradioreflejos.com.ar\/2021\/wp-json\/wp\/v2\/posts\/123025\/revisions\/123073"}],"wp:featuredmedia":[{"embeddable":true,"href":"https:\/\/www.noticiasradioreflejos.com.ar\/2021\/wp-json\/wp\/v2\/media\/123072"}],"wp:attachment":[{"href":"https:\/\/www.noticiasradioreflejos.com.ar\/2021\/wp-json\/wp\/v2\/media?parent=123025"}],"wp:term":[{"taxonomy":"category","embeddable":true,"href":"https:\/\/www.noticiasradioreflejos.com.ar\/2021\/wp-json\/wp\/v2\/categories?post=123025"},{"taxonomy":"post_tag","embeddable":true,"href":"https:\/\/www.noticiasradioreflejos.com.ar\/2021\/wp-json\/wp\/v2\/tags?post=123025"}],"curies":[{"name":"wp","href":"https:\/\/api.w.org\/{rel}","templated":true}]}}