{"id":12287,"date":"2017-07-15T20:37:42","date_gmt":"2017-07-15T23:37:42","guid":{"rendered":"http:\/\/www.noticiasradioreflejos.com.ar\/noticias\/?p=12287"},"modified":"2017-07-15T20:37:42","modified_gmt":"2017-07-15T23:37:42","slug":"comenzo-a-nevar-en-la-comarca-de-sierra-de-la-ventana","status":"publish","type":"post","link":"https:\/\/www.noticiasradioreflejos.com.ar\/2021\/comenzo-a-nevar-en-la-comarca-de-sierra-de-la-ventana\/","title":{"rendered":"Comenz\u00f3 a nevar en la comarca de Sierra de la Ventana"},"content":{"rendered":"<p><a href=\"http:\/\/www.noticiasradioreflejos.com.ar\/noticias\/wp-content\/uploads\/2017\/07\/a20fc09e-5fef-4c3f-84c8-9f8e4243a865.jpg\"><img loading=\"lazy\" decoding=\"async\" class=\"alignleft wp-image-12295\" src=\"http:\/\/www.noticiasradioreflejos.com.ar\/noticias\/wp-content\/uploads\/2017\/07\/a20fc09e-5fef-4c3f-84c8-9f8e4243a865.jpg\" alt=\"a20fc09e-5fef-4c3f-84c8-9f8e4243a865\" width=\"505\" height=\"379\" \/><\/a>Tal cu\u00e1l lo anunci\u00f3 el SMN, las condiciones de inestabilidad con una ola de fr\u00edo intenso, llegaron en horas de esta noche a la Comarca Serrana.<br \/>\nCon precipitaciones leves desde las 14 hs, y r\u00e1fagas de viento que alcanzaron los 53 km\/h. los primeros copos cayeron en Villa Ventana y Tornquist.<!--more--><br \/>\nLa nieve cae en forma aislada y logra acumularse sobre los techos y veh\u00edculos, pero el pron\u00f3stico establece que el temporal se extender\u00e1 hasta la tarde del domingo, produciendo temperaturas que oscilar\u00e1n entre los-5\u00b0 y los 6\u00b0.<br \/>\nEn Sierra de la Ventana llevan ca\u00eddos 2 mm apenas, en forma de chaparrones aislados.<br \/>\nA la hora 20,00 la temperatura es de 1,5\u00b0 y la sessaci\u00f3n t\u00e9rmica llega a los -3,9\u00b0<br \/>\nDesde el d\u00eda de ayer, toda la Patagonia Argentina se encuentra en emergencia clim\u00e1tica, con aeropuertos cerrados, rutas y caminos cortados. La situaci\u00f3n es muy grave, ya que en poblaciones enteras no hay servicio el\u00e9ctrico y se cort\u00f3 el suministro de agua. Bariloche tiene mas del 50 % de la ciudad a oscuras.<br \/>\nLos aeropuertos de las ciudades de San Carlos de Bariloche, en R\u00edo Negro, y Chapelco, en Neuqu\u00e9n, fueron cerrados hasta las 24 de hoy, a ra\u00edz de la intensa nevada que cay\u00f3 en los \u00faltimos d\u00edas y que dej\u00f3 en esas pistas cerca de medio metro de nieve acumulada.<br \/>\nAnte esta situaci\u00f3n, y en medio de la demanda por las vacaciones de invierno, la empresa Aerol\u00edneas Argentinas inform\u00f3 que no pod\u00eda programar los vuelos especiales a Bariloche y ofreci\u00f3 a sus clientes la devoluci\u00f3n de los pasajes.<br \/>\nLas ciudades tur\u00edsticas de Bariloche, San Mart\u00edn de los Andes, Esquel, el Bols\u00f3n y Villa La Angostura son las m\u00e1s afectadas por las nevadas, que continuar\u00e1n todo el fin de semana.<br \/>\n<a href=\"http:\/\/www.noticiasradioreflejos.com.ar\/noticias\/wp-content\/uploads\/2017\/07\/DSC04796.jpg\"><img loading=\"lazy\" decoding=\"async\" class=\"alignleft size-full wp-image-12288\" src=\"http:\/\/www.noticiasradioreflejos.com.ar\/noticias\/wp-content\/uploads\/2017\/07\/DSC04796.jpg\" alt=\"DSC04796\" width=\"3264\" height=\"2448\" \/><\/a>Foto: de Julio del 2009 en Sierra de la Ventana<\/p>\n","protected":false},"excerpt":{"rendered":"<p>Tal cu\u00e1l lo anunci\u00f3 el SMN, las condiciones de inestabilidad con una ola de fr\u00edo intenso, llegaron en horas de esta noche a la Comarca Serrana. Con precipitaciones leves desde las 14 hs, y r\u00e1fagas de viento que alcanzaron los 53 km\/h. los primeros copos cayeron en Villa Ventana y Tornquist.<\/p>\n","protected":false},"author":3,"featured_media":0,"comment_status":"closed","ping_status":"open","sticky":false,"template":"","format":"standard","meta":{"footnotes":""},"categories":[33],"tags":[],"class_list":["post-12287","post","type-post","status-publish","format-standard","hentry","category-turismo"],"yoast_head":"<!-- This site is optimized with the Yoast SEO plugin v25.9 - https:\/\/yoast.com\/wordpress\/plugins\/seo\/ -->\n<title>Comenz\u00f3 a nevar en la comarca de Sierra de la Ventana - Noticias Radio Reflejos<\/title>\n<meta name=\"robots\" content=\"index, follow, max-snippet:-1, max-image-preview:large, max-video-preview:-1\" \/>\n<link rel=\"canonical\" href=\"https:\/\/www.noticiasradioreflejos.com.ar\/2021\/comenzo-a-nevar-en-la-comarca-de-sierra-de-la-ventana\/\" \/>\n<meta property=\"og:locale\" content=\"es_ES\" \/>\n<meta property=\"og:type\" content=\"article\" \/>\n<meta property=\"og:title\" content=\"Comenz\u00f3 a nevar en la comarca de Sierra de la Ventana - Noticias Radio Reflejos\" \/>\n<meta property=\"og:description\" content=\"Tal cu\u00e1l lo anunci\u00f3 el SMN, las condiciones de inestabilidad con una ola de fr\u00edo intenso, llegaron en horas de esta noche a la Comarca Serrana. Con precipitaciones leves desde las 14 hs, y r\u00e1fagas de viento que alcanzaron los 53 km\/h. los primeros copos cayeron en Villa Ventana y Tornquist.\" \/>\n<meta property=\"og:url\" content=\"https:\/\/www.noticiasradioreflejos.com.ar\/2021\/comenzo-a-nevar-en-la-comarca-de-sierra-de-la-ventana\/\" \/>\n<meta property=\"og:site_name\" content=\"Noticias Radio Reflejos\" \/>\n<meta property=\"article:published_time\" content=\"2017-07-15T23:37:42+00:00\" \/>\n<meta property=\"og:image\" content=\"https:\/\/www.noticiasradioreflejos.com.ar\/2021\/wp-content\/uploads\/2021\/07\/logosol300x200.png\" \/>\n\t<meta property=\"og:image:width\" content=\"300\" \/>\n\t<meta property=\"og:image:height\" content=\"200\" \/>\n\t<meta property=\"og:image:type\" content=\"image\/png\" \/>\n<meta name=\"author\" content=\"Arnaldo Botto\" \/>\n<meta name=\"twitter:card\" content=\"summary_large_image\" \/>\n<script type=\"application\/ld+json\" class=\"yoast-schema-graph\">{\"@context\":\"https:\/\/schema.org\",\"@graph\":[{\"@type\":\"WebPage\",\"@id\":\"https:\/\/www.noticiasradioreflejos.com.ar\/2021\/comenzo-a-nevar-en-la-comarca-de-sierra-de-la-ventana\/\",\"url\":\"https:\/\/www.noticiasradioreflejos.com.ar\/2021\/comenzo-a-nevar-en-la-comarca-de-sierra-de-la-ventana\/\",\"name\":\"Comenz\u00f3 a nevar en la comarca de Sierra de la Ventana - Noticias Radio Reflejos\",\"isPartOf\":{\"@id\":\"https:\/\/www.noticiasradioreflejos.com.ar\/2021\/#website\"},\"primaryImageOfPage\":{\"@id\":\"https:\/\/www.noticiasradioreflejos.com.ar\/2021\/comenzo-a-nevar-en-la-comarca-de-sierra-de-la-ventana\/#primaryimage\"},\"image\":{\"@id\":\"https:\/\/www.noticiasradioreflejos.com.ar\/2021\/comenzo-a-nevar-en-la-comarca-de-sierra-de-la-ventana\/#primaryimage\"},\"thumbnailUrl\":\"http:\/\/www.noticiasradioreflejos.com.ar\/noticias\/wp-content\/uploads\/2017\/07\/a20fc09e-5fef-4c3f-84c8-9f8e4243a865.jpg\",\"datePublished\":\"2017-07-15T23:37:42+00:00\",\"author\":{\"@id\":\"https:\/\/www.noticiasradioreflejos.com.ar\/2021\/#\/schema\/person\/ad82545263dcc5ec0996818884fd5fb1\"},\"breadcrumb\":{\"@id\":\"https:\/\/www.noticiasradioreflejos.com.ar\/2021\/comenzo-a-nevar-en-la-comarca-de-sierra-de-la-ventana\/#breadcrumb\"},\"inLanguage\":\"es\",\"potentialAction\":[{\"@type\":\"ReadAction\",\"target\":[\"https:\/\/www.noticiasradioreflejos.com.ar\/2021\/comenzo-a-nevar-en-la-comarca-de-sierra-de-la-ventana\/\"]}]},{\"@type\":\"ImageObject\",\"inLanguage\":\"es\",\"@id\":\"https:\/\/www.noticiasradioreflejos.com.ar\/2021\/comenzo-a-nevar-en-la-comarca-de-sierra-de-la-ventana\/#primaryimage\",\"url\":\"http:\/\/www.noticiasradioreflejos.com.ar\/noticias\/wp-content\/uploads\/2017\/07\/a20fc09e-5fef-4c3f-84c8-9f8e4243a865.jpg\",\"contentUrl\":\"http:\/\/www.noticiasradioreflejos.com.ar\/noticias\/wp-content\/uploads\/2017\/07\/a20fc09e-5fef-4c3f-84c8-9f8e4243a865.jpg\"},{\"@type\":\"BreadcrumbList\",\"@id\":\"https:\/\/www.noticiasradioreflejos.com.ar\/2021\/comenzo-a-nevar-en-la-comarca-de-sierra-de-la-ventana\/#breadcrumb\",\"itemListElement\":[{\"@type\":\"ListItem\",\"position\":1,\"name\":\"Portada\",\"item\":\"https:\/\/www.noticiasradioreflejos.com.ar\/2021\/\"},{\"@type\":\"ListItem\",\"position\":2,\"name\":\"Comenz\u00f3 a nevar en la comarca de Sierra de la Ventana\"}]},{\"@type\":\"WebSite\",\"@id\":\"https:\/\/www.noticiasradioreflejos.com.ar\/2021\/#website\",\"url\":\"https:\/\/www.noticiasradioreflejos.com.ar\/2021\/\",\"name\":\"Noticias Radio Reflejos\",\"description\":\"Las noticias de mi comarca\",\"potentialAction\":[{\"@type\":\"SearchAction\",\"target\":{\"@type\":\"EntryPoint\",\"urlTemplate\":\"https:\/\/www.noticiasradioreflejos.com.ar\/2021\/?s={search_term_string}\"},\"query-input\":{\"@type\":\"PropertyValueSpecification\",\"valueRequired\":true,\"valueName\":\"search_term_string\"}}],\"inLanguage\":\"es\"},{\"@type\":\"Person\",\"@id\":\"https:\/\/www.noticiasradioreflejos.com.ar\/2021\/#\/schema\/person\/ad82545263dcc5ec0996818884fd5fb1\",\"name\":\"Arnaldo Botto\",\"image\":{\"@type\":\"ImageObject\",\"inLanguage\":\"es\",\"@id\":\"https:\/\/www.noticiasradioreflejos.com.ar\/2021\/#\/schema\/person\/image\/\",\"url\":\"https:\/\/secure.gravatar.com\/avatar\/55cb5e37c1efa326397366e6974cb338056df65cb50e7d64d1cf314e87504837?s=96&d=mm&r=g\",\"contentUrl\":\"https:\/\/secure.gravatar.com\/avatar\/55cb5e37c1efa326397366e6974cb338056df65cb50e7d64d1cf314e87504837?s=96&d=mm&r=g\",\"caption\":\"Arnaldo Botto\"},\"url\":\"https:\/\/www.noticiasradioreflejos.com.ar\/2021\/author\/arnaldo\/\"}]}<\/script>\n<!-- \/ Yoast SEO plugin. -->","yoast_head_json":{"title":"Comenz\u00f3 a nevar en la comarca de Sierra de la Ventana - Noticias Radio Reflejos","robots":{"index":"index","follow":"follow","max-snippet":"max-snippet:-1","max-image-preview":"max-image-preview:large","max-video-preview":"max-video-preview:-1"},"canonical":"https:\/\/www.noticiasradioreflejos.com.ar\/2021\/comenzo-a-nevar-en-la-comarca-de-sierra-de-la-ventana\/","og_locale":"es_ES","og_type":"article","og_title":"Comenz\u00f3 a nevar en la comarca de Sierra de la Ventana - Noticias Radio Reflejos","og_description":"Tal cu\u00e1l lo anunci\u00f3 el SMN, las condiciones de inestabilidad con una ola de fr\u00edo intenso, llegaron en horas de esta noche a la Comarca Serrana. Con precipitaciones leves desde las 14 hs, y r\u00e1fagas de viento que alcanzaron los 53 km\/h. los primeros copos cayeron en Villa Ventana y Tornquist.","og_url":"https:\/\/www.noticiasradioreflejos.com.ar\/2021\/comenzo-a-nevar-en-la-comarca-de-sierra-de-la-ventana\/","og_site_name":"Noticias Radio Reflejos","article_published_time":"2017-07-15T23:37:42+00:00","og_image":[{"width":300,"height":200,"url":"https:\/\/www.noticiasradioreflejos.com.ar\/2021\/wp-content\/uploads\/2021\/07\/logosol300x200.png","type":"image\/png"}],"author":"Arnaldo Botto","twitter_card":"summary_large_image","schema":{"@context":"https:\/\/schema.org","@graph":[{"@type":"WebPage","@id":"https:\/\/www.noticiasradioreflejos.com.ar\/2021\/comenzo-a-nevar-en-la-comarca-de-sierra-de-la-ventana\/","url":"https:\/\/www.noticiasradioreflejos.com.ar\/2021\/comenzo-a-nevar-en-la-comarca-de-sierra-de-la-ventana\/","name":"Comenz\u00f3 a nevar en la comarca de Sierra de la Ventana - Noticias Radio Reflejos","isPartOf":{"@id":"https:\/\/www.noticiasradioreflejos.com.ar\/2021\/#website"},"primaryImageOfPage":{"@id":"https:\/\/www.noticiasradioreflejos.com.ar\/2021\/comenzo-a-nevar-en-la-comarca-de-sierra-de-la-ventana\/#primaryimage"},"image":{"@id":"https:\/\/www.noticiasradioreflejos.com.ar\/2021\/comenzo-a-nevar-en-la-comarca-de-sierra-de-la-ventana\/#primaryimage"},"thumbnailUrl":"http:\/\/www.noticiasradioreflejos.com.ar\/noticias\/wp-content\/uploads\/2017\/07\/a20fc09e-5fef-4c3f-84c8-9f8e4243a865.jpg","datePublished":"2017-07-15T23:37:42+00:00","author":{"@id":"https:\/\/www.noticiasradioreflejos.com.ar\/2021\/#\/schema\/person\/ad82545263dcc5ec0996818884fd5fb1"},"breadcrumb":{"@id":"https:\/\/www.noticiasradioreflejos.com.ar\/2021\/comenzo-a-nevar-en-la-comarca-de-sierra-de-la-ventana\/#breadcrumb"},"inLanguage":"es","potentialAction":[{"@type":"ReadAction","target":["https:\/\/www.noticiasradioreflejos.com.ar\/2021\/comenzo-a-nevar-en-la-comarca-de-sierra-de-la-ventana\/"]}]},{"@type":"ImageObject","inLanguage":"es","@id":"https:\/\/www.noticiasradioreflejos.com.ar\/2021\/comenzo-a-nevar-en-la-comarca-de-sierra-de-la-ventana\/#primaryimage","url":"http:\/\/www.noticiasradioreflejos.com.ar\/noticias\/wp-content\/uploads\/2017\/07\/a20fc09e-5fef-4c3f-84c8-9f8e4243a865.jpg","contentUrl":"http:\/\/www.noticiasradioreflejos.com.ar\/noticias\/wp-content\/uploads\/2017\/07\/a20fc09e-5fef-4c3f-84c8-9f8e4243a865.jpg"},{"@type":"BreadcrumbList","@id":"https:\/\/www.noticiasradioreflejos.com.ar\/2021\/comenzo-a-nevar-en-la-comarca-de-sierra-de-la-ventana\/#breadcrumb","itemListElement":[{"@type":"ListItem","position":1,"name":"Portada","item":"https:\/\/www.noticiasradioreflejos.com.ar\/2021\/"},{"@type":"ListItem","position":2,"name":"Comenz\u00f3 a nevar en la comarca de Sierra de la Ventana"}]},{"@type":"WebSite","@id":"https:\/\/www.noticiasradioreflejos.com.ar\/2021\/#website","url":"https:\/\/www.noticiasradioreflejos.com.ar\/2021\/","name":"Noticias Radio Reflejos","description":"Las noticias de mi comarca","potentialAction":[{"@type":"SearchAction","target":{"@type":"EntryPoint","urlTemplate":"https:\/\/www.noticiasradioreflejos.com.ar\/2021\/?s={search_term_string}"},"query-input":{"@type":"PropertyValueSpecification","valueRequired":true,"valueName":"search_term_string"}}],"inLanguage":"es"},{"@type":"Person","@id":"https:\/\/www.noticiasradioreflejos.com.ar\/2021\/#\/schema\/person\/ad82545263dcc5ec0996818884fd5fb1","name":"Arnaldo Botto","image":{"@type":"ImageObject","inLanguage":"es","@id":"https:\/\/www.noticiasradioreflejos.com.ar\/2021\/#\/schema\/person\/image\/","url":"https:\/\/secure.gravatar.com\/avatar\/55cb5e37c1efa326397366e6974cb338056df65cb50e7d64d1cf314e87504837?s=96&d=mm&r=g","contentUrl":"https:\/\/secure.gravatar.com\/avatar\/55cb5e37c1efa326397366e6974cb338056df65cb50e7d64d1cf314e87504837?s=96&d=mm&r=g","caption":"Arnaldo Botto"},"url":"https:\/\/www.noticiasradioreflejos.com.ar\/2021\/author\/arnaldo\/"}]}},"_links":{"self":[{"href":"https:\/\/www.noticiasradioreflejos.com.ar\/2021\/wp-json\/wp\/v2\/posts\/12287","targetHints":{"allow":["GET"]}}],"collection":[{"href":"https:\/\/www.noticiasradioreflejos.com.ar\/2021\/wp-json\/wp\/v2\/posts"}],"about":[{"href":"https:\/\/www.noticiasradioreflejos.com.ar\/2021\/wp-json\/wp\/v2\/types\/post"}],"author":[{"embeddable":true,"href":"https:\/\/www.noticiasradioreflejos.com.ar\/2021\/wp-json\/wp\/v2\/users\/3"}],"replies":[{"embeddable":true,"href":"https:\/\/www.noticiasradioreflejos.com.ar\/2021\/wp-json\/wp\/v2\/comments?post=12287"}],"version-history":[{"count":0,"href":"https:\/\/www.noticiasradioreflejos.com.ar\/2021\/wp-json\/wp\/v2\/posts\/12287\/revisions"}],"wp:attachment":[{"href":"https:\/\/www.noticiasradioreflejos.com.ar\/2021\/wp-json\/wp\/v2\/media?parent=12287"}],"wp:term":[{"taxonomy":"category","embeddable":true,"href":"https:\/\/www.noticiasradioreflejos.com.ar\/2021\/wp-json\/wp\/v2\/categories?post=12287"},{"taxonomy":"post_tag","embeddable":true,"href":"https:\/\/www.noticiasradioreflejos.com.ar\/2021\/wp-json\/wp\/v2\/tags?post=12287"}],"curies":[{"name":"wp","href":"https:\/\/api.w.org\/{rel}","templated":true}]}}