{"id":12285,"date":"2017-07-15T20:09:38","date_gmt":"2017-07-15T23:09:38","guid":{"rendered":"http:\/\/www.noticiasradioreflejos.com.ar\/noticias\/?p=12285"},"modified":"2017-07-15T20:09:38","modified_gmt":"2017-07-15T23:09:38","slug":"hay-nuevas-concesionarias-en-la-confiteria-de-la-terminal","status":"publish","type":"post","link":"https:\/\/www.noticiasradioreflejos.com.ar\/2021\/hay-nuevas-concesionarias-en-la-confiteria-de-la-terminal\/","title":{"rendered":"Hay nuevas concesionarias en la confiter\u00eda de la Terminal"},"content":{"rendered":"<p>El pasado 5 de Julio mediante decreto del Intendente Municipal, se inform\u00f3 la adjudicaci\u00f3n de la explotaci\u00f3n en la confiter\u00eda, cafeter\u00eda y Kiosco de la Terminal de \u00f3mnibus local.<br \/>\nLa misma fue adjudicada a Silvia Martinez y Mar\u00eda Laura Spagnuolo con domicilio en Ventura Picado 639. \u00a0Ambas reconocidas en su rubro fueron elegidas por la experiencia gastron\u00f3mica proyectando una explotaci\u00f3n a cuatro a\u00f1os incorporando paulatinamente nuevos servicios orientados al turismo y a la sociedad en general.<!--more--><br \/>\nNuevas licitaciones<br \/>\nPor otro lado desde la Secretar\u00eda de Gobierno se inform\u00f3 sobre el llamado a presentaci\u00f3n de propuestas para:<br \/>\n-Prestaci\u00f3n de servicios gastron\u00f3micos en general en la base del Cerro Bah\u00eda Blanca-Parque Provincial \u201cErnesto Tornquist\u201d Expediente 118\/17 con retiro de pliegos del 24 al 28 de Julio de 8 a 13. Apertura de Sobres: 9 de Agosto a las 10 hs. Oficina de Compras.<br \/>\n-Explotaci\u00f3n del Kiosco del Cerro Base Ventana. Expediente 111\/17 con retiro de pliegos del 24 al 28 de Julio de 8 a 13.<br \/>\nApertura de sobres: 8 de Agosto a las 10 hs en la oficina de compras.<\/p>\n","protected":false},"excerpt":{"rendered":"<p>El pasado 5 de Julio mediante decreto del Intendente Municipal, se inform\u00f3 la adjudicaci\u00f3n de la explotaci\u00f3n en la confiter\u00eda, cafeter\u00eda y Kiosco de la Terminal de \u00f3mnibus local. La misma fue adjudicada a Silvia Martinez y Mar\u00eda Laura Spagnuolo con domicilio en Ventura Picado 639. \u00a0Ambas reconocidas en su rubro fueron elegidas por la [&hellip;]<\/p>\n","protected":false},"author":3,"featured_media":0,"comment_status":"closed","ping_status":"open","sticky":false,"template":"","format":"standard","meta":{"footnotes":""},"categories":[28],"tags":[],"class_list":["post-12285","post","type-post","status-publish","format-standard","hentry","category-municipales"],"yoast_head":"<!-- This site is optimized with the Yoast SEO plugin v25.9 - https:\/\/yoast.com\/wordpress\/plugins\/seo\/ -->\n<title>Hay nuevas concesionarias en la confiter\u00eda de la Terminal - Noticias Radio Reflejos<\/title>\n<meta name=\"robots\" content=\"index, follow, max-snippet:-1, max-image-preview:large, max-video-preview:-1\" \/>\n<link rel=\"canonical\" href=\"https:\/\/www.noticiasradioreflejos.com.ar\/2021\/hay-nuevas-concesionarias-en-la-confiteria-de-la-terminal\/\" \/>\n<meta property=\"og:locale\" content=\"es_ES\" \/>\n<meta property=\"og:type\" content=\"article\" \/>\n<meta property=\"og:title\" content=\"Hay nuevas concesionarias en la confiter\u00eda de la Terminal - Noticias Radio Reflejos\" \/>\n<meta property=\"og:description\" content=\"El pasado 5 de Julio mediante decreto del Intendente Municipal, se inform\u00f3 la adjudicaci\u00f3n de la explotaci\u00f3n en la confiter\u00eda, cafeter\u00eda y Kiosco de la Terminal de \u00f3mnibus local. La misma fue adjudicada a Silvia Martinez y Mar\u00eda Laura Spagnuolo con domicilio en Ventura Picado 639. \u00a0Ambas reconocidas en su rubro fueron elegidas por la [&hellip;]\" \/>\n<meta property=\"og:url\" content=\"https:\/\/www.noticiasradioreflejos.com.ar\/2021\/hay-nuevas-concesionarias-en-la-confiteria-de-la-terminal\/\" \/>\n<meta property=\"og:site_name\" content=\"Noticias Radio Reflejos\" \/>\n<meta property=\"article:published_time\" content=\"2017-07-15T23:09:38+00:00\" \/>\n<meta property=\"og:image\" content=\"https:\/\/www.noticiasradioreflejos.com.ar\/2021\/wp-content\/uploads\/2021\/07\/logosol300x200.png\" \/>\n\t<meta property=\"og:image:width\" content=\"300\" \/>\n\t<meta property=\"og:image:height\" content=\"200\" \/>\n\t<meta property=\"og:image:type\" content=\"image\/png\" \/>\n<meta name=\"author\" content=\"Arnaldo Botto\" \/>\n<meta name=\"twitter:card\" content=\"summary_large_image\" \/>\n<script type=\"application\/ld+json\" class=\"yoast-schema-graph\">{\"@context\":\"https:\/\/schema.org\",\"@graph\":[{\"@type\":\"WebPage\",\"@id\":\"https:\/\/www.noticiasradioreflejos.com.ar\/2021\/hay-nuevas-concesionarias-en-la-confiteria-de-la-terminal\/\",\"url\":\"https:\/\/www.noticiasradioreflejos.com.ar\/2021\/hay-nuevas-concesionarias-en-la-confiteria-de-la-terminal\/\",\"name\":\"Hay nuevas concesionarias en la confiter\u00eda de la Terminal - Noticias Radio Reflejos\",\"isPartOf\":{\"@id\":\"https:\/\/www.noticiasradioreflejos.com.ar\/2021\/#website\"},\"datePublished\":\"2017-07-15T23:09:38+00:00\",\"author\":{\"@id\":\"https:\/\/www.noticiasradioreflejos.com.ar\/2021\/#\/schema\/person\/ad82545263dcc5ec0996818884fd5fb1\"},\"breadcrumb\":{\"@id\":\"https:\/\/www.noticiasradioreflejos.com.ar\/2021\/hay-nuevas-concesionarias-en-la-confiteria-de-la-terminal\/#breadcrumb\"},\"inLanguage\":\"es\",\"potentialAction\":[{\"@type\":\"ReadAction\",\"target\":[\"https:\/\/www.noticiasradioreflejos.com.ar\/2021\/hay-nuevas-concesionarias-en-la-confiteria-de-la-terminal\/\"]}]},{\"@type\":\"BreadcrumbList\",\"@id\":\"https:\/\/www.noticiasradioreflejos.com.ar\/2021\/hay-nuevas-concesionarias-en-la-confiteria-de-la-terminal\/#breadcrumb\",\"itemListElement\":[{\"@type\":\"ListItem\",\"position\":1,\"name\":\"Portada\",\"item\":\"https:\/\/www.noticiasradioreflejos.com.ar\/2021\/\"},{\"@type\":\"ListItem\",\"position\":2,\"name\":\"Hay nuevas concesionarias en la confiter\u00eda de la Terminal\"}]},{\"@type\":\"WebSite\",\"@id\":\"https:\/\/www.noticiasradioreflejos.com.ar\/2021\/#website\",\"url\":\"https:\/\/www.noticiasradioreflejos.com.ar\/2021\/\",\"name\":\"Noticias Radio Reflejos\",\"description\":\"Las noticias de mi comarca\",\"potentialAction\":[{\"@type\":\"SearchAction\",\"target\":{\"@type\":\"EntryPoint\",\"urlTemplate\":\"https:\/\/www.noticiasradioreflejos.com.ar\/2021\/?s={search_term_string}\"},\"query-input\":{\"@type\":\"PropertyValueSpecification\",\"valueRequired\":true,\"valueName\":\"search_term_string\"}}],\"inLanguage\":\"es\"},{\"@type\":\"Person\",\"@id\":\"https:\/\/www.noticiasradioreflejos.com.ar\/2021\/#\/schema\/person\/ad82545263dcc5ec0996818884fd5fb1\",\"name\":\"Arnaldo Botto\",\"image\":{\"@type\":\"ImageObject\",\"inLanguage\":\"es\",\"@id\":\"https:\/\/www.noticiasradioreflejos.com.ar\/2021\/#\/schema\/person\/image\/\",\"url\":\"https:\/\/secure.gravatar.com\/avatar\/55cb5e37c1efa326397366e6974cb338056df65cb50e7d64d1cf314e87504837?s=96&d=mm&r=g\",\"contentUrl\":\"https:\/\/secure.gravatar.com\/avatar\/55cb5e37c1efa326397366e6974cb338056df65cb50e7d64d1cf314e87504837?s=96&d=mm&r=g\",\"caption\":\"Arnaldo Botto\"},\"url\":\"https:\/\/www.noticiasradioreflejos.com.ar\/2021\/author\/arnaldo\/\"}]}<\/script>\n<!-- \/ Yoast SEO plugin. -->","yoast_head_json":{"title":"Hay nuevas concesionarias en la confiter\u00eda de la Terminal - Noticias Radio Reflejos","robots":{"index":"index","follow":"follow","max-snippet":"max-snippet:-1","max-image-preview":"max-image-preview:large","max-video-preview":"max-video-preview:-1"},"canonical":"https:\/\/www.noticiasradioreflejos.com.ar\/2021\/hay-nuevas-concesionarias-en-la-confiteria-de-la-terminal\/","og_locale":"es_ES","og_type":"article","og_title":"Hay nuevas concesionarias en la confiter\u00eda de la Terminal - Noticias Radio Reflejos","og_description":"El pasado 5 de Julio mediante decreto del Intendente Municipal, se inform\u00f3 la adjudicaci\u00f3n de la explotaci\u00f3n en la confiter\u00eda, cafeter\u00eda y Kiosco de la Terminal de \u00f3mnibus local. La misma fue adjudicada a Silvia Martinez y Mar\u00eda Laura Spagnuolo con domicilio en Ventura Picado 639. \u00a0Ambas reconocidas en su rubro fueron elegidas por la [&hellip;]","og_url":"https:\/\/www.noticiasradioreflejos.com.ar\/2021\/hay-nuevas-concesionarias-en-la-confiteria-de-la-terminal\/","og_site_name":"Noticias Radio Reflejos","article_published_time":"2017-07-15T23:09:38+00:00","og_image":[{"width":300,"height":200,"url":"https:\/\/www.noticiasradioreflejos.com.ar\/2021\/wp-content\/uploads\/2021\/07\/logosol300x200.png","type":"image\/png"}],"author":"Arnaldo Botto","twitter_card":"summary_large_image","schema":{"@context":"https:\/\/schema.org","@graph":[{"@type":"WebPage","@id":"https:\/\/www.noticiasradioreflejos.com.ar\/2021\/hay-nuevas-concesionarias-en-la-confiteria-de-la-terminal\/","url":"https:\/\/www.noticiasradioreflejos.com.ar\/2021\/hay-nuevas-concesionarias-en-la-confiteria-de-la-terminal\/","name":"Hay nuevas concesionarias en la confiter\u00eda de la Terminal - Noticias Radio Reflejos","isPartOf":{"@id":"https:\/\/www.noticiasradioreflejos.com.ar\/2021\/#website"},"datePublished":"2017-07-15T23:09:38+00:00","author":{"@id":"https:\/\/www.noticiasradioreflejos.com.ar\/2021\/#\/schema\/person\/ad82545263dcc5ec0996818884fd5fb1"},"breadcrumb":{"@id":"https:\/\/www.noticiasradioreflejos.com.ar\/2021\/hay-nuevas-concesionarias-en-la-confiteria-de-la-terminal\/#breadcrumb"},"inLanguage":"es","potentialAction":[{"@type":"ReadAction","target":["https:\/\/www.noticiasradioreflejos.com.ar\/2021\/hay-nuevas-concesionarias-en-la-confiteria-de-la-terminal\/"]}]},{"@type":"BreadcrumbList","@id":"https:\/\/www.noticiasradioreflejos.com.ar\/2021\/hay-nuevas-concesionarias-en-la-confiteria-de-la-terminal\/#breadcrumb","itemListElement":[{"@type":"ListItem","position":1,"name":"Portada","item":"https:\/\/www.noticiasradioreflejos.com.ar\/2021\/"},{"@type":"ListItem","position":2,"name":"Hay nuevas concesionarias en la confiter\u00eda de la Terminal"}]},{"@type":"WebSite","@id":"https:\/\/www.noticiasradioreflejos.com.ar\/2021\/#website","url":"https:\/\/www.noticiasradioreflejos.com.ar\/2021\/","name":"Noticias Radio Reflejos","description":"Las noticias de mi comarca","potentialAction":[{"@type":"SearchAction","target":{"@type":"EntryPoint","urlTemplate":"https:\/\/www.noticiasradioreflejos.com.ar\/2021\/?s={search_term_string}"},"query-input":{"@type":"PropertyValueSpecification","valueRequired":true,"valueName":"search_term_string"}}],"inLanguage":"es"},{"@type":"Person","@id":"https:\/\/www.noticiasradioreflejos.com.ar\/2021\/#\/schema\/person\/ad82545263dcc5ec0996818884fd5fb1","name":"Arnaldo Botto","image":{"@type":"ImageObject","inLanguage":"es","@id":"https:\/\/www.noticiasradioreflejos.com.ar\/2021\/#\/schema\/person\/image\/","url":"https:\/\/secure.gravatar.com\/avatar\/55cb5e37c1efa326397366e6974cb338056df65cb50e7d64d1cf314e87504837?s=96&d=mm&r=g","contentUrl":"https:\/\/secure.gravatar.com\/avatar\/55cb5e37c1efa326397366e6974cb338056df65cb50e7d64d1cf314e87504837?s=96&d=mm&r=g","caption":"Arnaldo Botto"},"url":"https:\/\/www.noticiasradioreflejos.com.ar\/2021\/author\/arnaldo\/"}]}},"_links":{"self":[{"href":"https:\/\/www.noticiasradioreflejos.com.ar\/2021\/wp-json\/wp\/v2\/posts\/12285","targetHints":{"allow":["GET"]}}],"collection":[{"href":"https:\/\/www.noticiasradioreflejos.com.ar\/2021\/wp-json\/wp\/v2\/posts"}],"about":[{"href":"https:\/\/www.noticiasradioreflejos.com.ar\/2021\/wp-json\/wp\/v2\/types\/post"}],"author":[{"embeddable":true,"href":"https:\/\/www.noticiasradioreflejos.com.ar\/2021\/wp-json\/wp\/v2\/users\/3"}],"replies":[{"embeddable":true,"href":"https:\/\/www.noticiasradioreflejos.com.ar\/2021\/wp-json\/wp\/v2\/comments?post=12285"}],"version-history":[{"count":0,"href":"https:\/\/www.noticiasradioreflejos.com.ar\/2021\/wp-json\/wp\/v2\/posts\/12285\/revisions"}],"wp:attachment":[{"href":"https:\/\/www.noticiasradioreflejos.com.ar\/2021\/wp-json\/wp\/v2\/media?parent=12285"}],"wp:term":[{"taxonomy":"category","embeddable":true,"href":"https:\/\/www.noticiasradioreflejos.com.ar\/2021\/wp-json\/wp\/v2\/categories?post=12285"},{"taxonomy":"post_tag","embeddable":true,"href":"https:\/\/www.noticiasradioreflejos.com.ar\/2021\/wp-json\/wp\/v2\/tags?post=12285"}],"curies":[{"name":"wp","href":"https:\/\/api.w.org\/{rel}","templated":true}]}}