{"id":12275,"date":"2017-07-15T13:21:49","date_gmt":"2017-07-15T16:21:49","guid":{"rendered":"http:\/\/www.noticiasradioreflejos.com.ar\/noticias\/?p=12275"},"modified":"2017-07-15T13:21:49","modified_gmt":"2017-07-15T16:21:49","slug":"1pais-hizo-su-presentacion-en-chasico","status":"publish","type":"post","link":"https:\/\/www.noticiasradioreflejos.com.ar\/2021\/1pais-hizo-su-presentacion-en-chasico\/","title":{"rendered":"1Pa\u00eds hizo su presentaci\u00f3n en Chasic\u00f3"},"content":{"rendered":"<p><a title=\"IMG_5758\" href=\"http:\/\/farm5.staticflickr.com\/4261\/35807876861_75218c3142.jpg\" rel=\"\"><img loading=\"lazy\" decoding=\"async\" class=\"alignleft\" style=\"float: left;\" title=\"IMG_5758\" src=\"http:\/\/farm5.staticflickr.com\/4261\/35807876861_75218c3142.jpg\" alt=\"IMG_5758\" width=\"500\" height=\"448\" \/><\/a>\u201cVENGO PARA APORTAR PROPUESTAS Y MEJOR DEBATE EN EL CONCEJO DELIBERANTE\u201d, MANIFEST\u00d3 OSCAR SCHARFF.<br \/>\nEl candidato a primer concejal por el espacio pol\u00edtico 1Pa\u00eds se reuni\u00f3 junto a vecinos y compa\u00f1eros de lista en el sal\u00f3n de la cooperativa el\u00e9ctrica de Chasic\u00f3.<!--more--><br \/>\n\u201cSe inicia una campa\u00f1a en d\u00f3nde debemos discutir cual es el verdadero rol del concejal, si levantar la mano autom\u00e1ticamente o llevarle claridad y verdadera informaci\u00f3n al vecino, el Concejo debe dejar de ser una escriban\u00eda del ejecutivo municipal; necesitamos propuestas y un mejor debate en el recinto\u201d, indic\u00f3 Scharff.<br \/>\n<a title=\"IMG_5750\" href=\"http:\/\/farm5.staticflickr.com\/4327\/35807879561_61814c61c9_z.jpg\" rel=\"\"><img loading=\"lazy\" decoding=\"async\" class=\"aligncenter\" title=\"IMG_5750\" src=\"http:\/\/farm5.staticflickr.com\/4327\/35807879561_61814c61c9_z.jpg\" alt=\"IMG_5750\" width=\"612\" height=\"640\" \/><\/a><br \/>\nLos candidatos de 1Pa\u00eds se reunieron con la referente local Guillermina Maldonado y el ex concejal Julio Oviedo, realizaron un diagn\u00f3stico de situaci\u00f3n de la localidad donde se encontraron con obras de vital importancia que no se han continuado en su ejecuci\u00f3n entre otros temas vinculados a salud y educaci\u00f3n.<br \/>\n<a title=\"Nueva imagen (1)\" href=\"http:\/\/farm5.staticflickr.com\/4236\/35099962474_73c1446338.jpg\" rel=\"\"><img loading=\"lazy\" decoding=\"async\" class=\"aligncenter\" title=\"Nueva imagen (1)\" src=\"http:\/\/farm5.staticflickr.com\/4236\/35099962474_73c1446338.jpg\" alt=\"Nueva imagen (1)\" width=\"500\" height=\"234\" \/><\/a><br \/>\nTambi\u00e9n participaron del encuentro el candidato a concejal Mauricio Kees y Patricia Toranzo candidata a Consejera Escolar.<br \/>\nMartes 18 Tornquist<br \/>\n<a title=\"IMG_5743\" href=\"http:\/\/farm5.staticflickr.com\/4306\/35807880531_b81168840b_z.jpg\" rel=\"\"><img loading=\"lazy\" decoding=\"async\" class=\"aligncenter\" title=\"IMG_5743\" src=\"http:\/\/farm5.staticflickr.com\/4306\/35807880531_b81168840b_z.jpg\" alt=\"IMG_5743\" width=\"640\" height=\"352\" \/><\/a><br \/>\nLa actividad proselitista del espacio conducido por Sergio Massa y Margarita Stolbizer continuar\u00e1 en la ciudad cabecera donde el martes 18 se presentar\u00e1n los candidatos en conferencia de prensa a partir de las 14 hs en la confiter\u00eda In Time ubicada en la esquina de Rawson y 25 de Mayo.<br \/>\nPRENSA 1PA\u00cdS<br \/>\n<a title=\"IMG-20170711-WA0040\" href=\"http:\/\/farm5.staticflickr.com\/4306\/35099965034_a38c319fe0_z.jpg\" rel=\"\"><img loading=\"lazy\" decoding=\"async\" class=\"aligncenter\" title=\"IMG-20170711-WA0040\" src=\"http:\/\/farm5.staticflickr.com\/4306\/35099965034_a38c319fe0_z.jpg\" alt=\"IMG-20170711-WA0040\" width=\"640\" height=\"512\" \/><\/a><\/p>\n","protected":false},"excerpt":{"rendered":"<p>\u201cVENGO PARA APORTAR PROPUESTAS Y MEJOR DEBATE EN EL CONCEJO DELIBERANTE\u201d, MANIFEST\u00d3 OSCAR SCHARFF. El candidato a primer concejal por el espacio pol\u00edtico 1Pa\u00eds se reuni\u00f3 junto a vecinos y compa\u00f1eros de lista en el sal\u00f3n de la cooperativa el\u00e9ctrica de Chasic\u00f3.<\/p>\n","protected":false},"author":3,"featured_media":0,"comment_status":"closed","ping_status":"open","sticky":false,"template":"","format":"standard","meta":{"footnotes":""},"categories":[24],"tags":[],"class_list":["post-12275","post","type-post","status-publish","format-standard","hentry","category-politica"],"yoast_head":"<!-- This site is optimized with the Yoast SEO plugin v25.9 - https:\/\/yoast.com\/wordpress\/plugins\/seo\/ -->\n<title>1Pa\u00eds hizo su presentaci\u00f3n en Chasic\u00f3 - Noticias Radio Reflejos<\/title>\n<meta name=\"robots\" content=\"index, follow, max-snippet:-1, max-image-preview:large, max-video-preview:-1\" \/>\n<link rel=\"canonical\" href=\"https:\/\/www.noticiasradioreflejos.com.ar\/2021\/1pais-hizo-su-presentacion-en-chasico\/\" \/>\n<meta property=\"og:locale\" content=\"es_ES\" \/>\n<meta property=\"og:type\" content=\"article\" \/>\n<meta property=\"og:title\" content=\"1Pa\u00eds hizo su presentaci\u00f3n en Chasic\u00f3 - Noticias Radio Reflejos\" \/>\n<meta property=\"og:description\" content=\"\u201cVENGO PARA APORTAR PROPUESTAS Y MEJOR DEBATE EN EL CONCEJO DELIBERANTE\u201d, MANIFEST\u00d3 OSCAR SCHARFF. El candidato a primer concejal por el espacio pol\u00edtico 1Pa\u00eds se reuni\u00f3 junto a vecinos y compa\u00f1eros de lista en el sal\u00f3n de la cooperativa el\u00e9ctrica de Chasic\u00f3.\" \/>\n<meta property=\"og:url\" content=\"https:\/\/www.noticiasradioreflejos.com.ar\/2021\/1pais-hizo-su-presentacion-en-chasico\/\" \/>\n<meta property=\"og:site_name\" content=\"Noticias Radio Reflejos\" \/>\n<meta property=\"article:published_time\" content=\"2017-07-15T16:21:49+00:00\" \/>\n<meta property=\"og:image\" content=\"http:\/\/farm5.staticflickr.com\/4261\/35807876861_75218c3142.jpg\" \/>\n<meta name=\"author\" content=\"Arnaldo Botto\" \/>\n<meta name=\"twitter:card\" content=\"summary_large_image\" \/>\n<script type=\"application\/ld+json\" class=\"yoast-schema-graph\">{\"@context\":\"https:\/\/schema.org\",\"@graph\":[{\"@type\":\"WebPage\",\"@id\":\"https:\/\/www.noticiasradioreflejos.com.ar\/2021\/1pais-hizo-su-presentacion-en-chasico\/\",\"url\":\"https:\/\/www.noticiasradioreflejos.com.ar\/2021\/1pais-hizo-su-presentacion-en-chasico\/\",\"name\":\"1Pa\u00eds hizo su presentaci\u00f3n en Chasic\u00f3 - Noticias Radio Reflejos\",\"isPartOf\":{\"@id\":\"https:\/\/www.noticiasradioreflejos.com.ar\/2021\/#website\"},\"primaryImageOfPage\":{\"@id\":\"https:\/\/www.noticiasradioreflejos.com.ar\/2021\/1pais-hizo-su-presentacion-en-chasico\/#primaryimage\"},\"image\":{\"@id\":\"https:\/\/www.noticiasradioreflejos.com.ar\/2021\/1pais-hizo-su-presentacion-en-chasico\/#primaryimage\"},\"thumbnailUrl\":\"http:\/\/farm5.staticflickr.com\/4261\/35807876861_75218c3142.jpg\",\"datePublished\":\"2017-07-15T16:21:49+00:00\",\"author\":{\"@id\":\"https:\/\/www.noticiasradioreflejos.com.ar\/2021\/#\/schema\/person\/ad82545263dcc5ec0996818884fd5fb1\"},\"breadcrumb\":{\"@id\":\"https:\/\/www.noticiasradioreflejos.com.ar\/2021\/1pais-hizo-su-presentacion-en-chasico\/#breadcrumb\"},\"inLanguage\":\"es\",\"potentialAction\":[{\"@type\":\"ReadAction\",\"target\":[\"https:\/\/www.noticiasradioreflejos.com.ar\/2021\/1pais-hizo-su-presentacion-en-chasico\/\"]}]},{\"@type\":\"ImageObject\",\"inLanguage\":\"es\",\"@id\":\"https:\/\/www.noticiasradioreflejos.com.ar\/2021\/1pais-hizo-su-presentacion-en-chasico\/#primaryimage\",\"url\":\"http:\/\/farm5.staticflickr.com\/4261\/35807876861_75218c3142.jpg\",\"contentUrl\":\"http:\/\/farm5.staticflickr.com\/4261\/35807876861_75218c3142.jpg\"},{\"@type\":\"BreadcrumbList\",\"@id\":\"https:\/\/www.noticiasradioreflejos.com.ar\/2021\/1pais-hizo-su-presentacion-en-chasico\/#breadcrumb\",\"itemListElement\":[{\"@type\":\"ListItem\",\"position\":1,\"name\":\"Portada\",\"item\":\"https:\/\/www.noticiasradioreflejos.com.ar\/2021\/\"},{\"@type\":\"ListItem\",\"position\":2,\"name\":\"1Pa\u00eds hizo su presentaci\u00f3n en Chasic\u00f3\"}]},{\"@type\":\"WebSite\",\"@id\":\"https:\/\/www.noticiasradioreflejos.com.ar\/2021\/#website\",\"url\":\"https:\/\/www.noticiasradioreflejos.com.ar\/2021\/\",\"name\":\"Noticias Radio Reflejos\",\"description\":\"Las noticias de mi comarca\",\"potentialAction\":[{\"@type\":\"SearchAction\",\"target\":{\"@type\":\"EntryPoint\",\"urlTemplate\":\"https:\/\/www.noticiasradioreflejos.com.ar\/2021\/?s={search_term_string}\"},\"query-input\":{\"@type\":\"PropertyValueSpecification\",\"valueRequired\":true,\"valueName\":\"search_term_string\"}}],\"inLanguage\":\"es\"},{\"@type\":\"Person\",\"@id\":\"https:\/\/www.noticiasradioreflejos.com.ar\/2021\/#\/schema\/person\/ad82545263dcc5ec0996818884fd5fb1\",\"name\":\"Arnaldo Botto\",\"image\":{\"@type\":\"ImageObject\",\"inLanguage\":\"es\",\"@id\":\"https:\/\/www.noticiasradioreflejos.com.ar\/2021\/#\/schema\/person\/image\/\",\"url\":\"https:\/\/secure.gravatar.com\/avatar\/55cb5e37c1efa326397366e6974cb338056df65cb50e7d64d1cf314e87504837?s=96&d=mm&r=g\",\"contentUrl\":\"https:\/\/secure.gravatar.com\/avatar\/55cb5e37c1efa326397366e6974cb338056df65cb50e7d64d1cf314e87504837?s=96&d=mm&r=g\",\"caption\":\"Arnaldo Botto\"},\"url\":\"https:\/\/www.noticiasradioreflejos.com.ar\/2021\/author\/arnaldo\/\"}]}<\/script>\n<!-- \/ Yoast SEO plugin. -->","yoast_head_json":{"title":"1Pa\u00eds hizo su presentaci\u00f3n en Chasic\u00f3 - Noticias Radio Reflejos","robots":{"index":"index","follow":"follow","max-snippet":"max-snippet:-1","max-image-preview":"max-image-preview:large","max-video-preview":"max-video-preview:-1"},"canonical":"https:\/\/www.noticiasradioreflejos.com.ar\/2021\/1pais-hizo-su-presentacion-en-chasico\/","og_locale":"es_ES","og_type":"article","og_title":"1Pa\u00eds hizo su presentaci\u00f3n en Chasic\u00f3 - Noticias Radio Reflejos","og_description":"\u201cVENGO PARA APORTAR PROPUESTAS Y MEJOR DEBATE EN EL CONCEJO DELIBERANTE\u201d, MANIFEST\u00d3 OSCAR SCHARFF. El candidato a primer concejal por el espacio pol\u00edtico 1Pa\u00eds se reuni\u00f3 junto a vecinos y compa\u00f1eros de lista en el sal\u00f3n de la cooperativa el\u00e9ctrica de Chasic\u00f3.","og_url":"https:\/\/www.noticiasradioreflejos.com.ar\/2021\/1pais-hizo-su-presentacion-en-chasico\/","og_site_name":"Noticias Radio Reflejos","article_published_time":"2017-07-15T16:21:49+00:00","og_image":[{"url":"http:\/\/farm5.staticflickr.com\/4261\/35807876861_75218c3142.jpg","type":"","width":"","height":""}],"author":"Arnaldo Botto","twitter_card":"summary_large_image","schema":{"@context":"https:\/\/schema.org","@graph":[{"@type":"WebPage","@id":"https:\/\/www.noticiasradioreflejos.com.ar\/2021\/1pais-hizo-su-presentacion-en-chasico\/","url":"https:\/\/www.noticiasradioreflejos.com.ar\/2021\/1pais-hizo-su-presentacion-en-chasico\/","name":"1Pa\u00eds hizo su presentaci\u00f3n en Chasic\u00f3 - Noticias Radio Reflejos","isPartOf":{"@id":"https:\/\/www.noticiasradioreflejos.com.ar\/2021\/#website"},"primaryImageOfPage":{"@id":"https:\/\/www.noticiasradioreflejos.com.ar\/2021\/1pais-hizo-su-presentacion-en-chasico\/#primaryimage"},"image":{"@id":"https:\/\/www.noticiasradioreflejos.com.ar\/2021\/1pais-hizo-su-presentacion-en-chasico\/#primaryimage"},"thumbnailUrl":"http:\/\/farm5.staticflickr.com\/4261\/35807876861_75218c3142.jpg","datePublished":"2017-07-15T16:21:49+00:00","author":{"@id":"https:\/\/www.noticiasradioreflejos.com.ar\/2021\/#\/schema\/person\/ad82545263dcc5ec0996818884fd5fb1"},"breadcrumb":{"@id":"https:\/\/www.noticiasradioreflejos.com.ar\/2021\/1pais-hizo-su-presentacion-en-chasico\/#breadcrumb"},"inLanguage":"es","potentialAction":[{"@type":"ReadAction","target":["https:\/\/www.noticiasradioreflejos.com.ar\/2021\/1pais-hizo-su-presentacion-en-chasico\/"]}]},{"@type":"ImageObject","inLanguage":"es","@id":"https:\/\/www.noticiasradioreflejos.com.ar\/2021\/1pais-hizo-su-presentacion-en-chasico\/#primaryimage","url":"http:\/\/farm5.staticflickr.com\/4261\/35807876861_75218c3142.jpg","contentUrl":"http:\/\/farm5.staticflickr.com\/4261\/35807876861_75218c3142.jpg"},{"@type":"BreadcrumbList","@id":"https:\/\/www.noticiasradioreflejos.com.ar\/2021\/1pais-hizo-su-presentacion-en-chasico\/#breadcrumb","itemListElement":[{"@type":"ListItem","position":1,"name":"Portada","item":"https:\/\/www.noticiasradioreflejos.com.ar\/2021\/"},{"@type":"ListItem","position":2,"name":"1Pa\u00eds hizo su presentaci\u00f3n en Chasic\u00f3"}]},{"@type":"WebSite","@id":"https:\/\/www.noticiasradioreflejos.com.ar\/2021\/#website","url":"https:\/\/www.noticiasradioreflejos.com.ar\/2021\/","name":"Noticias Radio Reflejos","description":"Las noticias de mi comarca","potentialAction":[{"@type":"SearchAction","target":{"@type":"EntryPoint","urlTemplate":"https:\/\/www.noticiasradioreflejos.com.ar\/2021\/?s={search_term_string}"},"query-input":{"@type":"PropertyValueSpecification","valueRequired":true,"valueName":"search_term_string"}}],"inLanguage":"es"},{"@type":"Person","@id":"https:\/\/www.noticiasradioreflejos.com.ar\/2021\/#\/schema\/person\/ad82545263dcc5ec0996818884fd5fb1","name":"Arnaldo Botto","image":{"@type":"ImageObject","inLanguage":"es","@id":"https:\/\/www.noticiasradioreflejos.com.ar\/2021\/#\/schema\/person\/image\/","url":"https:\/\/secure.gravatar.com\/avatar\/55cb5e37c1efa326397366e6974cb338056df65cb50e7d64d1cf314e87504837?s=96&d=mm&r=g","contentUrl":"https:\/\/secure.gravatar.com\/avatar\/55cb5e37c1efa326397366e6974cb338056df65cb50e7d64d1cf314e87504837?s=96&d=mm&r=g","caption":"Arnaldo Botto"},"url":"https:\/\/www.noticiasradioreflejos.com.ar\/2021\/author\/arnaldo\/"}]}},"_links":{"self":[{"href":"https:\/\/www.noticiasradioreflejos.com.ar\/2021\/wp-json\/wp\/v2\/posts\/12275","targetHints":{"allow":["GET"]}}],"collection":[{"href":"https:\/\/www.noticiasradioreflejos.com.ar\/2021\/wp-json\/wp\/v2\/posts"}],"about":[{"href":"https:\/\/www.noticiasradioreflejos.com.ar\/2021\/wp-json\/wp\/v2\/types\/post"}],"author":[{"embeddable":true,"href":"https:\/\/www.noticiasradioreflejos.com.ar\/2021\/wp-json\/wp\/v2\/users\/3"}],"replies":[{"embeddable":true,"href":"https:\/\/www.noticiasradioreflejos.com.ar\/2021\/wp-json\/wp\/v2\/comments?post=12275"}],"version-history":[{"count":0,"href":"https:\/\/www.noticiasradioreflejos.com.ar\/2021\/wp-json\/wp\/v2\/posts\/12275\/revisions"}],"wp:attachment":[{"href":"https:\/\/www.noticiasradioreflejos.com.ar\/2021\/wp-json\/wp\/v2\/media?parent=12275"}],"wp:term":[{"taxonomy":"category","embeddable":true,"href":"https:\/\/www.noticiasradioreflejos.com.ar\/2021\/wp-json\/wp\/v2\/categories?post=12275"},{"taxonomy":"post_tag","embeddable":true,"href":"https:\/\/www.noticiasradioreflejos.com.ar\/2021\/wp-json\/wp\/v2\/tags?post=12275"}],"curies":[{"name":"wp","href":"https:\/\/api.w.org\/{rel}","templated":true}]}}