{"id":122737,"date":"2025-08-02T08:53:35","date_gmt":"2025-08-02T11:53:35","guid":{"rendered":"https:\/\/www.noticiasradioreflejos.com.ar\/2021\/?p=122737"},"modified":"2025-08-02T08:53:35","modified_gmt":"2025-08-02T11:53:35","slug":"argentina-se-quedo-con-el-tercer-puesto-en-la-copa-america-femenina","status":"publish","type":"post","link":"https:\/\/www.noticiasradioreflejos.com.ar\/2021\/argentina-se-quedo-con-el-tercer-puesto-en-la-copa-america-femenina\/","title":{"rendered":"Argentina se qued\u00f3 con el tercer puesto en la Copa Am\u00e9rica Femenina"},"content":{"rendered":"<p>Le gan\u00f3 5-4 por penales a Uruguay tras haber empatado 2-2. El partido se jug\u00f3 en Quito.<!--more--><\/p>\n<div class=\"columns\" data-tadevel-template=\"web\/article-columns\">\n<div class=\"column-main\">\n<div class=\"article-body\" data-tadevel-template=\"web\/article-body\">\n<div class=\"article-body-content\">\n<p><strong>La selecci\u00f3n femenina de f\u00fatbol obtuvo el tercer puesto en la Copa Am\u00e9rica, al vencer a Uruguay 5-4 en la definici\u00f3n por tiros penales, tras haber igualado 2 a 2\u00a0<\/strong>en el encuentro disputado esta noche en el estadio de la Liga Deportiva Universitaria de Quito.<\/p>\n<p>Los goles de la \u201cAlbiceleste\u201d fueron anotados por\u00a0<strong>Aldana Cometti y Florencia Bonsegundo,<\/strong>\u00a0mientras que para el equipo uruguayo anotaron\u00a0<strong>Esperanza Pizarro y Juliana Viera<\/strong>. En tanto, en la tanda de penales,\u00a0<strong>Kishi N\u00fa\u00f1ez<\/strong>\u00a0convirti\u00f3 el disparo decisivo que defini\u00f3 el triunfo de Argentina.<\/p>\n<p>El encuentro fue parejo y muy disputado desde el inicio. La Argentina logr\u00f3 abrir el marcador a los\u00a0<strong>24 minutos<\/strong>\u00a0del primer tiempo gracias a una definici\u00f3n precisa de\u00a0<strong>Cometti<\/strong>. El gol le dio un impulso al equipo, que mostr\u00f3 intensidad y control en varias fases del partido, aunque\u00a0<strong>Uruguay<\/strong>\u00a0respondi\u00f3 r\u00e1pidamente para mantener la igualdad en el marcador.<\/p>\n<p>Pero\u00a0<strong>Uruguay<\/strong> reaccion\u00f3 con rapidez y contundencia:\u00a0<strong>Pizarro<\/strong>\u00a0marc\u00f3 la igualdad a los\u00a0<strong>35 minutos<\/strong>, y\u00a0<strong>Viera<\/strong>\u00a0dio vuelta el resultado justo antes del descanso, tras una jugada colectiva que descoloc\u00f3 a la defensa albiceleste.<\/p>\n<p>En la segunda mitad, el equipo dirigido por Germ\u00e1n Portanova sali\u00f3 decidido a buscar el empate. Tuvo varias ocasiones y logr\u00f3 el\u00a0<strong>2-2<\/strong>\u00a0a los\u00a0<strong>83 minutos<\/strong>, cuando\u00a0<strong>Bonsegundo<\/strong>, una de las figuras del equipo, convirti\u00f3 con seguridad un penal sancionado por mano dentro del \u00e1rea uruguaya. El gol reaviv\u00f3 el \u00e1nimo del conjunto argentino, que termin\u00f3 el tiempo reglamentario con mayor iniciativa y actitud ofensiva.<\/p>\n<p>En la definici\u00f3n desde los doce pasos,\u00a0<strong>Argentina<\/strong>\u00a0mostr\u00f3 temple y precisi\u00f3n: convirti\u00f3 sus cinco remates de forma impecable.\u00a0<strong>Uruguay<\/strong>, en cambio, fall\u00f3 uno de sus tiros, lo que result\u00f3 decisivo. El penal final fue ejecutado por\u00a0<strong>Kishi N\u00fa\u00f1ez<\/strong>, quien no fall\u00f3 y le dio al equipo nacional una valiosa victoria para cerrar el torneo en el podio.<\/p>\n<\/div>\n<\/div>\n<\/div>\n<\/div>\n","protected":false},"excerpt":{"rendered":"<p>Le gan\u00f3 5-4 por penales a Uruguay tras haber empatado 2-2. El partido se jug\u00f3 en Quito.<\/p>\n","protected":false},"author":3,"featured_media":0,"comment_status":"closed","ping_status":"closed","sticky":false,"template":"","format":"standard","meta":{"footnotes":""},"categories":[27],"tags":[],"class_list":["post-122737","post","type-post","status-publish","format-standard","hentry","category-deportes"],"yoast_head":"<!-- This site is optimized with the Yoast SEO plugin v25.9 - https:\/\/yoast.com\/wordpress\/plugins\/seo\/ -->\n<title>Argentina se qued\u00f3 con el tercer puesto en la Copa Am\u00e9rica Femenina - Noticias Radio Reflejos<\/title>\n<meta name=\"robots\" content=\"index, follow, max-snippet:-1, max-image-preview:large, max-video-preview:-1\" \/>\n<link rel=\"canonical\" href=\"https:\/\/www.noticiasradioreflejos.com.ar\/2021\/argentina-se-quedo-con-el-tercer-puesto-en-la-copa-america-femenina\/\" \/>\n<meta property=\"og:locale\" content=\"es_ES\" \/>\n<meta property=\"og:type\" content=\"article\" \/>\n<meta property=\"og:title\" content=\"Argentina se qued\u00f3 con el tercer puesto en la Copa Am\u00e9rica Femenina - Noticias Radio Reflejos\" \/>\n<meta property=\"og:description\" content=\"Le gan\u00f3 5-4 por penales a Uruguay tras haber empatado 2-2. El partido se jug\u00f3 en Quito.\" \/>\n<meta property=\"og:url\" content=\"https:\/\/www.noticiasradioreflejos.com.ar\/2021\/argentina-se-quedo-con-el-tercer-puesto-en-la-copa-america-femenina\/\" \/>\n<meta property=\"og:site_name\" content=\"Noticias Radio Reflejos\" \/>\n<meta property=\"article:published_time\" content=\"2025-08-02T11:53:35+00:00\" \/>\n<meta property=\"og:image\" content=\"https:\/\/www.noticiasradioreflejos.com.ar\/2021\/wp-content\/uploads\/2025\/08\/Argentina-Futbol-Femenino.jpg\" \/>\n\t<meta property=\"og:image:width\" content=\"807\" \/>\n\t<meta property=\"og:image:height\" content=\"721\" \/>\n\t<meta property=\"og:image:type\" content=\"image\/jpeg\" \/>\n<meta name=\"author\" content=\"Arnaldo Botto\" \/>\n<meta name=\"twitter:card\" content=\"summary_large_image\" \/>\n<script type=\"application\/ld+json\" class=\"yoast-schema-graph\">{\"@context\":\"https:\/\/schema.org\",\"@graph\":[{\"@type\":\"WebPage\",\"@id\":\"https:\/\/www.noticiasradioreflejos.com.ar\/2021\/argentina-se-quedo-con-el-tercer-puesto-en-la-copa-america-femenina\/\",\"url\":\"https:\/\/www.noticiasradioreflejos.com.ar\/2021\/argentina-se-quedo-con-el-tercer-puesto-en-la-copa-america-femenina\/\",\"name\":\"Argentina se qued\u00f3 con el tercer puesto en la Copa Am\u00e9rica Femenina - Noticias Radio Reflejos\",\"isPartOf\":{\"@id\":\"https:\/\/www.noticiasradioreflejos.com.ar\/2021\/#website\"},\"datePublished\":\"2025-08-02T11:53:35+00:00\",\"author\":{\"@id\":\"https:\/\/www.noticiasradioreflejos.com.ar\/2021\/#\/schema\/person\/ad82545263dcc5ec0996818884fd5fb1\"},\"breadcrumb\":{\"@id\":\"https:\/\/www.noticiasradioreflejos.com.ar\/2021\/argentina-se-quedo-con-el-tercer-puesto-en-la-copa-america-femenina\/#breadcrumb\"},\"inLanguage\":\"es\",\"potentialAction\":[{\"@type\":\"ReadAction\",\"target\":[\"https:\/\/www.noticiasradioreflejos.com.ar\/2021\/argentina-se-quedo-con-el-tercer-puesto-en-la-copa-america-femenina\/\"]}]},{\"@type\":\"BreadcrumbList\",\"@id\":\"https:\/\/www.noticiasradioreflejos.com.ar\/2021\/argentina-se-quedo-con-el-tercer-puesto-en-la-copa-america-femenina\/#breadcrumb\",\"itemListElement\":[{\"@type\":\"ListItem\",\"position\":1,\"name\":\"Portada\",\"item\":\"https:\/\/www.noticiasradioreflejos.com.ar\/2021\/\"},{\"@type\":\"ListItem\",\"position\":2,\"name\":\"Argentina se qued\u00f3 con el tercer puesto en la Copa Am\u00e9rica Femenina\"}]},{\"@type\":\"WebSite\",\"@id\":\"https:\/\/www.noticiasradioreflejos.com.ar\/2021\/#website\",\"url\":\"https:\/\/www.noticiasradioreflejos.com.ar\/2021\/\",\"name\":\"Noticias Radio Reflejos\",\"description\":\"Las noticias de mi comarca\",\"potentialAction\":[{\"@type\":\"SearchAction\",\"target\":{\"@type\":\"EntryPoint\",\"urlTemplate\":\"https:\/\/www.noticiasradioreflejos.com.ar\/2021\/?s={search_term_string}\"},\"query-input\":{\"@type\":\"PropertyValueSpecification\",\"valueRequired\":true,\"valueName\":\"search_term_string\"}}],\"inLanguage\":\"es\"},{\"@type\":\"Person\",\"@id\":\"https:\/\/www.noticiasradioreflejos.com.ar\/2021\/#\/schema\/person\/ad82545263dcc5ec0996818884fd5fb1\",\"name\":\"Arnaldo Botto\",\"image\":{\"@type\":\"ImageObject\",\"inLanguage\":\"es\",\"@id\":\"https:\/\/www.noticiasradioreflejos.com.ar\/2021\/#\/schema\/person\/image\/\",\"url\":\"https:\/\/secure.gravatar.com\/avatar\/55cb5e37c1efa326397366e6974cb338056df65cb50e7d64d1cf314e87504837?s=96&d=mm&r=g\",\"contentUrl\":\"https:\/\/secure.gravatar.com\/avatar\/55cb5e37c1efa326397366e6974cb338056df65cb50e7d64d1cf314e87504837?s=96&d=mm&r=g\",\"caption\":\"Arnaldo Botto\"},\"url\":\"https:\/\/www.noticiasradioreflejos.com.ar\/2021\/author\/arnaldo\/\"}]}<\/script>\n<!-- \/ Yoast SEO plugin. -->","yoast_head_json":{"title":"Argentina se qued\u00f3 con el tercer puesto en la Copa Am\u00e9rica Femenina - Noticias Radio Reflejos","robots":{"index":"index","follow":"follow","max-snippet":"max-snippet:-1","max-image-preview":"max-image-preview:large","max-video-preview":"max-video-preview:-1"},"canonical":"https:\/\/www.noticiasradioreflejos.com.ar\/2021\/argentina-se-quedo-con-el-tercer-puesto-en-la-copa-america-femenina\/","og_locale":"es_ES","og_type":"article","og_title":"Argentina se qued\u00f3 con el tercer puesto en la Copa Am\u00e9rica Femenina - Noticias Radio Reflejos","og_description":"Le gan\u00f3 5-4 por penales a Uruguay tras haber empatado 2-2. El partido se jug\u00f3 en Quito.","og_url":"https:\/\/www.noticiasradioreflejos.com.ar\/2021\/argentina-se-quedo-con-el-tercer-puesto-en-la-copa-america-femenina\/","og_site_name":"Noticias Radio Reflejos","article_published_time":"2025-08-02T11:53:35+00:00","og_image":[{"width":807,"height":721,"url":"https:\/\/www.noticiasradioreflejos.com.ar\/2021\/wp-content\/uploads\/2025\/08\/Argentina-Futbol-Femenino.jpg","type":"image\/jpeg"}],"author":"Arnaldo Botto","twitter_card":"summary_large_image","schema":{"@context":"https:\/\/schema.org","@graph":[{"@type":"WebPage","@id":"https:\/\/www.noticiasradioreflejos.com.ar\/2021\/argentina-se-quedo-con-el-tercer-puesto-en-la-copa-america-femenina\/","url":"https:\/\/www.noticiasradioreflejos.com.ar\/2021\/argentina-se-quedo-con-el-tercer-puesto-en-la-copa-america-femenina\/","name":"Argentina se qued\u00f3 con el tercer puesto en la Copa Am\u00e9rica Femenina - Noticias Radio Reflejos","isPartOf":{"@id":"https:\/\/www.noticiasradioreflejos.com.ar\/2021\/#website"},"datePublished":"2025-08-02T11:53:35+00:00","author":{"@id":"https:\/\/www.noticiasradioreflejos.com.ar\/2021\/#\/schema\/person\/ad82545263dcc5ec0996818884fd5fb1"},"breadcrumb":{"@id":"https:\/\/www.noticiasradioreflejos.com.ar\/2021\/argentina-se-quedo-con-el-tercer-puesto-en-la-copa-america-femenina\/#breadcrumb"},"inLanguage":"es","potentialAction":[{"@type":"ReadAction","target":["https:\/\/www.noticiasradioreflejos.com.ar\/2021\/argentina-se-quedo-con-el-tercer-puesto-en-la-copa-america-femenina\/"]}]},{"@type":"BreadcrumbList","@id":"https:\/\/www.noticiasradioreflejos.com.ar\/2021\/argentina-se-quedo-con-el-tercer-puesto-en-la-copa-america-femenina\/#breadcrumb","itemListElement":[{"@type":"ListItem","position":1,"name":"Portada","item":"https:\/\/www.noticiasradioreflejos.com.ar\/2021\/"},{"@type":"ListItem","position":2,"name":"Argentina se qued\u00f3 con el tercer puesto en la Copa Am\u00e9rica Femenina"}]},{"@type":"WebSite","@id":"https:\/\/www.noticiasradioreflejos.com.ar\/2021\/#website","url":"https:\/\/www.noticiasradioreflejos.com.ar\/2021\/","name":"Noticias Radio Reflejos","description":"Las noticias de mi comarca","potentialAction":[{"@type":"SearchAction","target":{"@type":"EntryPoint","urlTemplate":"https:\/\/www.noticiasradioreflejos.com.ar\/2021\/?s={search_term_string}"},"query-input":{"@type":"PropertyValueSpecification","valueRequired":true,"valueName":"search_term_string"}}],"inLanguage":"es"},{"@type":"Person","@id":"https:\/\/www.noticiasradioreflejos.com.ar\/2021\/#\/schema\/person\/ad82545263dcc5ec0996818884fd5fb1","name":"Arnaldo Botto","image":{"@type":"ImageObject","inLanguage":"es","@id":"https:\/\/www.noticiasradioreflejos.com.ar\/2021\/#\/schema\/person\/image\/","url":"https:\/\/secure.gravatar.com\/avatar\/55cb5e37c1efa326397366e6974cb338056df65cb50e7d64d1cf314e87504837?s=96&d=mm&r=g","contentUrl":"https:\/\/secure.gravatar.com\/avatar\/55cb5e37c1efa326397366e6974cb338056df65cb50e7d64d1cf314e87504837?s=96&d=mm&r=g","caption":"Arnaldo Botto"},"url":"https:\/\/www.noticiasradioreflejos.com.ar\/2021\/author\/arnaldo\/"}]}},"_links":{"self":[{"href":"https:\/\/www.noticiasradioreflejos.com.ar\/2021\/wp-json\/wp\/v2\/posts\/122737","targetHints":{"allow":["GET"]}}],"collection":[{"href":"https:\/\/www.noticiasradioreflejos.com.ar\/2021\/wp-json\/wp\/v2\/posts"}],"about":[{"href":"https:\/\/www.noticiasradioreflejos.com.ar\/2021\/wp-json\/wp\/v2\/types\/post"}],"author":[{"embeddable":true,"href":"https:\/\/www.noticiasradioreflejos.com.ar\/2021\/wp-json\/wp\/v2\/users\/3"}],"replies":[{"embeddable":true,"href":"https:\/\/www.noticiasradioreflejos.com.ar\/2021\/wp-json\/wp\/v2\/comments?post=122737"}],"version-history":[{"count":1,"href":"https:\/\/www.noticiasradioreflejos.com.ar\/2021\/wp-json\/wp\/v2\/posts\/122737\/revisions"}],"predecessor-version":[{"id":122740,"href":"https:\/\/www.noticiasradioreflejos.com.ar\/2021\/wp-json\/wp\/v2\/posts\/122737\/revisions\/122740"}],"wp:attachment":[{"href":"https:\/\/www.noticiasradioreflejos.com.ar\/2021\/wp-json\/wp\/v2\/media?parent=122737"}],"wp:term":[{"taxonomy":"category","embeddable":true,"href":"https:\/\/www.noticiasradioreflejos.com.ar\/2021\/wp-json\/wp\/v2\/categories?post=122737"},{"taxonomy":"post_tag","embeddable":true,"href":"https:\/\/www.noticiasradioreflejos.com.ar\/2021\/wp-json\/wp\/v2\/tags?post=122737"}],"curies":[{"name":"wp","href":"https:\/\/api.w.org\/{rel}","templated":true}]}}