{"id":122663,"date":"2025-07-31T17:41:36","date_gmt":"2025-07-31T20:41:36","guid":{"rendered":"https:\/\/www.noticiasradioreflejos.com.ar\/2021\/?p=122663"},"modified":"2025-07-31T17:41:36","modified_gmt":"2025-07-31T20:41:36","slug":"un-productor-del-distrito-accedio-a-financiamiento-para-fortalecer-su-emprendimiento-artesanal","status":"publish","type":"post","link":"https:\/\/www.noticiasradioreflejos.com.ar\/2021\/un-productor-del-distrito-accedio-a-financiamiento-para-fortalecer-su-emprendimiento-artesanal\/","title":{"rendered":"Un productor del distrito accedi\u00f3 a financiamiento para fortalecer su emprendimiento artesanal"},"content":{"rendered":"<p>Un productor del distrito de Tornquist fue beneficiado con un fondo fiduciario a trav\u00e9s del programa de Peque\u00f1as Unidades Productivas de Alimentos Artesanales (PUPAAS), impulsado por el Ministerio de Desarrollo Agrario de la Provincia de Buenos Aires.<!--more--><\/p>\n<p>Se trata de \u201cLos Buhos\u201d, un emprendimiento gastron\u00f3mico de Villa Ventana, quien recibi\u00f3 el financiamiento destinado a la adquisici\u00f3n de herramientas, insumos y mejoras edilicias en su unidad productiva, con el objetivo de fortalecer la capacidad, la eficiencia y la seguridad alimentaria de su emprendimiento.<\/p>\n<p>&nbsp;<\/p>\n<p><a href=\"https:\/\/www.noticiasradioreflejos.com.ar\/2021\/un-productor-del-distrito-accedio-a-financiamiento-para-fortalecer-su-emprendimiento-artesanal\/_mg_6968\/\" rel=\"attachment wp-att-122665\"><img loading=\"lazy\" decoding=\"async\" class=\"aligncenter size-full wp-image-122665\" src=\"https:\/\/www.noticiasradioreflejos.com.ar\/2021\/wp-content\/uploads\/2025\/07\/MG_6968.jpg\" alt=\"\" width=\"2048\" height=\"1365\" srcset=\"https:\/\/www.noticiasradioreflejos.com.ar\/2021\/wp-content\/uploads\/2025\/07\/MG_6968.jpg 2048w, https:\/\/www.noticiasradioreflejos.com.ar\/2021\/wp-content\/uploads\/2025\/07\/MG_6968-300x200.jpg 300w, https:\/\/www.noticiasradioreflejos.com.ar\/2021\/wp-content\/uploads\/2025\/07\/MG_6968-1024x683.jpg 1024w, https:\/\/www.noticiasradioreflejos.com.ar\/2021\/wp-content\/uploads\/2025\/07\/MG_6968-768x512.jpg 768w, https:\/\/www.noticiasradioreflejos.com.ar\/2021\/wp-content\/uploads\/2025\/07\/MG_6968-1536x1024.jpg 1536w, https:\/\/www.noticiasradioreflejos.com.ar\/2021\/wp-content\/uploads\/2025\/07\/MG_6968-750x500.jpg 750w, https:\/\/www.noticiasradioreflejos.com.ar\/2021\/wp-content\/uploads\/2025\/07\/MG_6968-1140x760.jpg 1140w\" sizes=\"auto, (max-width: 2048px) 100vw, 2048px\" \/><\/a><\/p>\n<p>Este tipo de asistencia econ\u00f3mica permite potenciar las producciones artesanales, promoviendo el desarrollo local, el agregado de valor en origen y la comercializaci\u00f3n en toda la Provincia de Buenos Aires, incluidos los Mercados Bonaerenses.<\/p>\n<p>El programa PUPAAS busca facilitar la habilitaci\u00f3n de la elaboraci\u00f3n de alimentos en cocinas domiciliarias individuales o colectivas, garantizar la seguridad alimentaria y fomentar la educaci\u00f3n y capacitaci\u00f3n tanto de productores como de consumidores.<\/p>\n<p>Este logro refleja el resultado de un trabajo conjunto entre el Estado municipal y los productores, promoviendo oportunidades reales para el crecimiento de los emprendimientos locales.<\/p>\n<p>&nbsp;<\/p>\n<p><a href=\"https:\/\/www.noticiasradioreflejos.com.ar\/2021\/un-productor-del-distrito-accedio-a-financiamiento-para-fortalecer-su-emprendimiento-artesanal\/_mg_6958\/\" rel=\"attachment wp-att-122666\"><img loading=\"lazy\" decoding=\"async\" class=\"aligncenter size-full wp-image-122666\" src=\"https:\/\/www.noticiasradioreflejos.com.ar\/2021\/wp-content\/uploads\/2025\/07\/MG_6958.jpg\" alt=\"\" width=\"2048\" height=\"1365\" srcset=\"https:\/\/www.noticiasradioreflejos.com.ar\/2021\/wp-content\/uploads\/2025\/07\/MG_6958.jpg 2048w, https:\/\/www.noticiasradioreflejos.com.ar\/2021\/wp-content\/uploads\/2025\/07\/MG_6958-300x200.jpg 300w, https:\/\/www.noticiasradioreflejos.com.ar\/2021\/wp-content\/uploads\/2025\/07\/MG_6958-1024x683.jpg 1024w, https:\/\/www.noticiasradioreflejos.com.ar\/2021\/wp-content\/uploads\/2025\/07\/MG_6958-768x512.jpg 768w, https:\/\/www.noticiasradioreflejos.com.ar\/2021\/wp-content\/uploads\/2025\/07\/MG_6958-1536x1024.jpg 1536w, https:\/\/www.noticiasradioreflejos.com.ar\/2021\/wp-content\/uploads\/2025\/07\/MG_6958-750x500.jpg 750w, https:\/\/www.noticiasradioreflejos.com.ar\/2021\/wp-content\/uploads\/2025\/07\/MG_6958-1140x760.jpg 1140w\" sizes=\"auto, (max-width: 2048px) 100vw, 2048px\" \/><\/a><\/p>\n<p>&nbsp;<\/p>\n","protected":false},"excerpt":{"rendered":"<p>Un productor del distrito de Tornquist fue beneficiado con un fondo fiduciario a trav\u00e9s del programa de Peque\u00f1as Unidades Productivas de Alimentos Artesanales (PUPAAS), impulsado por el Ministerio de Desarrollo Agrario de la Provincia de Buenos Aires.<\/p>\n","protected":false},"author":3,"featured_media":0,"comment_status":"closed","ping_status":"closed","sticky":false,"template":"","format":"standard","meta":{"footnotes":""},"categories":[28],"tags":[],"class_list":["post-122663","post","type-post","status-publish","format-standard","hentry","category-municipales"],"yoast_head":"<!-- This site is optimized with the Yoast SEO plugin v25.9 - https:\/\/yoast.com\/wordpress\/plugins\/seo\/ -->\n<title>Un productor del distrito accedi\u00f3 a financiamiento para fortalecer su emprendimiento artesanal - Noticias Radio Reflejos<\/title>\n<meta name=\"robots\" content=\"index, follow, max-snippet:-1, max-image-preview:large, max-video-preview:-1\" \/>\n<link rel=\"canonical\" href=\"https:\/\/www.noticiasradioreflejos.com.ar\/2021\/un-productor-del-distrito-accedio-a-financiamiento-para-fortalecer-su-emprendimiento-artesanal\/\" \/>\n<meta property=\"og:locale\" content=\"es_ES\" \/>\n<meta property=\"og:type\" content=\"article\" \/>\n<meta property=\"og:title\" content=\"Un productor del distrito accedi\u00f3 a financiamiento para fortalecer su emprendimiento artesanal - Noticias Radio Reflejos\" \/>\n<meta property=\"og:description\" content=\"Un productor del distrito de Tornquist fue beneficiado con un fondo fiduciario a trav\u00e9s del programa de Peque\u00f1as Unidades Productivas de Alimentos Artesanales (PUPAAS), impulsado por el Ministerio de Desarrollo Agrario de la Provincia de Buenos Aires.\" \/>\n<meta property=\"og:url\" content=\"https:\/\/www.noticiasradioreflejos.com.ar\/2021\/un-productor-del-distrito-accedio-a-financiamiento-para-fortalecer-su-emprendimiento-artesanal\/\" \/>\n<meta property=\"og:site_name\" content=\"Noticias Radio Reflejos\" \/>\n<meta property=\"article:published_time\" content=\"2025-07-31T20:41:36+00:00\" \/>\n<meta property=\"og:image\" content=\"https:\/\/www.noticiasradioreflejos.com.ar\/2021\/wp-content\/uploads\/2025\/07\/LosBuhos2.jpeg\" \/>\n\t<meta property=\"og:image:width\" content=\"1280\" \/>\n\t<meta property=\"og:image:height\" content=\"960\" \/>\n\t<meta property=\"og:image:type\" content=\"image\/jpeg\" \/>\n<meta name=\"author\" content=\"Arnaldo Botto\" \/>\n<meta name=\"twitter:card\" content=\"summary_large_image\" \/>\n<script type=\"application\/ld+json\" class=\"yoast-schema-graph\">{\"@context\":\"https:\/\/schema.org\",\"@graph\":[{\"@type\":\"WebPage\",\"@id\":\"https:\/\/www.noticiasradioreflejos.com.ar\/2021\/un-productor-del-distrito-accedio-a-financiamiento-para-fortalecer-su-emprendimiento-artesanal\/\",\"url\":\"https:\/\/www.noticiasradioreflejos.com.ar\/2021\/un-productor-del-distrito-accedio-a-financiamiento-para-fortalecer-su-emprendimiento-artesanal\/\",\"name\":\"Un productor del distrito accedi\u00f3 a financiamiento para fortalecer su emprendimiento artesanal - Noticias Radio Reflejos\",\"isPartOf\":{\"@id\":\"https:\/\/www.noticiasradioreflejos.com.ar\/2021\/#website\"},\"primaryImageOfPage\":{\"@id\":\"https:\/\/www.noticiasradioreflejos.com.ar\/2021\/un-productor-del-distrito-accedio-a-financiamiento-para-fortalecer-su-emprendimiento-artesanal\/#primaryimage\"},\"image\":{\"@id\":\"https:\/\/www.noticiasradioreflejos.com.ar\/2021\/un-productor-del-distrito-accedio-a-financiamiento-para-fortalecer-su-emprendimiento-artesanal\/#primaryimage\"},\"thumbnailUrl\":\"https:\/\/www.noticiasradioreflejos.com.ar\/2021\/wp-content\/uploads\/2025\/07\/MG_6968.jpg\",\"datePublished\":\"2025-07-31T20:41:36+00:00\",\"author\":{\"@id\":\"https:\/\/www.noticiasradioreflejos.com.ar\/2021\/#\/schema\/person\/ad82545263dcc5ec0996818884fd5fb1\"},\"breadcrumb\":{\"@id\":\"https:\/\/www.noticiasradioreflejos.com.ar\/2021\/un-productor-del-distrito-accedio-a-financiamiento-para-fortalecer-su-emprendimiento-artesanal\/#breadcrumb\"},\"inLanguage\":\"es\",\"potentialAction\":[{\"@type\":\"ReadAction\",\"target\":[\"https:\/\/www.noticiasradioreflejos.com.ar\/2021\/un-productor-del-distrito-accedio-a-financiamiento-para-fortalecer-su-emprendimiento-artesanal\/\"]}]},{\"@type\":\"ImageObject\",\"inLanguage\":\"es\",\"@id\":\"https:\/\/www.noticiasradioreflejos.com.ar\/2021\/un-productor-del-distrito-accedio-a-financiamiento-para-fortalecer-su-emprendimiento-artesanal\/#primaryimage\",\"url\":\"https:\/\/www.noticiasradioreflejos.com.ar\/2021\/wp-content\/uploads\/2025\/07\/MG_6968.jpg\",\"contentUrl\":\"https:\/\/www.noticiasradioreflejos.com.ar\/2021\/wp-content\/uploads\/2025\/07\/MG_6968.jpg\",\"width\":2048,\"height\":1365},{\"@type\":\"BreadcrumbList\",\"@id\":\"https:\/\/www.noticiasradioreflejos.com.ar\/2021\/un-productor-del-distrito-accedio-a-financiamiento-para-fortalecer-su-emprendimiento-artesanal\/#breadcrumb\",\"itemListElement\":[{\"@type\":\"ListItem\",\"position\":1,\"name\":\"Portada\",\"item\":\"https:\/\/www.noticiasradioreflejos.com.ar\/2021\/\"},{\"@type\":\"ListItem\",\"position\":2,\"name\":\"Un productor del distrito accedi\u00f3 a financiamiento para fortalecer su emprendimiento artesanal\"}]},{\"@type\":\"WebSite\",\"@id\":\"https:\/\/www.noticiasradioreflejos.com.ar\/2021\/#website\",\"url\":\"https:\/\/www.noticiasradioreflejos.com.ar\/2021\/\",\"name\":\"Noticias Radio Reflejos\",\"description\":\"Las noticias de mi comarca\",\"potentialAction\":[{\"@type\":\"SearchAction\",\"target\":{\"@type\":\"EntryPoint\",\"urlTemplate\":\"https:\/\/www.noticiasradioreflejos.com.ar\/2021\/?s={search_term_string}\"},\"query-input\":{\"@type\":\"PropertyValueSpecification\",\"valueRequired\":true,\"valueName\":\"search_term_string\"}}],\"inLanguage\":\"es\"},{\"@type\":\"Person\",\"@id\":\"https:\/\/www.noticiasradioreflejos.com.ar\/2021\/#\/schema\/person\/ad82545263dcc5ec0996818884fd5fb1\",\"name\":\"Arnaldo Botto\",\"image\":{\"@type\":\"ImageObject\",\"inLanguage\":\"es\",\"@id\":\"https:\/\/www.noticiasradioreflejos.com.ar\/2021\/#\/schema\/person\/image\/\",\"url\":\"https:\/\/secure.gravatar.com\/avatar\/55cb5e37c1efa326397366e6974cb338056df65cb50e7d64d1cf314e87504837?s=96&d=mm&r=g\",\"contentUrl\":\"https:\/\/secure.gravatar.com\/avatar\/55cb5e37c1efa326397366e6974cb338056df65cb50e7d64d1cf314e87504837?s=96&d=mm&r=g\",\"caption\":\"Arnaldo Botto\"},\"url\":\"https:\/\/www.noticiasradioreflejos.com.ar\/2021\/author\/arnaldo\/\"}]}<\/script>\n<!-- \/ Yoast SEO plugin. -->","yoast_head_json":{"title":"Un productor del distrito accedi\u00f3 a financiamiento para fortalecer su emprendimiento artesanal - Noticias Radio Reflejos","robots":{"index":"index","follow":"follow","max-snippet":"max-snippet:-1","max-image-preview":"max-image-preview:large","max-video-preview":"max-video-preview:-1"},"canonical":"https:\/\/www.noticiasradioreflejos.com.ar\/2021\/un-productor-del-distrito-accedio-a-financiamiento-para-fortalecer-su-emprendimiento-artesanal\/","og_locale":"es_ES","og_type":"article","og_title":"Un productor del distrito accedi\u00f3 a financiamiento para fortalecer su emprendimiento artesanal - Noticias Radio Reflejos","og_description":"Un productor del distrito de Tornquist fue beneficiado con un fondo fiduciario a trav\u00e9s del programa de Peque\u00f1as Unidades Productivas de Alimentos Artesanales (PUPAAS), impulsado por el Ministerio de Desarrollo Agrario de la Provincia de Buenos Aires.","og_url":"https:\/\/www.noticiasradioreflejos.com.ar\/2021\/un-productor-del-distrito-accedio-a-financiamiento-para-fortalecer-su-emprendimiento-artesanal\/","og_site_name":"Noticias Radio Reflejos","article_published_time":"2025-07-31T20:41:36+00:00","og_image":[{"width":1280,"height":960,"url":"https:\/\/www.noticiasradioreflejos.com.ar\/2021\/wp-content\/uploads\/2025\/07\/LosBuhos2.jpeg","type":"image\/jpeg"}],"author":"Arnaldo Botto","twitter_card":"summary_large_image","schema":{"@context":"https:\/\/schema.org","@graph":[{"@type":"WebPage","@id":"https:\/\/www.noticiasradioreflejos.com.ar\/2021\/un-productor-del-distrito-accedio-a-financiamiento-para-fortalecer-su-emprendimiento-artesanal\/","url":"https:\/\/www.noticiasradioreflejos.com.ar\/2021\/un-productor-del-distrito-accedio-a-financiamiento-para-fortalecer-su-emprendimiento-artesanal\/","name":"Un productor del distrito accedi\u00f3 a financiamiento para fortalecer su emprendimiento artesanal - Noticias Radio Reflejos","isPartOf":{"@id":"https:\/\/www.noticiasradioreflejos.com.ar\/2021\/#website"},"primaryImageOfPage":{"@id":"https:\/\/www.noticiasradioreflejos.com.ar\/2021\/un-productor-del-distrito-accedio-a-financiamiento-para-fortalecer-su-emprendimiento-artesanal\/#primaryimage"},"image":{"@id":"https:\/\/www.noticiasradioreflejos.com.ar\/2021\/un-productor-del-distrito-accedio-a-financiamiento-para-fortalecer-su-emprendimiento-artesanal\/#primaryimage"},"thumbnailUrl":"https:\/\/www.noticiasradioreflejos.com.ar\/2021\/wp-content\/uploads\/2025\/07\/MG_6968.jpg","datePublished":"2025-07-31T20:41:36+00:00","author":{"@id":"https:\/\/www.noticiasradioreflejos.com.ar\/2021\/#\/schema\/person\/ad82545263dcc5ec0996818884fd5fb1"},"breadcrumb":{"@id":"https:\/\/www.noticiasradioreflejos.com.ar\/2021\/un-productor-del-distrito-accedio-a-financiamiento-para-fortalecer-su-emprendimiento-artesanal\/#breadcrumb"},"inLanguage":"es","potentialAction":[{"@type":"ReadAction","target":["https:\/\/www.noticiasradioreflejos.com.ar\/2021\/un-productor-del-distrito-accedio-a-financiamiento-para-fortalecer-su-emprendimiento-artesanal\/"]}]},{"@type":"ImageObject","inLanguage":"es","@id":"https:\/\/www.noticiasradioreflejos.com.ar\/2021\/un-productor-del-distrito-accedio-a-financiamiento-para-fortalecer-su-emprendimiento-artesanal\/#primaryimage","url":"https:\/\/www.noticiasradioreflejos.com.ar\/2021\/wp-content\/uploads\/2025\/07\/MG_6968.jpg","contentUrl":"https:\/\/www.noticiasradioreflejos.com.ar\/2021\/wp-content\/uploads\/2025\/07\/MG_6968.jpg","width":2048,"height":1365},{"@type":"BreadcrumbList","@id":"https:\/\/www.noticiasradioreflejos.com.ar\/2021\/un-productor-del-distrito-accedio-a-financiamiento-para-fortalecer-su-emprendimiento-artesanal\/#breadcrumb","itemListElement":[{"@type":"ListItem","position":1,"name":"Portada","item":"https:\/\/www.noticiasradioreflejos.com.ar\/2021\/"},{"@type":"ListItem","position":2,"name":"Un productor del distrito accedi\u00f3 a financiamiento para fortalecer su emprendimiento artesanal"}]},{"@type":"WebSite","@id":"https:\/\/www.noticiasradioreflejos.com.ar\/2021\/#website","url":"https:\/\/www.noticiasradioreflejos.com.ar\/2021\/","name":"Noticias Radio Reflejos","description":"Las noticias de mi comarca","potentialAction":[{"@type":"SearchAction","target":{"@type":"EntryPoint","urlTemplate":"https:\/\/www.noticiasradioreflejos.com.ar\/2021\/?s={search_term_string}"},"query-input":{"@type":"PropertyValueSpecification","valueRequired":true,"valueName":"search_term_string"}}],"inLanguage":"es"},{"@type":"Person","@id":"https:\/\/www.noticiasradioreflejos.com.ar\/2021\/#\/schema\/person\/ad82545263dcc5ec0996818884fd5fb1","name":"Arnaldo Botto","image":{"@type":"ImageObject","inLanguage":"es","@id":"https:\/\/www.noticiasradioreflejos.com.ar\/2021\/#\/schema\/person\/image\/","url":"https:\/\/secure.gravatar.com\/avatar\/55cb5e37c1efa326397366e6974cb338056df65cb50e7d64d1cf314e87504837?s=96&d=mm&r=g","contentUrl":"https:\/\/secure.gravatar.com\/avatar\/55cb5e37c1efa326397366e6974cb338056df65cb50e7d64d1cf314e87504837?s=96&d=mm&r=g","caption":"Arnaldo Botto"},"url":"https:\/\/www.noticiasradioreflejos.com.ar\/2021\/author\/arnaldo\/"}]}},"_links":{"self":[{"href":"https:\/\/www.noticiasradioreflejos.com.ar\/2021\/wp-json\/wp\/v2\/posts\/122663","targetHints":{"allow":["GET"]}}],"collection":[{"href":"https:\/\/www.noticiasradioreflejos.com.ar\/2021\/wp-json\/wp\/v2\/posts"}],"about":[{"href":"https:\/\/www.noticiasradioreflejos.com.ar\/2021\/wp-json\/wp\/v2\/types\/post"}],"author":[{"embeddable":true,"href":"https:\/\/www.noticiasradioreflejos.com.ar\/2021\/wp-json\/wp\/v2\/users\/3"}],"replies":[{"embeddable":true,"href":"https:\/\/www.noticiasradioreflejos.com.ar\/2021\/wp-json\/wp\/v2\/comments?post=122663"}],"version-history":[{"count":2,"href":"https:\/\/www.noticiasradioreflejos.com.ar\/2021\/wp-json\/wp\/v2\/posts\/122663\/revisions"}],"predecessor-version":[{"id":122668,"href":"https:\/\/www.noticiasradioreflejos.com.ar\/2021\/wp-json\/wp\/v2\/posts\/122663\/revisions\/122668"}],"wp:attachment":[{"href":"https:\/\/www.noticiasradioreflejos.com.ar\/2021\/wp-json\/wp\/v2\/media?parent=122663"}],"wp:term":[{"taxonomy":"category","embeddable":true,"href":"https:\/\/www.noticiasradioreflejos.com.ar\/2021\/wp-json\/wp\/v2\/categories?post=122663"},{"taxonomy":"post_tag","embeddable":true,"href":"https:\/\/www.noticiasradioreflejos.com.ar\/2021\/wp-json\/wp\/v2\/tags?post=122663"}],"curies":[{"name":"wp","href":"https:\/\/api.w.org\/{rel}","templated":true}]}}