{"id":12265,"date":"2017-07-15T13:18:21","date_gmt":"2017-07-15T16:18:21","guid":{"rendered":"http:\/\/www.noticiasradioreflejos.com.ar\/noticias\/?p=12265"},"modified":"2017-07-15T13:18:21","modified_gmt":"2017-07-15T16:18:21","slug":"cambiemos-presento-su-lista-de-cara-a-las-primarias","status":"publish","type":"post","link":"https:\/\/www.noticiasradioreflejos.com.ar\/2021\/cambiemos-presento-su-lista-de-cara-a-las-primarias\/","title":{"rendered":"Cambiemos present\u00f3 su lista, de cara a las Primarias"},"content":{"rendered":"<p><a href=\"http:\/\/www.noticiasradioreflejos.com.ar\/noticias\/wp-content\/uploads\/2017\/07\/DSC_0013-1600x1200.jpg\"><img loading=\"lazy\" decoding=\"async\" class=\"alignleft size-full wp-image-12273\" src=\"http:\/\/www.noticiasradioreflejos.com.ar\/noticias\/wp-content\/uploads\/2017\/07\/DSC_0013-1600x1200.jpg\" alt=\"DSC_0013-1600x1200\" width=\"700\" height=\"467\" \/><\/a>El Frente Cambiemos present\u00f3 a la comunidad su lista de precandidatos para las PASO. El acto tuvo lugar este viernes por la noche en la Sociedad Germ\u00e1nica de Tornquist y tuvo la presencia del Intendente Sergio Bordoni.<!--more--><br \/>\nLa noche de este viernes 14 de julio, tuvo en el fog\u00f3n de la Sociedad Germ\u00e1nica de Tornquist, su momento de alta presi\u00f3n y efervescencia con habitantes de las distintas localidades y la ciudad, donde se presentaron a los integrantes de la lista de Cambiemos.<br \/>\nLa convocatoria estuvo pautada para la hora 20:30, y varios minutos antes, el estrecho local se vi\u00f3 colmado de gente que lleg\u00f3 para acompa\u00f1ar la propuesta electoral del Actual Jefe Comunal.<br \/>\n<a title=\"11560091\" href=\"http:\/\/farm5.staticflickr.com\/4289\/35551239340_3444805733_z.jpg\" rel=\"\"><img loading=\"lazy\" decoding=\"async\" class=\"aligncenter\" title=\"11560091\" src=\"http:\/\/farm5.staticflickr.com\/4289\/35551239340_3444805733_z.jpg\" alt=\"11560091\" width=\"640\" height=\"360\" \/><\/a><br \/>\nLa reuni\u00f3n se inici\u00f3 con una conferencia de prensa, donde los medios locales tuvimos la posibilidad de entrevistar y consultar a todos los pre candidatos y al propio intendente, sobre sus ideas y proyectos.<br \/>\nFinalizado esto, la presentaci\u00f3n de los integrantes de la lista estuvo a cargo del actual Secretario de Gobierno Municipal, Ezequiel Gabella, quien, micr\u00f3fono en mano, nombr\u00f3 a cada uno de los que aspiran a ocupar lugares en el HCD y el Consejo Escolar.<br \/>\n<a title=\"11560075\" href=\"http:\/\/farm5.staticflickr.com\/4283\/35769401112_4680fb67ff_z.jpg\" rel=\"\"><img loading=\"lazy\" decoding=\"async\" class=\"aligncenter\" title=\"11560075\" src=\"http:\/\/farm5.staticflickr.com\/4283\/35769401112_4680fb67ff_z.jpg\" alt=\"11560075\" width=\"640\" height=\"360\" \/><\/a><br \/>\nPosteriormente el micr\u00f3fono fue pasando por las manos de varios de los integrantes de la lista, para cerrar finalmente con las palabras de Sergio Bordoni, quien hizo una encendida defensa de la honestidad de su conducci\u00f3n y del equipo que lo acompa\u00f1a, criticando a la gesti\u00f3n anterior y a la bancada del FPV por \u00abPoner palos en la rueda permanentemente\u00bb, ejemplificando la compra de tierras para el futuro barrio y resaltando que hubo sobreprecio en la bicisenda de Saldungaray por parte del gobierno anterior.<br \/>\n<a title=\"11560085\" href=\"http:\/\/farm5.staticflickr.com\/4298\/35099580884_c3585bfd78_z.jpg\" rel=\"\"><img loading=\"lazy\" decoding=\"async\" class=\"aligncenter\" title=\"11560085\" src=\"http:\/\/farm5.staticflickr.com\/4298\/35099580884_c3585bfd78_z.jpg\" alt=\"11560085\" width=\"640\" height=\"360\" \/><\/a><br \/>\nHicieron uso de la palabra Agust\u00edn Martinez, Germ\u00e1n Scharff, Silvia Rossi, Critian Raising, Viviana Montibeller (Sierra de la Ventana), Romanela Bergesio (Villa Ventana), Jos\u00e9 Fonfr\u00eda (Saldungaray) y Noelia Baier (cabeza de lista).<br \/>\n&nbsp;<br \/>\n<a href=\"https:\/\/www.facebook.com\/reflejosfm\/media_set?set=a.10213611044739224.1073742045.1496587978&amp;type=3&amp;uploaded=48\">FOTOS<\/a><br \/>\n<iframe loading=\"lazy\" src=\"https:\/\/w.soundcloud.com\/player\/?url=https%3A\/\/api.soundcloud.com\/tracks\/333319780&amp;color=ff5500&amp;auto_play=false&amp;hide_related=false&amp;show_comments=true&amp;show_user=true&amp;show_reposts=false\" width=\"100%\" height=\"166\" frameborder=\"no\" scrolling=\"no\"><\/iframe><br \/>\n<iframe loading=\"lazy\" src=\"https:\/\/w.soundcloud.com\/player\/?url=https%3A\/\/api.soundcloud.com\/tracks\/333319912&amp;color=ff5500&amp;auto_play=false&amp;hide_related=false&amp;show_comments=true&amp;show_user=true&amp;show_reposts=false\" width=\"100%\" height=\"166\" frameborder=\"no\" scrolling=\"no\"><\/iframe><br \/>\n<iframe loading=\"lazy\" src=\"https:\/\/w.soundcloud.com\/player\/?url=https%3A\/\/api.soundcloud.com\/tracks\/333320330&amp;color=ff5500&amp;auto_play=false&amp;hide_related=false&amp;show_comments=true&amp;show_user=true&amp;show_reposts=false\" width=\"100%\" height=\"166\" frameborder=\"no\" scrolling=\"no\"><\/iframe><br \/>\n<iframe loading=\"lazy\" src=\"https:\/\/w.soundcloud.com\/player\/?url=https%3A\/\/api.soundcloud.com\/tracks\/333320571&amp;color=ff5500&amp;auto_play=false&amp;hide_related=false&amp;show_comments=true&amp;show_user=true&amp;show_reposts=false\" width=\"100%\" height=\"166\" frameborder=\"no\" scrolling=\"no\"><\/iframe><br \/>\n<iframe loading=\"lazy\" src=\"https:\/\/w.soundcloud.com\/player\/?url=https%3A\/\/api.soundcloud.com\/tracks\/333320765&amp;color=ff5500&amp;auto_play=false&amp;hide_related=false&amp;show_comments=true&amp;show_user=true&amp;show_reposts=false\" width=\"100%\" height=\"166\" frameborder=\"no\" scrolling=\"no\"><\/iframe><br \/>\n<a title=\"11560082\" href=\"http:\/\/farm5.staticflickr.com\/4315\/35551381680_d60830bf0f_z.jpg\" rel=\"\"><img loading=\"lazy\" decoding=\"async\" class=\"aligncenter\" title=\"11560082\" src=\"http:\/\/farm5.staticflickr.com\/4315\/35551381680_d60830bf0f_z.jpg\" alt=\"11560082\" width=\"640\" height=\"360\" \/><\/a><br \/>\n&nbsp;<br \/>\n<a title=\"11560085\" href=\"http:\/\/farm5.staticflickr.com\/4298\/35099580884_c3585bfd78_z.jpg\" rel=\"\"><br \/>\n<\/a><a title=\"11560073\" href=\"http:\/\/farm5.staticflickr.com\/4296\/35769407772_de350dd516_z.jpg\" rel=\"\"><img loading=\"lazy\" decoding=\"async\" class=\"aligncenter\" title=\"11560073\" src=\"http:\/\/farm5.staticflickr.com\/4296\/35769407772_de350dd516_z.jpg\" alt=\"11560073\" width=\"640\" height=\"360\" \/><\/a><a title=\"11560055\" href=\"http:\/\/farm5.staticflickr.com\/4218\/35769413472_68859c56a0_z.jpg\" rel=\"\"><img loading=\"lazy\" decoding=\"async\" class=\"aligncenter\" title=\"11560055\" src=\"http:\/\/farm5.staticflickr.com\/4218\/35769413472_68859c56a0_z.jpg\" alt=\"11560055\" width=\"640\" height=\"360\" \/><\/a><a title=\"11560050\" href=\"http:\/\/farm5.staticflickr.com\/4213\/35769422532_f7a250ee17_z.jpg\" rel=\"\"><img loading=\"lazy\" decoding=\"async\" class=\"aligncenter\" title=\"11560050\" src=\"http:\/\/farm5.staticflickr.com\/4213\/35769422532_f7a250ee17_z.jpg\" alt=\"11560050\" width=\"640\" height=\"360\" \/><\/a><br \/>\n<a title=\"lista-candidatos\" href=\"http:\/\/farm5.staticflickr.com\/4255\/35285398172_ff8124aa38_s.jpg\" rel=\"\"><img loading=\"lazy\" decoding=\"async\" class=\"aligncenter\" title=\"lista-candidatos\" src=\"http:\/\/farm5.staticflickr.com\/4255\/35285398172_ff8124aa38_b.jpg\" alt=\"lista-candidatos\" width=\"595\" height=\"842\" \/><\/a><\/p>\n","protected":false},"excerpt":{"rendered":"<p>El Frente Cambiemos present\u00f3 a la comunidad su lista de precandidatos para las PASO. El acto tuvo lugar este viernes por la noche en la Sociedad Germ\u00e1nica de Tornquist y tuvo la presencia del Intendente Sergio Bordoni.<\/p>\n","protected":false},"author":3,"featured_media":0,"comment_status":"closed","ping_status":"open","sticky":false,"template":"","format":"standard","meta":{"footnotes":""},"categories":[24],"tags":[],"class_list":["post-12265","post","type-post","status-publish","format-standard","hentry","category-politica"],"yoast_head":"<!-- This site is optimized with the Yoast SEO plugin v25.9 - https:\/\/yoast.com\/wordpress\/plugins\/seo\/ -->\n<title>Cambiemos present\u00f3 su lista, de cara a las Primarias - Noticias Radio Reflejos<\/title>\n<meta name=\"robots\" content=\"index, follow, max-snippet:-1, max-image-preview:large, max-video-preview:-1\" \/>\n<link rel=\"canonical\" href=\"https:\/\/www.noticiasradioreflejos.com.ar\/2021\/cambiemos-presento-su-lista-de-cara-a-las-primarias\/\" \/>\n<meta property=\"og:locale\" content=\"es_ES\" \/>\n<meta property=\"og:type\" content=\"article\" \/>\n<meta property=\"og:title\" content=\"Cambiemos present\u00f3 su lista, de cara a las Primarias - Noticias Radio Reflejos\" \/>\n<meta property=\"og:description\" content=\"El Frente Cambiemos present\u00f3 a la comunidad su lista de precandidatos para las PASO. El acto tuvo lugar este viernes por la noche en la Sociedad Germ\u00e1nica de Tornquist y tuvo la presencia del Intendente Sergio Bordoni.\" \/>\n<meta property=\"og:url\" content=\"https:\/\/www.noticiasradioreflejos.com.ar\/2021\/cambiemos-presento-su-lista-de-cara-a-las-primarias\/\" \/>\n<meta property=\"og:site_name\" content=\"Noticias Radio Reflejos\" \/>\n<meta property=\"article:published_time\" content=\"2017-07-15T16:18:21+00:00\" \/>\n<meta property=\"og:image\" content=\"https:\/\/www.noticiasradioreflejos.com.ar\/2021\/wp-content\/uploads\/2021\/07\/logosol300x200.png\" \/>\n\t<meta property=\"og:image:width\" content=\"300\" \/>\n\t<meta property=\"og:image:height\" content=\"200\" \/>\n\t<meta property=\"og:image:type\" content=\"image\/png\" \/>\n<meta name=\"author\" content=\"Arnaldo Botto\" \/>\n<meta name=\"twitter:card\" content=\"summary_large_image\" \/>\n<script type=\"application\/ld+json\" class=\"yoast-schema-graph\">{\"@context\":\"https:\/\/schema.org\",\"@graph\":[{\"@type\":\"WebPage\",\"@id\":\"https:\/\/www.noticiasradioreflejos.com.ar\/2021\/cambiemos-presento-su-lista-de-cara-a-las-primarias\/\",\"url\":\"https:\/\/www.noticiasradioreflejos.com.ar\/2021\/cambiemos-presento-su-lista-de-cara-a-las-primarias\/\",\"name\":\"Cambiemos present\u00f3 su lista, de cara a las Primarias - Noticias Radio Reflejos\",\"isPartOf\":{\"@id\":\"https:\/\/www.noticiasradioreflejos.com.ar\/2021\/#website\"},\"primaryImageOfPage\":{\"@id\":\"https:\/\/www.noticiasradioreflejos.com.ar\/2021\/cambiemos-presento-su-lista-de-cara-a-las-primarias\/#primaryimage\"},\"image\":{\"@id\":\"https:\/\/www.noticiasradioreflejos.com.ar\/2021\/cambiemos-presento-su-lista-de-cara-a-las-primarias\/#primaryimage\"},\"thumbnailUrl\":\"http:\/\/www.noticiasradioreflejos.com.ar\/noticias\/wp-content\/uploads\/2017\/07\/DSC_0013-1600x1200.jpg\",\"datePublished\":\"2017-07-15T16:18:21+00:00\",\"author\":{\"@id\":\"https:\/\/www.noticiasradioreflejos.com.ar\/2021\/#\/schema\/person\/ad82545263dcc5ec0996818884fd5fb1\"},\"breadcrumb\":{\"@id\":\"https:\/\/www.noticiasradioreflejos.com.ar\/2021\/cambiemos-presento-su-lista-de-cara-a-las-primarias\/#breadcrumb\"},\"inLanguage\":\"es\",\"potentialAction\":[{\"@type\":\"ReadAction\",\"target\":[\"https:\/\/www.noticiasradioreflejos.com.ar\/2021\/cambiemos-presento-su-lista-de-cara-a-las-primarias\/\"]}]},{\"@type\":\"ImageObject\",\"inLanguage\":\"es\",\"@id\":\"https:\/\/www.noticiasradioreflejos.com.ar\/2021\/cambiemos-presento-su-lista-de-cara-a-las-primarias\/#primaryimage\",\"url\":\"http:\/\/www.noticiasradioreflejos.com.ar\/noticias\/wp-content\/uploads\/2017\/07\/DSC_0013-1600x1200.jpg\",\"contentUrl\":\"http:\/\/www.noticiasradioreflejos.com.ar\/noticias\/wp-content\/uploads\/2017\/07\/DSC_0013-1600x1200.jpg\"},{\"@type\":\"BreadcrumbList\",\"@id\":\"https:\/\/www.noticiasradioreflejos.com.ar\/2021\/cambiemos-presento-su-lista-de-cara-a-las-primarias\/#breadcrumb\",\"itemListElement\":[{\"@type\":\"ListItem\",\"position\":1,\"name\":\"Portada\",\"item\":\"https:\/\/www.noticiasradioreflejos.com.ar\/2021\/\"},{\"@type\":\"ListItem\",\"position\":2,\"name\":\"Cambiemos present\u00f3 su lista, de cara a las Primarias\"}]},{\"@type\":\"WebSite\",\"@id\":\"https:\/\/www.noticiasradioreflejos.com.ar\/2021\/#website\",\"url\":\"https:\/\/www.noticiasradioreflejos.com.ar\/2021\/\",\"name\":\"Noticias Radio Reflejos\",\"description\":\"Las noticias de mi comarca\",\"potentialAction\":[{\"@type\":\"SearchAction\",\"target\":{\"@type\":\"EntryPoint\",\"urlTemplate\":\"https:\/\/www.noticiasradioreflejos.com.ar\/2021\/?s={search_term_string}\"},\"query-input\":{\"@type\":\"PropertyValueSpecification\",\"valueRequired\":true,\"valueName\":\"search_term_string\"}}],\"inLanguage\":\"es\"},{\"@type\":\"Person\",\"@id\":\"https:\/\/www.noticiasradioreflejos.com.ar\/2021\/#\/schema\/person\/ad82545263dcc5ec0996818884fd5fb1\",\"name\":\"Arnaldo Botto\",\"image\":{\"@type\":\"ImageObject\",\"inLanguage\":\"es\",\"@id\":\"https:\/\/www.noticiasradioreflejos.com.ar\/2021\/#\/schema\/person\/image\/\",\"url\":\"https:\/\/secure.gravatar.com\/avatar\/55cb5e37c1efa326397366e6974cb338056df65cb50e7d64d1cf314e87504837?s=96&d=mm&r=g\",\"contentUrl\":\"https:\/\/secure.gravatar.com\/avatar\/55cb5e37c1efa326397366e6974cb338056df65cb50e7d64d1cf314e87504837?s=96&d=mm&r=g\",\"caption\":\"Arnaldo Botto\"},\"url\":\"https:\/\/www.noticiasradioreflejos.com.ar\/2021\/author\/arnaldo\/\"}]}<\/script>\n<!-- \/ Yoast SEO plugin. -->","yoast_head_json":{"title":"Cambiemos present\u00f3 su lista, de cara a las Primarias - Noticias Radio Reflejos","robots":{"index":"index","follow":"follow","max-snippet":"max-snippet:-1","max-image-preview":"max-image-preview:large","max-video-preview":"max-video-preview:-1"},"canonical":"https:\/\/www.noticiasradioreflejos.com.ar\/2021\/cambiemos-presento-su-lista-de-cara-a-las-primarias\/","og_locale":"es_ES","og_type":"article","og_title":"Cambiemos present\u00f3 su lista, de cara a las Primarias - Noticias Radio Reflejos","og_description":"El Frente Cambiemos present\u00f3 a la comunidad su lista de precandidatos para las PASO. El acto tuvo lugar este viernes por la noche en la Sociedad Germ\u00e1nica de Tornquist y tuvo la presencia del Intendente Sergio Bordoni.","og_url":"https:\/\/www.noticiasradioreflejos.com.ar\/2021\/cambiemos-presento-su-lista-de-cara-a-las-primarias\/","og_site_name":"Noticias Radio Reflejos","article_published_time":"2017-07-15T16:18:21+00:00","og_image":[{"width":300,"height":200,"url":"https:\/\/www.noticiasradioreflejos.com.ar\/2021\/wp-content\/uploads\/2021\/07\/logosol300x200.png","type":"image\/png"}],"author":"Arnaldo Botto","twitter_card":"summary_large_image","schema":{"@context":"https:\/\/schema.org","@graph":[{"@type":"WebPage","@id":"https:\/\/www.noticiasradioreflejos.com.ar\/2021\/cambiemos-presento-su-lista-de-cara-a-las-primarias\/","url":"https:\/\/www.noticiasradioreflejos.com.ar\/2021\/cambiemos-presento-su-lista-de-cara-a-las-primarias\/","name":"Cambiemos present\u00f3 su lista, de cara a las Primarias - Noticias Radio Reflejos","isPartOf":{"@id":"https:\/\/www.noticiasradioreflejos.com.ar\/2021\/#website"},"primaryImageOfPage":{"@id":"https:\/\/www.noticiasradioreflejos.com.ar\/2021\/cambiemos-presento-su-lista-de-cara-a-las-primarias\/#primaryimage"},"image":{"@id":"https:\/\/www.noticiasradioreflejos.com.ar\/2021\/cambiemos-presento-su-lista-de-cara-a-las-primarias\/#primaryimage"},"thumbnailUrl":"http:\/\/www.noticiasradioreflejos.com.ar\/noticias\/wp-content\/uploads\/2017\/07\/DSC_0013-1600x1200.jpg","datePublished":"2017-07-15T16:18:21+00:00","author":{"@id":"https:\/\/www.noticiasradioreflejos.com.ar\/2021\/#\/schema\/person\/ad82545263dcc5ec0996818884fd5fb1"},"breadcrumb":{"@id":"https:\/\/www.noticiasradioreflejos.com.ar\/2021\/cambiemos-presento-su-lista-de-cara-a-las-primarias\/#breadcrumb"},"inLanguage":"es","potentialAction":[{"@type":"ReadAction","target":["https:\/\/www.noticiasradioreflejos.com.ar\/2021\/cambiemos-presento-su-lista-de-cara-a-las-primarias\/"]}]},{"@type":"ImageObject","inLanguage":"es","@id":"https:\/\/www.noticiasradioreflejos.com.ar\/2021\/cambiemos-presento-su-lista-de-cara-a-las-primarias\/#primaryimage","url":"http:\/\/www.noticiasradioreflejos.com.ar\/noticias\/wp-content\/uploads\/2017\/07\/DSC_0013-1600x1200.jpg","contentUrl":"http:\/\/www.noticiasradioreflejos.com.ar\/noticias\/wp-content\/uploads\/2017\/07\/DSC_0013-1600x1200.jpg"},{"@type":"BreadcrumbList","@id":"https:\/\/www.noticiasradioreflejos.com.ar\/2021\/cambiemos-presento-su-lista-de-cara-a-las-primarias\/#breadcrumb","itemListElement":[{"@type":"ListItem","position":1,"name":"Portada","item":"https:\/\/www.noticiasradioreflejos.com.ar\/2021\/"},{"@type":"ListItem","position":2,"name":"Cambiemos present\u00f3 su lista, de cara a las Primarias"}]},{"@type":"WebSite","@id":"https:\/\/www.noticiasradioreflejos.com.ar\/2021\/#website","url":"https:\/\/www.noticiasradioreflejos.com.ar\/2021\/","name":"Noticias Radio Reflejos","description":"Las noticias de mi comarca","potentialAction":[{"@type":"SearchAction","target":{"@type":"EntryPoint","urlTemplate":"https:\/\/www.noticiasradioreflejos.com.ar\/2021\/?s={search_term_string}"},"query-input":{"@type":"PropertyValueSpecification","valueRequired":true,"valueName":"search_term_string"}}],"inLanguage":"es"},{"@type":"Person","@id":"https:\/\/www.noticiasradioreflejos.com.ar\/2021\/#\/schema\/person\/ad82545263dcc5ec0996818884fd5fb1","name":"Arnaldo Botto","image":{"@type":"ImageObject","inLanguage":"es","@id":"https:\/\/www.noticiasradioreflejos.com.ar\/2021\/#\/schema\/person\/image\/","url":"https:\/\/secure.gravatar.com\/avatar\/55cb5e37c1efa326397366e6974cb338056df65cb50e7d64d1cf314e87504837?s=96&d=mm&r=g","contentUrl":"https:\/\/secure.gravatar.com\/avatar\/55cb5e37c1efa326397366e6974cb338056df65cb50e7d64d1cf314e87504837?s=96&d=mm&r=g","caption":"Arnaldo Botto"},"url":"https:\/\/www.noticiasradioreflejos.com.ar\/2021\/author\/arnaldo\/"}]}},"_links":{"self":[{"href":"https:\/\/www.noticiasradioreflejos.com.ar\/2021\/wp-json\/wp\/v2\/posts\/12265","targetHints":{"allow":["GET"]}}],"collection":[{"href":"https:\/\/www.noticiasradioreflejos.com.ar\/2021\/wp-json\/wp\/v2\/posts"}],"about":[{"href":"https:\/\/www.noticiasradioreflejos.com.ar\/2021\/wp-json\/wp\/v2\/types\/post"}],"author":[{"embeddable":true,"href":"https:\/\/www.noticiasradioreflejos.com.ar\/2021\/wp-json\/wp\/v2\/users\/3"}],"replies":[{"embeddable":true,"href":"https:\/\/www.noticiasradioreflejos.com.ar\/2021\/wp-json\/wp\/v2\/comments?post=12265"}],"version-history":[{"count":0,"href":"https:\/\/www.noticiasradioreflejos.com.ar\/2021\/wp-json\/wp\/v2\/posts\/12265\/revisions"}],"wp:attachment":[{"href":"https:\/\/www.noticiasradioreflejos.com.ar\/2021\/wp-json\/wp\/v2\/media?parent=12265"}],"wp:term":[{"taxonomy":"category","embeddable":true,"href":"https:\/\/www.noticiasradioreflejos.com.ar\/2021\/wp-json\/wp\/v2\/categories?post=12265"},{"taxonomy":"post_tag","embeddable":true,"href":"https:\/\/www.noticiasradioreflejos.com.ar\/2021\/wp-json\/wp\/v2\/tags?post=12265"}],"curies":[{"name":"wp","href":"https:\/\/api.w.org\/{rel}","templated":true}]}}