{"id":12262,"date":"2017-07-14T15:01:55","date_gmt":"2017-07-14T18:01:55","guid":{"rendered":"http:\/\/www.noticiasradioreflejos.com.ar\/noticias\/?p=12262"},"modified":"2017-07-14T15:01:55","modified_gmt":"2017-07-14T18:01:55","slug":"massa-en-la-plata-los-precios-tienen-que-bajar-para-todos-no-solo-para-los-clientes-de-un-banco","status":"publish","type":"post","link":"https:\/\/www.noticiasradioreflejos.com.ar\/2021\/massa-en-la-plata-los-precios-tienen-que-bajar-para-todos-no-solo-para-los-clientes-de-un-banco\/","title":{"rendered":"Massa en La Plata: \u201cLos precios tienen que bajar para todos, no s\u00f3lo para los clientes de un Banco\u201d"},"content":{"rendered":"<p>As\u00ed lo afirm\u00f3 el diputado nacional y precandidato a senador por la fuerza 1Pa\u00eds durante una reuni\u00f3n con vecinos y comerciantes en el Centro de Fomento \u00ab19 de Noviembre\u00bb, en el partido bonaerense de La Plata. <!--more-->All\u00ed, Sergio Massa present\u00f3 la iniciativa \u00abBajemos los precios\u201d y se refiri\u00f3 a lo sucedido recientemente con los descuentos en supermercados: \u201cEl problema de los precios lo tiene que resolver el Gobierno Nacional con medidas concretas que reduzcan el costo de la canasta b\u00e1sica para todos los argentinos que lo necesitan y no s\u00f3lo para los clientes de un Banco\u201d.<br \/>\n\u201cEl programa de descuentos del Banco Provincia en supermercados no s\u00f3lo no es una soluci\u00f3n sino que ni siquiera es sustentable en el tiempo, y menos para una provincia quebrada como la de Buenos Aires\u201d, agreg\u00f3 el diputado nacional en relaci\u00f3n a la promoci\u00f3n en los grandes supermercados bonaerenses que rebaja hasta un 50% el valor final de las compras, lo cual gener\u00f3 largas colas de personas esperando acceder a los descuentos.<br \/>\nA su vez se refiri\u00f3 al \u201cBajemos los Precios\u201d, iniciativa de 1Pa\u00eds que ya cuenta con el apoyo de m\u00e1s de 1 mill\u00f3n 500 mil firmas: \u201cNosotros presentamos hace tiempo nuestro plan porque hay una necesidad de aprobar esta ley de rebaja del IVA en los once productos de la canasta b\u00e1sica, en tarifas de servicios p\u00fablicos y en los medicamentos. Porque es una verg\u00fcenza que un jubilado pague m\u00e1s de $1500 entre estas tres cosas, cuando ni llega a fin de mes. Si un d\u00eda pudieron bajar el 50% de los precios, mi pregunta es por qu\u00e9 no bajan los precios todos los d\u00edas\u201d.<br \/>\n\u201cAdem\u00e1s en esa promoci\u00f3n quedan afuera los almacenes, los comercios de barrio y los sectores m\u00e1s perjudicados por el modelo econ\u00f3mico de Macri. Siempre son los m\u00e1s pobres los que pagan el costo de las pol\u00edticas de este Gobierno. Hay que terminar con estas medidas electoralistas y trabajar en serio para poner en marcha la econom\u00eda y que la gente pueda recuperar su poder de compra o llegar a fin de mes\u201d, sostuvo Massa.<br \/>\nEn este sentido asegur\u00f3: \u201cHay que generar rebajas de impuestos en todos los productos de la canasta b\u00e1sica. En lugar de que haya 8 cuadras de cola en un lugar donde bajaron los precios por una excepci\u00f3n, que transformemos la disminuci\u00f3n del 20% en una regla. Esta postal nos tiene que llevar a la reflexi\u00f3n de que la gente necesita comprar m\u00e1s barato, que la plata no alcanza y que cualquier oportunidad u oferta, termina transform\u00e1ndose en una pelea por ver qui\u00e9n entra m\u00e1s r\u00e1pido al supermercado. Me parece deprimente. Es una imagen de la Argentina que no queremos. Queremos una Argentina donde un trabajador, un jubilado, con su sueldo y su jubilaci\u00f3n pueden ir al supermercado, comprar m\u00e1s barato sin tener tanta presi\u00f3n de los impuestos, simplemente porque el Estado toma decisiones equivocadas\u201d.<br \/>\nAdem\u00e1s el l\u00edder de 1Pa\u00eds agreg\u00f3: \u201cEl verdadero \u201cfuror\u201d va a ser cuando en Argentina bajen los precios para que la clase media pueda consumir, para eso el Gobierno tiene que usar los 22 millones y medio de pesos que le aprobamos en el presupuesto y baj\u00e1rselos de la presi\u00f3n de impuestos a la gente\u201d.<br \/>\nTras mantener un encuentro con los comerciantes de la Asociaci\u00f3n Comercial Los Hornos, Massa mencion\u00f3 que \u201cnos pidieron que peleemos por la rebaja de impuestos y por el acceso al cr\u00e9dito. Entre la inseguridad, la presi\u00f3n impositiva y el aumento tarifario, la est\u00e1n pasando muy mal. Algunos comerciantes tienen la preocupaci\u00f3n de pensar en bajar la persiana y la econom\u00eda necesita comerciantes que tengan mercado, que puedan vender, que levanten la persiana y generen trabajo\u201d.<br \/>\nPara concluir, Massa afirm\u00f3: \u201cCreemos que entre un gobierno de ladrones y un gobierno para ricos, la sociedad tiene una alternativa distinta. Junto a Margarita Stolbizer invitamos todos a los argentinos al desaf\u00edo de recorrer algo diferente para nuestro pa\u00eds. Hay que salir de la trampa de la grieta. Vimos a los diputados de Macri y a los de Cristina juntos no queriendo sacarse los fueros: fue una foto tan dolorosa como lo que pas\u00f3 hace 20 d\u00edas, cuando tambi\u00e9n los diputados del oficialismo y del kirchnerismo se embolsaron 30 mil pesos de aumento, ignorando lo que le pasa a la sociedad argentina\u201d.<br \/>\nAcompa\u00f1aron a Massa el presidente del bloque de Diputados Jorge Sarghini, el diputado provincial Juan Amondarain, los precandidatos a diputados Jos\u00e9 Ram\u00f3n Arteaga y Paula Marcone, y referentes locales de la fuerza integrada por los equipos del Frente Renovador y GEN.<\/p>\n","protected":false},"excerpt":{"rendered":"<p>As\u00ed lo afirm\u00f3 el diputado nacional y precandidato a senador por la fuerza 1Pa\u00eds durante una reuni\u00f3n con vecinos y comerciantes en el Centro de Fomento \u00ab19 de Noviembre\u00bb, en el partido bonaerense de La Plata.<\/p>\n","protected":false},"author":3,"featured_media":0,"comment_status":"closed","ping_status":"open","sticky":false,"template":"","format":"standard","meta":{"footnotes":""},"categories":[24],"tags":[],"class_list":["post-12262","post","type-post","status-publish","format-standard","hentry","category-politica"],"yoast_head":"<!-- This site is optimized with the Yoast SEO plugin v25.9 - https:\/\/yoast.com\/wordpress\/plugins\/seo\/ -->\n<title>Massa en La Plata: \u201cLos precios tienen que bajar para todos, no s\u00f3lo para los clientes de un Banco\u201d - Noticias Radio Reflejos<\/title>\n<meta name=\"robots\" content=\"index, follow, max-snippet:-1, max-image-preview:large, max-video-preview:-1\" \/>\n<link rel=\"canonical\" href=\"https:\/\/www.noticiasradioreflejos.com.ar\/2021\/massa-en-la-plata-los-precios-tienen-que-bajar-para-todos-no-solo-para-los-clientes-de-un-banco\/\" \/>\n<meta property=\"og:locale\" content=\"es_ES\" \/>\n<meta property=\"og:type\" content=\"article\" \/>\n<meta property=\"og:title\" content=\"Massa en La Plata: \u201cLos precios tienen que bajar para todos, no s\u00f3lo para los clientes de un Banco\u201d - Noticias Radio Reflejos\" \/>\n<meta property=\"og:description\" content=\"As\u00ed lo afirm\u00f3 el diputado nacional y precandidato a senador por la fuerza 1Pa\u00eds durante una reuni\u00f3n con vecinos y comerciantes en el Centro de Fomento \u00ab19 de Noviembre\u00bb, en el partido bonaerense de La Plata.\" \/>\n<meta property=\"og:url\" content=\"https:\/\/www.noticiasradioreflejos.com.ar\/2021\/massa-en-la-plata-los-precios-tienen-que-bajar-para-todos-no-solo-para-los-clientes-de-un-banco\/\" \/>\n<meta property=\"og:site_name\" content=\"Noticias Radio Reflejos\" \/>\n<meta property=\"article:published_time\" content=\"2017-07-14T18:01:55+00:00\" \/>\n<meta property=\"og:image\" content=\"https:\/\/www.noticiasradioreflejos.com.ar\/2021\/wp-content\/uploads\/2021\/07\/logosol300x200.png\" \/>\n\t<meta property=\"og:image:width\" content=\"300\" \/>\n\t<meta property=\"og:image:height\" content=\"200\" \/>\n\t<meta property=\"og:image:type\" content=\"image\/png\" \/>\n<meta name=\"author\" content=\"Arnaldo Botto\" \/>\n<meta name=\"twitter:card\" content=\"summary_large_image\" \/>\n<script type=\"application\/ld+json\" class=\"yoast-schema-graph\">{\"@context\":\"https:\/\/schema.org\",\"@graph\":[{\"@type\":\"WebPage\",\"@id\":\"https:\/\/www.noticiasradioreflejos.com.ar\/2021\/massa-en-la-plata-los-precios-tienen-que-bajar-para-todos-no-solo-para-los-clientes-de-un-banco\/\",\"url\":\"https:\/\/www.noticiasradioreflejos.com.ar\/2021\/massa-en-la-plata-los-precios-tienen-que-bajar-para-todos-no-solo-para-los-clientes-de-un-banco\/\",\"name\":\"Massa en La Plata: \u201cLos precios tienen que bajar para todos, no s\u00f3lo para los clientes de un Banco\u201d - Noticias Radio Reflejos\",\"isPartOf\":{\"@id\":\"https:\/\/www.noticiasradioreflejos.com.ar\/2021\/#website\"},\"datePublished\":\"2017-07-14T18:01:55+00:00\",\"author\":{\"@id\":\"https:\/\/www.noticiasradioreflejos.com.ar\/2021\/#\/schema\/person\/ad82545263dcc5ec0996818884fd5fb1\"},\"breadcrumb\":{\"@id\":\"https:\/\/www.noticiasradioreflejos.com.ar\/2021\/massa-en-la-plata-los-precios-tienen-que-bajar-para-todos-no-solo-para-los-clientes-de-un-banco\/#breadcrumb\"},\"inLanguage\":\"es\",\"potentialAction\":[{\"@type\":\"ReadAction\",\"target\":[\"https:\/\/www.noticiasradioreflejos.com.ar\/2021\/massa-en-la-plata-los-precios-tienen-que-bajar-para-todos-no-solo-para-los-clientes-de-un-banco\/\"]}]},{\"@type\":\"BreadcrumbList\",\"@id\":\"https:\/\/www.noticiasradioreflejos.com.ar\/2021\/massa-en-la-plata-los-precios-tienen-que-bajar-para-todos-no-solo-para-los-clientes-de-un-banco\/#breadcrumb\",\"itemListElement\":[{\"@type\":\"ListItem\",\"position\":1,\"name\":\"Portada\",\"item\":\"https:\/\/www.noticiasradioreflejos.com.ar\/2021\/\"},{\"@type\":\"ListItem\",\"position\":2,\"name\":\"Massa en La Plata: \u201cLos precios tienen que bajar para todos, no s\u00f3lo para los clientes de un Banco\u201d\"}]},{\"@type\":\"WebSite\",\"@id\":\"https:\/\/www.noticiasradioreflejos.com.ar\/2021\/#website\",\"url\":\"https:\/\/www.noticiasradioreflejos.com.ar\/2021\/\",\"name\":\"Noticias Radio Reflejos\",\"description\":\"Las noticias de mi comarca\",\"potentialAction\":[{\"@type\":\"SearchAction\",\"target\":{\"@type\":\"EntryPoint\",\"urlTemplate\":\"https:\/\/www.noticiasradioreflejos.com.ar\/2021\/?s={search_term_string}\"},\"query-input\":{\"@type\":\"PropertyValueSpecification\",\"valueRequired\":true,\"valueName\":\"search_term_string\"}}],\"inLanguage\":\"es\"},{\"@type\":\"Person\",\"@id\":\"https:\/\/www.noticiasradioreflejos.com.ar\/2021\/#\/schema\/person\/ad82545263dcc5ec0996818884fd5fb1\",\"name\":\"Arnaldo Botto\",\"image\":{\"@type\":\"ImageObject\",\"inLanguage\":\"es\",\"@id\":\"https:\/\/www.noticiasradioreflejos.com.ar\/2021\/#\/schema\/person\/image\/\",\"url\":\"https:\/\/secure.gravatar.com\/avatar\/55cb5e37c1efa326397366e6974cb338056df65cb50e7d64d1cf314e87504837?s=96&d=mm&r=g\",\"contentUrl\":\"https:\/\/secure.gravatar.com\/avatar\/55cb5e37c1efa326397366e6974cb338056df65cb50e7d64d1cf314e87504837?s=96&d=mm&r=g\",\"caption\":\"Arnaldo Botto\"},\"url\":\"https:\/\/www.noticiasradioreflejos.com.ar\/2021\/author\/arnaldo\/\"}]}<\/script>\n<!-- \/ Yoast SEO plugin. -->","yoast_head_json":{"title":"Massa en La Plata: \u201cLos precios tienen que bajar para todos, no s\u00f3lo para los clientes de un Banco\u201d - Noticias Radio Reflejos","robots":{"index":"index","follow":"follow","max-snippet":"max-snippet:-1","max-image-preview":"max-image-preview:large","max-video-preview":"max-video-preview:-1"},"canonical":"https:\/\/www.noticiasradioreflejos.com.ar\/2021\/massa-en-la-plata-los-precios-tienen-que-bajar-para-todos-no-solo-para-los-clientes-de-un-banco\/","og_locale":"es_ES","og_type":"article","og_title":"Massa en La Plata: \u201cLos precios tienen que bajar para todos, no s\u00f3lo para los clientes de un Banco\u201d - Noticias Radio Reflejos","og_description":"As\u00ed lo afirm\u00f3 el diputado nacional y precandidato a senador por la fuerza 1Pa\u00eds durante una reuni\u00f3n con vecinos y comerciantes en el Centro de Fomento \u00ab19 de Noviembre\u00bb, en el partido bonaerense de La Plata.","og_url":"https:\/\/www.noticiasradioreflejos.com.ar\/2021\/massa-en-la-plata-los-precios-tienen-que-bajar-para-todos-no-solo-para-los-clientes-de-un-banco\/","og_site_name":"Noticias Radio Reflejos","article_published_time":"2017-07-14T18:01:55+00:00","og_image":[{"width":300,"height":200,"url":"https:\/\/www.noticiasradioreflejos.com.ar\/2021\/wp-content\/uploads\/2021\/07\/logosol300x200.png","type":"image\/png"}],"author":"Arnaldo Botto","twitter_card":"summary_large_image","schema":{"@context":"https:\/\/schema.org","@graph":[{"@type":"WebPage","@id":"https:\/\/www.noticiasradioreflejos.com.ar\/2021\/massa-en-la-plata-los-precios-tienen-que-bajar-para-todos-no-solo-para-los-clientes-de-un-banco\/","url":"https:\/\/www.noticiasradioreflejos.com.ar\/2021\/massa-en-la-plata-los-precios-tienen-que-bajar-para-todos-no-solo-para-los-clientes-de-un-banco\/","name":"Massa en La Plata: \u201cLos precios tienen que bajar para todos, no s\u00f3lo para los clientes de un Banco\u201d - Noticias Radio Reflejos","isPartOf":{"@id":"https:\/\/www.noticiasradioreflejos.com.ar\/2021\/#website"},"datePublished":"2017-07-14T18:01:55+00:00","author":{"@id":"https:\/\/www.noticiasradioreflejos.com.ar\/2021\/#\/schema\/person\/ad82545263dcc5ec0996818884fd5fb1"},"breadcrumb":{"@id":"https:\/\/www.noticiasradioreflejos.com.ar\/2021\/massa-en-la-plata-los-precios-tienen-que-bajar-para-todos-no-solo-para-los-clientes-de-un-banco\/#breadcrumb"},"inLanguage":"es","potentialAction":[{"@type":"ReadAction","target":["https:\/\/www.noticiasradioreflejos.com.ar\/2021\/massa-en-la-plata-los-precios-tienen-que-bajar-para-todos-no-solo-para-los-clientes-de-un-banco\/"]}]},{"@type":"BreadcrumbList","@id":"https:\/\/www.noticiasradioreflejos.com.ar\/2021\/massa-en-la-plata-los-precios-tienen-que-bajar-para-todos-no-solo-para-los-clientes-de-un-banco\/#breadcrumb","itemListElement":[{"@type":"ListItem","position":1,"name":"Portada","item":"https:\/\/www.noticiasradioreflejos.com.ar\/2021\/"},{"@type":"ListItem","position":2,"name":"Massa en La Plata: \u201cLos precios tienen que bajar para todos, no s\u00f3lo para los clientes de un Banco\u201d"}]},{"@type":"WebSite","@id":"https:\/\/www.noticiasradioreflejos.com.ar\/2021\/#website","url":"https:\/\/www.noticiasradioreflejos.com.ar\/2021\/","name":"Noticias Radio Reflejos","description":"Las noticias de mi comarca","potentialAction":[{"@type":"SearchAction","target":{"@type":"EntryPoint","urlTemplate":"https:\/\/www.noticiasradioreflejos.com.ar\/2021\/?s={search_term_string}"},"query-input":{"@type":"PropertyValueSpecification","valueRequired":true,"valueName":"search_term_string"}}],"inLanguage":"es"},{"@type":"Person","@id":"https:\/\/www.noticiasradioreflejos.com.ar\/2021\/#\/schema\/person\/ad82545263dcc5ec0996818884fd5fb1","name":"Arnaldo Botto","image":{"@type":"ImageObject","inLanguage":"es","@id":"https:\/\/www.noticiasradioreflejos.com.ar\/2021\/#\/schema\/person\/image\/","url":"https:\/\/secure.gravatar.com\/avatar\/55cb5e37c1efa326397366e6974cb338056df65cb50e7d64d1cf314e87504837?s=96&d=mm&r=g","contentUrl":"https:\/\/secure.gravatar.com\/avatar\/55cb5e37c1efa326397366e6974cb338056df65cb50e7d64d1cf314e87504837?s=96&d=mm&r=g","caption":"Arnaldo Botto"},"url":"https:\/\/www.noticiasradioreflejos.com.ar\/2021\/author\/arnaldo\/"}]}},"_links":{"self":[{"href":"https:\/\/www.noticiasradioreflejos.com.ar\/2021\/wp-json\/wp\/v2\/posts\/12262","targetHints":{"allow":["GET"]}}],"collection":[{"href":"https:\/\/www.noticiasradioreflejos.com.ar\/2021\/wp-json\/wp\/v2\/posts"}],"about":[{"href":"https:\/\/www.noticiasradioreflejos.com.ar\/2021\/wp-json\/wp\/v2\/types\/post"}],"author":[{"embeddable":true,"href":"https:\/\/www.noticiasradioreflejos.com.ar\/2021\/wp-json\/wp\/v2\/users\/3"}],"replies":[{"embeddable":true,"href":"https:\/\/www.noticiasradioreflejos.com.ar\/2021\/wp-json\/wp\/v2\/comments?post=12262"}],"version-history":[{"count":0,"href":"https:\/\/www.noticiasradioreflejos.com.ar\/2021\/wp-json\/wp\/v2\/posts\/12262\/revisions"}],"wp:attachment":[{"href":"https:\/\/www.noticiasradioreflejos.com.ar\/2021\/wp-json\/wp\/v2\/media?parent=12262"}],"wp:term":[{"taxonomy":"category","embeddable":true,"href":"https:\/\/www.noticiasradioreflejos.com.ar\/2021\/wp-json\/wp\/v2\/categories?post=12262"},{"taxonomy":"post_tag","embeddable":true,"href":"https:\/\/www.noticiasradioreflejos.com.ar\/2021\/wp-json\/wp\/v2\/tags?post=12262"}],"curies":[{"name":"wp","href":"https:\/\/api.w.org\/{rel}","templated":true}]}}