{"id":122595,"date":"2025-07-31T06:30:27","date_gmt":"2025-07-31T09:30:27","guid":{"rendered":"https:\/\/www.noticiasradioreflejos.com.ar\/2021\/?p=122595"},"modified":"2025-07-31T06:30:27","modified_gmt":"2025-07-31T09:30:27","slug":"los-gobernadores-de-cinco-provincias-se-desmarcan-de-la-casa-rosada-y-lanzan-un-frente-comun-anti-milei-para-octubre","status":"publish","type":"post","link":"https:\/\/www.noticiasradioreflejos.com.ar\/2021\/los-gobernadores-de-cinco-provincias-se-desmarcan-de-la-casa-rosada-y-lanzan-un-frente-comun-anti-milei-para-octubre\/","title":{"rendered":"Los gobernadores de cinco provincias se desmarcan de la Casa Rosada y lanzan un frente com\u00fan anti-Milei para octubre"},"content":{"rendered":"<p>Los jefes provinciales de Chubut, Santa Fe, C\u00f3rdoba, Jujuy y Santa Cruz buscan llevar al Congreso una agenda que priorice el desarrollo del interior, con \u00e9nfasis en el equilibrio fiscal, la infraestructura y la igualdad de oportunidades, hicieron saber.<!--more--><\/p>\n<div class=\"content-container col-12 col-lg-8\">\n<div class=\"c-content\">\n<div class=\"partner-wrapper opening\" data-mrf-recirculation=\"Apertura\">\n<div class=\"second-col\">\n<figure class=\"ni-figure\"><picture class=\"news-image\"><source srcset=\"https:\/\/static.eldiario.es\/clip\/df3ec7e7-56f8-468f-811a-4f7dd43ce93d_16-9-discover-aspect-ratio_50p_0.webp\" type=\"image\/webp\" media=\"(max-width: 576px)\" \/><source srcset=\"https:\/\/static.eldiario.es\/clip\/df3ec7e7-56f8-468f-811a-4f7dd43ce93d_16-9-discover-aspect-ratio_50p_0.jpg\" type=\"image\/jpg\" media=\"(max-width: 576px)\" \/><source srcset=\"https:\/\/static.eldiario.es\/clip\/df3ec7e7-56f8-468f-811a-4f7dd43ce93d_16-9-discover-aspect-ratio_75p_0.webp\" type=\"image\/webp\" media=\"(max-width: 767px)\" \/><source srcset=\"https:\/\/static.eldiario.es\/clip\/df3ec7e7-56f8-468f-811a-4f7dd43ce93d_16-9-discover-aspect-ratio_75p_0.jpg\" type=\"image\/jpg\" media=\"(max-width: 767px)\" \/><source srcset=\"https:\/\/static.eldiario.es\/clip\/df3ec7e7-56f8-468f-811a-4f7dd43ce93d_16-9-discover-aspect-ratio_default_0.webp\" type=\"image\/webp\" \/><source srcset=\"https:\/\/static.eldiario.es\/clip\/df3ec7e7-56f8-468f-811a-4f7dd43ce93d_16-9-discover-aspect-ratio_default_0.jpg\" type=\"image\/jpg\" \/><\/picture><\/figure>\n<\/div>\n<\/div>\n<\/div>\n<\/div>\n<p><span class=\"title\">Los gobernadores de Santa Cruz, Claudio Vidal; Chubut, Ignacio Torres; C\u00f3rdoba, Mart\u00edn Llaryora; Santa Fe, Maximiliano Pullaro, y Jujuy Carlos Sadir, anticiparon el mi\u00e9rcoles por la noche que competir\u00e1n \u201cmancomunadamente\u201d en las elecciones legislativas de octubre, y en contra de La Libertad Avanza en sus respectivos distritos.\u00a0<span class=\"author\">NA<\/span><\/span><\/p>\n<div class=\"partner-wrapper article-page__body-row\">\n<div class=\"second-col\">\n<p class=\"article-text\"><strong>Hay un grito federal que necesita voces en el Congreso.<\/strong>\u00a0Con esa frase como estandarte, cinco gobernadores del interior del pa\u00eds presentaron este martes un frente conjunto para competir \u201cmancomunadamente\u201d en las elecciones legislativas de octubre. Se trata de Ignacio Torres (Chubut), Maximiliano Pullaro (Santa Fe), Mart\u00edn Llaryora (C\u00f3rdoba), Carlos Sadir (Jujuy) y Claudio Vidal (Santa Cruz), quienes difundieron un documento titulado\u00a0<em>Un grito federal<\/em>.<\/p>\n<p class=\"article-text\">El texto expresa la voluntad de estos mandatarios de representar \u201cla Argentina del trabajo\u201d y sumar \u201cuna mirada\u201d aut\u00e9nticamente federal al Parlamento. En una clara se\u00f1al de posicionamiento pol\u00edtico hacia las pr\u00f3ximas elecciones, los cinco mandatarios resaltaron que tienen\u00a0<strong>\u201cla enorme responsabilidad de defender los intereses de nuestras provincias y, al mismo tiempo, contribuir a la gobernabilidad de la Argentina\u201d<\/strong>.<\/p>\n<p class=\"article-text\">El lanzamiento de esta futura alianza legislativa es, adem\u00e1s de un frente electoral concreto que competir\u00e1 contra La Libertad Avanza,\u00a0<strong>una se\u00f1al pol\u00edtica al Gobierno nacional<\/strong>. Los cinco gobernadores, con perfiles diversos y trayectorias propias, comparten una misma preocupaci\u00f3n:\u00a0<strong>la falta de representaci\u00f3n efectiva del interior en la toma de decisiones a nivel nacional<\/strong>. En un contexto de centralismo persistente, buscan disputar poder territorial y simb\u00f3lico en un Congreso que suele girar en torno a los grandes centros urbanos.<\/p>\n<p class=\"article-text\">Adem\u00e1s, el mensaje sobre el equilibrio fiscal no puede leerse sin considerar el actual clima econ\u00f3mico y pol\u00edtico. Al reivindicar el orden de las cuentas p\u00fablicas pero exigir obras de infraestructura,\u00a0<strong>los mandatarios se diferencian tanto del ajuste sin contemplaciones como del gasto sin plan<\/strong>. Se proponen como una opci\u00f3n pragm\u00e1tica: austeridad con desarrollo, equilibrio con inversi\u00f3n, gobernabilidad sin sometimiento.<\/p>\n<p class=\"article-text\">Por caso, uno de los ejes centrales del comunicado es la reivindicaci\u00f3n del equilibrio fiscal. \u201cCelebramos el esfuerzo de todos los argentinos por alcanzar el equilibrio fiscal tanto en Naci\u00f3n como en las provincias y lo consideramos imprescindible\u201d, expresaron.\u00a0<strong>Pero agregaron que este equilibrio debe contemplar la inclusi\u00f3n de las obras de infraestructura necesarias para el desarrollo del interior<\/strong>, lo que consideran como el \u201c\u00fanico camino para desarrollar el pa\u00eds\u201d.<\/p>\n<p class=\"article-text\">El documento tambi\u00e9n alude a una concepci\u00f3n igualitaria del crecimiento. \u201cEs nuestro deber cuidar a nuestra gente y ser capaces de crecer en armon\u00eda y con igualdad de oportunidades para cada uno de los 47 millones de argentinos\u201d, sostuvieron los gobernadores, en un mensaje que apunta tanto a lo simb\u00f3lico como a lo program\u00e1tico.<\/p>\n<p class=\"article-text\">La decisi\u00f3n de actuar en bloque en las elecciones legislativas representa una jugada pol\u00edtica clave:\u00a0<strong>los mandatarios quieren instalarse como una tercera v\u00eda, capaz de disputar espacio entre el oficialismo y la oposici\u00f3n nacional<\/strong>. En sus palabras, la propuesta tiene \u201cuna mirada puesta en el futuro, con la decisi\u00f3n de hacernos cargo del presente y de dejar atr\u00e1s, definitivamente, el pasado que nos dividi\u00f3 y fren\u00f3 nuestro desarrollo\u201d.<\/p>\n<div id=\"container-after-news-outlook\"><\/div>\n<p class=\"article-text\">El documento cierra con un tono esperanzador: \u201cNuestra vocaci\u00f3n es clara: construir, todos los d\u00edas, la Argentina de los sue\u00f1os de todos\u201d. As\u00ed,\u00a0<strong>los cinco gobernadores apuestan a consolidar una identidad com\u00fan desde el interior productivo<\/strong>, con un mapa pol\u00edtico que presenta una alta fragmentaci\u00f3n, como pocas veces se vio en la democracia.<\/p>\n<p class=\"article-text\"><em>JJD, con informaci\u00f3n de NA.<\/em><\/p>\n<\/div>\n<\/div>\n","protected":false},"excerpt":{"rendered":"<p>Los jefes provinciales de Chubut, Santa Fe, C\u00f3rdoba, Jujuy y Santa Cruz buscan llevar al Congreso una agenda que priorice el desarrollo del interior, con \u00e9nfasis en el equilibrio fiscal, la infraestructura y la igualdad de oportunidades, hicieron saber.<\/p>\n","protected":false},"author":3,"featured_media":0,"comment_status":"closed","ping_status":"closed","sticky":false,"template":"","format":"standard","meta":{"footnotes":""},"categories":[24],"tags":[],"class_list":["post-122595","post","type-post","status-publish","format-standard","hentry","category-politica"],"yoast_head":"<!-- This site is optimized with the Yoast SEO plugin v25.9 - https:\/\/yoast.com\/wordpress\/plugins\/seo\/ -->\n<title>Los gobernadores de cinco provincias se desmarcan de la Casa Rosada y lanzan un frente com\u00fan anti-Milei para octubre - Noticias Radio Reflejos<\/title>\n<meta name=\"robots\" content=\"index, follow, max-snippet:-1, max-image-preview:large, max-video-preview:-1\" \/>\n<link rel=\"canonical\" href=\"https:\/\/www.noticiasradioreflejos.com.ar\/2021\/los-gobernadores-de-cinco-provincias-se-desmarcan-de-la-casa-rosada-y-lanzan-un-frente-comun-anti-milei-para-octubre\/\" \/>\n<meta property=\"og:locale\" content=\"es_ES\" \/>\n<meta property=\"og:type\" content=\"article\" \/>\n<meta property=\"og:title\" content=\"Los gobernadores de cinco provincias se desmarcan de la Casa Rosada y lanzan un frente com\u00fan anti-Milei para octubre - Noticias Radio Reflejos\" \/>\n<meta property=\"og:description\" content=\"Los jefes provinciales de Chubut, Santa Fe, C\u00f3rdoba, Jujuy y Santa Cruz buscan llevar al Congreso una agenda que priorice el desarrollo del interior, con \u00e9nfasis en el equilibrio fiscal, la infraestructura y la igualdad de oportunidades, hicieron saber.\" \/>\n<meta property=\"og:url\" content=\"https:\/\/www.noticiasradioreflejos.com.ar\/2021\/los-gobernadores-de-cinco-provincias-se-desmarcan-de-la-casa-rosada-y-lanzan-un-frente-comun-anti-milei-para-octubre\/\" \/>\n<meta property=\"og:site_name\" content=\"Noticias Radio Reflejos\" \/>\n<meta property=\"article:published_time\" content=\"2025-07-31T09:30:27+00:00\" \/>\n<meta property=\"og:image\" content=\"https:\/\/www.noticiasradioreflejos.com.ar\/2021\/wp-content\/uploads\/2025\/07\/gobernadores.jpg\" \/>\n\t<meta property=\"og:image:width\" content=\"1200\" \/>\n\t<meta property=\"og:image:height\" content=\"675\" \/>\n\t<meta property=\"og:image:type\" content=\"image\/jpeg\" \/>\n<meta name=\"author\" content=\"Arnaldo Botto\" \/>\n<meta name=\"twitter:card\" content=\"summary_large_image\" \/>\n<script type=\"application\/ld+json\" class=\"yoast-schema-graph\">{\"@context\":\"https:\/\/schema.org\",\"@graph\":[{\"@type\":\"WebPage\",\"@id\":\"https:\/\/www.noticiasradioreflejos.com.ar\/2021\/los-gobernadores-de-cinco-provincias-se-desmarcan-de-la-casa-rosada-y-lanzan-un-frente-comun-anti-milei-para-octubre\/\",\"url\":\"https:\/\/www.noticiasradioreflejos.com.ar\/2021\/los-gobernadores-de-cinco-provincias-se-desmarcan-de-la-casa-rosada-y-lanzan-un-frente-comun-anti-milei-para-octubre\/\",\"name\":\"Los gobernadores de cinco provincias se desmarcan de la Casa Rosada y lanzan un frente com\u00fan anti-Milei para octubre - Noticias Radio Reflejos\",\"isPartOf\":{\"@id\":\"https:\/\/www.noticiasradioreflejos.com.ar\/2021\/#website\"},\"datePublished\":\"2025-07-31T09:30:27+00:00\",\"author\":{\"@id\":\"https:\/\/www.noticiasradioreflejos.com.ar\/2021\/#\/schema\/person\/ad82545263dcc5ec0996818884fd5fb1\"},\"breadcrumb\":{\"@id\":\"https:\/\/www.noticiasradioreflejos.com.ar\/2021\/los-gobernadores-de-cinco-provincias-se-desmarcan-de-la-casa-rosada-y-lanzan-un-frente-comun-anti-milei-para-octubre\/#breadcrumb\"},\"inLanguage\":\"es\",\"potentialAction\":[{\"@type\":\"ReadAction\",\"target\":[\"https:\/\/www.noticiasradioreflejos.com.ar\/2021\/los-gobernadores-de-cinco-provincias-se-desmarcan-de-la-casa-rosada-y-lanzan-un-frente-comun-anti-milei-para-octubre\/\"]}]},{\"@type\":\"BreadcrumbList\",\"@id\":\"https:\/\/www.noticiasradioreflejos.com.ar\/2021\/los-gobernadores-de-cinco-provincias-se-desmarcan-de-la-casa-rosada-y-lanzan-un-frente-comun-anti-milei-para-octubre\/#breadcrumb\",\"itemListElement\":[{\"@type\":\"ListItem\",\"position\":1,\"name\":\"Portada\",\"item\":\"https:\/\/www.noticiasradioreflejos.com.ar\/2021\/\"},{\"@type\":\"ListItem\",\"position\":2,\"name\":\"Los gobernadores de cinco provincias se desmarcan de la Casa Rosada y lanzan un frente com\u00fan anti-Milei para octubre\"}]},{\"@type\":\"WebSite\",\"@id\":\"https:\/\/www.noticiasradioreflejos.com.ar\/2021\/#website\",\"url\":\"https:\/\/www.noticiasradioreflejos.com.ar\/2021\/\",\"name\":\"Noticias Radio Reflejos\",\"description\":\"Las noticias de mi comarca\",\"potentialAction\":[{\"@type\":\"SearchAction\",\"target\":{\"@type\":\"EntryPoint\",\"urlTemplate\":\"https:\/\/www.noticiasradioreflejos.com.ar\/2021\/?s={search_term_string}\"},\"query-input\":{\"@type\":\"PropertyValueSpecification\",\"valueRequired\":true,\"valueName\":\"search_term_string\"}}],\"inLanguage\":\"es\"},{\"@type\":\"Person\",\"@id\":\"https:\/\/www.noticiasradioreflejos.com.ar\/2021\/#\/schema\/person\/ad82545263dcc5ec0996818884fd5fb1\",\"name\":\"Arnaldo Botto\",\"image\":{\"@type\":\"ImageObject\",\"inLanguage\":\"es\",\"@id\":\"https:\/\/www.noticiasradioreflejos.com.ar\/2021\/#\/schema\/person\/image\/\",\"url\":\"https:\/\/secure.gravatar.com\/avatar\/55cb5e37c1efa326397366e6974cb338056df65cb50e7d64d1cf314e87504837?s=96&d=mm&r=g\",\"contentUrl\":\"https:\/\/secure.gravatar.com\/avatar\/55cb5e37c1efa326397366e6974cb338056df65cb50e7d64d1cf314e87504837?s=96&d=mm&r=g\",\"caption\":\"Arnaldo Botto\"},\"url\":\"https:\/\/www.noticiasradioreflejos.com.ar\/2021\/author\/arnaldo\/\"}]}<\/script>\n<!-- \/ Yoast SEO plugin. -->","yoast_head_json":{"title":"Los gobernadores de cinco provincias se desmarcan de la Casa Rosada y lanzan un frente com\u00fan anti-Milei para octubre - Noticias Radio Reflejos","robots":{"index":"index","follow":"follow","max-snippet":"max-snippet:-1","max-image-preview":"max-image-preview:large","max-video-preview":"max-video-preview:-1"},"canonical":"https:\/\/www.noticiasradioreflejos.com.ar\/2021\/los-gobernadores-de-cinco-provincias-se-desmarcan-de-la-casa-rosada-y-lanzan-un-frente-comun-anti-milei-para-octubre\/","og_locale":"es_ES","og_type":"article","og_title":"Los gobernadores de cinco provincias se desmarcan de la Casa Rosada y lanzan un frente com\u00fan anti-Milei para octubre - Noticias Radio Reflejos","og_description":"Los jefes provinciales de Chubut, Santa Fe, C\u00f3rdoba, Jujuy y Santa Cruz buscan llevar al Congreso una agenda que priorice el desarrollo del interior, con \u00e9nfasis en el equilibrio fiscal, la infraestructura y la igualdad de oportunidades, hicieron saber.","og_url":"https:\/\/www.noticiasradioreflejos.com.ar\/2021\/los-gobernadores-de-cinco-provincias-se-desmarcan-de-la-casa-rosada-y-lanzan-un-frente-comun-anti-milei-para-octubre\/","og_site_name":"Noticias Radio Reflejos","article_published_time":"2025-07-31T09:30:27+00:00","og_image":[{"width":1200,"height":675,"url":"https:\/\/www.noticiasradioreflejos.com.ar\/2021\/wp-content\/uploads\/2025\/07\/gobernadores.jpg","type":"image\/jpeg"}],"author":"Arnaldo Botto","twitter_card":"summary_large_image","schema":{"@context":"https:\/\/schema.org","@graph":[{"@type":"WebPage","@id":"https:\/\/www.noticiasradioreflejos.com.ar\/2021\/los-gobernadores-de-cinco-provincias-se-desmarcan-de-la-casa-rosada-y-lanzan-un-frente-comun-anti-milei-para-octubre\/","url":"https:\/\/www.noticiasradioreflejos.com.ar\/2021\/los-gobernadores-de-cinco-provincias-se-desmarcan-de-la-casa-rosada-y-lanzan-un-frente-comun-anti-milei-para-octubre\/","name":"Los gobernadores de cinco provincias se desmarcan de la Casa Rosada y lanzan un frente com\u00fan anti-Milei para octubre - Noticias Radio Reflejos","isPartOf":{"@id":"https:\/\/www.noticiasradioreflejos.com.ar\/2021\/#website"},"datePublished":"2025-07-31T09:30:27+00:00","author":{"@id":"https:\/\/www.noticiasradioreflejos.com.ar\/2021\/#\/schema\/person\/ad82545263dcc5ec0996818884fd5fb1"},"breadcrumb":{"@id":"https:\/\/www.noticiasradioreflejos.com.ar\/2021\/los-gobernadores-de-cinco-provincias-se-desmarcan-de-la-casa-rosada-y-lanzan-un-frente-comun-anti-milei-para-octubre\/#breadcrumb"},"inLanguage":"es","potentialAction":[{"@type":"ReadAction","target":["https:\/\/www.noticiasradioreflejos.com.ar\/2021\/los-gobernadores-de-cinco-provincias-se-desmarcan-de-la-casa-rosada-y-lanzan-un-frente-comun-anti-milei-para-octubre\/"]}]},{"@type":"BreadcrumbList","@id":"https:\/\/www.noticiasradioreflejos.com.ar\/2021\/los-gobernadores-de-cinco-provincias-se-desmarcan-de-la-casa-rosada-y-lanzan-un-frente-comun-anti-milei-para-octubre\/#breadcrumb","itemListElement":[{"@type":"ListItem","position":1,"name":"Portada","item":"https:\/\/www.noticiasradioreflejos.com.ar\/2021\/"},{"@type":"ListItem","position":2,"name":"Los gobernadores de cinco provincias se desmarcan de la Casa Rosada y lanzan un frente com\u00fan anti-Milei para octubre"}]},{"@type":"WebSite","@id":"https:\/\/www.noticiasradioreflejos.com.ar\/2021\/#website","url":"https:\/\/www.noticiasradioreflejos.com.ar\/2021\/","name":"Noticias Radio Reflejos","description":"Las noticias de mi comarca","potentialAction":[{"@type":"SearchAction","target":{"@type":"EntryPoint","urlTemplate":"https:\/\/www.noticiasradioreflejos.com.ar\/2021\/?s={search_term_string}"},"query-input":{"@type":"PropertyValueSpecification","valueRequired":true,"valueName":"search_term_string"}}],"inLanguage":"es"},{"@type":"Person","@id":"https:\/\/www.noticiasradioreflejos.com.ar\/2021\/#\/schema\/person\/ad82545263dcc5ec0996818884fd5fb1","name":"Arnaldo Botto","image":{"@type":"ImageObject","inLanguage":"es","@id":"https:\/\/www.noticiasradioreflejos.com.ar\/2021\/#\/schema\/person\/image\/","url":"https:\/\/secure.gravatar.com\/avatar\/55cb5e37c1efa326397366e6974cb338056df65cb50e7d64d1cf314e87504837?s=96&d=mm&r=g","contentUrl":"https:\/\/secure.gravatar.com\/avatar\/55cb5e37c1efa326397366e6974cb338056df65cb50e7d64d1cf314e87504837?s=96&d=mm&r=g","caption":"Arnaldo Botto"},"url":"https:\/\/www.noticiasradioreflejos.com.ar\/2021\/author\/arnaldo\/"}]}},"_links":{"self":[{"href":"https:\/\/www.noticiasradioreflejos.com.ar\/2021\/wp-json\/wp\/v2\/posts\/122595","targetHints":{"allow":["GET"]}}],"collection":[{"href":"https:\/\/www.noticiasradioreflejos.com.ar\/2021\/wp-json\/wp\/v2\/posts"}],"about":[{"href":"https:\/\/www.noticiasradioreflejos.com.ar\/2021\/wp-json\/wp\/v2\/types\/post"}],"author":[{"embeddable":true,"href":"https:\/\/www.noticiasradioreflejos.com.ar\/2021\/wp-json\/wp\/v2\/users\/3"}],"replies":[{"embeddable":true,"href":"https:\/\/www.noticiasradioreflejos.com.ar\/2021\/wp-json\/wp\/v2\/comments?post=122595"}],"version-history":[{"count":1,"href":"https:\/\/www.noticiasradioreflejos.com.ar\/2021\/wp-json\/wp\/v2\/posts\/122595\/revisions"}],"predecessor-version":[{"id":122597,"href":"https:\/\/www.noticiasradioreflejos.com.ar\/2021\/wp-json\/wp\/v2\/posts\/122595\/revisions\/122597"}],"wp:attachment":[{"href":"https:\/\/www.noticiasradioreflejos.com.ar\/2021\/wp-json\/wp\/v2\/media?parent=122595"}],"wp:term":[{"taxonomy":"category","embeddable":true,"href":"https:\/\/www.noticiasradioreflejos.com.ar\/2021\/wp-json\/wp\/v2\/categories?post=122595"},{"taxonomy":"post_tag","embeddable":true,"href":"https:\/\/www.noticiasradioreflejos.com.ar\/2021\/wp-json\/wp\/v2\/tags?post=122595"}],"curies":[{"name":"wp","href":"https:\/\/api.w.org\/{rel}","templated":true}]}}