{"id":122578,"date":"2025-07-30T17:04:58","date_gmt":"2025-07-30T20:04:58","guid":{"rendered":"https:\/\/www.noticiasradioreflejos.com.ar\/2021\/?p=122578"},"modified":"2025-07-30T17:04:58","modified_gmt":"2025-07-30T20:04:58","slug":"confirmaron-40-casos-de-triquinosis-en-la-provincia-figuran-bahia-blanca-y-tornquist","status":"publish","type":"post","link":"https:\/\/www.noticiasradioreflejos.com.ar\/2021\/confirmaron-40-casos-de-triquinosis-en-la-provincia-figuran-bahia-blanca-y-tornquist\/","title":{"rendered":"Confirmaron 40 casos de triquinosis en la provincia: figuran Bah\u00eda Blanca y Tornquist"},"content":{"rendered":"<p>Los primeros brotes se detectaron en la \u00faltima semana de junio en ambas localidades, con un total de seis personas afectadas.<!--more--><\/p>\n<p>Luego de que a principios de julio se registraran nuevos brotes de\u00a0triquinosis en la provincia de\u00a0Buenos Aires, el\u00a0Ministerio de Salud bonaerense\u00a0reiter\u00f3 la alerta tras confirmarse otros dos brotes. De esta manera, la cifra total ascendi\u00f3 a 40 casos detectados en la regi\u00f3n.<\/p>\n<p>Seg\u00fan datos del<strong>\u00a0Bolet\u00edn Epidemiol\u00f3gico<\/strong>\u00a0correspondientes a la semana del 13 al 19 de julio, entre enero y julio se notificaron 81 casos sospechosos. No obstante,\u00a0<strong>solo 40 fueron confirmados, 3 descartados y 38 continuar\u00edan bajo estudio.<\/strong><\/p>\n<p>&nbsp;<\/p>\n<div class=\"noticia__imagen\">\n<div class=\"noticia__thumb\"><img loading=\"lazy\" decoding=\"async\" class=\"attachment-post-thumbnail size-post-thumbnail wp-post-image\" src=\"https:\/\/frenteacano.com.ar\/wp-content\/uploads\/2025\/07\/triquinosisjpg.webp\" sizes=\"auto, (max-width: 1400px) 100vw, 1400px\" srcset=\"https:\/\/frenteacano.com.ar\/wp-content\/uploads\/2025\/07\/triquinosisjpg.webp 1400w, https:\/\/frenteacano.com.ar\/wp-content\/uploads\/2025\/07\/triquinosisjpg-300x200.webp 300w, https:\/\/frenteacano.com.ar\/wp-content\/uploads\/2025\/07\/triquinosisjpg-1024x682.webp 1024w, https:\/\/frenteacano.com.ar\/wp-content\/uploads\/2025\/07\/triquinosisjpg-768x512.webp 768w\" alt=\"\" width=\"1400\" height=\"933\" \/><\/div>\n<\/div>\n<p>&nbsp;<\/p>\n<p>Hasta el momento, los primeros brotes se detectaron en la \u00faltima semana de junio en las localidades de\u00a0<strong>Tornquist\u00a0<\/strong>y\u00a0<strong>Bah\u00eda Blanca<\/strong>, en donde se contabiliz\u00f3 un total de seis personas afectadas. Aparentemente, los pacientes hab\u00edan consumido carne de cerdo casera.<\/p>\n<p>Para la segunda semana de julio, se report\u00f3 un segundo brote que alcanz\u00f3 a un total de 31 personas de la ciudad de\u00a0<strong>Azul<\/strong>. De acuerdo con la informaci\u00f3n publicada por el medio platense\u00a0<em>0221,\u00a0<\/em>todos hab\u00edan presentado s\u00edntomas poco despu\u00e9s de haber consumido productos elaborados artesanalmente.<\/p>\n<p>En el caso de\u00a0<strong>Escobar<\/strong>, las autoridades investigar\u00edan otro posible foco, que se habr\u00eda originado tras un evento familiar con consumo de alimentos caseros. En total habr\u00eda cinco personas que presentaron s\u00edntomas compatibles, pero a\u00fan resta conocer los resultados de los controles y muestras enviadas al Departamento de Zoonosis Rurales.<\/p>\n<p>La triquinosis es una enfermedad causada por el par\u00e1sito\u00a0<strong>Trichinella spiralis<\/strong>, que<strong>\u00a0afecta principalmente a cerdos y animales salvajes como el jabal\u00ed y el puma<\/strong>. Las larvas del nem\u00e1todo pueden encontrarse en la carne mal cocida de estos animales y, al ingerirse, los quistes se desarrollan en los intestinos humanos.<\/p>\n<p>Una vez instalados en el organismo, los par\u00e1sitos llegan a la adultez y generan nuevas larvas, que atraviesan la pared intestinal y migran al torrente sangu\u00edneo. De esta manera,\u00a0<strong>pueden invadir distintos tejidos musculares, incluyendo el coraz\u00f3n, el diafragma, los pulmones y el cerebro.<\/strong><\/p>\n<p>Seg\u00fan la informaci\u00f3n provista por el Ministerio de Salud de la Naci\u00f3n, \u201c<strong>en Argentina, la principal fuente de infecci\u00f3n para el ser humano es el cerdo dom\u00e9stico<\/strong>, aunque tambi\u00e9n existen otras, como el jabal\u00ed o el puma\u201d.<\/p>\n<p>En este sentido, aclararon que la infecci\u00f3n se produce cuando un animal se alimenta de otro ejemplar infectado. No obstante, descartaron que la enfermedad pueda contagiarse entre personas.<\/p>\n<p class=\"has-medium-font-size\"><strong>Los s\u00edntomas de la triquinosis incluyen:<\/strong><\/p>\n<ul class=\"wp-block-list\">\n<li>Molestia abdominal, espasmos.<\/li>\n<li>Diarrea.<\/li>\n<li>Hinchaz\u00f3n facial alrededor de los ojos.<\/li>\n<li>Fiebre.<\/li>\n<li>Dolor muscular (especialmente dolor muscular al respirar, masticar o al usar m\u00fasculos largos).<\/li>\n<li>Debilidad muscular.<\/li>\n<\/ul>\n<p>Fuente: Infobae<\/p>\n","protected":false},"excerpt":{"rendered":"<p>Los primeros brotes se detectaron en la \u00faltima semana de junio en ambas localidades, con un total de seis personas afectadas.<\/p>\n","protected":false},"author":3,"featured_media":83068,"comment_status":"closed","ping_status":"closed","sticky":false,"template":"","format":"standard","meta":{"footnotes":""},"categories":[30],"tags":[48],"class_list":["post-122578","post","type-post","status-publish","format-standard","has-post-thumbnail","hentry","category-salud","tag-destacada"],"yoast_head":"<!-- This site is optimized with the Yoast SEO plugin v25.9 - https:\/\/yoast.com\/wordpress\/plugins\/seo\/ -->\n<title>Confirmaron 40 casos de triquinosis en la provincia: figuran Bah\u00eda Blanca y Tornquist - Noticias Radio Reflejos<\/title>\n<meta name=\"robots\" content=\"index, follow, max-snippet:-1, max-image-preview:large, max-video-preview:-1\" \/>\n<link rel=\"canonical\" href=\"https:\/\/www.noticiasradioreflejos.com.ar\/2021\/confirmaron-40-casos-de-triquinosis-en-la-provincia-figuran-bahia-blanca-y-tornquist\/\" \/>\n<meta property=\"og:locale\" content=\"es_ES\" \/>\n<meta property=\"og:type\" content=\"article\" \/>\n<meta property=\"og:title\" content=\"Confirmaron 40 casos de triquinosis en la provincia: figuran Bah\u00eda Blanca y Tornquist - Noticias Radio Reflejos\" \/>\n<meta property=\"og:description\" content=\"Los primeros brotes se detectaron en la \u00faltima semana de junio en ambas localidades, con un total de seis personas afectadas.\" \/>\n<meta property=\"og:url\" content=\"https:\/\/www.noticiasradioreflejos.com.ar\/2021\/confirmaron-40-casos-de-triquinosis-en-la-provincia-figuran-bahia-blanca-y-tornquist\/\" \/>\n<meta property=\"og:site_name\" content=\"Noticias Radio Reflejos\" \/>\n<meta property=\"article:published_time\" content=\"2025-07-30T20:04:58+00:00\" \/>\n<meta property=\"og:image\" content=\"https:\/\/www.noticiasradioreflejos.com.ar\/2021\/wp-content\/uploads\/2023\/01\/triquinosis-2.jpg\" \/>\n\t<meta property=\"og:image:width\" content=\"551\" \/>\n\t<meta property=\"og:image:height\" content=\"527\" \/>\n\t<meta property=\"og:image:type\" content=\"image\/jpeg\" \/>\n<meta name=\"author\" content=\"Arnaldo Botto\" \/>\n<meta name=\"twitter:card\" content=\"summary_large_image\" \/>\n<script type=\"application\/ld+json\" class=\"yoast-schema-graph\">{\"@context\":\"https:\/\/schema.org\",\"@graph\":[{\"@type\":\"WebPage\",\"@id\":\"https:\/\/www.noticiasradioreflejos.com.ar\/2021\/confirmaron-40-casos-de-triquinosis-en-la-provincia-figuran-bahia-blanca-y-tornquist\/\",\"url\":\"https:\/\/www.noticiasradioreflejos.com.ar\/2021\/confirmaron-40-casos-de-triquinosis-en-la-provincia-figuran-bahia-blanca-y-tornquist\/\",\"name\":\"Confirmaron 40 casos de triquinosis en la provincia: figuran Bah\u00eda Blanca y Tornquist - Noticias Radio Reflejos\",\"isPartOf\":{\"@id\":\"https:\/\/www.noticiasradioreflejos.com.ar\/2021\/#website\"},\"primaryImageOfPage\":{\"@id\":\"https:\/\/www.noticiasradioreflejos.com.ar\/2021\/confirmaron-40-casos-de-triquinosis-en-la-provincia-figuran-bahia-blanca-y-tornquist\/#primaryimage\"},\"image\":{\"@id\":\"https:\/\/www.noticiasradioreflejos.com.ar\/2021\/confirmaron-40-casos-de-triquinosis-en-la-provincia-figuran-bahia-blanca-y-tornquist\/#primaryimage\"},\"thumbnailUrl\":\"https:\/\/www.noticiasradioreflejos.com.ar\/2021\/wp-content\/uploads\/2023\/01\/triquinosis-2.jpg\",\"datePublished\":\"2025-07-30T20:04:58+00:00\",\"author\":{\"@id\":\"https:\/\/www.noticiasradioreflejos.com.ar\/2021\/#\/schema\/person\/ad82545263dcc5ec0996818884fd5fb1\"},\"breadcrumb\":{\"@id\":\"https:\/\/www.noticiasradioreflejos.com.ar\/2021\/confirmaron-40-casos-de-triquinosis-en-la-provincia-figuran-bahia-blanca-y-tornquist\/#breadcrumb\"},\"inLanguage\":\"es\",\"potentialAction\":[{\"@type\":\"ReadAction\",\"target\":[\"https:\/\/www.noticiasradioreflejos.com.ar\/2021\/confirmaron-40-casos-de-triquinosis-en-la-provincia-figuran-bahia-blanca-y-tornquist\/\"]}]},{\"@type\":\"ImageObject\",\"inLanguage\":\"es\",\"@id\":\"https:\/\/www.noticiasradioreflejos.com.ar\/2021\/confirmaron-40-casos-de-triquinosis-en-la-provincia-figuran-bahia-blanca-y-tornquist\/#primaryimage\",\"url\":\"https:\/\/www.noticiasradioreflejos.com.ar\/2021\/wp-content\/uploads\/2023\/01\/triquinosis-2.jpg\",\"contentUrl\":\"https:\/\/www.noticiasradioreflejos.com.ar\/2021\/wp-content\/uploads\/2023\/01\/triquinosis-2.jpg\",\"width\":551,\"height\":527},{\"@type\":\"BreadcrumbList\",\"@id\":\"https:\/\/www.noticiasradioreflejos.com.ar\/2021\/confirmaron-40-casos-de-triquinosis-en-la-provincia-figuran-bahia-blanca-y-tornquist\/#breadcrumb\",\"itemListElement\":[{\"@type\":\"ListItem\",\"position\":1,\"name\":\"Portada\",\"item\":\"https:\/\/www.noticiasradioreflejos.com.ar\/2021\/\"},{\"@type\":\"ListItem\",\"position\":2,\"name\":\"Confirmaron 40 casos de triquinosis en la provincia: figuran Bah\u00eda Blanca y Tornquist\"}]},{\"@type\":\"WebSite\",\"@id\":\"https:\/\/www.noticiasradioreflejos.com.ar\/2021\/#website\",\"url\":\"https:\/\/www.noticiasradioreflejos.com.ar\/2021\/\",\"name\":\"Noticias Radio Reflejos\",\"description\":\"Las noticias de mi comarca\",\"potentialAction\":[{\"@type\":\"SearchAction\",\"target\":{\"@type\":\"EntryPoint\",\"urlTemplate\":\"https:\/\/www.noticiasradioreflejos.com.ar\/2021\/?s={search_term_string}\"},\"query-input\":{\"@type\":\"PropertyValueSpecification\",\"valueRequired\":true,\"valueName\":\"search_term_string\"}}],\"inLanguage\":\"es\"},{\"@type\":\"Person\",\"@id\":\"https:\/\/www.noticiasradioreflejos.com.ar\/2021\/#\/schema\/person\/ad82545263dcc5ec0996818884fd5fb1\",\"name\":\"Arnaldo Botto\",\"image\":{\"@type\":\"ImageObject\",\"inLanguage\":\"es\",\"@id\":\"https:\/\/www.noticiasradioreflejos.com.ar\/2021\/#\/schema\/person\/image\/\",\"url\":\"https:\/\/secure.gravatar.com\/avatar\/55cb5e37c1efa326397366e6974cb338056df65cb50e7d64d1cf314e87504837?s=96&d=mm&r=g\",\"contentUrl\":\"https:\/\/secure.gravatar.com\/avatar\/55cb5e37c1efa326397366e6974cb338056df65cb50e7d64d1cf314e87504837?s=96&d=mm&r=g\",\"caption\":\"Arnaldo Botto\"},\"url\":\"https:\/\/www.noticiasradioreflejos.com.ar\/2021\/author\/arnaldo\/\"}]}<\/script>\n<!-- \/ Yoast SEO plugin. -->","yoast_head_json":{"title":"Confirmaron 40 casos de triquinosis en la provincia: figuran Bah\u00eda Blanca y Tornquist - Noticias Radio Reflejos","robots":{"index":"index","follow":"follow","max-snippet":"max-snippet:-1","max-image-preview":"max-image-preview:large","max-video-preview":"max-video-preview:-1"},"canonical":"https:\/\/www.noticiasradioreflejos.com.ar\/2021\/confirmaron-40-casos-de-triquinosis-en-la-provincia-figuran-bahia-blanca-y-tornquist\/","og_locale":"es_ES","og_type":"article","og_title":"Confirmaron 40 casos de triquinosis en la provincia: figuran Bah\u00eda Blanca y Tornquist - Noticias Radio Reflejos","og_description":"Los primeros brotes se detectaron en la \u00faltima semana de junio en ambas localidades, con un total de seis personas afectadas.","og_url":"https:\/\/www.noticiasradioreflejos.com.ar\/2021\/confirmaron-40-casos-de-triquinosis-en-la-provincia-figuran-bahia-blanca-y-tornquist\/","og_site_name":"Noticias Radio Reflejos","article_published_time":"2025-07-30T20:04:58+00:00","og_image":[{"width":551,"height":527,"url":"https:\/\/www.noticiasradioreflejos.com.ar\/2021\/wp-content\/uploads\/2023\/01\/triquinosis-2.jpg","type":"image\/jpeg"}],"author":"Arnaldo Botto","twitter_card":"summary_large_image","schema":{"@context":"https:\/\/schema.org","@graph":[{"@type":"WebPage","@id":"https:\/\/www.noticiasradioreflejos.com.ar\/2021\/confirmaron-40-casos-de-triquinosis-en-la-provincia-figuran-bahia-blanca-y-tornquist\/","url":"https:\/\/www.noticiasradioreflejos.com.ar\/2021\/confirmaron-40-casos-de-triquinosis-en-la-provincia-figuran-bahia-blanca-y-tornquist\/","name":"Confirmaron 40 casos de triquinosis en la provincia: figuran Bah\u00eda Blanca y Tornquist - Noticias Radio Reflejos","isPartOf":{"@id":"https:\/\/www.noticiasradioreflejos.com.ar\/2021\/#website"},"primaryImageOfPage":{"@id":"https:\/\/www.noticiasradioreflejos.com.ar\/2021\/confirmaron-40-casos-de-triquinosis-en-la-provincia-figuran-bahia-blanca-y-tornquist\/#primaryimage"},"image":{"@id":"https:\/\/www.noticiasradioreflejos.com.ar\/2021\/confirmaron-40-casos-de-triquinosis-en-la-provincia-figuran-bahia-blanca-y-tornquist\/#primaryimage"},"thumbnailUrl":"https:\/\/www.noticiasradioreflejos.com.ar\/2021\/wp-content\/uploads\/2023\/01\/triquinosis-2.jpg","datePublished":"2025-07-30T20:04:58+00:00","author":{"@id":"https:\/\/www.noticiasradioreflejos.com.ar\/2021\/#\/schema\/person\/ad82545263dcc5ec0996818884fd5fb1"},"breadcrumb":{"@id":"https:\/\/www.noticiasradioreflejos.com.ar\/2021\/confirmaron-40-casos-de-triquinosis-en-la-provincia-figuran-bahia-blanca-y-tornquist\/#breadcrumb"},"inLanguage":"es","potentialAction":[{"@type":"ReadAction","target":["https:\/\/www.noticiasradioreflejos.com.ar\/2021\/confirmaron-40-casos-de-triquinosis-en-la-provincia-figuran-bahia-blanca-y-tornquist\/"]}]},{"@type":"ImageObject","inLanguage":"es","@id":"https:\/\/www.noticiasradioreflejos.com.ar\/2021\/confirmaron-40-casos-de-triquinosis-en-la-provincia-figuran-bahia-blanca-y-tornquist\/#primaryimage","url":"https:\/\/www.noticiasradioreflejos.com.ar\/2021\/wp-content\/uploads\/2023\/01\/triquinosis-2.jpg","contentUrl":"https:\/\/www.noticiasradioreflejos.com.ar\/2021\/wp-content\/uploads\/2023\/01\/triquinosis-2.jpg","width":551,"height":527},{"@type":"BreadcrumbList","@id":"https:\/\/www.noticiasradioreflejos.com.ar\/2021\/confirmaron-40-casos-de-triquinosis-en-la-provincia-figuran-bahia-blanca-y-tornquist\/#breadcrumb","itemListElement":[{"@type":"ListItem","position":1,"name":"Portada","item":"https:\/\/www.noticiasradioreflejos.com.ar\/2021\/"},{"@type":"ListItem","position":2,"name":"Confirmaron 40 casos de triquinosis en la provincia: figuran Bah\u00eda Blanca y Tornquist"}]},{"@type":"WebSite","@id":"https:\/\/www.noticiasradioreflejos.com.ar\/2021\/#website","url":"https:\/\/www.noticiasradioreflejos.com.ar\/2021\/","name":"Noticias Radio Reflejos","description":"Las noticias de mi comarca","potentialAction":[{"@type":"SearchAction","target":{"@type":"EntryPoint","urlTemplate":"https:\/\/www.noticiasradioreflejos.com.ar\/2021\/?s={search_term_string}"},"query-input":{"@type":"PropertyValueSpecification","valueRequired":true,"valueName":"search_term_string"}}],"inLanguage":"es"},{"@type":"Person","@id":"https:\/\/www.noticiasradioreflejos.com.ar\/2021\/#\/schema\/person\/ad82545263dcc5ec0996818884fd5fb1","name":"Arnaldo Botto","image":{"@type":"ImageObject","inLanguage":"es","@id":"https:\/\/www.noticiasradioreflejos.com.ar\/2021\/#\/schema\/person\/image\/","url":"https:\/\/secure.gravatar.com\/avatar\/55cb5e37c1efa326397366e6974cb338056df65cb50e7d64d1cf314e87504837?s=96&d=mm&r=g","contentUrl":"https:\/\/secure.gravatar.com\/avatar\/55cb5e37c1efa326397366e6974cb338056df65cb50e7d64d1cf314e87504837?s=96&d=mm&r=g","caption":"Arnaldo Botto"},"url":"https:\/\/www.noticiasradioreflejos.com.ar\/2021\/author\/arnaldo\/"}]}},"_links":{"self":[{"href":"https:\/\/www.noticiasradioreflejos.com.ar\/2021\/wp-json\/wp\/v2\/posts\/122578","targetHints":{"allow":["GET"]}}],"collection":[{"href":"https:\/\/www.noticiasradioreflejos.com.ar\/2021\/wp-json\/wp\/v2\/posts"}],"about":[{"href":"https:\/\/www.noticiasradioreflejos.com.ar\/2021\/wp-json\/wp\/v2\/types\/post"}],"author":[{"embeddable":true,"href":"https:\/\/www.noticiasradioreflejos.com.ar\/2021\/wp-json\/wp\/v2\/users\/3"}],"replies":[{"embeddable":true,"href":"https:\/\/www.noticiasradioreflejos.com.ar\/2021\/wp-json\/wp\/v2\/comments?post=122578"}],"version-history":[{"count":1,"href":"https:\/\/www.noticiasradioreflejos.com.ar\/2021\/wp-json\/wp\/v2\/posts\/122578\/revisions"}],"predecessor-version":[{"id":122579,"href":"https:\/\/www.noticiasradioreflejos.com.ar\/2021\/wp-json\/wp\/v2\/posts\/122578\/revisions\/122579"}],"wp:featuredmedia":[{"embeddable":true,"href":"https:\/\/www.noticiasradioreflejos.com.ar\/2021\/wp-json\/wp\/v2\/media\/83068"}],"wp:attachment":[{"href":"https:\/\/www.noticiasradioreflejos.com.ar\/2021\/wp-json\/wp\/v2\/media?parent=122578"}],"wp:term":[{"taxonomy":"category","embeddable":true,"href":"https:\/\/www.noticiasradioreflejos.com.ar\/2021\/wp-json\/wp\/v2\/categories?post=122578"},{"taxonomy":"post_tag","embeddable":true,"href":"https:\/\/www.noticiasradioreflejos.com.ar\/2021\/wp-json\/wp\/v2\/tags?post=122578"}],"curies":[{"name":"wp","href":"https:\/\/api.w.org\/{rel}","templated":true}]}}