{"id":122536,"date":"2025-07-30T19:49:08","date_gmt":"2025-07-30T22:49:08","guid":{"rendered":"https:\/\/www.noticiasradioreflejos.com.ar\/2021\/?p=122536"},"modified":"2025-07-30T19:49:18","modified_gmt":"2025-07-30T22:49:18","slug":"es-llamativa-la-defensa-de-decir-que-se-va-por-razones-personales-cuando-se-sabe-que-ahi-hay-empujones","status":"publish","type":"post","link":"https:\/\/www.noticiasradioreflejos.com.ar\/2021\/es-llamativa-la-defensa-de-decir-que-se-va-por-razones-personales-cuando-se-sabe-que-ahi-hay-empujones\/","title":{"rendered":"\u00abEs llamativa la defensa de decir que se va por razones personales, cuando se sabe que ah\u00ed hay empujones\u00bb"},"content":{"rendered":"<p>Jorge Varillas, oyente de <a href=\"https:\/\/www.noticiasradioreflejos.com.ar\/2021\/radio-en-vivo\/\"><strong>FM Reflejos<\/strong><\/a> e interesado en la pol\u00edtica, comparte su opini\u00f3n ante la<a href=\"https:\/\/www.noticiasradioreflejos.com.ar\/2021\/la-gente-no-la-esta-pasando-bien-para-escuchar-a-los-dirigentes-decir-que-se-fueron-porque-se-ofendieron\/\"> participaci\u00f3n de Luis Castro y su posici\u00f3n frente a la salida de Sandra Kifer<\/a> del Bloque Juntos.<br \/>\n<!--more--><\/p>\n<p>\u00abEs llamativo esto de esa idea de que hay m\u00e1s o menos radicales, pero yo no soy nadie para decir qui\u00e9n es radical. Nosotros ah\u00ed adentro sabemos qui\u00e9n lo dice. La verdad es llamativa la defensa de decir que se va por razones personales, cuando se sabe que ah\u00ed hay empujones\u00bb comparte reactivo a las declaraciones de Castro durante la entrevista radial.<\/p>\n<p>\u00abEs raro tambi\u00e9n que cuando vos comparas las listas, hay listas que alguien se autoproclam\u00f3 primero, pero no se hab\u00eda consensuado totalmente. Adem\u00e1s, hubo gente de ac\u00e1 que se enter\u00f3 cuando lleg\u00f3 all\u00e1 a esa reuni\u00f3n. Comparado con alguien que dice &#8216;no comparto esa manera y hago una lista donde ni siquiera voy primero&#8217;, la gente tendr\u00eda que empezar a pensar estas cosas\u00bb comparte su visi\u00f3n de la discusi\u00f3n.<\/p>\n<p>\u00abTampoco hay autoan\u00e1lisis. Cuando uno no comparte una lista, lo l\u00f3gico es que te apartes. Eso moralmente es altamente efectivo y altamente resaltable. Entonces, me parece que ac\u00e1 lo que est\u00e1 pasando es que alguien sali\u00f3 dolido aunque dice que no sali\u00f3 dolido\u00bb declara lapidariamente.<\/p>\n<p>\u00abLes deseo a todos lo mejor porque la verdad tienen que mejorar mucho todos para que sea un Concejo Deliberante serio y hay algunos que tendr\u00edan que hacer autocr\u00edtica, lo que pasa es que hay que ser valiente y sobre todo, humilde\u00bb cierra su mensaje de audio. Jorge tambi\u00e9n comparte su cr\u00edtica ante la elecci\u00f3n del radicalismo por colocar en m\u00e1s lugares a postulantes oriundos de Tornquist.<\/p>\n<p><a href=\"https:\/\/www.noticiasradioreflejos.com.ar\/2021\/es-llamativa-la-defensa-de-decir-que-se-va-por-razones-personales-cuando-se-sabe-que-ahi-hay-empujones\/jorge-varillas-2\/\" rel=\"attachment wp-att-122589\"><img loading=\"lazy\" decoding=\"async\" class=\"aligncenter wp-image-122589\" src=\"https:\/\/www.noticiasradioreflejos.com.ar\/2021\/wp-content\/uploads\/2025\/07\/Jorge-Varillas.jpg\" alt=\"\" width=\"400\" height=\"365\" srcset=\"https:\/\/www.noticiasradioreflejos.com.ar\/2021\/wp-content\/uploads\/2025\/07\/Jorge-Varillas.jpg 704w, https:\/\/www.noticiasradioreflejos.com.ar\/2021\/wp-content\/uploads\/2025\/07\/Jorge-Varillas-300x274.jpg 300w\" sizes=\"auto, (max-width: 400px) 100vw, 400px\" \/><\/a><\/p>\n<audio class=\"wp-audio-shortcode\" id=\"audio-122536-1\" preload=\"none\" style=\"width: 100%;\" controls=\"controls\"><source type=\"audio\/mpeg\" src=\"https:\/\/www.noticiasradioreflejos.com.ar\/2021\/wp-content\/uploads\/2025\/07\/Jorge-Varillas.mp3?_=1\" \/><a href=\"https:\/\/www.noticiasradioreflejos.com.ar\/2021\/wp-content\/uploads\/2025\/07\/Jorge-Varillas.mp3\">https:\/\/www.noticiasradioreflejos.com.ar\/2021\/wp-content\/uploads\/2025\/07\/Jorge-Varillas.mp3<\/a><\/audio>\n","protected":false},"excerpt":{"rendered":"<p>Jorge Varillas, oyente de FM Reflejos e interesado en la pol\u00edtica, comparte su opini\u00f3n ante la participaci\u00f3n de Luis Castro y su posici\u00f3n frente a la salida de Sandra Kifer del Bloque Juntos.<\/p>\n","protected":false},"author":3,"featured_media":0,"comment_status":"closed","ping_status":"closed","sticky":false,"template":"","format":"standard","meta":{"footnotes":""},"categories":[24,26],"tags":[48],"class_list":["post-122536","post","type-post","status-publish","format-standard","hentry","category-politica","category-sociedad","tag-destacada"],"yoast_head":"<!-- This site is optimized with the Yoast SEO plugin v25.9 - https:\/\/yoast.com\/wordpress\/plugins\/seo\/ -->\n<title>&quot;Es llamativa la defensa de decir que se va por razones personales, cuando se sabe que ah\u00ed hay empujones&quot; - Noticias Radio Reflejos<\/title>\n<meta name=\"robots\" content=\"index, follow, max-snippet:-1, max-image-preview:large, max-video-preview:-1\" \/>\n<link rel=\"canonical\" href=\"https:\/\/www.noticiasradioreflejos.com.ar\/2021\/es-llamativa-la-defensa-de-decir-que-se-va-por-razones-personales-cuando-se-sabe-que-ahi-hay-empujones\/\" \/>\n<meta property=\"og:locale\" content=\"es_ES\" \/>\n<meta property=\"og:type\" content=\"article\" \/>\n<meta property=\"og:title\" content=\"&quot;Es llamativa la defensa de decir que se va por razones personales, cuando se sabe que ah\u00ed hay empujones&quot; - Noticias Radio Reflejos\" \/>\n<meta property=\"og:description\" content=\"Jorge Varillas, oyente de FM Reflejos e interesado en la pol\u00edtica, comparte su opini\u00f3n ante la participaci\u00f3n de Luis Castro y su posici\u00f3n frente a la salida de Sandra Kifer del Bloque Juntos.\" \/>\n<meta property=\"og:url\" content=\"https:\/\/www.noticiasradioreflejos.com.ar\/2021\/es-llamativa-la-defensa-de-decir-que-se-va-por-razones-personales-cuando-se-sabe-que-ahi-hay-empujones\/\" \/>\n<meta property=\"og:site_name\" content=\"Noticias Radio Reflejos\" \/>\n<meta property=\"article:published_time\" content=\"2025-07-30T22:49:08+00:00\" \/>\n<meta property=\"article:modified_time\" content=\"2025-07-30T22:49:18+00:00\" \/>\n<meta property=\"og:image\" content=\"https:\/\/www.noticiasradioreflejos.com.ar\/2021\/wp-content\/uploads\/2025\/05\/bloque-UCR.jpg\" \/>\n\t<meta property=\"og:image:width\" content=\"786\" \/>\n\t<meta property=\"og:image:height\" content=\"696\" \/>\n\t<meta property=\"og:image:type\" content=\"image\/jpeg\" \/>\n<meta name=\"author\" content=\"Arnaldo Botto\" \/>\n<meta name=\"twitter:card\" content=\"summary_large_image\" \/>\n<script type=\"application\/ld+json\" class=\"yoast-schema-graph\">{\"@context\":\"https:\/\/schema.org\",\"@graph\":[{\"@type\":\"WebPage\",\"@id\":\"https:\/\/www.noticiasradioreflejos.com.ar\/2021\/es-llamativa-la-defensa-de-decir-que-se-va-por-razones-personales-cuando-se-sabe-que-ahi-hay-empujones\/\",\"url\":\"https:\/\/www.noticiasradioreflejos.com.ar\/2021\/es-llamativa-la-defensa-de-decir-que-se-va-por-razones-personales-cuando-se-sabe-que-ahi-hay-empujones\/\",\"name\":\"\\\"Es llamativa la defensa de decir que se va por razones personales, cuando se sabe que ah\u00ed hay empujones\\\" - Noticias Radio Reflejos\",\"isPartOf\":{\"@id\":\"https:\/\/www.noticiasradioreflejos.com.ar\/2021\/#website\"},\"primaryImageOfPage\":{\"@id\":\"https:\/\/www.noticiasradioreflejos.com.ar\/2021\/es-llamativa-la-defensa-de-decir-que-se-va-por-razones-personales-cuando-se-sabe-que-ahi-hay-empujones\/#primaryimage\"},\"image\":{\"@id\":\"https:\/\/www.noticiasradioreflejos.com.ar\/2021\/es-llamativa-la-defensa-de-decir-que-se-va-por-razones-personales-cuando-se-sabe-que-ahi-hay-empujones\/#primaryimage\"},\"thumbnailUrl\":\"https:\/\/www.noticiasradioreflejos.com.ar\/2021\/wp-content\/uploads\/2025\/07\/Jorge-Varillas.jpg\",\"datePublished\":\"2025-07-30T22:49:08+00:00\",\"dateModified\":\"2025-07-30T22:49:18+00:00\",\"author\":{\"@id\":\"https:\/\/www.noticiasradioreflejos.com.ar\/2021\/#\/schema\/person\/ad82545263dcc5ec0996818884fd5fb1\"},\"breadcrumb\":{\"@id\":\"https:\/\/www.noticiasradioreflejos.com.ar\/2021\/es-llamativa-la-defensa-de-decir-que-se-va-por-razones-personales-cuando-se-sabe-que-ahi-hay-empujones\/#breadcrumb\"},\"inLanguage\":\"es\",\"potentialAction\":[{\"@type\":\"ReadAction\",\"target\":[\"https:\/\/www.noticiasradioreflejos.com.ar\/2021\/es-llamativa-la-defensa-de-decir-que-se-va-por-razones-personales-cuando-se-sabe-que-ahi-hay-empujones\/\"]}]},{\"@type\":\"ImageObject\",\"inLanguage\":\"es\",\"@id\":\"https:\/\/www.noticiasradioreflejos.com.ar\/2021\/es-llamativa-la-defensa-de-decir-que-se-va-por-razones-personales-cuando-se-sabe-que-ahi-hay-empujones\/#primaryimage\",\"url\":\"https:\/\/www.noticiasradioreflejos.com.ar\/2021\/wp-content\/uploads\/2025\/07\/Jorge-Varillas.jpg\",\"contentUrl\":\"https:\/\/www.noticiasradioreflejos.com.ar\/2021\/wp-content\/uploads\/2025\/07\/Jorge-Varillas.jpg\",\"width\":704,\"height\":643},{\"@type\":\"BreadcrumbList\",\"@id\":\"https:\/\/www.noticiasradioreflejos.com.ar\/2021\/es-llamativa-la-defensa-de-decir-que-se-va-por-razones-personales-cuando-se-sabe-que-ahi-hay-empujones\/#breadcrumb\",\"itemListElement\":[{\"@type\":\"ListItem\",\"position\":1,\"name\":\"Portada\",\"item\":\"https:\/\/www.noticiasradioreflejos.com.ar\/2021\/\"},{\"@type\":\"ListItem\",\"position\":2,\"name\":\"\u00abEs llamativa la defensa de decir que se va por razones personales, cuando se sabe que ah\u00ed hay empujones\u00bb\"}]},{\"@type\":\"WebSite\",\"@id\":\"https:\/\/www.noticiasradioreflejos.com.ar\/2021\/#website\",\"url\":\"https:\/\/www.noticiasradioreflejos.com.ar\/2021\/\",\"name\":\"Noticias Radio Reflejos\",\"description\":\"Las noticias de mi comarca\",\"potentialAction\":[{\"@type\":\"SearchAction\",\"target\":{\"@type\":\"EntryPoint\",\"urlTemplate\":\"https:\/\/www.noticiasradioreflejos.com.ar\/2021\/?s={search_term_string}\"},\"query-input\":{\"@type\":\"PropertyValueSpecification\",\"valueRequired\":true,\"valueName\":\"search_term_string\"}}],\"inLanguage\":\"es\"},{\"@type\":\"Person\",\"@id\":\"https:\/\/www.noticiasradioreflejos.com.ar\/2021\/#\/schema\/person\/ad82545263dcc5ec0996818884fd5fb1\",\"name\":\"Arnaldo Botto\",\"image\":{\"@type\":\"ImageObject\",\"inLanguage\":\"es\",\"@id\":\"https:\/\/www.noticiasradioreflejos.com.ar\/2021\/#\/schema\/person\/image\/\",\"url\":\"https:\/\/secure.gravatar.com\/avatar\/55cb5e37c1efa326397366e6974cb338056df65cb50e7d64d1cf314e87504837?s=96&d=mm&r=g\",\"contentUrl\":\"https:\/\/secure.gravatar.com\/avatar\/55cb5e37c1efa326397366e6974cb338056df65cb50e7d64d1cf314e87504837?s=96&d=mm&r=g\",\"caption\":\"Arnaldo Botto\"},\"url\":\"https:\/\/www.noticiasradioreflejos.com.ar\/2021\/author\/arnaldo\/\"}]}<\/script>\n<!-- \/ Yoast SEO plugin. -->","yoast_head_json":{"title":"\"Es llamativa la defensa de decir que se va por razones personales, cuando se sabe que ah\u00ed hay empujones\" - Noticias Radio Reflejos","robots":{"index":"index","follow":"follow","max-snippet":"max-snippet:-1","max-image-preview":"max-image-preview:large","max-video-preview":"max-video-preview:-1"},"canonical":"https:\/\/www.noticiasradioreflejos.com.ar\/2021\/es-llamativa-la-defensa-de-decir-que-se-va-por-razones-personales-cuando-se-sabe-que-ahi-hay-empujones\/","og_locale":"es_ES","og_type":"article","og_title":"\"Es llamativa la defensa de decir que se va por razones personales, cuando se sabe que ah\u00ed hay empujones\" - Noticias Radio Reflejos","og_description":"Jorge Varillas, oyente de FM Reflejos e interesado en la pol\u00edtica, comparte su opini\u00f3n ante la participaci\u00f3n de Luis Castro y su posici\u00f3n frente a la salida de Sandra Kifer del Bloque Juntos.","og_url":"https:\/\/www.noticiasradioreflejos.com.ar\/2021\/es-llamativa-la-defensa-de-decir-que-se-va-por-razones-personales-cuando-se-sabe-que-ahi-hay-empujones\/","og_site_name":"Noticias Radio Reflejos","article_published_time":"2025-07-30T22:49:08+00:00","article_modified_time":"2025-07-30T22:49:18+00:00","og_image":[{"width":786,"height":696,"url":"https:\/\/www.noticiasradioreflejos.com.ar\/2021\/wp-content\/uploads\/2025\/05\/bloque-UCR.jpg","type":"image\/jpeg"}],"author":"Arnaldo Botto","twitter_card":"summary_large_image","schema":{"@context":"https:\/\/schema.org","@graph":[{"@type":"WebPage","@id":"https:\/\/www.noticiasradioreflejos.com.ar\/2021\/es-llamativa-la-defensa-de-decir-que-se-va-por-razones-personales-cuando-se-sabe-que-ahi-hay-empujones\/","url":"https:\/\/www.noticiasradioreflejos.com.ar\/2021\/es-llamativa-la-defensa-de-decir-que-se-va-por-razones-personales-cuando-se-sabe-que-ahi-hay-empujones\/","name":"\"Es llamativa la defensa de decir que se va por razones personales, cuando se sabe que ah\u00ed hay empujones\" - Noticias Radio Reflejos","isPartOf":{"@id":"https:\/\/www.noticiasradioreflejos.com.ar\/2021\/#website"},"primaryImageOfPage":{"@id":"https:\/\/www.noticiasradioreflejos.com.ar\/2021\/es-llamativa-la-defensa-de-decir-que-se-va-por-razones-personales-cuando-se-sabe-que-ahi-hay-empujones\/#primaryimage"},"image":{"@id":"https:\/\/www.noticiasradioreflejos.com.ar\/2021\/es-llamativa-la-defensa-de-decir-que-se-va-por-razones-personales-cuando-se-sabe-que-ahi-hay-empujones\/#primaryimage"},"thumbnailUrl":"https:\/\/www.noticiasradioreflejos.com.ar\/2021\/wp-content\/uploads\/2025\/07\/Jorge-Varillas.jpg","datePublished":"2025-07-30T22:49:08+00:00","dateModified":"2025-07-30T22:49:18+00:00","author":{"@id":"https:\/\/www.noticiasradioreflejos.com.ar\/2021\/#\/schema\/person\/ad82545263dcc5ec0996818884fd5fb1"},"breadcrumb":{"@id":"https:\/\/www.noticiasradioreflejos.com.ar\/2021\/es-llamativa-la-defensa-de-decir-que-se-va-por-razones-personales-cuando-se-sabe-que-ahi-hay-empujones\/#breadcrumb"},"inLanguage":"es","potentialAction":[{"@type":"ReadAction","target":["https:\/\/www.noticiasradioreflejos.com.ar\/2021\/es-llamativa-la-defensa-de-decir-que-se-va-por-razones-personales-cuando-se-sabe-que-ahi-hay-empujones\/"]}]},{"@type":"ImageObject","inLanguage":"es","@id":"https:\/\/www.noticiasradioreflejos.com.ar\/2021\/es-llamativa-la-defensa-de-decir-que-se-va-por-razones-personales-cuando-se-sabe-que-ahi-hay-empujones\/#primaryimage","url":"https:\/\/www.noticiasradioreflejos.com.ar\/2021\/wp-content\/uploads\/2025\/07\/Jorge-Varillas.jpg","contentUrl":"https:\/\/www.noticiasradioreflejos.com.ar\/2021\/wp-content\/uploads\/2025\/07\/Jorge-Varillas.jpg","width":704,"height":643},{"@type":"BreadcrumbList","@id":"https:\/\/www.noticiasradioreflejos.com.ar\/2021\/es-llamativa-la-defensa-de-decir-que-se-va-por-razones-personales-cuando-se-sabe-que-ahi-hay-empujones\/#breadcrumb","itemListElement":[{"@type":"ListItem","position":1,"name":"Portada","item":"https:\/\/www.noticiasradioreflejos.com.ar\/2021\/"},{"@type":"ListItem","position":2,"name":"\u00abEs llamativa la defensa de decir que se va por razones personales, cuando se sabe que ah\u00ed hay empujones\u00bb"}]},{"@type":"WebSite","@id":"https:\/\/www.noticiasradioreflejos.com.ar\/2021\/#website","url":"https:\/\/www.noticiasradioreflejos.com.ar\/2021\/","name":"Noticias Radio Reflejos","description":"Las noticias de mi comarca","potentialAction":[{"@type":"SearchAction","target":{"@type":"EntryPoint","urlTemplate":"https:\/\/www.noticiasradioreflejos.com.ar\/2021\/?s={search_term_string}"},"query-input":{"@type":"PropertyValueSpecification","valueRequired":true,"valueName":"search_term_string"}}],"inLanguage":"es"},{"@type":"Person","@id":"https:\/\/www.noticiasradioreflejos.com.ar\/2021\/#\/schema\/person\/ad82545263dcc5ec0996818884fd5fb1","name":"Arnaldo Botto","image":{"@type":"ImageObject","inLanguage":"es","@id":"https:\/\/www.noticiasradioreflejos.com.ar\/2021\/#\/schema\/person\/image\/","url":"https:\/\/secure.gravatar.com\/avatar\/55cb5e37c1efa326397366e6974cb338056df65cb50e7d64d1cf314e87504837?s=96&d=mm&r=g","contentUrl":"https:\/\/secure.gravatar.com\/avatar\/55cb5e37c1efa326397366e6974cb338056df65cb50e7d64d1cf314e87504837?s=96&d=mm&r=g","caption":"Arnaldo Botto"},"url":"https:\/\/www.noticiasradioreflejos.com.ar\/2021\/author\/arnaldo\/"}]}},"_links":{"self":[{"href":"https:\/\/www.noticiasradioreflejos.com.ar\/2021\/wp-json\/wp\/v2\/posts\/122536","targetHints":{"allow":["GET"]}}],"collection":[{"href":"https:\/\/www.noticiasradioreflejos.com.ar\/2021\/wp-json\/wp\/v2\/posts"}],"about":[{"href":"https:\/\/www.noticiasradioreflejos.com.ar\/2021\/wp-json\/wp\/v2\/types\/post"}],"author":[{"embeddable":true,"href":"https:\/\/www.noticiasradioreflejos.com.ar\/2021\/wp-json\/wp\/v2\/users\/3"}],"replies":[{"embeddable":true,"href":"https:\/\/www.noticiasradioreflejos.com.ar\/2021\/wp-json\/wp\/v2\/comments?post=122536"}],"version-history":[{"count":6,"href":"https:\/\/www.noticiasradioreflejos.com.ar\/2021\/wp-json\/wp\/v2\/posts\/122536\/revisions"}],"predecessor-version":[{"id":122591,"href":"https:\/\/www.noticiasradioreflejos.com.ar\/2021\/wp-json\/wp\/v2\/posts\/122536\/revisions\/122591"}],"wp:attachment":[{"href":"https:\/\/www.noticiasradioreflejos.com.ar\/2021\/wp-json\/wp\/v2\/media?parent=122536"}],"wp:term":[{"taxonomy":"category","embeddable":true,"href":"https:\/\/www.noticiasradioreflejos.com.ar\/2021\/wp-json\/wp\/v2\/categories?post=122536"},{"taxonomy":"post_tag","embeddable":true,"href":"https:\/\/www.noticiasradioreflejos.com.ar\/2021\/wp-json\/wp\/v2\/tags?post=122536"}],"curies":[{"name":"wp","href":"https:\/\/api.w.org\/{rel}","templated":true}]}}