{"id":122528,"date":"2025-07-30T12:06:03","date_gmt":"2025-07-30T15:06:03","guid":{"rendered":"https:\/\/www.noticiasradioreflejos.com.ar\/2021\/?p=122528"},"modified":"2025-07-30T12:06:03","modified_gmt":"2025-07-30T15:06:03","slug":"industrias-en-crisis-de-acindar-a-la-fabrica-de-adidas-y-nike-crecen-los-despidos-y-suspensiones-en-distintos-puntos-del-pais","status":"publish","type":"post","link":"https:\/\/www.noticiasradioreflejos.com.ar\/2021\/industrias-en-crisis-de-acindar-a-la-fabrica-de-adidas-y-nike-crecen-los-despidos-y-suspensiones-en-distintos-puntos-del-pais\/","title":{"rendered":"Industrias en crisis:  De Acindar a la f\u00e1brica de Adidas y Nike crecen los despidos y suspensiones en distintos puntos del pa\u00eds"},"content":{"rendered":"<p>El Grupo Dass, que en Argentina produce para Adidas, Nike, Umbro y Asics, redujo 40% su plantel en Eldorado ante la crisis del calzado Desde la UOM denuncian que desde diciembre de 2023, cuando el gobierno de Javier Milei anunci\u00f3 el cierre de la obra p\u00fablica, \u201cAcindar intent\u00f3 despedir gente\u201d. \u201cDesde ah\u00ed venimos renovando suspensiones, con un escenario cada vez m\u00e1s cr\u00edtico\u201d, asegur\u00f3 su secretario general, Pablo Gonz\u00e1lez.<!--more--><\/p>\n<p>El fabricante de calzado deportivo de capitales brasile\u00f1os y argentinos, Grupo Dass, que produce en Argentina para marcas como Adidas, Nike, Umbro y Asics, anunci\u00f3 una nueva etapa de reestructuraci\u00f3n en su sede de Eldorado, Misiones, donde reducir\u00e1 en un 40% su plantel permanente, en medio de la ca\u00edda de la demanda y la apertura de importaciones y tras el cierre definitivo de su planta en Coronel Su\u00e1rez a comienzos de a\u00f1o. La empresa ya ech\u00f3 a 164 operarios en la provincia litorale\u00f1a y ya acumula m\u00e1s de 500 despidos en 2025. En tanto, frente a la baja del 8,6% en La producci\u00f3n de acero crudo, Acindar mantiene suspendidos a m\u00e1s de 500 trabajadores.<\/p>\n<div class=\"partner-wrapper article-page__body-row\">\n<div class=\"second-col\">\n<aside class=\"know-more know-more--with-image\">&nbsp;<\/p>\n<\/aside>\n<p class=\"article-text\">En un comunicado, la firma de producci\u00f3n de calzado, explic\u00f3 que la industria nacional \u201cenfrenta nuevos desaf\u00edos por la baja en la producci\u00f3n y la apertura de importaciones, y Grupo Dass no es ajeno a esta cr\u00edtica situaci\u00f3n. Frente a la p\u00e9rdida de competitividad por los altos costos locales y las cambiantes exigencias del mercado, sumado al nuevo contexto cambiario y comercial, hemos agotado todas las alternativas para mantener nuestra estructura actual\u201d.<\/p>\n<p class=\"article-text\">La planta de Eldorado, que en su mejor momento oper\u00f3 con 60 l\u00edneas de producci\u00f3n y hoy mantiene apenas 15 en funcionamiento, y lleg\u00f3 a tener 1.700 empleados, baj\u00f3n la producci\u00f3n\u00a0<strong>de 22.000 pares diarios a 9.000<\/strong>. \u201cLos pedidos de las marcas est\u00e1n en su nivel m\u00e1s bajo de la historia reciente\u201d, seg\u00fan fuentes del sector, debido a que importar calzado terminado resulta m\u00e1s barato que producirlo en el pa\u00eds.<\/p>\n<p class=\"article-text\">La compa\u00f1\u00eda detall\u00f3 que, \u201ccon el objetivo de mejorar la eficiencia y la competitividad en la Argentina, y siendo plenamente conscientes del impacto que esta medida representa, se decidi\u00f3 la desvinculaci\u00f3n de 164 colaboradores de la planta de Eldorado, como parte de un proceso de adecuaci\u00f3n a las demandas actuales de los clientes\u201d.<\/p>\n<p class=\"article-text\">Actualmente, la planta emplea 470 operarios, pero a partir de agosto el n\u00famero se reducir\u00e1 a 300. Hace poco m\u00e1s de un a\u00f1o, contaba con 600 empleados, lo que significa que en ese lapso la dotaci\u00f3n se redujo a la mitad. Dass remarc\u00f3 que \u201cesta reestructuraci\u00f3n es necesaria para sostener los puestos que contin\u00faan activos y garantizar la continuidad de las operaciones\u201d. Grupo Dass es una empresa que opera en el mercado deportivo desde hace m\u00e1s de 45 a\u00f1os.<\/p>\n<p class=\"article-text\">En una situaci\u00f3n similar est\u00e1 la empresa Textilana, propietaria de la marca marplatense\u00a0<strong>Mauro Sergio<\/strong>, que redujo un 20% la producci\u00f3n y despidi\u00f3 150 trabajadoresest\u00e1 en el marco de una profunda reestructuraci\u00f3n interna tras una ca\u00edda en las ventas de entre un 15% y 20%, como resultado de \u201cla apertura de las importaciones y el menor poder adquisitivo de la gente\u201d.<\/p>\n<p class=\"article-text\">Por su parte, la pampeana\u00a0<strong>Calzatex<\/strong>\u00a0suspendi\u00f3 al 70% de su personal por la ca\u00edda de ventas: \u201cEstamos buscando todas las posibilidades para hacerle frente a este industricidio de Naci\u00f3n\u201d, dijeron desde la empresa ubicada en el Parque Industrial de Santa Rosa. Seg\u00fan su propietario, Gustavo Moreno, de los 45 empleados con los que contaba la planta, solo 12 permanecen activos.<\/p>\n<p class=\"article-text\">De acuerdo a\u00a0<a class=\"link\" href=\"https:\/\/fundacionprotejer.org\/wp-content\/uploads\/2025\/06\/06.25.-Boletin-Economico-Sectorial-Junio-25.pdf\" target=\"_blank\" rel=\"noopener\" data-mrf-recirculation=\"links-noticia\" data-mrf-link=\"https:\/\/fundacionprotejer.org\/wp-content\/uploads\/2025\/06\/06.25.-Boletin-Economico-Sectorial-Junio-25.pdf\">un informe de la Fundaci\u00f3n Protejer<\/a>, en la primera parte de 2025, en el caso del sector textil, confecciones, cuero y calzado, la ca\u00edda porcentual del empleo fue del 9%, lo que represent\u00f3 una p\u00e9rdida de m\u00e1s de 10,6 mil puestos de trabajo.<\/p>\n<h2 class=\"article-text\">Suspensiones en Acindar<\/h2>\n<p class=\"article-text\">El titular de la UOM de Villa Constituci\u00f3n, Pablo Gonz\u00e1lez, afirm\u00f3 en las \u00faltimas horas que la producci\u00f3n de acero baj\u00f3 \u201cde 121.000 toneladas a 51.000\u201d, se\u00f1al\u00f3 que la firma Acindar, la segunda en producci\u00f3n del pa\u00eds, tiene suspendidos \u201centre 500 y 600 trabajadores\u201d, y culp\u00f3 por esto a \u201cla renta financiera\u201d que est\u00e1 \u201cperjudicando a toda la industria\u201d.<\/p>\n<p class=\"article-text\">\u201cNo hay producci\u00f3n y no va a mejorar, hay que decirlo claramente, la gente que tiene dinero no invierte en un departamento o para que haya construcci\u00f3n, invierten en el \u2018carry trade\u2019 y la renta financiera nos est\u00e1 perjudicando a toda la industria\u201d,\u00a0<a class=\"link\" href=\"https:\/\/x.com\/splendidam990\/status\/1950153254525878688\" target=\"_blank\" rel=\"noopener\" data-mrf-recirculation=\"links-noticia\" data-mrf-link=\"https:\/\/x.com\/splendidam990\/status\/1950153254525878688\">expres\u00f3 el gremialista a Splendid AM 990<\/a>.<\/p>\n<p class=\"article-text\">Gonz\u00e1lez explic\u00f3 que, desde diciembre de 2023, cuando el Gobierno de Javier Milei anunci\u00f3 el cierre de la obra p\u00fablica \u201cAcindar intent\u00f3 despedir gente\u201d y a\u00f1adi\u00f3: \u201cDesde ah\u00ed venimos renovando suspensiones, con un escenario cada vez m\u00e1s cr\u00edtico, porque de 120.000 toneladas mensuales bajamos 51.000 por mes de ventas\u201d.<\/p>\n<p class=\"article-text\">El secretario general de la seccional Villa Constituci\u00f3n de la UOM dijo: \u201cHace un a\u00f1o que venimos esperando un aumento con Acindar, acordamos un anticipo a cuenta de futuros aumentos, pero seguimos sin resolver el salario b\u00e1sico de los trabajadores sider\u00fargicos\u201d.<\/p>\n<figure class=\"embed-container embed-container--type-twitter \">\n<div class=\"twitter-tweet twitter-tweet-rendered\"><iframe id=\"twitter-widget-0\" class=\"\" title=\"X Post\" src=\"https:\/\/platform.twitter.com\/embed\/Tweet.html?dnt=false&amp;embedId=twitter-widget-0&amp;features=eyJ0ZndfdGltZWxpbmVfbGlzdCI6eyJidWNrZXQiOltdLCJ2ZXJzaW9uIjpudWxsfSwidGZ3X2ZvbGxvd2VyX2NvdW50X3N1bnNldCI6eyJidWNrZXQiOnRydWUsInZlcnNpb24iOm51bGx9LCJ0ZndfdHdlZXRfZWRpdF9iYWNrZW5kIjp7ImJ1Y2tldCI6Im9uIiwidmVyc2lvbiI6bnVsbH0sInRmd19yZWZzcmNfc2Vzc2lvbiI6eyJidWNrZXQiOiJvbiIsInZlcnNpb24iOm51bGx9LCJ0ZndfZm9zbnJfc29mdF9pbnRlcnZlbnRpb25zX2VuYWJsZWQiOnsiYnVja2V0Ijoib24iLCJ2ZXJzaW9uIjpudWxsfSwidGZ3X21peGVkX21lZGlhXzE1ODk3Ijp7ImJ1Y2tldCI6InRyZWF0bWVudCIsInZlcnNpb24iOm51bGx9LCJ0ZndfZXhwZXJpbWVudHNfY29va2llX2V4cGlyYXRpb24iOnsiYnVja2V0IjoxMjA5NjAwLCJ2ZXJzaW9uIjpudWxsfSwidGZ3X3Nob3dfYmlyZHdhdGNoX3Bpdm90c19lbmFibGVkIjp7ImJ1Y2tldCI6Im9uIiwidmVyc2lvbiI6bnVsbH0sInRmd19kdXBsaWNhdGVfc2NyaWJlc190b19zZXR0aW5ncyI6eyJidWNrZXQiOiJvbiIsInZlcnNpb24iOm51bGx9LCJ0ZndfdXNlX3Byb2ZpbGVfaW1hZ2Vfc2hhcGVfZW5hYmxlZCI6eyJidWNrZXQiOiJvbiIsInZlcnNpb24iOm51bGx9LCJ0ZndfdmlkZW9faGxzX2R5bmFtaWNfbWFuaWZlc3RzXzE1MDgyIjp7ImJ1Y2tldCI6InRydWVfYml0cmF0ZSIsInZlcnNpb24iOm51bGx9LCJ0ZndfbGVnYWN5X3RpbWVsaW5lX3N1bnNldCI6eyJidWNrZXQiOnRydWUsInZlcnNpb24iOm51bGx9LCJ0ZndfdHdlZXRfZWRpdF9mcm9udGVuZCI6eyJidWNrZXQiOiJvbiIsInZlcnNpb24iOm51bGx9fQ%3D%3D&amp;frame=false&amp;hideCard=false&amp;hideThread=false&amp;id=1950153254525878688&amp;lang=es&amp;origin=https%3A%2F%2Fwww.eldiarioar.com%2Feconomia%2Facindar-adidas-nike-dass-despidos-trabajadores-500-suspendidos-produccion-acero-argentina-cayo-8-6-junio_1_12503068.html&amp;sessionId=0dcbba6b437821c5c3441a14a0badaf4f0879af7&amp;theme=light&amp;widgetsVersion=2615f7e52b7e0%3A1702314776716&amp;width=550px\" frameborder=\"0\" scrolling=\"no\" allowfullscreen=\"allowfullscreen\" data-gtm-yt-inspected-34399851_303=\"true\" data-gtm-yt-inspected-34399851_396=\"true\" data-gtm-yt-inspected-41=\"true\" data-tweet-id=\"1950153254525878688\" data-mce-fragment=\"1\"><\/iframe><\/div>\n<\/figure>\n<p class=\"article-text\">Adem\u00e1s, a\u00f1adi\u00f3 que el aparato productivo del sector metal\u00fargico est\u00e1 \u201cm\u00e1s que frenado\u201d y advirti\u00f3 que desde el sindicato se logr\u00f3 \u201cque no haya despidos\u201d, pero la actividad \u201cviene muy en ca\u00edda\u201d.<\/p>\n<p class=\"article-text\">\u201cCerr\u00f3 un tren laminador en Villa Constituci\u00f3n. No es un dato menor. Son 150 trabajadores que est\u00e1n sin trabajo y que la empresa obviamente los quiere despedir y venimos discutiendo que se le renueve el acuerdo de suspensiones\u201d, lament\u00f3.<\/p>\n<figure class=\"embed-container embed-container--type-twitter \">\n<div class=\"twitter-tweet twitter-tweet-rendered\"><iframe id=\"twitter-widget-1\" class=\"\" title=\"X Post\" src=\"https:\/\/platform.twitter.com\/embed\/Tweet.html?dnt=false&amp;embedId=twitter-widget-1&amp;features=eyJ0ZndfdGltZWxpbmVfbGlzdCI6eyJidWNrZXQiOltdLCJ2ZXJzaW9uIjpudWxsfSwidGZ3X2ZvbGxvd2VyX2NvdW50X3N1bnNldCI6eyJidWNrZXQiOnRydWUsInZlcnNpb24iOm51bGx9LCJ0ZndfdHdlZXRfZWRpdF9iYWNrZW5kIjp7ImJ1Y2tldCI6Im9uIiwidmVyc2lvbiI6bnVsbH0sInRmd19yZWZzcmNfc2Vzc2lvbiI6eyJidWNrZXQiOiJvbiIsInZlcnNpb24iOm51bGx9LCJ0ZndfZm9zbnJfc29mdF9pbnRlcnZlbnRpb25zX2VuYWJsZWQiOnsiYnVja2V0Ijoib24iLCJ2ZXJzaW9uIjpudWxsfSwidGZ3X21peGVkX21lZGlhXzE1ODk3Ijp7ImJ1Y2tldCI6InRyZWF0bWVudCIsInZlcnNpb24iOm51bGx9LCJ0ZndfZXhwZXJpbWVudHNfY29va2llX2V4cGlyYXRpb24iOnsiYnVja2V0IjoxMjA5NjAwLCJ2ZXJzaW9uIjpudWxsfSwidGZ3X3Nob3dfYmlyZHdhdGNoX3Bpdm90c19lbmFibGVkIjp7ImJ1Y2tldCI6Im9uIiwidmVyc2lvbiI6bnVsbH0sInRmd19kdXBsaWNhdGVfc2NyaWJlc190b19zZXR0aW5ncyI6eyJidWNrZXQiOiJvbiIsInZlcnNpb24iOm51bGx9LCJ0ZndfdXNlX3Byb2ZpbGVfaW1hZ2Vfc2hhcGVfZW5hYmxlZCI6eyJidWNrZXQiOiJvbiIsInZlcnNpb24iOm51bGx9LCJ0ZndfdmlkZW9faGxzX2R5bmFtaWNfbWFuaWZlc3RzXzE1MDgyIjp7ImJ1Y2tldCI6InRydWVfYml0cmF0ZSIsInZlcnNpb24iOm51bGx9LCJ0ZndfbGVnYWN5X3RpbWVsaW5lX3N1bnNldCI6eyJidWNrZXQiOnRydWUsInZlcnNpb24iOm51bGx9LCJ0ZndfdHdlZXRfZWRpdF9mcm9udGVuZCI6eyJidWNrZXQiOiJvbiIsInZlcnNpb24iOm51bGx9fQ%3D%3D&amp;frame=false&amp;hideCard=false&amp;hideThread=false&amp;id=1950184330795389158&amp;lang=es&amp;origin=https%3A%2F%2Fwww.eldiarioar.com%2Feconomia%2Facindar-adidas-nike-dass-despidos-trabajadores-500-suspendidos-produccion-acero-argentina-cayo-8-6-junio_1_12503068.html&amp;sessionId=0dcbba6b437821c5c3441a14a0badaf4f0879af7&amp;theme=light&amp;widgetsVersion=2615f7e52b7e0%3A1702314776716&amp;width=550px\" frameborder=\"0\" scrolling=\"no\" allowfullscreen=\"allowfullscreen\" data-gtm-yt-inspected-34399851_303=\"true\" data-gtm-yt-inspected-34399851_396=\"true\" data-gtm-yt-inspected-41=\"true\" data-tweet-id=\"1950184330795389158\" data-mce-fragment=\"1\"><\/iframe><\/div>\n<\/figure>\n<h2 class=\"article-text\">La producci\u00f3n de acero de Argentina cay\u00f3 un 8,6 % en junio<\/h2>\n<p class=\"article-text\">La producci\u00f3n de acero crudo en Argentina alcanz\u00f3 las 320.100 toneladas en junio pasado, lo que supuso una ca\u00edda del 8,6 % en comparaci\u00f3n con mayo, seg\u00fan datos sectoriales difundidos este lunes.<\/p>\n<p class=\"article-text\">No obstante, y de acuerdo con un informe de la C\u00e1mara Argentina del Acero, en el sexto mes del a\u00f1o en curso la producci\u00f3n de la aleaci\u00f3n registr\u00f3 un alza interanual del 16,5 %.<\/p>\n<p class=\"article-text\">En tanto, la producci\u00f3n de hierro primario fue en junio de 146.500 toneladas, con un desplome del 26,5 % con respecto a mayo pasado y del 36,8 % en la comparaci\u00f3n con igual mes de 2024.<\/p>\n<p class=\"article-text\">Por su parte, la producci\u00f3n de laminados en caliente baj\u00f3 un 20,9 % respecto a mayo \u00faltimo, hasta las 262.500 toneladas, aunque el volumen implic\u00f3 un incremento del 12,2 % en comparaci\u00f3n con junio de 2024, cuando la industria se hab\u00eda visto severamente afectada por un desplome de la demanda en medio del plan de ajuste puesto en marcha por el Gobierno de Javier Milei a finales de 2023.<\/p>\n<p class=\"article-text\">Seg\u00fan el informe, la demanda en junio pasado se vio impulsada en parte por sectores como el automotriz y el de maquinaria agr\u00edcola, mientras la construcci\u00f3n contin\u00faa con bajos niveles de actividad y \u201csin signos que permitan vislumbrar un cambio de tendencia\u201d, mientras que la industria de electrodom\u00e9sticos se ve afectada por las importaciones.<\/p>\n<p class=\"article-text\">\u201cDe todas formas, para el presente a\u00f1o se espera un nivel de demanda levemente superior al de 2024, aunque todav\u00eda por debajo los niveles alcanzados en a\u00f1os anteriores\u201d, a\u00f1ade el documento.<\/p>\n<div id=\"container-after-news-outlook\"><\/div>\n<p class=\"article-text\">Con informaci\u00f3n de NA y EFE.<\/p>\n<\/div>\n<\/div>\n","protected":false},"excerpt":{"rendered":"<p>El Grupo Dass, que en Argentina produce para Adidas, Nike, Umbro y Asics, redujo 40% su plantel en Eldorado ante la crisis del calzado Desde la UOM denuncian que desde diciembre de 2023, cuando el gobierno de Javier Milei anunci\u00f3 el cierre de la obra p\u00fablica, \u201cAcindar intent\u00f3 despedir gente\u201d. \u201cDesde ah\u00ed venimos renovando suspensiones, [&hellip;]<\/p>\n","protected":false},"author":3,"featured_media":122532,"comment_status":"closed","ping_status":"closed","sticky":false,"template":"","format":"standard","meta":{"footnotes":""},"categories":[36],"tags":[],"class_list":["post-122528","post","type-post","status-publish","format-standard","has-post-thumbnail","hentry","category-economia"],"yoast_head":"<!-- This site is optimized with the Yoast SEO plugin v25.9 - https:\/\/yoast.com\/wordpress\/plugins\/seo\/ -->\n<title>Industrias en crisis: De Acindar a la f\u00e1brica de Adidas y Nike crecen los despidos y suspensiones en distintos puntos del pa\u00eds - Noticias Radio Reflejos<\/title>\n<meta name=\"robots\" content=\"index, follow, max-snippet:-1, max-image-preview:large, max-video-preview:-1\" \/>\n<link rel=\"canonical\" href=\"https:\/\/www.noticiasradioreflejos.com.ar\/2021\/industrias-en-crisis-de-acindar-a-la-fabrica-de-adidas-y-nike-crecen-los-despidos-y-suspensiones-en-distintos-puntos-del-pais\/\" \/>\n<meta property=\"og:locale\" content=\"es_ES\" \/>\n<meta property=\"og:type\" content=\"article\" \/>\n<meta property=\"og:title\" content=\"Industrias en crisis: De Acindar a la f\u00e1brica de Adidas y Nike crecen los despidos y suspensiones en distintos puntos del pa\u00eds - Noticias Radio Reflejos\" \/>\n<meta property=\"og:description\" content=\"El Grupo Dass, que en Argentina produce para Adidas, Nike, Umbro y Asics, redujo 40% su plantel en Eldorado ante la crisis del calzado Desde la UOM denuncian que desde diciembre de 2023, cuando el gobierno de Javier Milei anunci\u00f3 el cierre de la obra p\u00fablica, \u201cAcindar intent\u00f3 despedir gente\u201d. \u201cDesde ah\u00ed venimos renovando suspensiones, [&hellip;]\" \/>\n<meta property=\"og:url\" content=\"https:\/\/www.noticiasradioreflejos.com.ar\/2021\/industrias-en-crisis-de-acindar-a-la-fabrica-de-adidas-y-nike-crecen-los-despidos-y-suspensiones-en-distintos-puntos-del-pais\/\" \/>\n<meta property=\"og:site_name\" content=\"Noticias Radio Reflejos\" \/>\n<meta property=\"article:published_time\" content=\"2025-07-30T15:06:03+00:00\" \/>\n<meta property=\"og:image\" content=\"https:\/\/www.noticiasradioreflejos.com.ar\/2021\/wp-content\/uploads\/2025\/07\/industria.jpg\" \/>\n\t<meta property=\"og:image:width\" content=\"1200\" \/>\n\t<meta property=\"og:image:height\" content=\"675\" \/>\n\t<meta property=\"og:image:type\" content=\"image\/jpeg\" \/>\n<meta name=\"author\" content=\"Arnaldo Botto\" \/>\n<meta name=\"twitter:card\" content=\"summary_large_image\" \/>\n<script type=\"application\/ld+json\" class=\"yoast-schema-graph\">{\"@context\":\"https:\/\/schema.org\",\"@graph\":[{\"@type\":\"WebPage\",\"@id\":\"https:\/\/www.noticiasradioreflejos.com.ar\/2021\/industrias-en-crisis-de-acindar-a-la-fabrica-de-adidas-y-nike-crecen-los-despidos-y-suspensiones-en-distintos-puntos-del-pais\/\",\"url\":\"https:\/\/www.noticiasradioreflejos.com.ar\/2021\/industrias-en-crisis-de-acindar-a-la-fabrica-de-adidas-y-nike-crecen-los-despidos-y-suspensiones-en-distintos-puntos-del-pais\/\",\"name\":\"Industrias en crisis: De Acindar a la f\u00e1brica de Adidas y Nike crecen los despidos y suspensiones en distintos puntos del pa\u00eds - Noticias Radio Reflejos\",\"isPartOf\":{\"@id\":\"https:\/\/www.noticiasradioreflejos.com.ar\/2021\/#website\"},\"primaryImageOfPage\":{\"@id\":\"https:\/\/www.noticiasradioreflejos.com.ar\/2021\/industrias-en-crisis-de-acindar-a-la-fabrica-de-adidas-y-nike-crecen-los-despidos-y-suspensiones-en-distintos-puntos-del-pais\/#primaryimage\"},\"image\":{\"@id\":\"https:\/\/www.noticiasradioreflejos.com.ar\/2021\/industrias-en-crisis-de-acindar-a-la-fabrica-de-adidas-y-nike-crecen-los-despidos-y-suspensiones-en-distintos-puntos-del-pais\/#primaryimage\"},\"thumbnailUrl\":\"https:\/\/www.noticiasradioreflejos.com.ar\/2021\/wp-content\/uploads\/2025\/07\/industria.jpg\",\"datePublished\":\"2025-07-30T15:06:03+00:00\",\"author\":{\"@id\":\"https:\/\/www.noticiasradioreflejos.com.ar\/2021\/#\/schema\/person\/ad82545263dcc5ec0996818884fd5fb1\"},\"breadcrumb\":{\"@id\":\"https:\/\/www.noticiasradioreflejos.com.ar\/2021\/industrias-en-crisis-de-acindar-a-la-fabrica-de-adidas-y-nike-crecen-los-despidos-y-suspensiones-en-distintos-puntos-del-pais\/#breadcrumb\"},\"inLanguage\":\"es\",\"potentialAction\":[{\"@type\":\"ReadAction\",\"target\":[\"https:\/\/www.noticiasradioreflejos.com.ar\/2021\/industrias-en-crisis-de-acindar-a-la-fabrica-de-adidas-y-nike-crecen-los-despidos-y-suspensiones-en-distintos-puntos-del-pais\/\"]}]},{\"@type\":\"ImageObject\",\"inLanguage\":\"es\",\"@id\":\"https:\/\/www.noticiasradioreflejos.com.ar\/2021\/industrias-en-crisis-de-acindar-a-la-fabrica-de-adidas-y-nike-crecen-los-despidos-y-suspensiones-en-distintos-puntos-del-pais\/#primaryimage\",\"url\":\"https:\/\/www.noticiasradioreflejos.com.ar\/2021\/wp-content\/uploads\/2025\/07\/industria.jpg\",\"contentUrl\":\"https:\/\/www.noticiasradioreflejos.com.ar\/2021\/wp-content\/uploads\/2025\/07\/industria.jpg\",\"width\":1200,\"height\":675},{\"@type\":\"BreadcrumbList\",\"@id\":\"https:\/\/www.noticiasradioreflejos.com.ar\/2021\/industrias-en-crisis-de-acindar-a-la-fabrica-de-adidas-y-nike-crecen-los-despidos-y-suspensiones-en-distintos-puntos-del-pais\/#breadcrumb\",\"itemListElement\":[{\"@type\":\"ListItem\",\"position\":1,\"name\":\"Portada\",\"item\":\"https:\/\/www.noticiasradioreflejos.com.ar\/2021\/\"},{\"@type\":\"ListItem\",\"position\":2,\"name\":\"Industrias en crisis: De Acindar a la f\u00e1brica de Adidas y Nike crecen los despidos y suspensiones en distintos puntos del pa\u00eds\"}]},{\"@type\":\"WebSite\",\"@id\":\"https:\/\/www.noticiasradioreflejos.com.ar\/2021\/#website\",\"url\":\"https:\/\/www.noticiasradioreflejos.com.ar\/2021\/\",\"name\":\"Noticias Radio Reflejos\",\"description\":\"Las noticias de mi comarca\",\"potentialAction\":[{\"@type\":\"SearchAction\",\"target\":{\"@type\":\"EntryPoint\",\"urlTemplate\":\"https:\/\/www.noticiasradioreflejos.com.ar\/2021\/?s={search_term_string}\"},\"query-input\":{\"@type\":\"PropertyValueSpecification\",\"valueRequired\":true,\"valueName\":\"search_term_string\"}}],\"inLanguage\":\"es\"},{\"@type\":\"Person\",\"@id\":\"https:\/\/www.noticiasradioreflejos.com.ar\/2021\/#\/schema\/person\/ad82545263dcc5ec0996818884fd5fb1\",\"name\":\"Arnaldo Botto\",\"image\":{\"@type\":\"ImageObject\",\"inLanguage\":\"es\",\"@id\":\"https:\/\/www.noticiasradioreflejos.com.ar\/2021\/#\/schema\/person\/image\/\",\"url\":\"https:\/\/secure.gravatar.com\/avatar\/55cb5e37c1efa326397366e6974cb338056df65cb50e7d64d1cf314e87504837?s=96&d=mm&r=g\",\"contentUrl\":\"https:\/\/secure.gravatar.com\/avatar\/55cb5e37c1efa326397366e6974cb338056df65cb50e7d64d1cf314e87504837?s=96&d=mm&r=g\",\"caption\":\"Arnaldo Botto\"},\"url\":\"https:\/\/www.noticiasradioreflejos.com.ar\/2021\/author\/arnaldo\/\"}]}<\/script>\n<!-- \/ Yoast SEO plugin. -->","yoast_head_json":{"title":"Industrias en crisis: De Acindar a la f\u00e1brica de Adidas y Nike crecen los despidos y suspensiones en distintos puntos del pa\u00eds - Noticias Radio Reflejos","robots":{"index":"index","follow":"follow","max-snippet":"max-snippet:-1","max-image-preview":"max-image-preview:large","max-video-preview":"max-video-preview:-1"},"canonical":"https:\/\/www.noticiasradioreflejos.com.ar\/2021\/industrias-en-crisis-de-acindar-a-la-fabrica-de-adidas-y-nike-crecen-los-despidos-y-suspensiones-en-distintos-puntos-del-pais\/","og_locale":"es_ES","og_type":"article","og_title":"Industrias en crisis: De Acindar a la f\u00e1brica de Adidas y Nike crecen los despidos y suspensiones en distintos puntos del pa\u00eds - Noticias Radio Reflejos","og_description":"El Grupo Dass, que en Argentina produce para Adidas, Nike, Umbro y Asics, redujo 40% su plantel en Eldorado ante la crisis del calzado Desde la UOM denuncian que desde diciembre de 2023, cuando el gobierno de Javier Milei anunci\u00f3 el cierre de la obra p\u00fablica, \u201cAcindar intent\u00f3 despedir gente\u201d. \u201cDesde ah\u00ed venimos renovando suspensiones, [&hellip;]","og_url":"https:\/\/www.noticiasradioreflejos.com.ar\/2021\/industrias-en-crisis-de-acindar-a-la-fabrica-de-adidas-y-nike-crecen-los-despidos-y-suspensiones-en-distintos-puntos-del-pais\/","og_site_name":"Noticias Radio Reflejos","article_published_time":"2025-07-30T15:06:03+00:00","og_image":[{"width":1200,"height":675,"url":"https:\/\/www.noticiasradioreflejos.com.ar\/2021\/wp-content\/uploads\/2025\/07\/industria.jpg","type":"image\/jpeg"}],"author":"Arnaldo Botto","twitter_card":"summary_large_image","schema":{"@context":"https:\/\/schema.org","@graph":[{"@type":"WebPage","@id":"https:\/\/www.noticiasradioreflejos.com.ar\/2021\/industrias-en-crisis-de-acindar-a-la-fabrica-de-adidas-y-nike-crecen-los-despidos-y-suspensiones-en-distintos-puntos-del-pais\/","url":"https:\/\/www.noticiasradioreflejos.com.ar\/2021\/industrias-en-crisis-de-acindar-a-la-fabrica-de-adidas-y-nike-crecen-los-despidos-y-suspensiones-en-distintos-puntos-del-pais\/","name":"Industrias en crisis: De Acindar a la f\u00e1brica de Adidas y Nike crecen los despidos y suspensiones en distintos puntos del pa\u00eds - Noticias Radio Reflejos","isPartOf":{"@id":"https:\/\/www.noticiasradioreflejos.com.ar\/2021\/#website"},"primaryImageOfPage":{"@id":"https:\/\/www.noticiasradioreflejos.com.ar\/2021\/industrias-en-crisis-de-acindar-a-la-fabrica-de-adidas-y-nike-crecen-los-despidos-y-suspensiones-en-distintos-puntos-del-pais\/#primaryimage"},"image":{"@id":"https:\/\/www.noticiasradioreflejos.com.ar\/2021\/industrias-en-crisis-de-acindar-a-la-fabrica-de-adidas-y-nike-crecen-los-despidos-y-suspensiones-en-distintos-puntos-del-pais\/#primaryimage"},"thumbnailUrl":"https:\/\/www.noticiasradioreflejos.com.ar\/2021\/wp-content\/uploads\/2025\/07\/industria.jpg","datePublished":"2025-07-30T15:06:03+00:00","author":{"@id":"https:\/\/www.noticiasradioreflejos.com.ar\/2021\/#\/schema\/person\/ad82545263dcc5ec0996818884fd5fb1"},"breadcrumb":{"@id":"https:\/\/www.noticiasradioreflejos.com.ar\/2021\/industrias-en-crisis-de-acindar-a-la-fabrica-de-adidas-y-nike-crecen-los-despidos-y-suspensiones-en-distintos-puntos-del-pais\/#breadcrumb"},"inLanguage":"es","potentialAction":[{"@type":"ReadAction","target":["https:\/\/www.noticiasradioreflejos.com.ar\/2021\/industrias-en-crisis-de-acindar-a-la-fabrica-de-adidas-y-nike-crecen-los-despidos-y-suspensiones-en-distintos-puntos-del-pais\/"]}]},{"@type":"ImageObject","inLanguage":"es","@id":"https:\/\/www.noticiasradioreflejos.com.ar\/2021\/industrias-en-crisis-de-acindar-a-la-fabrica-de-adidas-y-nike-crecen-los-despidos-y-suspensiones-en-distintos-puntos-del-pais\/#primaryimage","url":"https:\/\/www.noticiasradioreflejos.com.ar\/2021\/wp-content\/uploads\/2025\/07\/industria.jpg","contentUrl":"https:\/\/www.noticiasradioreflejos.com.ar\/2021\/wp-content\/uploads\/2025\/07\/industria.jpg","width":1200,"height":675},{"@type":"BreadcrumbList","@id":"https:\/\/www.noticiasradioreflejos.com.ar\/2021\/industrias-en-crisis-de-acindar-a-la-fabrica-de-adidas-y-nike-crecen-los-despidos-y-suspensiones-en-distintos-puntos-del-pais\/#breadcrumb","itemListElement":[{"@type":"ListItem","position":1,"name":"Portada","item":"https:\/\/www.noticiasradioreflejos.com.ar\/2021\/"},{"@type":"ListItem","position":2,"name":"Industrias en crisis: De Acindar a la f\u00e1brica de Adidas y Nike crecen los despidos y suspensiones en distintos puntos del pa\u00eds"}]},{"@type":"WebSite","@id":"https:\/\/www.noticiasradioreflejos.com.ar\/2021\/#website","url":"https:\/\/www.noticiasradioreflejos.com.ar\/2021\/","name":"Noticias Radio Reflejos","description":"Las noticias de mi comarca","potentialAction":[{"@type":"SearchAction","target":{"@type":"EntryPoint","urlTemplate":"https:\/\/www.noticiasradioreflejos.com.ar\/2021\/?s={search_term_string}"},"query-input":{"@type":"PropertyValueSpecification","valueRequired":true,"valueName":"search_term_string"}}],"inLanguage":"es"},{"@type":"Person","@id":"https:\/\/www.noticiasradioreflejos.com.ar\/2021\/#\/schema\/person\/ad82545263dcc5ec0996818884fd5fb1","name":"Arnaldo Botto","image":{"@type":"ImageObject","inLanguage":"es","@id":"https:\/\/www.noticiasradioreflejos.com.ar\/2021\/#\/schema\/person\/image\/","url":"https:\/\/secure.gravatar.com\/avatar\/55cb5e37c1efa326397366e6974cb338056df65cb50e7d64d1cf314e87504837?s=96&d=mm&r=g","contentUrl":"https:\/\/secure.gravatar.com\/avatar\/55cb5e37c1efa326397366e6974cb338056df65cb50e7d64d1cf314e87504837?s=96&d=mm&r=g","caption":"Arnaldo Botto"},"url":"https:\/\/www.noticiasradioreflejos.com.ar\/2021\/author\/arnaldo\/"}]}},"_links":{"self":[{"href":"https:\/\/www.noticiasradioreflejos.com.ar\/2021\/wp-json\/wp\/v2\/posts\/122528","targetHints":{"allow":["GET"]}}],"collection":[{"href":"https:\/\/www.noticiasradioreflejos.com.ar\/2021\/wp-json\/wp\/v2\/posts"}],"about":[{"href":"https:\/\/www.noticiasradioreflejos.com.ar\/2021\/wp-json\/wp\/v2\/types\/post"}],"author":[{"embeddable":true,"href":"https:\/\/www.noticiasradioreflejos.com.ar\/2021\/wp-json\/wp\/v2\/users\/3"}],"replies":[{"embeddable":true,"href":"https:\/\/www.noticiasradioreflejos.com.ar\/2021\/wp-json\/wp\/v2\/comments?post=122528"}],"version-history":[{"count":1,"href":"https:\/\/www.noticiasradioreflejos.com.ar\/2021\/wp-json\/wp\/v2\/posts\/122528\/revisions"}],"predecessor-version":[{"id":122533,"href":"https:\/\/www.noticiasradioreflejos.com.ar\/2021\/wp-json\/wp\/v2\/posts\/122528\/revisions\/122533"}],"wp:featuredmedia":[{"embeddable":true,"href":"https:\/\/www.noticiasradioreflejos.com.ar\/2021\/wp-json\/wp\/v2\/media\/122532"}],"wp:attachment":[{"href":"https:\/\/www.noticiasradioreflejos.com.ar\/2021\/wp-json\/wp\/v2\/media?parent=122528"}],"wp:term":[{"taxonomy":"category","embeddable":true,"href":"https:\/\/www.noticiasradioreflejos.com.ar\/2021\/wp-json\/wp\/v2\/categories?post=122528"},{"taxonomy":"post_tag","embeddable":true,"href":"https:\/\/www.noticiasradioreflejos.com.ar\/2021\/wp-json\/wp\/v2\/tags?post=122528"}],"curies":[{"name":"wp","href":"https:\/\/api.w.org\/{rel}","templated":true}]}}