{"id":122520,"date":"2025-07-30T19:30:57","date_gmt":"2025-07-30T22:30:57","guid":{"rendered":"https:\/\/www.noticiasradioreflejos.com.ar\/2021\/?p=122520"},"modified":"2025-07-30T19:31:40","modified_gmt":"2025-07-30T22:31:40","slug":"la-gente-no-la-esta-pasando-bien-para-escuchar-a-los-dirigentes-decir-que-se-fueron-porque-se-ofendieron","status":"publish","type":"post","link":"https:\/\/www.noticiasradioreflejos.com.ar\/2021\/la-gente-no-la-esta-pasando-bien-para-escuchar-a-los-dirigentes-decir-que-se-fueron-porque-se-ofendieron\/","title":{"rendered":"\u00abLa gente no la est\u00e1 pasando bien para escuchar a los dirigentes decir que se fueron porque se ofendieron\u00bb"},"content":{"rendered":"<p>Luis Castro, concejal integrante del Bloque Juntos, comparte su posici\u00f3n sobre la partici\u00f3n del bloque del radicalismo encabezada por Sandra Kifer a 6 meses de terminar su mandato.<br \/>\n<!--more--><\/p>\n<p>\u00abEn realidad el partido no est\u00e1 dividido porque todos acompa\u00f1amos a una lista, as\u00ed que roto no hay nada. La concejal Kifer tom\u00f3 una decisi\u00f3n personal de acompa\u00f1ar el espacio de Facundo Manes y era obvio que se iba a partir. Nosotros de ninguna manera la echamos del bloque, si le comunicamos que ella frente a lo que estaba haciendo, ten\u00eda que tomar una determinaci\u00f3n\u00bb menciona Luis al comenzar la nota.<\/p>\n<p>\u00abArmar un bloque unipersonal es tambi\u00e9n llamativo, porque despu\u00e9s de 3 a\u00f1os y medio de gesti\u00f3n del Concejo Deliberante, reci\u00e9n a los tres a\u00f1os decir me voy, a 6 meses de terminar el mandato. No s\u00e9 por qu\u00e9, porque tampoco da argumentos, trabaj\u00e1bamos bien en el bloque\u00bb opina sobre la decisi\u00f3n de Sandra Kifer. \u00abNunca se tom\u00f3 alguna decisi\u00f3n del bloque por cuestiones ideol\u00f3gicas, no se le pidi\u00f3 que se aparte. Fue personal y se desencaden\u00f3 con lo de La Plata, donde ella fue a presentar otra lista\u00bb aclara la posici\u00f3n del partido ante la actitud de Kifer.<\/p>\n<p>\u00abA 6 meses de terminar el mandato, los argumentos no son muy consistentes y creo que no suma al contexto pol\u00edtico que hay. Ahora lo que prima es el individualismo y frente a eso los dirigentes pol\u00edticos hacemos aventuras personales. La gente lo que est\u00e1 esperando de los pol\u00edticos es que se resuelvan las problem\u00e1ticas locales\u00bb agrega a su opini\u00f3n. \u00abDesde junio empezamos a conformar la lista y la discusi\u00f3n estuvo abierta al subcomit\u00e9, por eso digo que es una cuesti\u00f3n netamente personal y creo que no suma al fortalecimiento de los partidos pol\u00edticos. Creo que el partido a ella la dej\u00f3 crecer\u00bb contin\u00faa. \u00abLa verdad que las cuestiones de los dirigentes no son los problemas de la gente. Muchas veces esas aventuras personales no tienen legitimaciones sociales y se vuelven perjudiciales para los partidos democr\u00e1ticos\u00bb.<\/p>\n<p>\u00abNo hubo propuesta de ninguna persona\u00bb responde ante la pregunta sobre posibles internas en el partido ante las incorporaciones a la lista. \u00abEn 2022 s\u00ed hubo una interna en Provincia, esas cuestiones son org\u00e1nicas y yo las respeto. Pero de ninguna manera porque Adelante Buenos Aires dejara de manejar el partido en Provincia yo decidir\u00eda armarme un espacio unipersonal\u00bb.<\/p>\n<p>En cuanto a los rumores de posibles alianzas con La Libertad Avanza, Luis expresa: \u00abNosotros seguimos adelante. Las cuestiones las dialogamos en el Concejo Deliberante, nosotros no nos juntamos a tomar caf\u00e9 con dirigentes de LLA\u00bb.<\/p>\n<p>\u00abSe vio que bajaron las retenciones a los sectores agropecuarios, la discusi\u00f3n de fondo de las retenciones, podemos estar de acuerdo que bajar impuestos y retenciones ser\u00eda lo correcto. Pero en un contexto en el que el bono de los jubilados de 70 no lo aumentas a 100mil porque dec\u00eds que es un costo fiscal, me parece que son inmoralidades y la gente acumula bronca\u00bb opina sobre las pol\u00edticas p\u00fablicas del gobierno nacional de turno. \u00abFrente a eso, lo \u00faltimo que podemos hacer los dirigentes pol\u00edticos es llevarle a la sociedad los problemas personales de rosca interna, porque la gente no la est\u00e1 pasando bien para escuchar a los dirigentes decir que se fueron porque se ofendieron. Nosotros vamos a salir a la campa\u00f1a hablando de los problemas locales y as\u00ed vamos a salir a golpear las puertas de los vecinos que nos conocen\u00bb comenta.<\/p>\n<p>\u00abSeguramente sea el 12 de agosto que hagamos la presentaci\u00f3n de los candidatos en el Comit\u00e9 y despu\u00e9s lo iremos programando en las otras localidades. Dentro de poco sacaremos el spot publicitario\u00bb cierra la nota informando sobre cu\u00e1ndo se conocer\u00e1 la lista definitiva de la UCR Tornquist.<\/p>\n<p>&nbsp;<\/p>\n<audio class=\"wp-audio-shortcode\" id=\"audio-122520-1\" preload=\"none\" style=\"width: 100%;\" controls=\"controls\"><source type=\"audio\/mpeg\" src=\"https:\/\/www.noticiasradioreflejos.com.ar\/2021\/wp-content\/uploads\/2025\/07\/Luis-Castro.mp3?_=1\" \/><a href=\"https:\/\/www.noticiasradioreflejos.com.ar\/2021\/wp-content\/uploads\/2025\/07\/Luis-Castro.mp3\">https:\/\/www.noticiasradioreflejos.com.ar\/2021\/wp-content\/uploads\/2025\/07\/Luis-Castro.mp3<\/a><\/audio>\n","protected":false},"excerpt":{"rendered":"<p>Luis Castro, concejal integrante del Bloque Juntos, comparte su posici\u00f3n sobre la partici\u00f3n del bloque del radicalismo encabezada por Sandra Kifer a 6 meses de terminar su mandato.<\/p>\n","protected":false},"author":3,"featured_media":0,"comment_status":"closed","ping_status":"closed","sticky":false,"template":"","format":"standard","meta":{"footnotes":""},"categories":[24],"tags":[48],"class_list":["post-122520","post","type-post","status-publish","format-standard","hentry","category-politica","tag-destacada"],"yoast_head":"<!-- This site is optimized with the Yoast SEO plugin v25.9 - https:\/\/yoast.com\/wordpress\/plugins\/seo\/ -->\n<title>&quot;La gente no la est\u00e1 pasando bien para escuchar a los dirigentes decir que se fueron porque se ofendieron&quot; - Noticias Radio Reflejos<\/title>\n<meta name=\"robots\" content=\"index, follow, max-snippet:-1, max-image-preview:large, max-video-preview:-1\" \/>\n<link rel=\"canonical\" href=\"https:\/\/www.noticiasradioreflejos.com.ar\/2021\/la-gente-no-la-esta-pasando-bien-para-escuchar-a-los-dirigentes-decir-que-se-fueron-porque-se-ofendieron\/\" \/>\n<meta property=\"og:locale\" content=\"es_ES\" \/>\n<meta property=\"og:type\" content=\"article\" \/>\n<meta property=\"og:title\" content=\"&quot;La gente no la est\u00e1 pasando bien para escuchar a los dirigentes decir que se fueron porque se ofendieron&quot; - Noticias Radio Reflejos\" \/>\n<meta property=\"og:description\" content=\"Luis Castro, concejal integrante del Bloque Juntos, comparte su posici\u00f3n sobre la partici\u00f3n del bloque del radicalismo encabezada por Sandra Kifer a 6 meses de terminar su mandato.\" \/>\n<meta property=\"og:url\" content=\"https:\/\/www.noticiasradioreflejos.com.ar\/2021\/la-gente-no-la-esta-pasando-bien-para-escuchar-a-los-dirigentes-decir-que-se-fueron-porque-se-ofendieron\/\" \/>\n<meta property=\"og:site_name\" content=\"Noticias Radio Reflejos\" \/>\n<meta property=\"article:published_time\" content=\"2025-07-30T22:30:57+00:00\" \/>\n<meta property=\"article:modified_time\" content=\"2025-07-30T22:31:40+00:00\" \/>\n<meta property=\"og:image\" content=\"https:\/\/www.noticiasradioreflejos.com.ar\/2021\/wp-content\/uploads\/2025\/07\/Somos-tornquist-1.jpeg\" \/>\n\t<meta property=\"og:image:width\" content=\"991\" \/>\n\t<meta property=\"og:image:height\" content=\"606\" \/>\n\t<meta property=\"og:image:type\" content=\"image\/jpeg\" \/>\n<meta name=\"author\" content=\"Arnaldo Botto\" \/>\n<meta name=\"twitter:card\" content=\"summary_large_image\" \/>\n<script type=\"application\/ld+json\" class=\"yoast-schema-graph\">{\"@context\":\"https:\/\/schema.org\",\"@graph\":[{\"@type\":\"WebPage\",\"@id\":\"https:\/\/www.noticiasradioreflejos.com.ar\/2021\/la-gente-no-la-esta-pasando-bien-para-escuchar-a-los-dirigentes-decir-que-se-fueron-porque-se-ofendieron\/\",\"url\":\"https:\/\/www.noticiasradioreflejos.com.ar\/2021\/la-gente-no-la-esta-pasando-bien-para-escuchar-a-los-dirigentes-decir-que-se-fueron-porque-se-ofendieron\/\",\"name\":\"\\\"La gente no la est\u00e1 pasando bien para escuchar a los dirigentes decir que se fueron porque se ofendieron\\\" - Noticias Radio Reflejos\",\"isPartOf\":{\"@id\":\"https:\/\/www.noticiasradioreflejos.com.ar\/2021\/#website\"},\"datePublished\":\"2025-07-30T22:30:57+00:00\",\"dateModified\":\"2025-07-30T22:31:40+00:00\",\"author\":{\"@id\":\"https:\/\/www.noticiasradioreflejos.com.ar\/2021\/#\/schema\/person\/ad82545263dcc5ec0996818884fd5fb1\"},\"breadcrumb\":{\"@id\":\"https:\/\/www.noticiasradioreflejos.com.ar\/2021\/la-gente-no-la-esta-pasando-bien-para-escuchar-a-los-dirigentes-decir-que-se-fueron-porque-se-ofendieron\/#breadcrumb\"},\"inLanguage\":\"es\",\"potentialAction\":[{\"@type\":\"ReadAction\",\"target\":[\"https:\/\/www.noticiasradioreflejos.com.ar\/2021\/la-gente-no-la-esta-pasando-bien-para-escuchar-a-los-dirigentes-decir-que-se-fueron-porque-se-ofendieron\/\"]}]},{\"@type\":\"BreadcrumbList\",\"@id\":\"https:\/\/www.noticiasradioreflejos.com.ar\/2021\/la-gente-no-la-esta-pasando-bien-para-escuchar-a-los-dirigentes-decir-que-se-fueron-porque-se-ofendieron\/#breadcrumb\",\"itemListElement\":[{\"@type\":\"ListItem\",\"position\":1,\"name\":\"Portada\",\"item\":\"https:\/\/www.noticiasradioreflejos.com.ar\/2021\/\"},{\"@type\":\"ListItem\",\"position\":2,\"name\":\"\u00abLa gente no la est\u00e1 pasando bien para escuchar a los dirigentes decir que se fueron porque se ofendieron\u00bb\"}]},{\"@type\":\"WebSite\",\"@id\":\"https:\/\/www.noticiasradioreflejos.com.ar\/2021\/#website\",\"url\":\"https:\/\/www.noticiasradioreflejos.com.ar\/2021\/\",\"name\":\"Noticias Radio Reflejos\",\"description\":\"Las noticias de mi comarca\",\"potentialAction\":[{\"@type\":\"SearchAction\",\"target\":{\"@type\":\"EntryPoint\",\"urlTemplate\":\"https:\/\/www.noticiasradioreflejos.com.ar\/2021\/?s={search_term_string}\"},\"query-input\":{\"@type\":\"PropertyValueSpecification\",\"valueRequired\":true,\"valueName\":\"search_term_string\"}}],\"inLanguage\":\"es\"},{\"@type\":\"Person\",\"@id\":\"https:\/\/www.noticiasradioreflejos.com.ar\/2021\/#\/schema\/person\/ad82545263dcc5ec0996818884fd5fb1\",\"name\":\"Arnaldo Botto\",\"image\":{\"@type\":\"ImageObject\",\"inLanguage\":\"es\",\"@id\":\"https:\/\/www.noticiasradioreflejos.com.ar\/2021\/#\/schema\/person\/image\/\",\"url\":\"https:\/\/secure.gravatar.com\/avatar\/55cb5e37c1efa326397366e6974cb338056df65cb50e7d64d1cf314e87504837?s=96&d=mm&r=g\",\"contentUrl\":\"https:\/\/secure.gravatar.com\/avatar\/55cb5e37c1efa326397366e6974cb338056df65cb50e7d64d1cf314e87504837?s=96&d=mm&r=g\",\"caption\":\"Arnaldo Botto\"},\"url\":\"https:\/\/www.noticiasradioreflejos.com.ar\/2021\/author\/arnaldo\/\"}]}<\/script>\n<!-- \/ Yoast SEO plugin. -->","yoast_head_json":{"title":"\"La gente no la est\u00e1 pasando bien para escuchar a los dirigentes decir que se fueron porque se ofendieron\" - Noticias Radio Reflejos","robots":{"index":"index","follow":"follow","max-snippet":"max-snippet:-1","max-image-preview":"max-image-preview:large","max-video-preview":"max-video-preview:-1"},"canonical":"https:\/\/www.noticiasradioreflejos.com.ar\/2021\/la-gente-no-la-esta-pasando-bien-para-escuchar-a-los-dirigentes-decir-que-se-fueron-porque-se-ofendieron\/","og_locale":"es_ES","og_type":"article","og_title":"\"La gente no la est\u00e1 pasando bien para escuchar a los dirigentes decir que se fueron porque se ofendieron\" - Noticias Radio Reflejos","og_description":"Luis Castro, concejal integrante del Bloque Juntos, comparte su posici\u00f3n sobre la partici\u00f3n del bloque del radicalismo encabezada por Sandra Kifer a 6 meses de terminar su mandato.","og_url":"https:\/\/www.noticiasradioreflejos.com.ar\/2021\/la-gente-no-la-esta-pasando-bien-para-escuchar-a-los-dirigentes-decir-que-se-fueron-porque-se-ofendieron\/","og_site_name":"Noticias Radio Reflejos","article_published_time":"2025-07-30T22:30:57+00:00","article_modified_time":"2025-07-30T22:31:40+00:00","og_image":[{"width":991,"height":606,"url":"https:\/\/www.noticiasradioreflejos.com.ar\/2021\/wp-content\/uploads\/2025\/07\/Somos-tornquist-1.jpeg","type":"image\/jpeg"}],"author":"Arnaldo Botto","twitter_card":"summary_large_image","schema":{"@context":"https:\/\/schema.org","@graph":[{"@type":"WebPage","@id":"https:\/\/www.noticiasradioreflejos.com.ar\/2021\/la-gente-no-la-esta-pasando-bien-para-escuchar-a-los-dirigentes-decir-que-se-fueron-porque-se-ofendieron\/","url":"https:\/\/www.noticiasradioreflejos.com.ar\/2021\/la-gente-no-la-esta-pasando-bien-para-escuchar-a-los-dirigentes-decir-que-se-fueron-porque-se-ofendieron\/","name":"\"La gente no la est\u00e1 pasando bien para escuchar a los dirigentes decir que se fueron porque se ofendieron\" - Noticias Radio Reflejos","isPartOf":{"@id":"https:\/\/www.noticiasradioreflejos.com.ar\/2021\/#website"},"datePublished":"2025-07-30T22:30:57+00:00","dateModified":"2025-07-30T22:31:40+00:00","author":{"@id":"https:\/\/www.noticiasradioreflejos.com.ar\/2021\/#\/schema\/person\/ad82545263dcc5ec0996818884fd5fb1"},"breadcrumb":{"@id":"https:\/\/www.noticiasradioreflejos.com.ar\/2021\/la-gente-no-la-esta-pasando-bien-para-escuchar-a-los-dirigentes-decir-que-se-fueron-porque-se-ofendieron\/#breadcrumb"},"inLanguage":"es","potentialAction":[{"@type":"ReadAction","target":["https:\/\/www.noticiasradioreflejos.com.ar\/2021\/la-gente-no-la-esta-pasando-bien-para-escuchar-a-los-dirigentes-decir-que-se-fueron-porque-se-ofendieron\/"]}]},{"@type":"BreadcrumbList","@id":"https:\/\/www.noticiasradioreflejos.com.ar\/2021\/la-gente-no-la-esta-pasando-bien-para-escuchar-a-los-dirigentes-decir-que-se-fueron-porque-se-ofendieron\/#breadcrumb","itemListElement":[{"@type":"ListItem","position":1,"name":"Portada","item":"https:\/\/www.noticiasradioreflejos.com.ar\/2021\/"},{"@type":"ListItem","position":2,"name":"\u00abLa gente no la est\u00e1 pasando bien para escuchar a los dirigentes decir que se fueron porque se ofendieron\u00bb"}]},{"@type":"WebSite","@id":"https:\/\/www.noticiasradioreflejos.com.ar\/2021\/#website","url":"https:\/\/www.noticiasradioreflejos.com.ar\/2021\/","name":"Noticias Radio Reflejos","description":"Las noticias de mi comarca","potentialAction":[{"@type":"SearchAction","target":{"@type":"EntryPoint","urlTemplate":"https:\/\/www.noticiasradioreflejos.com.ar\/2021\/?s={search_term_string}"},"query-input":{"@type":"PropertyValueSpecification","valueRequired":true,"valueName":"search_term_string"}}],"inLanguage":"es"},{"@type":"Person","@id":"https:\/\/www.noticiasradioreflejos.com.ar\/2021\/#\/schema\/person\/ad82545263dcc5ec0996818884fd5fb1","name":"Arnaldo Botto","image":{"@type":"ImageObject","inLanguage":"es","@id":"https:\/\/www.noticiasradioreflejos.com.ar\/2021\/#\/schema\/person\/image\/","url":"https:\/\/secure.gravatar.com\/avatar\/55cb5e37c1efa326397366e6974cb338056df65cb50e7d64d1cf314e87504837?s=96&d=mm&r=g","contentUrl":"https:\/\/secure.gravatar.com\/avatar\/55cb5e37c1efa326397366e6974cb338056df65cb50e7d64d1cf314e87504837?s=96&d=mm&r=g","caption":"Arnaldo Botto"},"url":"https:\/\/www.noticiasradioreflejos.com.ar\/2021\/author\/arnaldo\/"}]}},"_links":{"self":[{"href":"https:\/\/www.noticiasradioreflejos.com.ar\/2021\/wp-json\/wp\/v2\/posts\/122520","targetHints":{"allow":["GET"]}}],"collection":[{"href":"https:\/\/www.noticiasradioreflejos.com.ar\/2021\/wp-json\/wp\/v2\/posts"}],"about":[{"href":"https:\/\/www.noticiasradioreflejos.com.ar\/2021\/wp-json\/wp\/v2\/types\/post"}],"author":[{"embeddable":true,"href":"https:\/\/www.noticiasradioreflejos.com.ar\/2021\/wp-json\/wp\/v2\/users\/3"}],"replies":[{"embeddable":true,"href":"https:\/\/www.noticiasradioreflejos.com.ar\/2021\/wp-json\/wp\/v2\/comments?post=122520"}],"version-history":[{"count":8,"href":"https:\/\/www.noticiasradioreflejos.com.ar\/2021\/wp-json\/wp\/v2\/posts\/122520\/revisions"}],"predecessor-version":[{"id":122587,"href":"https:\/\/www.noticiasradioreflejos.com.ar\/2021\/wp-json\/wp\/v2\/posts\/122520\/revisions\/122587"}],"wp:attachment":[{"href":"https:\/\/www.noticiasradioreflejos.com.ar\/2021\/wp-json\/wp\/v2\/media?parent=122520"}],"wp:term":[{"taxonomy":"category","embeddable":true,"href":"https:\/\/www.noticiasradioreflejos.com.ar\/2021\/wp-json\/wp\/v2\/categories?post=122520"},{"taxonomy":"post_tag","embeddable":true,"href":"https:\/\/www.noticiasradioreflejos.com.ar\/2021\/wp-json\/wp\/v2\/tags?post=122520"}],"curies":[{"name":"wp","href":"https:\/\/api.w.org\/{rel}","templated":true}]}}