{"id":12248,"date":"2017-07-14T11:13:02","date_gmt":"2017-07-14T14:13:02","guid":{"rendered":"http:\/\/www.noticiasradioreflejos.com.ar\/noticias\/?p=12248"},"modified":"2017-07-14T11:13:02","modified_gmt":"2017-07-14T14:13:02","slug":"instancia-distrital-del-programa-parlamento-juvenil-del-mercosur","status":"publish","type":"post","link":"https:\/\/www.noticiasradioreflejos.com.ar\/2021\/instancia-distrital-del-programa-parlamento-juvenil-del-mercosur\/","title":{"rendered":"Instancia Distrital del Programa Parlamento Juvenil del Mercosur."},"content":{"rendered":"<p><a title=\"PJM Tqt 9\" href=\"http:\/\/farm5.staticflickr.com\/4312\/35748047042_115509cd8b.jpg\" rel=\"\"><img loading=\"lazy\" decoding=\"async\" class=\"alignleft\" style=\"float: left;\" title=\"PJM Tqt 9\" src=\"http:\/\/farm5.staticflickr.com\/4312\/35748047042_115509cd8b.jpg\" alt=\"PJM Tqt 9\" width=\"500\" height=\"238\" \/><\/a>En el d\u00eda de ayer , 13 de julio, se llev\u00f3 a cabo en el Concejo Deliberante de Tornquist, la Instancia Distrital del Programa Parlamento Juvenil del Mercosur.<br \/>\nParticiparon alumnos de : Escuela Secundaria N\u00ba 1, Escuela Secundaria N\u00ba 6, Escuela Agraria N\u00ba 1, CEPT N\u00ba 12, y Escuela T\u00e9cnica N\u00ba 1.<!--more--><br \/>\nLos alumnos debatieron por m\u00e1s de 2 horas, demostrando profundo conocimiento, compromiso con el rol asumido, fuertes convicciones y valederos fundamentos para defender sus posturas. Todo se desarroll\u00f3 en un marco de mucho respeto, solidaridad , siguiendo los protocolos indicados para esta modalidad de debate.<br \/>\nLos ejes tem\u00e1ticos tratados fueron: Inclusi\u00f3n Educativa, Derechos HUmanos, G\u00e9nero, Participaci\u00f3n Ciudadana de los J\u00f3venes, J\u00f3venes y Trabajo y Convivencia Digital.<br \/>\n<a title=\"PJM Tqt 3\" href=\"http:\/\/farm5.staticflickr.com\/4230\/35877061906_4916d647d3_z.jpg\" rel=\"\"><img loading=\"lazy\" decoding=\"async\" class=\"aligncenter\" title=\"PJM Tqt 3\" src=\"http:\/\/farm5.staticflickr.com\/4230\/35877061906_4916d647d3_z.jpg\" alt=\"PJM Tqt 3\" width=\"640\" height=\"352\" \/><\/a><br \/>\nDesde la Direcci\u00f3n de Pol\u00edticas Socioeducativas a la cual represento y desde la Jefatura Distrital, les hacemos llegar a los alumnos y docentes involucrados , nuestras mas sinceras felicitaciones, invit\u00e1ndolos a continuar participando de todas estas instancias de aprendizaje, que tanto contribuyen al mejoramiento de la calidad educativa de nuestro distrito.<br \/>\nAsimismo, agradezco enormemente la colaboraci\u00f3n de la Inspectora jefe Distrital, Prof. Maria Rosa Gonzalez, al Presidente del Honorable Concejo Deliberante y Cuerpo de Concejales de los distintos bloques por habernos cedido gentilmente el recinto de sesiones, a la Srta Valentina Nyes, Secretaria de dicho organismo y personal del mismo, por haberse puesto a disposici\u00f3n de la tarea, a las autoridades municipales, y en especial, a los directivos de los establecimientos participantes por haberse sumado a esta propuesta.<br \/>\n<a title=\"PJM Tqt 2\" href=\"http:\/\/farm5.staticflickr.com\/4242\/35877062316_df6b1bc366_z.jpg\" rel=\"\"><img loading=\"lazy\" decoding=\"async\" class=\"aligncenter\" title=\"PJM Tqt 2\" src=\"http:\/\/farm5.staticflickr.com\/4242\/35877062316_df6b1bc366_z.jpg\" alt=\"PJM Tqt 2\" width=\"640\" height=\"352\" \/><\/a><br \/>\nElisabet Nori<br \/>\nCoordinadora Distrital<br \/>\nPol\u00edtica Socioeducativa<\/p>\n","protected":false},"excerpt":{"rendered":"<p>En el d\u00eda de ayer , 13 de julio, se llev\u00f3 a cabo en el Concejo Deliberante de Tornquist, la Instancia Distrital del Programa Parlamento Juvenil del Mercosur. Participaron alumnos de : Escuela Secundaria N\u00ba 1, Escuela Secundaria N\u00ba 6, Escuela Agraria N\u00ba 1, CEPT N\u00ba 12, y Escuela T\u00e9cnica N\u00ba 1.<\/p>\n","protected":false},"author":3,"featured_media":0,"comment_status":"closed","ping_status":"open","sticky":false,"template":"","format":"standard","meta":{"footnotes":""},"categories":[25],"tags":[],"class_list":["post-12248","post","type-post","status-publish","format-standard","hentry","category-uncategorized"],"yoast_head":"<!-- This site is optimized with the Yoast SEO plugin v25.9 - https:\/\/yoast.com\/wordpress\/plugins\/seo\/ -->\n<title>Instancia Distrital del Programa Parlamento Juvenil del Mercosur. - Noticias Radio Reflejos<\/title>\n<meta name=\"robots\" content=\"index, follow, max-snippet:-1, max-image-preview:large, max-video-preview:-1\" \/>\n<link rel=\"canonical\" href=\"https:\/\/www.noticiasradioreflejos.com.ar\/2021\/instancia-distrital-del-programa-parlamento-juvenil-del-mercosur\/\" \/>\n<meta property=\"og:locale\" content=\"es_ES\" \/>\n<meta property=\"og:type\" content=\"article\" \/>\n<meta property=\"og:title\" content=\"Instancia Distrital del Programa Parlamento Juvenil del Mercosur. - Noticias Radio Reflejos\" \/>\n<meta property=\"og:description\" content=\"En el d\u00eda de ayer , 13 de julio, se llev\u00f3 a cabo en el Concejo Deliberante de Tornquist, la Instancia Distrital del Programa Parlamento Juvenil del Mercosur. Participaron alumnos de : Escuela Secundaria N\u00ba 1, Escuela Secundaria N\u00ba 6, Escuela Agraria N\u00ba 1, CEPT N\u00ba 12, y Escuela T\u00e9cnica N\u00ba 1.\" \/>\n<meta property=\"og:url\" content=\"https:\/\/www.noticiasradioreflejos.com.ar\/2021\/instancia-distrital-del-programa-parlamento-juvenil-del-mercosur\/\" \/>\n<meta property=\"og:site_name\" content=\"Noticias Radio Reflejos\" \/>\n<meta property=\"article:published_time\" content=\"2017-07-14T14:13:02+00:00\" \/>\n<meta property=\"og:image\" content=\"http:\/\/farm5.staticflickr.com\/4312\/35748047042_115509cd8b.jpg\" \/>\n<meta name=\"author\" content=\"Arnaldo Botto\" \/>\n<meta name=\"twitter:card\" content=\"summary_large_image\" \/>\n<script type=\"application\/ld+json\" class=\"yoast-schema-graph\">{\"@context\":\"https:\/\/schema.org\",\"@graph\":[{\"@type\":\"WebPage\",\"@id\":\"https:\/\/www.noticiasradioreflejos.com.ar\/2021\/instancia-distrital-del-programa-parlamento-juvenil-del-mercosur\/\",\"url\":\"https:\/\/www.noticiasradioreflejos.com.ar\/2021\/instancia-distrital-del-programa-parlamento-juvenil-del-mercosur\/\",\"name\":\"Instancia Distrital del Programa Parlamento Juvenil del Mercosur. - Noticias Radio Reflejos\",\"isPartOf\":{\"@id\":\"https:\/\/www.noticiasradioreflejos.com.ar\/2021\/#website\"},\"primaryImageOfPage\":{\"@id\":\"https:\/\/www.noticiasradioreflejos.com.ar\/2021\/instancia-distrital-del-programa-parlamento-juvenil-del-mercosur\/#primaryimage\"},\"image\":{\"@id\":\"https:\/\/www.noticiasradioreflejos.com.ar\/2021\/instancia-distrital-del-programa-parlamento-juvenil-del-mercosur\/#primaryimage\"},\"thumbnailUrl\":\"http:\/\/farm5.staticflickr.com\/4312\/35748047042_115509cd8b.jpg\",\"datePublished\":\"2017-07-14T14:13:02+00:00\",\"author\":{\"@id\":\"https:\/\/www.noticiasradioreflejos.com.ar\/2021\/#\/schema\/person\/ad82545263dcc5ec0996818884fd5fb1\"},\"breadcrumb\":{\"@id\":\"https:\/\/www.noticiasradioreflejos.com.ar\/2021\/instancia-distrital-del-programa-parlamento-juvenil-del-mercosur\/#breadcrumb\"},\"inLanguage\":\"es\",\"potentialAction\":[{\"@type\":\"ReadAction\",\"target\":[\"https:\/\/www.noticiasradioreflejos.com.ar\/2021\/instancia-distrital-del-programa-parlamento-juvenil-del-mercosur\/\"]}]},{\"@type\":\"ImageObject\",\"inLanguage\":\"es\",\"@id\":\"https:\/\/www.noticiasradioreflejos.com.ar\/2021\/instancia-distrital-del-programa-parlamento-juvenil-del-mercosur\/#primaryimage\",\"url\":\"http:\/\/farm5.staticflickr.com\/4312\/35748047042_115509cd8b.jpg\",\"contentUrl\":\"http:\/\/farm5.staticflickr.com\/4312\/35748047042_115509cd8b.jpg\"},{\"@type\":\"BreadcrumbList\",\"@id\":\"https:\/\/www.noticiasradioreflejos.com.ar\/2021\/instancia-distrital-del-programa-parlamento-juvenil-del-mercosur\/#breadcrumb\",\"itemListElement\":[{\"@type\":\"ListItem\",\"position\":1,\"name\":\"Portada\",\"item\":\"https:\/\/www.noticiasradioreflejos.com.ar\/2021\/\"},{\"@type\":\"ListItem\",\"position\":2,\"name\":\"Instancia Distrital del Programa Parlamento Juvenil del Mercosur.\"}]},{\"@type\":\"WebSite\",\"@id\":\"https:\/\/www.noticiasradioreflejos.com.ar\/2021\/#website\",\"url\":\"https:\/\/www.noticiasradioreflejos.com.ar\/2021\/\",\"name\":\"Noticias Radio Reflejos\",\"description\":\"Las noticias de mi comarca\",\"potentialAction\":[{\"@type\":\"SearchAction\",\"target\":{\"@type\":\"EntryPoint\",\"urlTemplate\":\"https:\/\/www.noticiasradioreflejos.com.ar\/2021\/?s={search_term_string}\"},\"query-input\":{\"@type\":\"PropertyValueSpecification\",\"valueRequired\":true,\"valueName\":\"search_term_string\"}}],\"inLanguage\":\"es\"},{\"@type\":\"Person\",\"@id\":\"https:\/\/www.noticiasradioreflejos.com.ar\/2021\/#\/schema\/person\/ad82545263dcc5ec0996818884fd5fb1\",\"name\":\"Arnaldo Botto\",\"image\":{\"@type\":\"ImageObject\",\"inLanguage\":\"es\",\"@id\":\"https:\/\/www.noticiasradioreflejos.com.ar\/2021\/#\/schema\/person\/image\/\",\"url\":\"https:\/\/secure.gravatar.com\/avatar\/55cb5e37c1efa326397366e6974cb338056df65cb50e7d64d1cf314e87504837?s=96&d=mm&r=g\",\"contentUrl\":\"https:\/\/secure.gravatar.com\/avatar\/55cb5e37c1efa326397366e6974cb338056df65cb50e7d64d1cf314e87504837?s=96&d=mm&r=g\",\"caption\":\"Arnaldo Botto\"},\"url\":\"https:\/\/www.noticiasradioreflejos.com.ar\/2021\/author\/arnaldo\/\"}]}<\/script>\n<!-- \/ Yoast SEO plugin. -->","yoast_head_json":{"title":"Instancia Distrital del Programa Parlamento Juvenil del Mercosur. - Noticias Radio Reflejos","robots":{"index":"index","follow":"follow","max-snippet":"max-snippet:-1","max-image-preview":"max-image-preview:large","max-video-preview":"max-video-preview:-1"},"canonical":"https:\/\/www.noticiasradioreflejos.com.ar\/2021\/instancia-distrital-del-programa-parlamento-juvenil-del-mercosur\/","og_locale":"es_ES","og_type":"article","og_title":"Instancia Distrital del Programa Parlamento Juvenil del Mercosur. - Noticias Radio Reflejos","og_description":"En el d\u00eda de ayer , 13 de julio, se llev\u00f3 a cabo en el Concejo Deliberante de Tornquist, la Instancia Distrital del Programa Parlamento Juvenil del Mercosur. Participaron alumnos de : Escuela Secundaria N\u00ba 1, Escuela Secundaria N\u00ba 6, Escuela Agraria N\u00ba 1, CEPT N\u00ba 12, y Escuela T\u00e9cnica N\u00ba 1.","og_url":"https:\/\/www.noticiasradioreflejos.com.ar\/2021\/instancia-distrital-del-programa-parlamento-juvenil-del-mercosur\/","og_site_name":"Noticias Radio Reflejos","article_published_time":"2017-07-14T14:13:02+00:00","og_image":[{"url":"http:\/\/farm5.staticflickr.com\/4312\/35748047042_115509cd8b.jpg","type":"","width":"","height":""}],"author":"Arnaldo Botto","twitter_card":"summary_large_image","schema":{"@context":"https:\/\/schema.org","@graph":[{"@type":"WebPage","@id":"https:\/\/www.noticiasradioreflejos.com.ar\/2021\/instancia-distrital-del-programa-parlamento-juvenil-del-mercosur\/","url":"https:\/\/www.noticiasradioreflejos.com.ar\/2021\/instancia-distrital-del-programa-parlamento-juvenil-del-mercosur\/","name":"Instancia Distrital del Programa Parlamento Juvenil del Mercosur. - Noticias Radio Reflejos","isPartOf":{"@id":"https:\/\/www.noticiasradioreflejos.com.ar\/2021\/#website"},"primaryImageOfPage":{"@id":"https:\/\/www.noticiasradioreflejos.com.ar\/2021\/instancia-distrital-del-programa-parlamento-juvenil-del-mercosur\/#primaryimage"},"image":{"@id":"https:\/\/www.noticiasradioreflejos.com.ar\/2021\/instancia-distrital-del-programa-parlamento-juvenil-del-mercosur\/#primaryimage"},"thumbnailUrl":"http:\/\/farm5.staticflickr.com\/4312\/35748047042_115509cd8b.jpg","datePublished":"2017-07-14T14:13:02+00:00","author":{"@id":"https:\/\/www.noticiasradioreflejos.com.ar\/2021\/#\/schema\/person\/ad82545263dcc5ec0996818884fd5fb1"},"breadcrumb":{"@id":"https:\/\/www.noticiasradioreflejos.com.ar\/2021\/instancia-distrital-del-programa-parlamento-juvenil-del-mercosur\/#breadcrumb"},"inLanguage":"es","potentialAction":[{"@type":"ReadAction","target":["https:\/\/www.noticiasradioreflejos.com.ar\/2021\/instancia-distrital-del-programa-parlamento-juvenil-del-mercosur\/"]}]},{"@type":"ImageObject","inLanguage":"es","@id":"https:\/\/www.noticiasradioreflejos.com.ar\/2021\/instancia-distrital-del-programa-parlamento-juvenil-del-mercosur\/#primaryimage","url":"http:\/\/farm5.staticflickr.com\/4312\/35748047042_115509cd8b.jpg","contentUrl":"http:\/\/farm5.staticflickr.com\/4312\/35748047042_115509cd8b.jpg"},{"@type":"BreadcrumbList","@id":"https:\/\/www.noticiasradioreflejos.com.ar\/2021\/instancia-distrital-del-programa-parlamento-juvenil-del-mercosur\/#breadcrumb","itemListElement":[{"@type":"ListItem","position":1,"name":"Portada","item":"https:\/\/www.noticiasradioreflejos.com.ar\/2021\/"},{"@type":"ListItem","position":2,"name":"Instancia Distrital del Programa Parlamento Juvenil del Mercosur."}]},{"@type":"WebSite","@id":"https:\/\/www.noticiasradioreflejos.com.ar\/2021\/#website","url":"https:\/\/www.noticiasradioreflejos.com.ar\/2021\/","name":"Noticias Radio Reflejos","description":"Las noticias de mi comarca","potentialAction":[{"@type":"SearchAction","target":{"@type":"EntryPoint","urlTemplate":"https:\/\/www.noticiasradioreflejos.com.ar\/2021\/?s={search_term_string}"},"query-input":{"@type":"PropertyValueSpecification","valueRequired":true,"valueName":"search_term_string"}}],"inLanguage":"es"},{"@type":"Person","@id":"https:\/\/www.noticiasradioreflejos.com.ar\/2021\/#\/schema\/person\/ad82545263dcc5ec0996818884fd5fb1","name":"Arnaldo Botto","image":{"@type":"ImageObject","inLanguage":"es","@id":"https:\/\/www.noticiasradioreflejos.com.ar\/2021\/#\/schema\/person\/image\/","url":"https:\/\/secure.gravatar.com\/avatar\/55cb5e37c1efa326397366e6974cb338056df65cb50e7d64d1cf314e87504837?s=96&d=mm&r=g","contentUrl":"https:\/\/secure.gravatar.com\/avatar\/55cb5e37c1efa326397366e6974cb338056df65cb50e7d64d1cf314e87504837?s=96&d=mm&r=g","caption":"Arnaldo Botto"},"url":"https:\/\/www.noticiasradioreflejos.com.ar\/2021\/author\/arnaldo\/"}]}},"_links":{"self":[{"href":"https:\/\/www.noticiasradioreflejos.com.ar\/2021\/wp-json\/wp\/v2\/posts\/12248","targetHints":{"allow":["GET"]}}],"collection":[{"href":"https:\/\/www.noticiasradioreflejos.com.ar\/2021\/wp-json\/wp\/v2\/posts"}],"about":[{"href":"https:\/\/www.noticiasradioreflejos.com.ar\/2021\/wp-json\/wp\/v2\/types\/post"}],"author":[{"embeddable":true,"href":"https:\/\/www.noticiasradioreflejos.com.ar\/2021\/wp-json\/wp\/v2\/users\/3"}],"replies":[{"embeddable":true,"href":"https:\/\/www.noticiasradioreflejos.com.ar\/2021\/wp-json\/wp\/v2\/comments?post=12248"}],"version-history":[{"count":0,"href":"https:\/\/www.noticiasradioreflejos.com.ar\/2021\/wp-json\/wp\/v2\/posts\/12248\/revisions"}],"wp:attachment":[{"href":"https:\/\/www.noticiasradioreflejos.com.ar\/2021\/wp-json\/wp\/v2\/media?parent=12248"}],"wp:term":[{"taxonomy":"category","embeddable":true,"href":"https:\/\/www.noticiasradioreflejos.com.ar\/2021\/wp-json\/wp\/v2\/categories?post=12248"},{"taxonomy":"post_tag","embeddable":true,"href":"https:\/\/www.noticiasradioreflejos.com.ar\/2021\/wp-json\/wp\/v2\/tags?post=12248"}],"curies":[{"name":"wp","href":"https:\/\/api.w.org\/{rel}","templated":true}]}}