{"id":12235,"date":"2017-07-13T18:22:16","date_gmt":"2017-07-13T21:22:16","guid":{"rendered":"http:\/\/www.noticiasradioreflejos.com.ar\/noticias\/?p=12235"},"modified":"2017-07-13T18:22:16","modified_gmt":"2017-07-13T21:22:16","slug":"visita-de-manuel-mosca-estamos-convencidos-que-este-es-el-camino-que-tenemos-que-recorrer","status":"publish","type":"post","link":"https:\/\/www.noticiasradioreflejos.com.ar\/2021\/visita-de-manuel-mosca-estamos-convencidos-que-este-es-el-camino-que-tenemos-que-recorrer\/","title":{"rendered":"Visita de Manuel Mosca: \u201cEstamos convencidos que este es el camino que tenemos que recorrer\u201d"},"content":{"rendered":"<p><a href=\"http:\/\/farm5.staticflickr.com\/4266\/35905585965_6017b63666.jpg\" title=\"moscatel (1)\" rel=\"\"><img loading=\"lazy\" decoding=\"async\" src=\"http:\/\/farm5.staticflickr.com\/4266\/35905585965_6017b63666.jpg\" width=\"500\" height=\"334\" alt=\"moscatel (1)\" title=\"moscatel (1)\" class=\"alignleft\" style=\"float: left;\"><\/a>Este jueves, en una breve visita por la ciudad, el Presidente de la C\u00e1mara de Diputados de la Provincia de Buenos Aires Manuel Mosca, recorri\u00f3 obras en el Hospital Municipal de la ciudad y otras en localidades del distrito.<!--more--><br \/>\nMosca, estuvo acompa\u00f1ado por el Intendente Municipal Sergio Bordoni. La candidata a primer concejal Noelia Baier. El Secretario de Salud Javier Toneli. La Secretaria privada Estefan\u00eda Bordoni y los candidatos a Diputados Provinciales Santiago Nardelli y Laura Aprile.<br \/>\nEn su breve estad\u00eda el Intendente rescat\u00f3 y agradeci\u00f3 la visita.<br \/>\n\u201cEstamos muy contentos con el acompa\u00f1amiento de Manuel Mosca, Santiago Nardelli y Laura Aprile. La idea de Mar\u00eda Eugenia Vidal es que todos los funcionarios o ministros est\u00e9n en contacto con la gente y eso es lo que se esta haciendo no desde esta campa\u00f1a sino desde que iniciamos nuestra gesti\u00f3n de gobierno. No es por casualidad que anden por todas las localidades y eso es muy importante\u201d remarc\u00f3 Bordoni.<br \/>\nPor su parte el Presidente de la C\u00e1mara de Diputados de la Provincia Manuel Mosca resaltaba \u201c Cuando hay un compromiso tan fuerte de Mar\u00eda Eugenia Vidal en hacer obras de infraestructura que le mejoren la calidad de vida a la gente y en el trabajo en equipo que hace la gobernadora con el Presidente con Sergio como Intendente de Cambiemos, vemos que efectivamente en el hospital est\u00e1 la inversi\u00f3n y se le da un servicio de calidad a cada uno de los vecinos del partido y tenemos la posibilidad de recorrer las obras de los desag\u00fces pluviales de Sierra de la Ventana que es una obra emblem\u00e1tica y pasaremos por La Gruta para ver obras en ejecuci\u00f3n junto a Santiago y Laura que son candidatos a Diputados de la regi\u00f3n y a Noelia que es la candidata que va a sintetizar los valores de cambiemos en el orden local\u201d puntualiz\u00f3 Mosca.<br \/>\nM\u00e1s adelante destac\u00f3 \u201cEstamos convencidos que este es el camino que tenemos que recorrer y sabemos que la gente lo valora y nos lo va a hacer saber en la pr\u00f3xima elecci\u00f3n porque as\u00ed como hay obras de infraestructura por decisi\u00f3n de la gobernadora en los 135 municipios indpendientemente de la pertenencia pol\u00edtica del Intendente porque la proridad forma parte de la necesidad que tiene el vecino. Tenemos un Intendente que tiene la grandeza de recorrer una obra que hizo la gesti\u00f3n anterior en simult\u00e1neo con la obra que \u00e9l est\u00e1 ejecutando y mostrando las que tiene proyectadas y no tengo dudas que un gobierno articulado con el gobierno provincial y nacional, vamos a poder seguir so\u00f1ando con que el hospital municipal de Tornquist sea mas grande, tenga m\u00e1s servicios, mayor cantidad de camas y que pueda dar mejor respuesta a cada uno que necesita venir y pasar por este sector\u201d Enfatiz\u00f3.<br \/>\nTambi\u00e9n dejaron sus conceptos Laura Aprile y Santiago Nardelli para luego recorrer otras obras en Villa Serrana La Gruta y Sierra de la Ventana.<br \/>\nLas nuevas obras en el hospital<br \/>\nAunque estaba previsto que se inauguraran algunas dependencias remodeladas y nuevas construcciones en el Hospital Municipal, el Intendente Sergio Bordoni decidi\u00f3 habilitar r\u00e1pidamente los nuevos espacios donde se trabaj\u00f3 a trav\u00e9s del Fondo de Infraestructura Municipal con el apoyo del Gobierno Bonaerense con un presupuesto de 4.900.000 pesos.<br \/>\nEn esta primera etapa concluy\u00f3 la remodelaci\u00f3n, que incluy\u00f3 la ampliaci\u00f3n de la lavander\u00eda y del dep\u00f3sito de limpieza y de cocina y la construcci\u00f3n de ba\u00f1os para el personal.Adem\u00e1s se incorporaron lavadoras\/Secadoras de \u00faltima generaci\u00f3n.<br \/>\nEn ese sentido, Bordoni hab\u00eda adelantado a nuestro medio que est\u00e1 pr\u00f3xima a comenzar la ejecuci\u00f3n de la segunda etapa de la ampliaci\u00f3n del nosocomio , que incluye la construcci\u00f3n de las salas de hemoterapia y de quimioterapia.<br \/>\nLa primera etapa incluy\u00f3 \u201cun lavadero pr\u00e1cticamente nuevo, con dos lavadoras industriales y una secadora, ba\u00f1os con duchas para el personal y la ampliaci\u00f3n de la despena de la cocina\u201d. \u201cLos empleados est\u00e1n agradecidos porque ha mejorado mucho la calidad de trabajo\u201d, asegur\u00f3 Bordoni.<br \/>\n<iframe loading=\"lazy\" width=\"100%\" height=\"166\" scrolling=\"no\" frameborder=\"no\" src=\"https:\/\/w.soundcloud.com\/player\/?url=https%3A\/\/api.soundcloud.com\/tracks\/333083449&amp;color=ff5500&amp;auto_play=false&amp;hide_related=false&amp;show_comments=true&amp;show_user=true&amp;show_reposts=false\"><\/iframe><\/p>\n","protected":false},"excerpt":{"rendered":"<p>Este jueves, en una breve visita por la ciudad, el Presidente de la C\u00e1mara de Diputados de la Provincia de Buenos Aires Manuel Mosca, recorri\u00f3 obras en el Hospital Municipal de la ciudad y otras en localidades del distrito.<\/p>\n","protected":false},"author":3,"featured_media":0,"comment_status":"closed","ping_status":"open","sticky":false,"template":"","format":"standard","meta":{"footnotes":""},"categories":[28],"tags":[],"class_list":["post-12235","post","type-post","status-publish","format-standard","hentry","category-municipales"],"yoast_head":"<!-- This site is optimized with the Yoast SEO plugin v25.9 - https:\/\/yoast.com\/wordpress\/plugins\/seo\/ -->\n<title>Visita de Manuel Mosca: \u201cEstamos convencidos que este es el camino que tenemos que recorrer\u201d - Noticias Radio Reflejos<\/title>\n<meta name=\"robots\" content=\"index, follow, max-snippet:-1, max-image-preview:large, max-video-preview:-1\" \/>\n<link rel=\"canonical\" href=\"https:\/\/www.noticiasradioreflejos.com.ar\/2021\/visita-de-manuel-mosca-estamos-convencidos-que-este-es-el-camino-que-tenemos-que-recorrer\/\" \/>\n<meta property=\"og:locale\" content=\"es_ES\" \/>\n<meta property=\"og:type\" content=\"article\" \/>\n<meta property=\"og:title\" content=\"Visita de Manuel Mosca: \u201cEstamos convencidos que este es el camino que tenemos que recorrer\u201d - Noticias Radio Reflejos\" \/>\n<meta property=\"og:description\" content=\"Este jueves, en una breve visita por la ciudad, el Presidente de la C\u00e1mara de Diputados de la Provincia de Buenos Aires Manuel Mosca, recorri\u00f3 obras en el Hospital Municipal de la ciudad y otras en localidades del distrito.\" \/>\n<meta property=\"og:url\" content=\"https:\/\/www.noticiasradioreflejos.com.ar\/2021\/visita-de-manuel-mosca-estamos-convencidos-que-este-es-el-camino-que-tenemos-que-recorrer\/\" \/>\n<meta property=\"og:site_name\" content=\"Noticias Radio Reflejos\" \/>\n<meta property=\"article:published_time\" content=\"2017-07-13T21:22:16+00:00\" \/>\n<meta property=\"og:image\" content=\"http:\/\/farm5.staticflickr.com\/4266\/35905585965_6017b63666.jpg\" \/>\n<meta name=\"author\" content=\"Arnaldo Botto\" \/>\n<meta name=\"twitter:card\" content=\"summary_large_image\" \/>\n<script type=\"application\/ld+json\" class=\"yoast-schema-graph\">{\"@context\":\"https:\/\/schema.org\",\"@graph\":[{\"@type\":\"WebPage\",\"@id\":\"https:\/\/www.noticiasradioreflejos.com.ar\/2021\/visita-de-manuel-mosca-estamos-convencidos-que-este-es-el-camino-que-tenemos-que-recorrer\/\",\"url\":\"https:\/\/www.noticiasradioreflejos.com.ar\/2021\/visita-de-manuel-mosca-estamos-convencidos-que-este-es-el-camino-que-tenemos-que-recorrer\/\",\"name\":\"Visita de Manuel Mosca: \u201cEstamos convencidos que este es el camino que tenemos que recorrer\u201d - Noticias Radio Reflejos\",\"isPartOf\":{\"@id\":\"https:\/\/www.noticiasradioreflejos.com.ar\/2021\/#website\"},\"primaryImageOfPage\":{\"@id\":\"https:\/\/www.noticiasradioreflejos.com.ar\/2021\/visita-de-manuel-mosca-estamos-convencidos-que-este-es-el-camino-que-tenemos-que-recorrer\/#primaryimage\"},\"image\":{\"@id\":\"https:\/\/www.noticiasradioreflejos.com.ar\/2021\/visita-de-manuel-mosca-estamos-convencidos-que-este-es-el-camino-que-tenemos-que-recorrer\/#primaryimage\"},\"thumbnailUrl\":\"http:\/\/farm5.staticflickr.com\/4266\/35905585965_6017b63666.jpg\",\"datePublished\":\"2017-07-13T21:22:16+00:00\",\"author\":{\"@id\":\"https:\/\/www.noticiasradioreflejos.com.ar\/2021\/#\/schema\/person\/ad82545263dcc5ec0996818884fd5fb1\"},\"breadcrumb\":{\"@id\":\"https:\/\/www.noticiasradioreflejos.com.ar\/2021\/visita-de-manuel-mosca-estamos-convencidos-que-este-es-el-camino-que-tenemos-que-recorrer\/#breadcrumb\"},\"inLanguage\":\"es\",\"potentialAction\":[{\"@type\":\"ReadAction\",\"target\":[\"https:\/\/www.noticiasradioreflejos.com.ar\/2021\/visita-de-manuel-mosca-estamos-convencidos-que-este-es-el-camino-que-tenemos-que-recorrer\/\"]}]},{\"@type\":\"ImageObject\",\"inLanguage\":\"es\",\"@id\":\"https:\/\/www.noticiasradioreflejos.com.ar\/2021\/visita-de-manuel-mosca-estamos-convencidos-que-este-es-el-camino-que-tenemos-que-recorrer\/#primaryimage\",\"url\":\"http:\/\/farm5.staticflickr.com\/4266\/35905585965_6017b63666.jpg\",\"contentUrl\":\"http:\/\/farm5.staticflickr.com\/4266\/35905585965_6017b63666.jpg\"},{\"@type\":\"BreadcrumbList\",\"@id\":\"https:\/\/www.noticiasradioreflejos.com.ar\/2021\/visita-de-manuel-mosca-estamos-convencidos-que-este-es-el-camino-que-tenemos-que-recorrer\/#breadcrumb\",\"itemListElement\":[{\"@type\":\"ListItem\",\"position\":1,\"name\":\"Portada\",\"item\":\"https:\/\/www.noticiasradioreflejos.com.ar\/2021\/\"},{\"@type\":\"ListItem\",\"position\":2,\"name\":\"Visita de Manuel Mosca: \u201cEstamos convencidos que este es el camino que tenemos que recorrer\u201d\"}]},{\"@type\":\"WebSite\",\"@id\":\"https:\/\/www.noticiasradioreflejos.com.ar\/2021\/#website\",\"url\":\"https:\/\/www.noticiasradioreflejos.com.ar\/2021\/\",\"name\":\"Noticias Radio Reflejos\",\"description\":\"Las noticias de mi comarca\",\"potentialAction\":[{\"@type\":\"SearchAction\",\"target\":{\"@type\":\"EntryPoint\",\"urlTemplate\":\"https:\/\/www.noticiasradioreflejos.com.ar\/2021\/?s={search_term_string}\"},\"query-input\":{\"@type\":\"PropertyValueSpecification\",\"valueRequired\":true,\"valueName\":\"search_term_string\"}}],\"inLanguage\":\"es\"},{\"@type\":\"Person\",\"@id\":\"https:\/\/www.noticiasradioreflejos.com.ar\/2021\/#\/schema\/person\/ad82545263dcc5ec0996818884fd5fb1\",\"name\":\"Arnaldo Botto\",\"image\":{\"@type\":\"ImageObject\",\"inLanguage\":\"es\",\"@id\":\"https:\/\/www.noticiasradioreflejos.com.ar\/2021\/#\/schema\/person\/image\/\",\"url\":\"https:\/\/secure.gravatar.com\/avatar\/55cb5e37c1efa326397366e6974cb338056df65cb50e7d64d1cf314e87504837?s=96&d=mm&r=g\",\"contentUrl\":\"https:\/\/secure.gravatar.com\/avatar\/55cb5e37c1efa326397366e6974cb338056df65cb50e7d64d1cf314e87504837?s=96&d=mm&r=g\",\"caption\":\"Arnaldo Botto\"},\"url\":\"https:\/\/www.noticiasradioreflejos.com.ar\/2021\/author\/arnaldo\/\"}]}<\/script>\n<!-- \/ Yoast SEO plugin. -->","yoast_head_json":{"title":"Visita de Manuel Mosca: \u201cEstamos convencidos que este es el camino que tenemos que recorrer\u201d - Noticias Radio Reflejos","robots":{"index":"index","follow":"follow","max-snippet":"max-snippet:-1","max-image-preview":"max-image-preview:large","max-video-preview":"max-video-preview:-1"},"canonical":"https:\/\/www.noticiasradioreflejos.com.ar\/2021\/visita-de-manuel-mosca-estamos-convencidos-que-este-es-el-camino-que-tenemos-que-recorrer\/","og_locale":"es_ES","og_type":"article","og_title":"Visita de Manuel Mosca: \u201cEstamos convencidos que este es el camino que tenemos que recorrer\u201d - Noticias Radio Reflejos","og_description":"Este jueves, en una breve visita por la ciudad, el Presidente de la C\u00e1mara de Diputados de la Provincia de Buenos Aires Manuel Mosca, recorri\u00f3 obras en el Hospital Municipal de la ciudad y otras en localidades del distrito.","og_url":"https:\/\/www.noticiasradioreflejos.com.ar\/2021\/visita-de-manuel-mosca-estamos-convencidos-que-este-es-el-camino-que-tenemos-que-recorrer\/","og_site_name":"Noticias Radio Reflejos","article_published_time":"2017-07-13T21:22:16+00:00","og_image":[{"url":"http:\/\/farm5.staticflickr.com\/4266\/35905585965_6017b63666.jpg","type":"","width":"","height":""}],"author":"Arnaldo Botto","twitter_card":"summary_large_image","schema":{"@context":"https:\/\/schema.org","@graph":[{"@type":"WebPage","@id":"https:\/\/www.noticiasradioreflejos.com.ar\/2021\/visita-de-manuel-mosca-estamos-convencidos-que-este-es-el-camino-que-tenemos-que-recorrer\/","url":"https:\/\/www.noticiasradioreflejos.com.ar\/2021\/visita-de-manuel-mosca-estamos-convencidos-que-este-es-el-camino-que-tenemos-que-recorrer\/","name":"Visita de Manuel Mosca: \u201cEstamos convencidos que este es el camino que tenemos que recorrer\u201d - Noticias Radio Reflejos","isPartOf":{"@id":"https:\/\/www.noticiasradioreflejos.com.ar\/2021\/#website"},"primaryImageOfPage":{"@id":"https:\/\/www.noticiasradioreflejos.com.ar\/2021\/visita-de-manuel-mosca-estamos-convencidos-que-este-es-el-camino-que-tenemos-que-recorrer\/#primaryimage"},"image":{"@id":"https:\/\/www.noticiasradioreflejos.com.ar\/2021\/visita-de-manuel-mosca-estamos-convencidos-que-este-es-el-camino-que-tenemos-que-recorrer\/#primaryimage"},"thumbnailUrl":"http:\/\/farm5.staticflickr.com\/4266\/35905585965_6017b63666.jpg","datePublished":"2017-07-13T21:22:16+00:00","author":{"@id":"https:\/\/www.noticiasradioreflejos.com.ar\/2021\/#\/schema\/person\/ad82545263dcc5ec0996818884fd5fb1"},"breadcrumb":{"@id":"https:\/\/www.noticiasradioreflejos.com.ar\/2021\/visita-de-manuel-mosca-estamos-convencidos-que-este-es-el-camino-que-tenemos-que-recorrer\/#breadcrumb"},"inLanguage":"es","potentialAction":[{"@type":"ReadAction","target":["https:\/\/www.noticiasradioreflejos.com.ar\/2021\/visita-de-manuel-mosca-estamos-convencidos-que-este-es-el-camino-que-tenemos-que-recorrer\/"]}]},{"@type":"ImageObject","inLanguage":"es","@id":"https:\/\/www.noticiasradioreflejos.com.ar\/2021\/visita-de-manuel-mosca-estamos-convencidos-que-este-es-el-camino-que-tenemos-que-recorrer\/#primaryimage","url":"http:\/\/farm5.staticflickr.com\/4266\/35905585965_6017b63666.jpg","contentUrl":"http:\/\/farm5.staticflickr.com\/4266\/35905585965_6017b63666.jpg"},{"@type":"BreadcrumbList","@id":"https:\/\/www.noticiasradioreflejos.com.ar\/2021\/visita-de-manuel-mosca-estamos-convencidos-que-este-es-el-camino-que-tenemos-que-recorrer\/#breadcrumb","itemListElement":[{"@type":"ListItem","position":1,"name":"Portada","item":"https:\/\/www.noticiasradioreflejos.com.ar\/2021\/"},{"@type":"ListItem","position":2,"name":"Visita de Manuel Mosca: \u201cEstamos convencidos que este es el camino que tenemos que recorrer\u201d"}]},{"@type":"WebSite","@id":"https:\/\/www.noticiasradioreflejos.com.ar\/2021\/#website","url":"https:\/\/www.noticiasradioreflejos.com.ar\/2021\/","name":"Noticias Radio Reflejos","description":"Las noticias de mi comarca","potentialAction":[{"@type":"SearchAction","target":{"@type":"EntryPoint","urlTemplate":"https:\/\/www.noticiasradioreflejos.com.ar\/2021\/?s={search_term_string}"},"query-input":{"@type":"PropertyValueSpecification","valueRequired":true,"valueName":"search_term_string"}}],"inLanguage":"es"},{"@type":"Person","@id":"https:\/\/www.noticiasradioreflejos.com.ar\/2021\/#\/schema\/person\/ad82545263dcc5ec0996818884fd5fb1","name":"Arnaldo Botto","image":{"@type":"ImageObject","inLanguage":"es","@id":"https:\/\/www.noticiasradioreflejos.com.ar\/2021\/#\/schema\/person\/image\/","url":"https:\/\/secure.gravatar.com\/avatar\/55cb5e37c1efa326397366e6974cb338056df65cb50e7d64d1cf314e87504837?s=96&d=mm&r=g","contentUrl":"https:\/\/secure.gravatar.com\/avatar\/55cb5e37c1efa326397366e6974cb338056df65cb50e7d64d1cf314e87504837?s=96&d=mm&r=g","caption":"Arnaldo Botto"},"url":"https:\/\/www.noticiasradioreflejos.com.ar\/2021\/author\/arnaldo\/"}]}},"_links":{"self":[{"href":"https:\/\/www.noticiasradioreflejos.com.ar\/2021\/wp-json\/wp\/v2\/posts\/12235","targetHints":{"allow":["GET"]}}],"collection":[{"href":"https:\/\/www.noticiasradioreflejos.com.ar\/2021\/wp-json\/wp\/v2\/posts"}],"about":[{"href":"https:\/\/www.noticiasradioreflejos.com.ar\/2021\/wp-json\/wp\/v2\/types\/post"}],"author":[{"embeddable":true,"href":"https:\/\/www.noticiasradioreflejos.com.ar\/2021\/wp-json\/wp\/v2\/users\/3"}],"replies":[{"embeddable":true,"href":"https:\/\/www.noticiasradioreflejos.com.ar\/2021\/wp-json\/wp\/v2\/comments?post=12235"}],"version-history":[{"count":0,"href":"https:\/\/www.noticiasradioreflejos.com.ar\/2021\/wp-json\/wp\/v2\/posts\/12235\/revisions"}],"wp:attachment":[{"href":"https:\/\/www.noticiasradioreflejos.com.ar\/2021\/wp-json\/wp\/v2\/media?parent=12235"}],"wp:term":[{"taxonomy":"category","embeddable":true,"href":"https:\/\/www.noticiasradioreflejos.com.ar\/2021\/wp-json\/wp\/v2\/categories?post=12235"},{"taxonomy":"post_tag","embeddable":true,"href":"https:\/\/www.noticiasradioreflejos.com.ar\/2021\/wp-json\/wp\/v2\/tags?post=12235"}],"curies":[{"name":"wp","href":"https:\/\/api.w.org\/{rel}","templated":true}]}}