{"id":122342,"date":"2025-07-27T09:22:57","date_gmt":"2025-07-27T12:22:57","guid":{"rendered":"https:\/\/www.noticiasradioreflejos.com.ar\/2021\/?p=122342"},"modified":"2025-07-27T09:22:57","modified_gmt":"2025-07-27T12:22:57","slug":"sigue-el-frio-y-la-nieve-se-hace-desear-en-la-comarca-serrana","status":"publish","type":"post","link":"https:\/\/www.noticiasradioreflejos.com.ar\/2021\/sigue-el-frio-y-la-nieve-se-hace-desear-en-la-comarca-serrana\/","title":{"rendered":"Sigue el fr\u00edo y la nieve se hace desear en la comarca serrana."},"content":{"rendered":"<p>El mal clima se mantiene este domingo en varias zonas del pa\u00eds, con fuertes precipitaciones en el norte y fr\u00edo extremo con nevadas intensas en el sur . Qu\u00e9 dice el Servicio Meteorol\u00f3gico Nacional.<!--more--><\/p>\n<p>Durante varios d\u00edas y en diferentes portales de noticias se anticipaba la probabilidad de nevadas para la zona serrana en el partido de Tornquist. El fin de semana\u00a0 se present\u00f3 muy fr\u00edo con m\u00ednimas de 0\u00b0 y la m\u00e1xima apenas alcanzando los 7\u00b0.<\/p>\n<p>Este s\u00e1bado se produjeron leves lloviznas aisladas, alternando con soleados parciales, vientos regulares y una t\u00e9rmica que no super\u00f3 los 5\u00b0. Incluso durante la tarde se registraron entre las lloviznas algunas part\u00edculas de graupel, en forma de min\u00fasculos granizos en varias localidades de la comarca.<\/p>\n<p>Estas lloviznas y la inestabilidad reinante junto a las condiciones de bajas temperaturas,\u00a0 seguramente se generaron en forma de nieve en la parte alta de las sierras del sistema de<a href=\"https:\/\/www.noticiasradioreflejos.com.ar\/2021\/\"><strong> Ventania,<\/strong><\/a> pero la densa nubosidad que cubre los cielos serranos dif\u00edcilmente permita verlos. Encima, el pron\u00f3stico para los pr\u00f3ximos d\u00edas se anuncia con jornadas de cielos cubiertos a nublados, por lo que la expectativa por ver el paisaje blanqueado se diluye.<\/p>\n<p>El pron\u00f3stico para la zona de Sierra de la Ventana muestra para este domingo condiciones similares a la de ayer, con vientos suaves del SE, m\u00e1xima de 7\u00b0 y cielos cubiertos.<\/p>\n<p>Junto a las malas condiciones que afectan a buena parte del pa\u00eds, el\u00a0<strong>Servicio Meteorol\u00f3gico Nacional (SMN)<\/strong>\u00a0renov\u00f3 para este domingo sus\u00a0alertas por\u00a0<strong>bajas temperaturas\u00a0extremas.<\/strong><\/p>\n<p>Otra vez, se trata de avisos de nivel amarillo que rigen desde el s\u00e1bado y se extiende en zonas de la cordillera y el sur argentino:\u00a0<strong>Mendoza, Neuqu\u00e9n, R\u00edo Negro, Chubut y Santa Cruz<\/strong>.<\/p>\n<p>&nbsp;<\/p>\n<p>Por otra parte, las <strong>malas condiciones del clima<\/strong>\u00a0regresan este domingo en diferentes zonas del pa\u00eds, por lo que el\u00a0<strong>Servicio Meteorol\u00f3gico Nacional (SMN)<\/strong>\u00a0renov\u00f3\u00a0el alerta por\u00a0<strong>tormentas fuertes con posible ca\u00edda de granizo y r\u00e1fagas<\/strong>.<\/p>\n<div class=\"article-body\" data-tadevel-template=\"web\/article-body\">\n<div class=\"article-body-content\">\n<p>De esta manera, el SMN manten\u00eda un\u00a0<strong>alerta amarillo<\/strong> que rige este domingo para zonas de Entre R\u00edos, Corrientes, Misiones, Santa Fe, Chaco y Formosa.<\/p>\n<h3><strong>Alerta por tormentas<\/strong><\/h3>\n<p>De acuerdo con el reporte del SMN, en zonas con alerta amarilla,\u00a0<mark>\u201cel \u00e1rea ser\u00e1 afectada por tormentas de variada intensidad, algunas localmente fuertes. Las mismas estar\u00e1n acompa\u00f1adas por abundante ca\u00edda de agua en cortos per\u00edodos, actividad el\u00e9ctrica, r\u00e1fagas y ocasional ca\u00edda de granizo\u00bb.<\/mark><\/p>\n<p>Se esperan valores de precipitaci\u00f3n acumulada entre 30 y 60 mm, pudiendo ser superados de forma puntual.<\/p>\n<h3>Recomendaciones del SMN por tormentas fuertes<\/h3>\n<ol>\n<li>No saques la basura. Retir\u00e1 objetos que impidan que el agua escurra.<\/li>\n<li>Evit\u00e1 actividades al aire libre.<\/li>\n<li>No te refugies cerca de \u00e1rboles y postes de electricidad que puedan caerse.<\/li>\n<li>Para minimizar el riesgo de ser alcanzado por un rayo, no permanezcas en playas, r\u00edos, lagunas o piletas.<\/li>\n<li>Estate atento ante la posible ca\u00edda de granizo.<\/li>\n<li>Informate por las autoridades. Ten\u00e9 siempre lista una mochila de emergencias con linterna, radio, documentos y tel\u00e9fono.<\/li>\n<\/ol>\n<\/div>\n<\/div>\n","protected":false},"excerpt":{"rendered":"<p>El mal clima se mantiene este domingo en varias zonas del pa\u00eds, con fuertes precipitaciones en el norte y fr\u00edo extremo con nevadas intensas en el sur . Qu\u00e9 dice el Servicio Meteorol\u00f3gico Nacional.<\/p>\n","protected":false},"author":3,"featured_media":105998,"comment_status":"closed","ping_status":"closed","sticky":false,"template":"","format":"standard","meta":{"footnotes":""},"categories":[46],"tags":[48],"class_list":["post-122342","post","type-post","status-publish","format-standard","has-post-thumbnail","hentry","category-ciencia-y-tecnologia","tag-destacada"],"yoast_head":"<!-- This site is optimized with the Yoast SEO plugin v25.9 - https:\/\/yoast.com\/wordpress\/plugins\/seo\/ -->\n<title>Sigue el fr\u00edo y la nieve se hace desear en la comarca serrana. - Noticias Radio Reflejos<\/title>\n<meta name=\"robots\" content=\"index, follow, max-snippet:-1, max-image-preview:large, max-video-preview:-1\" \/>\n<link rel=\"canonical\" href=\"https:\/\/www.noticiasradioreflejos.com.ar\/2021\/sigue-el-frio-y-la-nieve-se-hace-desear-en-la-comarca-serrana\/\" \/>\n<meta property=\"og:locale\" content=\"es_ES\" \/>\n<meta property=\"og:type\" content=\"article\" \/>\n<meta property=\"og:title\" content=\"Sigue el fr\u00edo y la nieve se hace desear en la comarca serrana. - Noticias Radio Reflejos\" \/>\n<meta property=\"og:description\" content=\"El mal clima se mantiene este domingo en varias zonas del pa\u00eds, con fuertes precipitaciones en el norte y fr\u00edo extremo con nevadas intensas en el sur . Qu\u00e9 dice el Servicio Meteorol\u00f3gico Nacional.\" \/>\n<meta property=\"og:url\" content=\"https:\/\/www.noticiasradioreflejos.com.ar\/2021\/sigue-el-frio-y-la-nieve-se-hace-desear-en-la-comarca-serrana\/\" \/>\n<meta property=\"og:site_name\" content=\"Noticias Radio Reflejos\" \/>\n<meta property=\"article:published_time\" content=\"2025-07-27T12:22:57+00:00\" \/>\n<meta property=\"og:image\" content=\"https:\/\/www.noticiasradioreflejos.com.ar\/2021\/wp-content\/uploads\/2024\/08\/Nevada-8-de-agosto-2024-1.jpeg\" \/>\n\t<meta property=\"og:image:width\" content=\"1600\" \/>\n\t<meta property=\"og:image:height\" content=\"900\" \/>\n\t<meta property=\"og:image:type\" content=\"image\/jpeg\" \/>\n<meta name=\"author\" content=\"Arnaldo Botto\" \/>\n<meta name=\"twitter:card\" content=\"summary_large_image\" \/>\n<script type=\"application\/ld+json\" class=\"yoast-schema-graph\">{\"@context\":\"https:\/\/schema.org\",\"@graph\":[{\"@type\":\"WebPage\",\"@id\":\"https:\/\/www.noticiasradioreflejos.com.ar\/2021\/sigue-el-frio-y-la-nieve-se-hace-desear-en-la-comarca-serrana\/\",\"url\":\"https:\/\/www.noticiasradioreflejos.com.ar\/2021\/sigue-el-frio-y-la-nieve-se-hace-desear-en-la-comarca-serrana\/\",\"name\":\"Sigue el fr\u00edo y la nieve se hace desear en la comarca serrana. - Noticias Radio Reflejos\",\"isPartOf\":{\"@id\":\"https:\/\/www.noticiasradioreflejos.com.ar\/2021\/#website\"},\"primaryImageOfPage\":{\"@id\":\"https:\/\/www.noticiasradioreflejos.com.ar\/2021\/sigue-el-frio-y-la-nieve-se-hace-desear-en-la-comarca-serrana\/#primaryimage\"},\"image\":{\"@id\":\"https:\/\/www.noticiasradioreflejos.com.ar\/2021\/sigue-el-frio-y-la-nieve-se-hace-desear-en-la-comarca-serrana\/#primaryimage\"},\"thumbnailUrl\":\"https:\/\/www.noticiasradioreflejos.com.ar\/2021\/wp-content\/uploads\/2024\/08\/Nevada-8-de-agosto-2024-1.jpeg\",\"datePublished\":\"2025-07-27T12:22:57+00:00\",\"author\":{\"@id\":\"https:\/\/www.noticiasradioreflejos.com.ar\/2021\/#\/schema\/person\/ad82545263dcc5ec0996818884fd5fb1\"},\"breadcrumb\":{\"@id\":\"https:\/\/www.noticiasradioreflejos.com.ar\/2021\/sigue-el-frio-y-la-nieve-se-hace-desear-en-la-comarca-serrana\/#breadcrumb\"},\"inLanguage\":\"es\",\"potentialAction\":[{\"@type\":\"ReadAction\",\"target\":[\"https:\/\/www.noticiasradioreflejos.com.ar\/2021\/sigue-el-frio-y-la-nieve-se-hace-desear-en-la-comarca-serrana\/\"]}]},{\"@type\":\"ImageObject\",\"inLanguage\":\"es\",\"@id\":\"https:\/\/www.noticiasradioreflejos.com.ar\/2021\/sigue-el-frio-y-la-nieve-se-hace-desear-en-la-comarca-serrana\/#primaryimage\",\"url\":\"https:\/\/www.noticiasradioreflejos.com.ar\/2021\/wp-content\/uploads\/2024\/08\/Nevada-8-de-agosto-2024-1.jpeg\",\"contentUrl\":\"https:\/\/www.noticiasradioreflejos.com.ar\/2021\/wp-content\/uploads\/2024\/08\/Nevada-8-de-agosto-2024-1.jpeg\",\"width\":1600,\"height\":900},{\"@type\":\"BreadcrumbList\",\"@id\":\"https:\/\/www.noticiasradioreflejos.com.ar\/2021\/sigue-el-frio-y-la-nieve-se-hace-desear-en-la-comarca-serrana\/#breadcrumb\",\"itemListElement\":[{\"@type\":\"ListItem\",\"position\":1,\"name\":\"Portada\",\"item\":\"https:\/\/www.noticiasradioreflejos.com.ar\/2021\/\"},{\"@type\":\"ListItem\",\"position\":2,\"name\":\"Sigue el fr\u00edo y la nieve se hace desear en la comarca serrana.\"}]},{\"@type\":\"WebSite\",\"@id\":\"https:\/\/www.noticiasradioreflejos.com.ar\/2021\/#website\",\"url\":\"https:\/\/www.noticiasradioreflejos.com.ar\/2021\/\",\"name\":\"Noticias Radio Reflejos\",\"description\":\"Las noticias de mi comarca\",\"potentialAction\":[{\"@type\":\"SearchAction\",\"target\":{\"@type\":\"EntryPoint\",\"urlTemplate\":\"https:\/\/www.noticiasradioreflejos.com.ar\/2021\/?s={search_term_string}\"},\"query-input\":{\"@type\":\"PropertyValueSpecification\",\"valueRequired\":true,\"valueName\":\"search_term_string\"}}],\"inLanguage\":\"es\"},{\"@type\":\"Person\",\"@id\":\"https:\/\/www.noticiasradioreflejos.com.ar\/2021\/#\/schema\/person\/ad82545263dcc5ec0996818884fd5fb1\",\"name\":\"Arnaldo Botto\",\"image\":{\"@type\":\"ImageObject\",\"inLanguage\":\"es\",\"@id\":\"https:\/\/www.noticiasradioreflejos.com.ar\/2021\/#\/schema\/person\/image\/\",\"url\":\"https:\/\/secure.gravatar.com\/avatar\/55cb5e37c1efa326397366e6974cb338056df65cb50e7d64d1cf314e87504837?s=96&d=mm&r=g\",\"contentUrl\":\"https:\/\/secure.gravatar.com\/avatar\/55cb5e37c1efa326397366e6974cb338056df65cb50e7d64d1cf314e87504837?s=96&d=mm&r=g\",\"caption\":\"Arnaldo Botto\"},\"url\":\"https:\/\/www.noticiasradioreflejos.com.ar\/2021\/author\/arnaldo\/\"}]}<\/script>\n<!-- \/ Yoast SEO plugin. -->","yoast_head_json":{"title":"Sigue el fr\u00edo y la nieve se hace desear en la comarca serrana. - Noticias Radio Reflejos","robots":{"index":"index","follow":"follow","max-snippet":"max-snippet:-1","max-image-preview":"max-image-preview:large","max-video-preview":"max-video-preview:-1"},"canonical":"https:\/\/www.noticiasradioreflejos.com.ar\/2021\/sigue-el-frio-y-la-nieve-se-hace-desear-en-la-comarca-serrana\/","og_locale":"es_ES","og_type":"article","og_title":"Sigue el fr\u00edo y la nieve se hace desear en la comarca serrana. - Noticias Radio Reflejos","og_description":"El mal clima se mantiene este domingo en varias zonas del pa\u00eds, con fuertes precipitaciones en el norte y fr\u00edo extremo con nevadas intensas en el sur . Qu\u00e9 dice el Servicio Meteorol\u00f3gico Nacional.","og_url":"https:\/\/www.noticiasradioreflejos.com.ar\/2021\/sigue-el-frio-y-la-nieve-se-hace-desear-en-la-comarca-serrana\/","og_site_name":"Noticias Radio Reflejos","article_published_time":"2025-07-27T12:22:57+00:00","og_image":[{"width":1600,"height":900,"url":"https:\/\/www.noticiasradioreflejos.com.ar\/2021\/wp-content\/uploads\/2024\/08\/Nevada-8-de-agosto-2024-1.jpeg","type":"image\/jpeg"}],"author":"Arnaldo Botto","twitter_card":"summary_large_image","schema":{"@context":"https:\/\/schema.org","@graph":[{"@type":"WebPage","@id":"https:\/\/www.noticiasradioreflejos.com.ar\/2021\/sigue-el-frio-y-la-nieve-se-hace-desear-en-la-comarca-serrana\/","url":"https:\/\/www.noticiasradioreflejos.com.ar\/2021\/sigue-el-frio-y-la-nieve-se-hace-desear-en-la-comarca-serrana\/","name":"Sigue el fr\u00edo y la nieve se hace desear en la comarca serrana. - Noticias Radio Reflejos","isPartOf":{"@id":"https:\/\/www.noticiasradioreflejos.com.ar\/2021\/#website"},"primaryImageOfPage":{"@id":"https:\/\/www.noticiasradioreflejos.com.ar\/2021\/sigue-el-frio-y-la-nieve-se-hace-desear-en-la-comarca-serrana\/#primaryimage"},"image":{"@id":"https:\/\/www.noticiasradioreflejos.com.ar\/2021\/sigue-el-frio-y-la-nieve-se-hace-desear-en-la-comarca-serrana\/#primaryimage"},"thumbnailUrl":"https:\/\/www.noticiasradioreflejos.com.ar\/2021\/wp-content\/uploads\/2024\/08\/Nevada-8-de-agosto-2024-1.jpeg","datePublished":"2025-07-27T12:22:57+00:00","author":{"@id":"https:\/\/www.noticiasradioreflejos.com.ar\/2021\/#\/schema\/person\/ad82545263dcc5ec0996818884fd5fb1"},"breadcrumb":{"@id":"https:\/\/www.noticiasradioreflejos.com.ar\/2021\/sigue-el-frio-y-la-nieve-se-hace-desear-en-la-comarca-serrana\/#breadcrumb"},"inLanguage":"es","potentialAction":[{"@type":"ReadAction","target":["https:\/\/www.noticiasradioreflejos.com.ar\/2021\/sigue-el-frio-y-la-nieve-se-hace-desear-en-la-comarca-serrana\/"]}]},{"@type":"ImageObject","inLanguage":"es","@id":"https:\/\/www.noticiasradioreflejos.com.ar\/2021\/sigue-el-frio-y-la-nieve-se-hace-desear-en-la-comarca-serrana\/#primaryimage","url":"https:\/\/www.noticiasradioreflejos.com.ar\/2021\/wp-content\/uploads\/2024\/08\/Nevada-8-de-agosto-2024-1.jpeg","contentUrl":"https:\/\/www.noticiasradioreflejos.com.ar\/2021\/wp-content\/uploads\/2024\/08\/Nevada-8-de-agosto-2024-1.jpeg","width":1600,"height":900},{"@type":"BreadcrumbList","@id":"https:\/\/www.noticiasradioreflejos.com.ar\/2021\/sigue-el-frio-y-la-nieve-se-hace-desear-en-la-comarca-serrana\/#breadcrumb","itemListElement":[{"@type":"ListItem","position":1,"name":"Portada","item":"https:\/\/www.noticiasradioreflejos.com.ar\/2021\/"},{"@type":"ListItem","position":2,"name":"Sigue el fr\u00edo y la nieve se hace desear en la comarca serrana."}]},{"@type":"WebSite","@id":"https:\/\/www.noticiasradioreflejos.com.ar\/2021\/#website","url":"https:\/\/www.noticiasradioreflejos.com.ar\/2021\/","name":"Noticias Radio Reflejos","description":"Las noticias de mi comarca","potentialAction":[{"@type":"SearchAction","target":{"@type":"EntryPoint","urlTemplate":"https:\/\/www.noticiasradioreflejos.com.ar\/2021\/?s={search_term_string}"},"query-input":{"@type":"PropertyValueSpecification","valueRequired":true,"valueName":"search_term_string"}}],"inLanguage":"es"},{"@type":"Person","@id":"https:\/\/www.noticiasradioreflejos.com.ar\/2021\/#\/schema\/person\/ad82545263dcc5ec0996818884fd5fb1","name":"Arnaldo Botto","image":{"@type":"ImageObject","inLanguage":"es","@id":"https:\/\/www.noticiasradioreflejos.com.ar\/2021\/#\/schema\/person\/image\/","url":"https:\/\/secure.gravatar.com\/avatar\/55cb5e37c1efa326397366e6974cb338056df65cb50e7d64d1cf314e87504837?s=96&d=mm&r=g","contentUrl":"https:\/\/secure.gravatar.com\/avatar\/55cb5e37c1efa326397366e6974cb338056df65cb50e7d64d1cf314e87504837?s=96&d=mm&r=g","caption":"Arnaldo Botto"},"url":"https:\/\/www.noticiasradioreflejos.com.ar\/2021\/author\/arnaldo\/"}]}},"_links":{"self":[{"href":"https:\/\/www.noticiasradioreflejos.com.ar\/2021\/wp-json\/wp\/v2\/posts\/122342","targetHints":{"allow":["GET"]}}],"collection":[{"href":"https:\/\/www.noticiasradioreflejos.com.ar\/2021\/wp-json\/wp\/v2\/posts"}],"about":[{"href":"https:\/\/www.noticiasradioreflejos.com.ar\/2021\/wp-json\/wp\/v2\/types\/post"}],"author":[{"embeddable":true,"href":"https:\/\/www.noticiasradioreflejos.com.ar\/2021\/wp-json\/wp\/v2\/users\/3"}],"replies":[{"embeddable":true,"href":"https:\/\/www.noticiasradioreflejos.com.ar\/2021\/wp-json\/wp\/v2\/comments?post=122342"}],"version-history":[{"count":1,"href":"https:\/\/www.noticiasradioreflejos.com.ar\/2021\/wp-json\/wp\/v2\/posts\/122342\/revisions"}],"predecessor-version":[{"id":122343,"href":"https:\/\/www.noticiasradioreflejos.com.ar\/2021\/wp-json\/wp\/v2\/posts\/122342\/revisions\/122343"}],"wp:featuredmedia":[{"embeddable":true,"href":"https:\/\/www.noticiasradioreflejos.com.ar\/2021\/wp-json\/wp\/v2\/media\/105998"}],"wp:attachment":[{"href":"https:\/\/www.noticiasradioreflejos.com.ar\/2021\/wp-json\/wp\/v2\/media?parent=122342"}],"wp:term":[{"taxonomy":"category","embeddable":true,"href":"https:\/\/www.noticiasradioreflejos.com.ar\/2021\/wp-json\/wp\/v2\/categories?post=122342"},{"taxonomy":"post_tag","embeddable":true,"href":"https:\/\/www.noticiasradioreflejos.com.ar\/2021\/wp-json\/wp\/v2\/tags?post=122342"}],"curies":[{"name":"wp","href":"https:\/\/api.w.org\/{rel}","templated":true}]}}