{"id":122339,"date":"2025-07-27T09:00:39","date_gmt":"2025-07-27T12:00:39","guid":{"rendered":"https:\/\/www.noticiasradioreflejos.com.ar\/2021\/?p=122339"},"modified":"2025-07-27T09:00:39","modified_gmt":"2025-07-27T12:00:39","slug":"en-hereford-el-campeon-llego-desde-saldungaray","status":"publish","type":"post","link":"https:\/\/www.noticiasradioreflejos.com.ar\/2021\/en-hereford-el-campeon-llego-desde-saldungaray\/","title":{"rendered":"En Hereford, el campe\u00f3n lleg\u00f3 desde Saldungaray"},"content":{"rendered":"<div class=\"zox-post-top-wrap zoxrel left zox100\">\n<div class=\"zox-post-title-wrap zox-tit2\">\n<div class=\"zox-post-width\">\n<header class=\"zox-post-head-wrap left zoxrel zox100\">\n<div class=\"zox-post-head zoxrel\">\n<p>El Gran Campe\u00f3n pertenece a la caba\u00f1a Don Benjam\u00edn, de Santo Tom\u00e1s de la Sierra, proveniente de Saldungaray, provincia de Buenos Aires.<\/p>\n<div class=\"zox-post-info-wrap\">\n<div class=\"zox-post-byline-wrap\"><\/div>\n<\/div>\n<\/div>\n<\/header>\n<\/div>\n<\/div>\n<\/div>\n<p><!--more--><\/p>\n<p>En una tarde fr\u00eda y nublada de a ratos, sobre la pista central de la\u00a0<strong>137a. Exposici\u00f3n Rural de Palermo,<\/strong>\u00a0el sol tibio del invierno se combin\u00f3 con la expectativa del p\u00fablico que, firme en las tribunas, aguardaba uno de los momentos m\u00e1s esperados del d\u00eda: la consagraci\u00f3n del\u00a0<strong>Gran Campe\u00f3n Macho Hereford<\/strong>.<\/p>\n<p>&nbsp;<\/p>\n<div class=\"zox-post-main-grid\">\n<div class=\"zox-post-width\">\n<div class=\"zox-post-main-wrap zoxrel left zox100\">\n<div class=\"zox-post-main\">\n<div class=\"zox-post-bot-wrap\">\n<div class=\"zox-post-img-wrap\">\n<div class=\"zox-post-img left zoxrel zoxlh0\"><img loading=\"lazy\" decoding=\"async\" class=\"flipboard-image wp-post-image\" src=\"https:\/\/infosudoeste.com.ar\/wp-content\/uploads\/2025\/07\/WhatsApp-Image-2025-07-24-at-7.46.38-PM.jpeg\" sizes=\"auto, (max-width: 880px) 100vw, 880px\" srcset=\"https:\/\/infosudoeste.com.ar\/wp-content\/uploads\/2025\/07\/WhatsApp-Image-2025-07-24-at-7.46.38-PM.jpeg 880w, https:\/\/infosudoeste.com.ar\/wp-content\/uploads\/2025\/07\/WhatsApp-Image-2025-07-24-at-7.46.38-PM-768x511.jpeg 768w\" alt=\"\" width=\"880\" height=\"586\" \/><\/div>\n<\/div>\n<\/div>\n<div class=\"zox-post-body-wrap left zoxrel\">\n<div class=\"zox-post-body left zoxrel zox100\">\n<p>&nbsp;<\/p>\n<p>Tras horas de an\u00e1lisis minucioso y una jornada intensa de trabajo, el jurado, Lucas Lagrange, se preparaba para anunciar su veredicto en Hereford.\u00a0<strong>Con firmeza y convicci\u00f3n,<\/strong>\u00a0eligi\u00f3 como\u00a0<strong>Gran Campe\u00f3n Macho Hereford\u00a0<\/strong>a\u00a0<strong>Sacerdote,\u00a0<\/strong>un toro dos a\u00f1os menor, del\u00a0<strong>box 828,<\/strong>\u00a0perteneciente a la caba\u00f1a Don Benjam\u00edn, de Santo Tom\u00e1s de la Sierra, proveniente de Saldungaray, provincia de Buenos Aires. En tanto, el\u00a0<strong>Reservado de Gran Campe\u00f3n Macho\u00a0<\/strong>fue para el box 859, de caba\u00f1a La Persistencia, de Terragarba, y Jocarda SA. Mientras que el<strong>\u00a0Tercero Mejor Macho<\/strong>\u00a0fue para el box 852, de la caba\u00f1a San Mar\u00f3n, de Juan Gabriel Seleme.<\/p>\n<p><strong>\u201cTuve un trabajo m\u00e1s complicado que ayer [con la jura de hembras], me cost\u00f3 m\u00e1s. Siempre el macho cuesta un poquito m\u00e1s, pero creo que la fila termin\u00f3 quedando muy, muy bien\u201d<\/strong>, dijo Lagrange luego de la jura.<\/p>\n<p>Consultado sobre qu\u00e9 buscaba en los animales, detall\u00f3: \u201cLo de siempre:\u00a0<strong>mucha carne, buena estructura, volumen corporal, una buena conformaci\u00f3n. Me qued\u00e9 muy conforme porque encontr\u00e9 todo eso. La verdad que la fila qued\u00f3 muy bien\u201c.<\/strong><\/p>\n<p>Respecto al toro campe\u00f3n, propiedad de la caba\u00f1a Don Benjam\u00edn, destac\u00f3:\u00a0<strong>\u201cEs un ejemplar correct\u00edsimo. Va a ser muy \u00fatil para la raza, bien moderado, de buen color, muy carnicero. Estoy convencido de que va a hacer un gran trabajo como toro padre\u201d<\/strong>.<\/p>\n<p>Visiblemente emocionado tras la consagraci\u00f3n, Cristian Romero, due\u00f1o de la caba\u00f1a ganadora, expres\u00f3:\u00a0<strong>\u201cLa verdad es un premio al esfuerzo de todos los chicos que trabajan en el campo, de todo el personal de Don Benjam\u00edn y de toda la familia que est\u00e1 detr\u00e1s\u201d.<\/strong>\u00a0Y agreg\u00f3:\u00a0<strong>\u201cHace much\u00edsimos a\u00f1os que venimos luchando por la raza, tratando de mejorar, y siempre acompa\u00f1ando al resto de los criadores, porque todos buscamos lo mismo: superarnos\u201d<\/strong>.<\/p>\n<figure class=\"wp-block-image\"><img loading=\"lazy\" decoding=\"async\" class=\"aligncenter\" src=\"https:\/\/resizer.glanacion.com\/resizer\/v2\/el-tercero-mejor-macho-fue-para-el-box-852-de-la-BWHAZ673BFE6RH5SIEEKCFRHBE.jpeg?auth=ef085cd4f9f3c7a7c0b0e68ef82392d3ccf319fcbc8201eccaf01f56a55248f6&amp;width=420&amp;height=280&amp;quality=70&amp;smart=true\" alt=\"El Tercero Mejor Macho fue para el box 852, de la caba\u00f1a San Mar\u00f3n, de Juan Gabriel Seleme\" width=\"644\" height=\"429\" \/><figcaption class=\"wp-element-caption\"><em>El Tercero Mejor Macho fue para el box 852, de la caba\u00f1a San Mar\u00f3n, de Juan Gabriel SelemeGza. Hereford<\/em><\/figcaption><\/figure>\n<p>&nbsp;<\/p>\n<p>Sobre el nivel de la competencia, reconoci\u00f3:\u00a0<strong>\u201cEste a\u00f1o nos toc\u00f3 a nosotros, pero muchos animales que est\u00e1n en esta pista son todos campeones. Como dijo el jurado, es muy dif\u00edcil la decisi\u00f3n final, pero seguramente habr\u00e1 visto algunas virtudes y por eso eligi\u00f3 al nuestro.<\/strong>\u00a0Desde hace tiempo le ten\u00edamos fe. En principio vuelve al campo\u201d.<\/p>\n<p>Por su parte,<strong>\u00a0Alejandro de La Tour D\u2019Auvergne,<\/strong>\u00a0presidente de la Asociaci\u00f3n Argentina Criadores de Hereford, se\u00f1al\u00f3 que<strong>\u00a0la raza tuvo un d\u00eda muy interesante de jura, con buenos animales en todas las categor\u00edas<\/strong>. Y destac\u00f3: \u201cCreo que el jurado pudo encontrar durante toda la jornada las l\u00edneas que buscaba: animales productivos, moderados, muy anchos, con mucha profundidad de costilla y, adem\u00e1s, con muy buenos desplazamientos\u201d.<\/p>\n<p>Sobre la final, sostuvo:\u00a0<strong>\u201cFue una fila de gran campeonato interesante, tambi\u00e9n por la cantidad de expositores representados.\u00a0<\/strong>Es una alegr\u00eda ver tantos criadores distintos en los grandes campeonatos, eso muestra que son muchos los que est\u00e1n trabajando bien. Cuando uno mira lo que fueron los campeonatos de cada categor\u00eda, pr\u00e1cticamente todos los expositores estuvieron con primeros premios, lo que demuestra que hay un criterio com\u00fan sobre hacia d\u00f3nde debe ir la raza\u201d.<\/p>\n<p>Finalmente,\u00a0<strong>se refiri\u00f3 al presente de la raza en este 2025:<\/strong>\u00a0\u201cEst\u00e1 siendo un a\u00f1o muy bueno para Hereford. Hay mucha expectativa, mucha actividad, muchas consultas. Venimos haciendo giras hace varios a\u00f1os por distintos lugares del pa\u00eds y este a\u00f1o hicimos una trinacional con uruguayos y brasileros, que despert\u00f3 a\u00fan m\u00e1s inter\u00e9s\u201c.<\/p>\n<\/div>\n<\/div>\n<\/div>\n<\/div>\n<\/div>\n<\/div>\n","protected":false},"excerpt":{"rendered":"<p>El Gran Campe\u00f3n pertenece a la caba\u00f1a Don Benjam\u00edn, de Santo Tom\u00e1s de la Sierra, proveniente de Saldungaray, provincia de Buenos Aires.<\/p>\n","protected":false},"author":3,"featured_media":122340,"comment_status":"closed","ping_status":"closed","sticky":false,"template":"","format":"standard","meta":{"footnotes":""},"categories":[36,26],"tags":[],"class_list":["post-122339","post","type-post","status-publish","format-standard","has-post-thumbnail","hentry","category-economia","category-sociedad"],"yoast_head":"<!-- This site is optimized with the Yoast SEO plugin v25.9 - https:\/\/yoast.com\/wordpress\/plugins\/seo\/ -->\n<title>En Hereford, el campe\u00f3n lleg\u00f3 desde Saldungaray - Noticias Radio Reflejos<\/title>\n<meta name=\"robots\" content=\"index, follow, max-snippet:-1, max-image-preview:large, max-video-preview:-1\" \/>\n<link rel=\"canonical\" href=\"https:\/\/www.noticiasradioreflejos.com.ar\/2021\/en-hereford-el-campeon-llego-desde-saldungaray\/\" \/>\n<meta property=\"og:locale\" content=\"es_ES\" \/>\n<meta property=\"og:type\" content=\"article\" \/>\n<meta property=\"og:title\" content=\"En Hereford, el campe\u00f3n lleg\u00f3 desde Saldungaray - Noticias Radio Reflejos\" \/>\n<meta property=\"og:description\" content=\"El Gran Campe\u00f3n pertenece a la caba\u00f1a Don Benjam\u00edn, de Santo Tom\u00e1s de la Sierra, proveniente de Saldungaray, provincia de Buenos Aires.\" \/>\n<meta property=\"og:url\" content=\"https:\/\/www.noticiasradioreflejos.com.ar\/2021\/en-hereford-el-campeon-llego-desde-saldungaray\/\" \/>\n<meta property=\"og:site_name\" content=\"Noticias Radio Reflejos\" \/>\n<meta property=\"article:published_time\" content=\"2025-07-27T12:00:39+00:00\" \/>\n<meta property=\"og:image\" content=\"https:\/\/www.noticiasradioreflejos.com.ar\/2021\/wp-content\/uploads\/2025\/07\/campeon-hereford-santo-tomas.jpeg\" \/>\n\t<meta property=\"og:image:width\" content=\"880\" \/>\n\t<meta property=\"og:image:height\" content=\"586\" \/>\n\t<meta property=\"og:image:type\" content=\"image\/jpeg\" \/>\n<meta name=\"author\" content=\"Arnaldo Botto\" \/>\n<meta name=\"twitter:card\" content=\"summary_large_image\" \/>\n<script type=\"application\/ld+json\" class=\"yoast-schema-graph\">{\"@context\":\"https:\/\/schema.org\",\"@graph\":[{\"@type\":\"WebPage\",\"@id\":\"https:\/\/www.noticiasradioreflejos.com.ar\/2021\/en-hereford-el-campeon-llego-desde-saldungaray\/\",\"url\":\"https:\/\/www.noticiasradioreflejos.com.ar\/2021\/en-hereford-el-campeon-llego-desde-saldungaray\/\",\"name\":\"En Hereford, el campe\u00f3n lleg\u00f3 desde Saldungaray - Noticias Radio Reflejos\",\"isPartOf\":{\"@id\":\"https:\/\/www.noticiasradioreflejos.com.ar\/2021\/#website\"},\"primaryImageOfPage\":{\"@id\":\"https:\/\/www.noticiasradioreflejos.com.ar\/2021\/en-hereford-el-campeon-llego-desde-saldungaray\/#primaryimage\"},\"image\":{\"@id\":\"https:\/\/www.noticiasradioreflejos.com.ar\/2021\/en-hereford-el-campeon-llego-desde-saldungaray\/#primaryimage\"},\"thumbnailUrl\":\"https:\/\/www.noticiasradioreflejos.com.ar\/2021\/wp-content\/uploads\/2025\/07\/campeon-hereford-santo-tomas.jpeg\",\"datePublished\":\"2025-07-27T12:00:39+00:00\",\"author\":{\"@id\":\"https:\/\/www.noticiasradioreflejos.com.ar\/2021\/#\/schema\/person\/ad82545263dcc5ec0996818884fd5fb1\"},\"breadcrumb\":{\"@id\":\"https:\/\/www.noticiasradioreflejos.com.ar\/2021\/en-hereford-el-campeon-llego-desde-saldungaray\/#breadcrumb\"},\"inLanguage\":\"es\",\"potentialAction\":[{\"@type\":\"ReadAction\",\"target\":[\"https:\/\/www.noticiasradioreflejos.com.ar\/2021\/en-hereford-el-campeon-llego-desde-saldungaray\/\"]}]},{\"@type\":\"ImageObject\",\"inLanguage\":\"es\",\"@id\":\"https:\/\/www.noticiasradioreflejos.com.ar\/2021\/en-hereford-el-campeon-llego-desde-saldungaray\/#primaryimage\",\"url\":\"https:\/\/www.noticiasradioreflejos.com.ar\/2021\/wp-content\/uploads\/2025\/07\/campeon-hereford-santo-tomas.jpeg\",\"contentUrl\":\"https:\/\/www.noticiasradioreflejos.com.ar\/2021\/wp-content\/uploads\/2025\/07\/campeon-hereford-santo-tomas.jpeg\",\"width\":880,\"height\":586},{\"@type\":\"BreadcrumbList\",\"@id\":\"https:\/\/www.noticiasradioreflejos.com.ar\/2021\/en-hereford-el-campeon-llego-desde-saldungaray\/#breadcrumb\",\"itemListElement\":[{\"@type\":\"ListItem\",\"position\":1,\"name\":\"Portada\",\"item\":\"https:\/\/www.noticiasradioreflejos.com.ar\/2021\/\"},{\"@type\":\"ListItem\",\"position\":2,\"name\":\"En Hereford, el campe\u00f3n lleg\u00f3 desde Saldungaray\"}]},{\"@type\":\"WebSite\",\"@id\":\"https:\/\/www.noticiasradioreflejos.com.ar\/2021\/#website\",\"url\":\"https:\/\/www.noticiasradioreflejos.com.ar\/2021\/\",\"name\":\"Noticias Radio Reflejos\",\"description\":\"Las noticias de mi comarca\",\"potentialAction\":[{\"@type\":\"SearchAction\",\"target\":{\"@type\":\"EntryPoint\",\"urlTemplate\":\"https:\/\/www.noticiasradioreflejos.com.ar\/2021\/?s={search_term_string}\"},\"query-input\":{\"@type\":\"PropertyValueSpecification\",\"valueRequired\":true,\"valueName\":\"search_term_string\"}}],\"inLanguage\":\"es\"},{\"@type\":\"Person\",\"@id\":\"https:\/\/www.noticiasradioreflejos.com.ar\/2021\/#\/schema\/person\/ad82545263dcc5ec0996818884fd5fb1\",\"name\":\"Arnaldo Botto\",\"image\":{\"@type\":\"ImageObject\",\"inLanguage\":\"es\",\"@id\":\"https:\/\/www.noticiasradioreflejos.com.ar\/2021\/#\/schema\/person\/image\/\",\"url\":\"https:\/\/secure.gravatar.com\/avatar\/55cb5e37c1efa326397366e6974cb338056df65cb50e7d64d1cf314e87504837?s=96&d=mm&r=g\",\"contentUrl\":\"https:\/\/secure.gravatar.com\/avatar\/55cb5e37c1efa326397366e6974cb338056df65cb50e7d64d1cf314e87504837?s=96&d=mm&r=g\",\"caption\":\"Arnaldo Botto\"},\"url\":\"https:\/\/www.noticiasradioreflejos.com.ar\/2021\/author\/arnaldo\/\"}]}<\/script>\n<!-- \/ Yoast SEO plugin. -->","yoast_head_json":{"title":"En Hereford, el campe\u00f3n lleg\u00f3 desde Saldungaray - Noticias Radio Reflejos","robots":{"index":"index","follow":"follow","max-snippet":"max-snippet:-1","max-image-preview":"max-image-preview:large","max-video-preview":"max-video-preview:-1"},"canonical":"https:\/\/www.noticiasradioreflejos.com.ar\/2021\/en-hereford-el-campeon-llego-desde-saldungaray\/","og_locale":"es_ES","og_type":"article","og_title":"En Hereford, el campe\u00f3n lleg\u00f3 desde Saldungaray - Noticias Radio Reflejos","og_description":"El Gran Campe\u00f3n pertenece a la caba\u00f1a Don Benjam\u00edn, de Santo Tom\u00e1s de la Sierra, proveniente de Saldungaray, provincia de Buenos Aires.","og_url":"https:\/\/www.noticiasradioreflejos.com.ar\/2021\/en-hereford-el-campeon-llego-desde-saldungaray\/","og_site_name":"Noticias Radio Reflejos","article_published_time":"2025-07-27T12:00:39+00:00","og_image":[{"width":880,"height":586,"url":"https:\/\/www.noticiasradioreflejos.com.ar\/2021\/wp-content\/uploads\/2025\/07\/campeon-hereford-santo-tomas.jpeg","type":"image\/jpeg"}],"author":"Arnaldo Botto","twitter_card":"summary_large_image","schema":{"@context":"https:\/\/schema.org","@graph":[{"@type":"WebPage","@id":"https:\/\/www.noticiasradioreflejos.com.ar\/2021\/en-hereford-el-campeon-llego-desde-saldungaray\/","url":"https:\/\/www.noticiasradioreflejos.com.ar\/2021\/en-hereford-el-campeon-llego-desde-saldungaray\/","name":"En Hereford, el campe\u00f3n lleg\u00f3 desde Saldungaray - Noticias Radio Reflejos","isPartOf":{"@id":"https:\/\/www.noticiasradioreflejos.com.ar\/2021\/#website"},"primaryImageOfPage":{"@id":"https:\/\/www.noticiasradioreflejos.com.ar\/2021\/en-hereford-el-campeon-llego-desde-saldungaray\/#primaryimage"},"image":{"@id":"https:\/\/www.noticiasradioreflejos.com.ar\/2021\/en-hereford-el-campeon-llego-desde-saldungaray\/#primaryimage"},"thumbnailUrl":"https:\/\/www.noticiasradioreflejos.com.ar\/2021\/wp-content\/uploads\/2025\/07\/campeon-hereford-santo-tomas.jpeg","datePublished":"2025-07-27T12:00:39+00:00","author":{"@id":"https:\/\/www.noticiasradioreflejos.com.ar\/2021\/#\/schema\/person\/ad82545263dcc5ec0996818884fd5fb1"},"breadcrumb":{"@id":"https:\/\/www.noticiasradioreflejos.com.ar\/2021\/en-hereford-el-campeon-llego-desde-saldungaray\/#breadcrumb"},"inLanguage":"es","potentialAction":[{"@type":"ReadAction","target":["https:\/\/www.noticiasradioreflejos.com.ar\/2021\/en-hereford-el-campeon-llego-desde-saldungaray\/"]}]},{"@type":"ImageObject","inLanguage":"es","@id":"https:\/\/www.noticiasradioreflejos.com.ar\/2021\/en-hereford-el-campeon-llego-desde-saldungaray\/#primaryimage","url":"https:\/\/www.noticiasradioreflejos.com.ar\/2021\/wp-content\/uploads\/2025\/07\/campeon-hereford-santo-tomas.jpeg","contentUrl":"https:\/\/www.noticiasradioreflejos.com.ar\/2021\/wp-content\/uploads\/2025\/07\/campeon-hereford-santo-tomas.jpeg","width":880,"height":586},{"@type":"BreadcrumbList","@id":"https:\/\/www.noticiasradioreflejos.com.ar\/2021\/en-hereford-el-campeon-llego-desde-saldungaray\/#breadcrumb","itemListElement":[{"@type":"ListItem","position":1,"name":"Portada","item":"https:\/\/www.noticiasradioreflejos.com.ar\/2021\/"},{"@type":"ListItem","position":2,"name":"En Hereford, el campe\u00f3n lleg\u00f3 desde Saldungaray"}]},{"@type":"WebSite","@id":"https:\/\/www.noticiasradioreflejos.com.ar\/2021\/#website","url":"https:\/\/www.noticiasradioreflejos.com.ar\/2021\/","name":"Noticias Radio Reflejos","description":"Las noticias de mi comarca","potentialAction":[{"@type":"SearchAction","target":{"@type":"EntryPoint","urlTemplate":"https:\/\/www.noticiasradioreflejos.com.ar\/2021\/?s={search_term_string}"},"query-input":{"@type":"PropertyValueSpecification","valueRequired":true,"valueName":"search_term_string"}}],"inLanguage":"es"},{"@type":"Person","@id":"https:\/\/www.noticiasradioreflejos.com.ar\/2021\/#\/schema\/person\/ad82545263dcc5ec0996818884fd5fb1","name":"Arnaldo Botto","image":{"@type":"ImageObject","inLanguage":"es","@id":"https:\/\/www.noticiasradioreflejos.com.ar\/2021\/#\/schema\/person\/image\/","url":"https:\/\/secure.gravatar.com\/avatar\/55cb5e37c1efa326397366e6974cb338056df65cb50e7d64d1cf314e87504837?s=96&d=mm&r=g","contentUrl":"https:\/\/secure.gravatar.com\/avatar\/55cb5e37c1efa326397366e6974cb338056df65cb50e7d64d1cf314e87504837?s=96&d=mm&r=g","caption":"Arnaldo Botto"},"url":"https:\/\/www.noticiasradioreflejos.com.ar\/2021\/author\/arnaldo\/"}]}},"_links":{"self":[{"href":"https:\/\/www.noticiasradioreflejos.com.ar\/2021\/wp-json\/wp\/v2\/posts\/122339","targetHints":{"allow":["GET"]}}],"collection":[{"href":"https:\/\/www.noticiasradioreflejos.com.ar\/2021\/wp-json\/wp\/v2\/posts"}],"about":[{"href":"https:\/\/www.noticiasradioreflejos.com.ar\/2021\/wp-json\/wp\/v2\/types\/post"}],"author":[{"embeddable":true,"href":"https:\/\/www.noticiasradioreflejos.com.ar\/2021\/wp-json\/wp\/v2\/users\/3"}],"replies":[{"embeddable":true,"href":"https:\/\/www.noticiasradioreflejos.com.ar\/2021\/wp-json\/wp\/v2\/comments?post=122339"}],"version-history":[{"count":1,"href":"https:\/\/www.noticiasradioreflejos.com.ar\/2021\/wp-json\/wp\/v2\/posts\/122339\/revisions"}],"predecessor-version":[{"id":122341,"href":"https:\/\/www.noticiasradioreflejos.com.ar\/2021\/wp-json\/wp\/v2\/posts\/122339\/revisions\/122341"}],"wp:featuredmedia":[{"embeddable":true,"href":"https:\/\/www.noticiasradioreflejos.com.ar\/2021\/wp-json\/wp\/v2\/media\/122340"}],"wp:attachment":[{"href":"https:\/\/www.noticiasradioreflejos.com.ar\/2021\/wp-json\/wp\/v2\/media?parent=122339"}],"wp:term":[{"taxonomy":"category","embeddable":true,"href":"https:\/\/www.noticiasradioreflejos.com.ar\/2021\/wp-json\/wp\/v2\/categories?post=122339"},{"taxonomy":"post_tag","embeddable":true,"href":"https:\/\/www.noticiasradioreflejos.com.ar\/2021\/wp-json\/wp\/v2\/tags?post=122339"}],"curies":[{"name":"wp","href":"https:\/\/api.w.org\/{rel}","templated":true}]}}