{"id":122334,"date":"2025-07-27T08:45:30","date_gmt":"2025-07-27T11:45:30","guid":{"rendered":"https:\/\/www.noticiasradioreflejos.com.ar\/2021\/?p=122334"},"modified":"2025-07-27T08:46:37","modified_gmt":"2025-07-27T11:46:37","slug":"se-registro-un-incendio-de-pastos-en-villa-serrana-la-gruta","status":"publish","type":"post","link":"https:\/\/www.noticiasradioreflejos.com.ar\/2021\/se-registro-un-incendio-de-pastos-en-villa-serrana-la-gruta\/","title":{"rendered":"Se registr\u00f3 un incendio de pastos en Villa Serrana La Gruta"},"content":{"rendered":"<p>Cerca de la medianoche de este s\u00e1bado, los bomberos voluntarios de Tornquist, fueron convocados por un incendio de pastos que se produjo en un terreno de Villa Serrana La Gruta, lindero tambi\u00e9n a\u00a0 viviendas.<br \/>\n<!--more--><\/p>\n<p>Los servidores p\u00fablicos de Tornquist, concurrieron al lugar para sofocar el mismo. Aparentemente y seg\u00fan los primeros indicios hay personas que suelen arrojar brasas despu\u00e9s de un asado y la depositan en calles linderas.<\/p>\n<p>Las hip\u00f3tesis indican que algunas de esas brasas por el viento o por estar mal apagadas han generado este foco \u00edgneo.<\/p>\n<p>No es la primera vez que\u00a0 ocurre porque se observan en otros lugares la misma situaci\u00f3n.<\/p>\n<p>Los bomberos enfriaron toda la zona que est\u00e1 lindante a \u00e1rboles y algunas viviendas para sofocar el fuego. Tambi\u00e9n particip\u00f3 el destacamento policial y polic\u00eda comunal.<\/p>\n<p>El lugar est\u00e1 ubicado en cercan\u00edas del primer ingreso por ruta provincial 76.<\/p>\n<p><iframe loading=\"lazy\" src=\"https:\/\/www.youtube.com\/embed\/477h397Awno\" width=\"315\" height=\"560\" frameborder=\"0\" allowfullscreen=\"allowfullscreen\" data-mce-fragment=\"1\"><\/iframe><\/p>\n<div>\n<p>&nbsp;<\/p>\n<div><\/div>\n<hr \/>\n<p><img decoding=\"async\" src=\"https:\/\/www.noticiastornquist.com.ar\/imagen.php?imagen=2025-07\/013610_79_68d491465c4544a2a54881548d1e0e19.jpg\" \/><\/p>\n<div><\/div>\n<p><strong>Fuente Noticias Tornquist<\/strong><\/p>\n<\/div>\n<p>&nbsp;<\/p>\n","protected":false},"excerpt":{"rendered":"<p>Cerca de la medianoche de este s\u00e1bado, los bomberos voluntarios de Tornquist, fueron convocados por un incendio de pastos que se produjo en un terreno de Villa Serrana La Gruta, lindero tambi\u00e9n a\u00a0 viviendas.<\/p>\n","protected":false},"author":3,"featured_media":122336,"comment_status":"closed","ping_status":"closed","sticky":false,"template":"","format":"standard","meta":{"footnotes":""},"categories":[29],"tags":[48],"class_list":["post-122334","post","type-post","status-publish","format-standard","has-post-thumbnail","hentry","category-policiales","tag-destacada"],"yoast_head":"<!-- This site is optimized with the Yoast SEO plugin v25.9 - https:\/\/yoast.com\/wordpress\/plugins\/seo\/ -->\n<title>Se registr\u00f3 un incendio de pastos en Villa Serrana La Gruta - Noticias Radio Reflejos<\/title>\n<meta name=\"robots\" content=\"index, follow, max-snippet:-1, max-image-preview:large, max-video-preview:-1\" \/>\n<link rel=\"canonical\" href=\"https:\/\/www.noticiasradioreflejos.com.ar\/2021\/se-registro-un-incendio-de-pastos-en-villa-serrana-la-gruta\/\" \/>\n<meta property=\"og:locale\" content=\"es_ES\" \/>\n<meta property=\"og:type\" content=\"article\" \/>\n<meta property=\"og:title\" content=\"Se registr\u00f3 un incendio de pastos en Villa Serrana La Gruta - Noticias Radio Reflejos\" \/>\n<meta property=\"og:description\" content=\"Cerca de la medianoche de este s\u00e1bado, los bomberos voluntarios de Tornquist, fueron convocados por un incendio de pastos que se produjo en un terreno de Villa Serrana La Gruta, lindero tambi\u00e9n a\u00a0 viviendas.\" \/>\n<meta property=\"og:url\" content=\"https:\/\/www.noticiasradioreflejos.com.ar\/2021\/se-registro-un-incendio-de-pastos-en-villa-serrana-la-gruta\/\" \/>\n<meta property=\"og:site_name\" content=\"Noticias Radio Reflejos\" \/>\n<meta property=\"article:published_time\" content=\"2025-07-27T11:45:30+00:00\" \/>\n<meta property=\"article:modified_time\" content=\"2025-07-27T11:46:37+00:00\" \/>\n<meta property=\"og:image\" content=\"https:\/\/www.noticiasradioreflejos.com.ar\/2021\/wp-content\/uploads\/2025\/07\/incendio-las-grutas.jpg\" \/>\n\t<meta property=\"og:image:width\" content=\"1280\" \/>\n\t<meta property=\"og:image:height\" content=\"720\" \/>\n\t<meta property=\"og:image:type\" content=\"image\/jpeg\" \/>\n<meta name=\"author\" content=\"Arnaldo Botto\" \/>\n<meta name=\"twitter:card\" content=\"summary_large_image\" \/>\n<script type=\"application\/ld+json\" class=\"yoast-schema-graph\">{\"@context\":\"https:\/\/schema.org\",\"@graph\":[{\"@type\":\"WebPage\",\"@id\":\"https:\/\/www.noticiasradioreflejos.com.ar\/2021\/se-registro-un-incendio-de-pastos-en-villa-serrana-la-gruta\/\",\"url\":\"https:\/\/www.noticiasradioreflejos.com.ar\/2021\/se-registro-un-incendio-de-pastos-en-villa-serrana-la-gruta\/\",\"name\":\"Se registr\u00f3 un incendio de pastos en Villa Serrana La Gruta - Noticias Radio Reflejos\",\"isPartOf\":{\"@id\":\"https:\/\/www.noticiasradioreflejos.com.ar\/2021\/#website\"},\"primaryImageOfPage\":{\"@id\":\"https:\/\/www.noticiasradioreflejos.com.ar\/2021\/se-registro-un-incendio-de-pastos-en-villa-serrana-la-gruta\/#primaryimage\"},\"image\":{\"@id\":\"https:\/\/www.noticiasradioreflejos.com.ar\/2021\/se-registro-un-incendio-de-pastos-en-villa-serrana-la-gruta\/#primaryimage\"},\"thumbnailUrl\":\"https:\/\/www.noticiasradioreflejos.com.ar\/2021\/wp-content\/uploads\/2025\/07\/incendio-las-grutas.jpg\",\"datePublished\":\"2025-07-27T11:45:30+00:00\",\"dateModified\":\"2025-07-27T11:46:37+00:00\",\"author\":{\"@id\":\"https:\/\/www.noticiasradioreflejos.com.ar\/2021\/#\/schema\/person\/ad82545263dcc5ec0996818884fd5fb1\"},\"breadcrumb\":{\"@id\":\"https:\/\/www.noticiasradioreflejos.com.ar\/2021\/se-registro-un-incendio-de-pastos-en-villa-serrana-la-gruta\/#breadcrumb\"},\"inLanguage\":\"es\",\"potentialAction\":[{\"@type\":\"ReadAction\",\"target\":[\"https:\/\/www.noticiasradioreflejos.com.ar\/2021\/se-registro-un-incendio-de-pastos-en-villa-serrana-la-gruta\/\"]}]},{\"@type\":\"ImageObject\",\"inLanguage\":\"es\",\"@id\":\"https:\/\/www.noticiasradioreflejos.com.ar\/2021\/se-registro-un-incendio-de-pastos-en-villa-serrana-la-gruta\/#primaryimage\",\"url\":\"https:\/\/www.noticiasradioreflejos.com.ar\/2021\/wp-content\/uploads\/2025\/07\/incendio-las-grutas.jpg\",\"contentUrl\":\"https:\/\/www.noticiasradioreflejos.com.ar\/2021\/wp-content\/uploads\/2025\/07\/incendio-las-grutas.jpg\",\"width\":1280,\"height\":720},{\"@type\":\"BreadcrumbList\",\"@id\":\"https:\/\/www.noticiasradioreflejos.com.ar\/2021\/se-registro-un-incendio-de-pastos-en-villa-serrana-la-gruta\/#breadcrumb\",\"itemListElement\":[{\"@type\":\"ListItem\",\"position\":1,\"name\":\"Portada\",\"item\":\"https:\/\/www.noticiasradioreflejos.com.ar\/2021\/\"},{\"@type\":\"ListItem\",\"position\":2,\"name\":\"Se registr\u00f3 un incendio de pastos en Villa Serrana La Gruta\"}]},{\"@type\":\"WebSite\",\"@id\":\"https:\/\/www.noticiasradioreflejos.com.ar\/2021\/#website\",\"url\":\"https:\/\/www.noticiasradioreflejos.com.ar\/2021\/\",\"name\":\"Noticias Radio Reflejos\",\"description\":\"Las noticias de mi comarca\",\"potentialAction\":[{\"@type\":\"SearchAction\",\"target\":{\"@type\":\"EntryPoint\",\"urlTemplate\":\"https:\/\/www.noticiasradioreflejos.com.ar\/2021\/?s={search_term_string}\"},\"query-input\":{\"@type\":\"PropertyValueSpecification\",\"valueRequired\":true,\"valueName\":\"search_term_string\"}}],\"inLanguage\":\"es\"},{\"@type\":\"Person\",\"@id\":\"https:\/\/www.noticiasradioreflejos.com.ar\/2021\/#\/schema\/person\/ad82545263dcc5ec0996818884fd5fb1\",\"name\":\"Arnaldo Botto\",\"image\":{\"@type\":\"ImageObject\",\"inLanguage\":\"es\",\"@id\":\"https:\/\/www.noticiasradioreflejos.com.ar\/2021\/#\/schema\/person\/image\/\",\"url\":\"https:\/\/secure.gravatar.com\/avatar\/55cb5e37c1efa326397366e6974cb338056df65cb50e7d64d1cf314e87504837?s=96&d=mm&r=g\",\"contentUrl\":\"https:\/\/secure.gravatar.com\/avatar\/55cb5e37c1efa326397366e6974cb338056df65cb50e7d64d1cf314e87504837?s=96&d=mm&r=g\",\"caption\":\"Arnaldo Botto\"},\"url\":\"https:\/\/www.noticiasradioreflejos.com.ar\/2021\/author\/arnaldo\/\"}]}<\/script>\n<!-- \/ Yoast SEO plugin. -->","yoast_head_json":{"title":"Se registr\u00f3 un incendio de pastos en Villa Serrana La Gruta - Noticias Radio Reflejos","robots":{"index":"index","follow":"follow","max-snippet":"max-snippet:-1","max-image-preview":"max-image-preview:large","max-video-preview":"max-video-preview:-1"},"canonical":"https:\/\/www.noticiasradioreflejos.com.ar\/2021\/se-registro-un-incendio-de-pastos-en-villa-serrana-la-gruta\/","og_locale":"es_ES","og_type":"article","og_title":"Se registr\u00f3 un incendio de pastos en Villa Serrana La Gruta - Noticias Radio Reflejos","og_description":"Cerca de la medianoche de este s\u00e1bado, los bomberos voluntarios de Tornquist, fueron convocados por un incendio de pastos que se produjo en un terreno de Villa Serrana La Gruta, lindero tambi\u00e9n a\u00a0 viviendas.","og_url":"https:\/\/www.noticiasradioreflejos.com.ar\/2021\/se-registro-un-incendio-de-pastos-en-villa-serrana-la-gruta\/","og_site_name":"Noticias Radio Reflejos","article_published_time":"2025-07-27T11:45:30+00:00","article_modified_time":"2025-07-27T11:46:37+00:00","og_image":[{"width":1280,"height":720,"url":"https:\/\/www.noticiasradioreflejos.com.ar\/2021\/wp-content\/uploads\/2025\/07\/incendio-las-grutas.jpg","type":"image\/jpeg"}],"author":"Arnaldo Botto","twitter_card":"summary_large_image","schema":{"@context":"https:\/\/schema.org","@graph":[{"@type":"WebPage","@id":"https:\/\/www.noticiasradioreflejos.com.ar\/2021\/se-registro-un-incendio-de-pastos-en-villa-serrana-la-gruta\/","url":"https:\/\/www.noticiasradioreflejos.com.ar\/2021\/se-registro-un-incendio-de-pastos-en-villa-serrana-la-gruta\/","name":"Se registr\u00f3 un incendio de pastos en Villa Serrana La Gruta - Noticias Radio Reflejos","isPartOf":{"@id":"https:\/\/www.noticiasradioreflejos.com.ar\/2021\/#website"},"primaryImageOfPage":{"@id":"https:\/\/www.noticiasradioreflejos.com.ar\/2021\/se-registro-un-incendio-de-pastos-en-villa-serrana-la-gruta\/#primaryimage"},"image":{"@id":"https:\/\/www.noticiasradioreflejos.com.ar\/2021\/se-registro-un-incendio-de-pastos-en-villa-serrana-la-gruta\/#primaryimage"},"thumbnailUrl":"https:\/\/www.noticiasradioreflejos.com.ar\/2021\/wp-content\/uploads\/2025\/07\/incendio-las-grutas.jpg","datePublished":"2025-07-27T11:45:30+00:00","dateModified":"2025-07-27T11:46:37+00:00","author":{"@id":"https:\/\/www.noticiasradioreflejos.com.ar\/2021\/#\/schema\/person\/ad82545263dcc5ec0996818884fd5fb1"},"breadcrumb":{"@id":"https:\/\/www.noticiasradioreflejos.com.ar\/2021\/se-registro-un-incendio-de-pastos-en-villa-serrana-la-gruta\/#breadcrumb"},"inLanguage":"es","potentialAction":[{"@type":"ReadAction","target":["https:\/\/www.noticiasradioreflejos.com.ar\/2021\/se-registro-un-incendio-de-pastos-en-villa-serrana-la-gruta\/"]}]},{"@type":"ImageObject","inLanguage":"es","@id":"https:\/\/www.noticiasradioreflejos.com.ar\/2021\/se-registro-un-incendio-de-pastos-en-villa-serrana-la-gruta\/#primaryimage","url":"https:\/\/www.noticiasradioreflejos.com.ar\/2021\/wp-content\/uploads\/2025\/07\/incendio-las-grutas.jpg","contentUrl":"https:\/\/www.noticiasradioreflejos.com.ar\/2021\/wp-content\/uploads\/2025\/07\/incendio-las-grutas.jpg","width":1280,"height":720},{"@type":"BreadcrumbList","@id":"https:\/\/www.noticiasradioreflejos.com.ar\/2021\/se-registro-un-incendio-de-pastos-en-villa-serrana-la-gruta\/#breadcrumb","itemListElement":[{"@type":"ListItem","position":1,"name":"Portada","item":"https:\/\/www.noticiasradioreflejos.com.ar\/2021\/"},{"@type":"ListItem","position":2,"name":"Se registr\u00f3 un incendio de pastos en Villa Serrana La Gruta"}]},{"@type":"WebSite","@id":"https:\/\/www.noticiasradioreflejos.com.ar\/2021\/#website","url":"https:\/\/www.noticiasradioreflejos.com.ar\/2021\/","name":"Noticias Radio Reflejos","description":"Las noticias de mi comarca","potentialAction":[{"@type":"SearchAction","target":{"@type":"EntryPoint","urlTemplate":"https:\/\/www.noticiasradioreflejos.com.ar\/2021\/?s={search_term_string}"},"query-input":{"@type":"PropertyValueSpecification","valueRequired":true,"valueName":"search_term_string"}}],"inLanguage":"es"},{"@type":"Person","@id":"https:\/\/www.noticiasradioreflejos.com.ar\/2021\/#\/schema\/person\/ad82545263dcc5ec0996818884fd5fb1","name":"Arnaldo Botto","image":{"@type":"ImageObject","inLanguage":"es","@id":"https:\/\/www.noticiasradioreflejos.com.ar\/2021\/#\/schema\/person\/image\/","url":"https:\/\/secure.gravatar.com\/avatar\/55cb5e37c1efa326397366e6974cb338056df65cb50e7d64d1cf314e87504837?s=96&d=mm&r=g","contentUrl":"https:\/\/secure.gravatar.com\/avatar\/55cb5e37c1efa326397366e6974cb338056df65cb50e7d64d1cf314e87504837?s=96&d=mm&r=g","caption":"Arnaldo Botto"},"url":"https:\/\/www.noticiasradioreflejos.com.ar\/2021\/author\/arnaldo\/"}]}},"_links":{"self":[{"href":"https:\/\/www.noticiasradioreflejos.com.ar\/2021\/wp-json\/wp\/v2\/posts\/122334","targetHints":{"allow":["GET"]}}],"collection":[{"href":"https:\/\/www.noticiasradioreflejos.com.ar\/2021\/wp-json\/wp\/v2\/posts"}],"about":[{"href":"https:\/\/www.noticiasradioreflejos.com.ar\/2021\/wp-json\/wp\/v2\/types\/post"}],"author":[{"embeddable":true,"href":"https:\/\/www.noticiasradioreflejos.com.ar\/2021\/wp-json\/wp\/v2\/users\/3"}],"replies":[{"embeddable":true,"href":"https:\/\/www.noticiasradioreflejos.com.ar\/2021\/wp-json\/wp\/v2\/comments?post=122334"}],"version-history":[{"count":2,"href":"https:\/\/www.noticiasradioreflejos.com.ar\/2021\/wp-json\/wp\/v2\/posts\/122334\/revisions"}],"predecessor-version":[{"id":122338,"href":"https:\/\/www.noticiasradioreflejos.com.ar\/2021\/wp-json\/wp\/v2\/posts\/122334\/revisions\/122338"}],"wp:featuredmedia":[{"embeddable":true,"href":"https:\/\/www.noticiasradioreflejos.com.ar\/2021\/wp-json\/wp\/v2\/media\/122336"}],"wp:attachment":[{"href":"https:\/\/www.noticiasradioreflejos.com.ar\/2021\/wp-json\/wp\/v2\/media?parent=122334"}],"wp:term":[{"taxonomy":"category","embeddable":true,"href":"https:\/\/www.noticiasradioreflejos.com.ar\/2021\/wp-json\/wp\/v2\/categories?post=122334"},{"taxonomy":"post_tag","embeddable":true,"href":"https:\/\/www.noticiasradioreflejos.com.ar\/2021\/wp-json\/wp\/v2\/tags?post=122334"}],"curies":[{"name":"wp","href":"https:\/\/api.w.org\/{rel}","templated":true}]}}