{"id":122331,"date":"2025-07-27T08:36:24","date_gmt":"2025-07-27T11:36:24","guid":{"rendered":"https:\/\/www.noticiasradioreflejos.com.ar\/2021\/?p=122331"},"modified":"2025-07-27T08:42:55","modified_gmt":"2025-07-27T11:42:55","slug":"el-consumo-en-bares-y-restaurantes-cayo-hasta-30-en-lo-que-va-del-ano","status":"publish","type":"post","link":"https:\/\/www.noticiasradioreflejos.com.ar\/2021\/el-consumo-en-bares-y-restaurantes-cayo-hasta-30-en-lo-que-va-del-ano\/","title":{"rendered":"El consumo en bares y restaurantes cay\u00f3 hasta 30% en lo que va del a\u00f1o"},"content":{"rendered":"<p>El\u00a0<strong>consumo en bares y restaurantes cay\u00f3 entre 20% y 30%<\/strong>\u00a0en lo que va del a\u00f1o, seg\u00fan referentes del sector. La baja\u00a0<strong>duplica la registrada en 2024\u00a0<\/strong>y afecta tanto al turismo como al p\u00fablico local, que ajust\u00f3 sus h\u00e1bitos para sostener salidas m\u00e1s austeras.<!--more--><\/p>\n<p>El impacto de la crisis se profundiza por el\u00a0<strong>aumento en los costos fijos<\/strong>. Las boletas de servicios duplicaron su valor, los alquileres se dispararon y el costo laboral presiona sobre negocios que ya no logran cubrir sus gastos con la facturaci\u00f3n actual. La demanda se mantiene deprimida y no convalida mayores precios.<\/p>\n<p><strong>Carlos Alberto Yanelli, presidente de la C\u00e1mara de Restaurantes<\/strong>, sostuvo que \u201cel consumo gastron\u00f3mico est\u00e1 completamente deprimido\u201d. Explic\u00f3 que si bien el contexto muestra se\u00f1ales desinflacionarias, los costos de mercader\u00eda, servicios y alquileres siguen por encima del promedio general de precios, lo que deteriora la rentabilidad. \u201cLos restaurantes no pueden trasladar esos aumentos porque la demanda no valida valores superiores\u201d, agreg\u00f3.<\/p>\n<p><strong>Daniel Prieto, presidente de la Asociaci\u00f3n de Hoteles, Restaurantes, Confiter\u00edas y Caf\u00e9s<\/strong>\u00a0(AHRCC), coincidi\u00f3 en que \u201cla ca\u00edda interanual ronda el 30%\u201d y se\u00f1al\u00f3 que el turismo tampoco sostiene la actividad como en otras crisis. \u201cAntes bajaba el turismo por el tipo de cambio, pero sub\u00eda el consumo local. Ahora bajaron ambos. La gente viene menos y el que viene, gasta menos\u201d.<\/p>\n<p class=\"has-medium-font-size\"><strong>Adaptarse en tiempos dif\u00edciles<\/strong><\/p>\n<p>Ambos dirigentes remarcaron que los establecimientos intentan adaptarse con cartas m\u00e1s acotadas, acuerdos con proveedores y promociones con tarjetas o men\u00fas ejecutivos en horarios de baja demanda. Algunos optan por porciones m\u00e1s grandes para compartir o campa\u00f1as en redes para mantener su visibilidad. \u201cCada restaurante conoce a su cliente y aplica estrategias para sostenerlo\u201d, detall\u00f3 Yanelli.<\/p>\n<p>El cambio de h\u00e1bito tambi\u00e9n se refleja en los platos elegidos. Prieto explic\u00f3: \u201cLas parrillas ya no ofrecen lomo ni vac\u00edo, y optan por cortes m\u00e1s baratos\u201d.<\/p>\n<p>En bodegones y pizzer\u00edas, los platos para compartir ganaron terreno. Seg\u00fan los referentes, se trata de una elecci\u00f3n forzada por la p\u00e9rdida de poder adquisitivo.<\/p>\n<p>Desde la C\u00e1mara de Restaurantes advierten que \u201cel rubro es de los primeros en acusar el golpe y de los \u00faltimos en recuperarse\u201d. La p\u00e9rdida de empleos ya es visible, al igual que la reducci\u00f3n de estructuras para evitar cierres. \u201cHay que achicar porque la estructura anterior es inviable\u201d, sostuvo Yanelli.<\/p>\n<p>El cierre de locales peque\u00f1os en barrios con menor circulaci\u00f3n tambi\u00e9n se intensific\u00f3. Algunos debieron desprenderse de personal fijo y reemplazarlo por servicios tercerizados, lo que impacta en la calidad del servicio y en la estabilidad laboral. Otros eligieron concentrar sus operaciones en una \u00fanica sede, abandonando sucursales que no cubr\u00edan costos b\u00e1sicos.<\/p>\n<p>Prieto, por su parte, subray\u00f3 la importancia de la sinergia entre el sector privado y el Gobierno porte\u00f1o. Destac\u00f3 medidas recientes como el impulso a promociones tur\u00edsticas, actividades culturales y ferias gastron\u00f3micas para atraer p\u00fablico local y visitante. Tambi\u00e9n valor\u00f3 el rol de BA Capital Gastron\u00f3mica en acciones como el men\u00fa infantil durante las vacaciones.<\/p>\n<p class=\"has-medium-font-size\"><strong>Disminuci\u00f3n del turismo impacta<\/strong><\/p>\n<p>La merma en la llegada de turistas impacta con fuerza en zonas como San Telmo, Recoleta o el Centro porte\u00f1o. \u201cEn La Boca o San Telmo no hay casi nada de turismo. Ni europeo, ni del interior, ni lim\u00edtrofe\u201d, apunt\u00f3 Prieto.<\/p>\n<blockquote class=\"wp-block-quote is-layout-flow wp-block-quote-is-layout-flow\"><p>Seg\u00fan datos del sector, el d\u00e9ficit tur\u00edstico del primer cuatrimestre alcanz\u00f3 un r\u00e9cord con saldo negativo de 5,1 millones de personas.<\/p><\/blockquote>\n<p>A esto se suma un cambio estructural: el cliente que antes sal\u00eda tres veces por semana ahora lo hace una, y prioriza experiencias de menor costo. El ticket promedio cay\u00f3 en forma pareja en cenas y almuerzos, y la merienda \u2014tradicional refugio de consumo accesible\u2014 tambi\u00e9n redujo su volumen. Las cafeter\u00edas se volcaron a combos promocionales y mayor rotaci\u00f3n de turnos.<\/p>\n<p class=\"has-medium-font-size\"><strong>Que se necesita para volver a crecer<\/strong><\/p>\n<p>Para los referentes, el camino para sostenerse exige una doble estrategia:\u00a0<strong>racionalizar los costos y mantener viva la demanda<\/strong>, aunque sea a menor escala. En muchos casos, la fidelizaci\u00f3n del cliente habitual marca la diferencia entre cerrar o resistir. Por eso se multiplican las acciones espec\u00edficas, desde men\u00fas rotativos hasta experiencias tem\u00e1ticas o alianzas con otras marcas barriales.<\/p>\n<p>Expertos insisten en que\u00a0<strong>una desregulaci\u00f3n impositiva podr\u00eda aliviar la presi\u00f3n sobre los m\u00e1rgenes<\/strong>. Plantean que la reducci\u00f3n de cargas locales y nacionales tanto del Gobierno nacional como de la Ciudad, as\u00ed como la revisi\u00f3n de tasas y habilitaciones, permitir\u00eda recomponer parte de la rentabilidad sin trasladar aumentos al consumidor. Se\u00f1alan que, en el contexto actual, cada punto de alivio puede marcar la diferencia entre subsistir o bajar la persiana.<\/p>\n<p><strong>Las proyecciones para la segunda mitad del a\u00f1o son inciertas.<\/strong>\u00a0Desde el sector, se\u00f1alan que la estacionalidad invernal complica a\u00fan m\u00e1s la situaci\u00f3n, especialmente en zonas de menor densidad. Esperan que el repunte tur\u00edstico previsto para la primavera y las vacaciones de fin de a\u00f1o contribuya a aliviar la situaci\u00f3n, aunque aclaran que sin una recuperaci\u00f3n general del ingreso, los bares y restaurantes seguir\u00e1n en una situaci\u00f3n cr\u00edtica.<\/p>\n<p>Pese al contexto adverso, algunos establecimientos buscan diversificar su negocio a trav\u00e9s del delivery o la venta de platos listos para terminar en casa. Otros apuestan a reforzar la comunicaci\u00f3n y las redes sociales. \u201cNo se sale solo. El rubro no es una isla. Debe haber una reactivaci\u00f3n general\u201d, concluy\u00f3 Yanelli.<\/p>\n<p>Fuente: diario \u00c1mbito<\/p>\n","protected":false},"excerpt":{"rendered":"<p>El\u00a0consumo en bares y restaurantes cay\u00f3 entre 20% y 30%\u00a0en lo que va del a\u00f1o, seg\u00fan referentes del sector. La baja\u00a0duplica la registrada en 2024\u00a0y afecta tanto al turismo como al p\u00fablico local, que ajust\u00f3 sus h\u00e1bitos para sostener salidas m\u00e1s austeras.<\/p>\n","protected":false},"author":3,"featured_media":122332,"comment_status":"closed","ping_status":"closed","sticky":false,"template":"","format":"standard","meta":{"footnotes":""},"categories":[36],"tags":[48],"class_list":["post-122331","post","type-post","status-publish","format-standard","has-post-thumbnail","hentry","category-economia","tag-destacada"],"yoast_head":"<!-- This site is optimized with the Yoast SEO plugin v25.9 - https:\/\/yoast.com\/wordpress\/plugins\/seo\/ -->\n<title>El consumo en bares y restaurantes cay\u00f3 hasta 30% en lo que va del a\u00f1o - Noticias Radio Reflejos<\/title>\n<meta name=\"robots\" content=\"index, follow, max-snippet:-1, max-image-preview:large, max-video-preview:-1\" \/>\n<link rel=\"canonical\" href=\"https:\/\/www.noticiasradioreflejos.com.ar\/2021\/el-consumo-en-bares-y-restaurantes-cayo-hasta-30-en-lo-que-va-del-ano\/\" \/>\n<meta property=\"og:locale\" content=\"es_ES\" \/>\n<meta property=\"og:type\" content=\"article\" \/>\n<meta property=\"og:title\" content=\"El consumo en bares y restaurantes cay\u00f3 hasta 30% en lo que va del a\u00f1o - Noticias Radio Reflejos\" \/>\n<meta property=\"og:description\" content=\"El\u00a0consumo en bares y restaurantes cay\u00f3 entre 20% y 30%\u00a0en lo que va del a\u00f1o, seg\u00fan referentes del sector. La baja\u00a0duplica la registrada en 2024\u00a0y afecta tanto al turismo como al p\u00fablico local, que ajust\u00f3 sus h\u00e1bitos para sostener salidas m\u00e1s austeras.\" \/>\n<meta property=\"og:url\" content=\"https:\/\/www.noticiasradioreflejos.com.ar\/2021\/el-consumo-en-bares-y-restaurantes-cayo-hasta-30-en-lo-que-va-del-ano\/\" \/>\n<meta property=\"og:site_name\" content=\"Noticias Radio Reflejos\" \/>\n<meta property=\"article:published_time\" content=\"2025-07-27T11:36:24+00:00\" \/>\n<meta property=\"article:modified_time\" content=\"2025-07-27T11:42:55+00:00\" \/>\n<meta property=\"og:image\" content=\"https:\/\/www.noticiasradioreflejos.com.ar\/2021\/wp-content\/uploads\/2025\/07\/bares-restaurantes.jpg\" \/>\n\t<meta property=\"og:image:width\" content=\"700\" \/>\n\t<meta property=\"og:image:height\" content=\"468\" \/>\n\t<meta property=\"og:image:type\" content=\"image\/jpeg\" \/>\n<meta name=\"author\" content=\"Arnaldo Botto\" \/>\n<meta name=\"twitter:card\" content=\"summary_large_image\" \/>\n<script type=\"application\/ld+json\" class=\"yoast-schema-graph\">{\"@context\":\"https:\/\/schema.org\",\"@graph\":[{\"@type\":\"WebPage\",\"@id\":\"https:\/\/www.noticiasradioreflejos.com.ar\/2021\/el-consumo-en-bares-y-restaurantes-cayo-hasta-30-en-lo-que-va-del-ano\/\",\"url\":\"https:\/\/www.noticiasradioreflejos.com.ar\/2021\/el-consumo-en-bares-y-restaurantes-cayo-hasta-30-en-lo-que-va-del-ano\/\",\"name\":\"El consumo en bares y restaurantes cay\u00f3 hasta 30% en lo que va del a\u00f1o - Noticias Radio Reflejos\",\"isPartOf\":{\"@id\":\"https:\/\/www.noticiasradioreflejos.com.ar\/2021\/#website\"},\"primaryImageOfPage\":{\"@id\":\"https:\/\/www.noticiasradioreflejos.com.ar\/2021\/el-consumo-en-bares-y-restaurantes-cayo-hasta-30-en-lo-que-va-del-ano\/#primaryimage\"},\"image\":{\"@id\":\"https:\/\/www.noticiasradioreflejos.com.ar\/2021\/el-consumo-en-bares-y-restaurantes-cayo-hasta-30-en-lo-que-va-del-ano\/#primaryimage\"},\"thumbnailUrl\":\"https:\/\/www.noticiasradioreflejos.com.ar\/2021\/wp-content\/uploads\/2025\/07\/bares-restaurantes.jpg\",\"datePublished\":\"2025-07-27T11:36:24+00:00\",\"dateModified\":\"2025-07-27T11:42:55+00:00\",\"author\":{\"@id\":\"https:\/\/www.noticiasradioreflejos.com.ar\/2021\/#\/schema\/person\/ad82545263dcc5ec0996818884fd5fb1\"},\"breadcrumb\":{\"@id\":\"https:\/\/www.noticiasradioreflejos.com.ar\/2021\/el-consumo-en-bares-y-restaurantes-cayo-hasta-30-en-lo-que-va-del-ano\/#breadcrumb\"},\"inLanguage\":\"es\",\"potentialAction\":[{\"@type\":\"ReadAction\",\"target\":[\"https:\/\/www.noticiasradioreflejos.com.ar\/2021\/el-consumo-en-bares-y-restaurantes-cayo-hasta-30-en-lo-que-va-del-ano\/\"]}]},{\"@type\":\"ImageObject\",\"inLanguage\":\"es\",\"@id\":\"https:\/\/www.noticiasradioreflejos.com.ar\/2021\/el-consumo-en-bares-y-restaurantes-cayo-hasta-30-en-lo-que-va-del-ano\/#primaryimage\",\"url\":\"https:\/\/www.noticiasradioreflejos.com.ar\/2021\/wp-content\/uploads\/2025\/07\/bares-restaurantes.jpg\",\"contentUrl\":\"https:\/\/www.noticiasradioreflejos.com.ar\/2021\/wp-content\/uploads\/2025\/07\/bares-restaurantes.jpg\",\"width\":700,\"height\":468},{\"@type\":\"BreadcrumbList\",\"@id\":\"https:\/\/www.noticiasradioreflejos.com.ar\/2021\/el-consumo-en-bares-y-restaurantes-cayo-hasta-30-en-lo-que-va-del-ano\/#breadcrumb\",\"itemListElement\":[{\"@type\":\"ListItem\",\"position\":1,\"name\":\"Portada\",\"item\":\"https:\/\/www.noticiasradioreflejos.com.ar\/2021\/\"},{\"@type\":\"ListItem\",\"position\":2,\"name\":\"El consumo en bares y restaurantes cay\u00f3 hasta 30% en lo que va del a\u00f1o\"}]},{\"@type\":\"WebSite\",\"@id\":\"https:\/\/www.noticiasradioreflejos.com.ar\/2021\/#website\",\"url\":\"https:\/\/www.noticiasradioreflejos.com.ar\/2021\/\",\"name\":\"Noticias Radio Reflejos\",\"description\":\"Las noticias de mi comarca\",\"potentialAction\":[{\"@type\":\"SearchAction\",\"target\":{\"@type\":\"EntryPoint\",\"urlTemplate\":\"https:\/\/www.noticiasradioreflejos.com.ar\/2021\/?s={search_term_string}\"},\"query-input\":{\"@type\":\"PropertyValueSpecification\",\"valueRequired\":true,\"valueName\":\"search_term_string\"}}],\"inLanguage\":\"es\"},{\"@type\":\"Person\",\"@id\":\"https:\/\/www.noticiasradioreflejos.com.ar\/2021\/#\/schema\/person\/ad82545263dcc5ec0996818884fd5fb1\",\"name\":\"Arnaldo Botto\",\"image\":{\"@type\":\"ImageObject\",\"inLanguage\":\"es\",\"@id\":\"https:\/\/www.noticiasradioreflejos.com.ar\/2021\/#\/schema\/person\/image\/\",\"url\":\"https:\/\/secure.gravatar.com\/avatar\/55cb5e37c1efa326397366e6974cb338056df65cb50e7d64d1cf314e87504837?s=96&d=mm&r=g\",\"contentUrl\":\"https:\/\/secure.gravatar.com\/avatar\/55cb5e37c1efa326397366e6974cb338056df65cb50e7d64d1cf314e87504837?s=96&d=mm&r=g\",\"caption\":\"Arnaldo Botto\"},\"url\":\"https:\/\/www.noticiasradioreflejos.com.ar\/2021\/author\/arnaldo\/\"}]}<\/script>\n<!-- \/ Yoast SEO plugin. -->","yoast_head_json":{"title":"El consumo en bares y restaurantes cay\u00f3 hasta 30% en lo que va del a\u00f1o - Noticias Radio Reflejos","robots":{"index":"index","follow":"follow","max-snippet":"max-snippet:-1","max-image-preview":"max-image-preview:large","max-video-preview":"max-video-preview:-1"},"canonical":"https:\/\/www.noticiasradioreflejos.com.ar\/2021\/el-consumo-en-bares-y-restaurantes-cayo-hasta-30-en-lo-que-va-del-ano\/","og_locale":"es_ES","og_type":"article","og_title":"El consumo en bares y restaurantes cay\u00f3 hasta 30% en lo que va del a\u00f1o - Noticias Radio Reflejos","og_description":"El\u00a0consumo en bares y restaurantes cay\u00f3 entre 20% y 30%\u00a0en lo que va del a\u00f1o, seg\u00fan referentes del sector. La baja\u00a0duplica la registrada en 2024\u00a0y afecta tanto al turismo como al p\u00fablico local, que ajust\u00f3 sus h\u00e1bitos para sostener salidas m\u00e1s austeras.","og_url":"https:\/\/www.noticiasradioreflejos.com.ar\/2021\/el-consumo-en-bares-y-restaurantes-cayo-hasta-30-en-lo-que-va-del-ano\/","og_site_name":"Noticias Radio Reflejos","article_published_time":"2025-07-27T11:36:24+00:00","article_modified_time":"2025-07-27T11:42:55+00:00","og_image":[{"width":700,"height":468,"url":"https:\/\/www.noticiasradioreflejos.com.ar\/2021\/wp-content\/uploads\/2025\/07\/bares-restaurantes.jpg","type":"image\/jpeg"}],"author":"Arnaldo Botto","twitter_card":"summary_large_image","schema":{"@context":"https:\/\/schema.org","@graph":[{"@type":"WebPage","@id":"https:\/\/www.noticiasradioreflejos.com.ar\/2021\/el-consumo-en-bares-y-restaurantes-cayo-hasta-30-en-lo-que-va-del-ano\/","url":"https:\/\/www.noticiasradioreflejos.com.ar\/2021\/el-consumo-en-bares-y-restaurantes-cayo-hasta-30-en-lo-que-va-del-ano\/","name":"El consumo en bares y restaurantes cay\u00f3 hasta 30% en lo que va del a\u00f1o - Noticias Radio Reflejos","isPartOf":{"@id":"https:\/\/www.noticiasradioreflejos.com.ar\/2021\/#website"},"primaryImageOfPage":{"@id":"https:\/\/www.noticiasradioreflejos.com.ar\/2021\/el-consumo-en-bares-y-restaurantes-cayo-hasta-30-en-lo-que-va-del-ano\/#primaryimage"},"image":{"@id":"https:\/\/www.noticiasradioreflejos.com.ar\/2021\/el-consumo-en-bares-y-restaurantes-cayo-hasta-30-en-lo-que-va-del-ano\/#primaryimage"},"thumbnailUrl":"https:\/\/www.noticiasradioreflejos.com.ar\/2021\/wp-content\/uploads\/2025\/07\/bares-restaurantes.jpg","datePublished":"2025-07-27T11:36:24+00:00","dateModified":"2025-07-27T11:42:55+00:00","author":{"@id":"https:\/\/www.noticiasradioreflejos.com.ar\/2021\/#\/schema\/person\/ad82545263dcc5ec0996818884fd5fb1"},"breadcrumb":{"@id":"https:\/\/www.noticiasradioreflejos.com.ar\/2021\/el-consumo-en-bares-y-restaurantes-cayo-hasta-30-en-lo-que-va-del-ano\/#breadcrumb"},"inLanguage":"es","potentialAction":[{"@type":"ReadAction","target":["https:\/\/www.noticiasradioreflejos.com.ar\/2021\/el-consumo-en-bares-y-restaurantes-cayo-hasta-30-en-lo-que-va-del-ano\/"]}]},{"@type":"ImageObject","inLanguage":"es","@id":"https:\/\/www.noticiasradioreflejos.com.ar\/2021\/el-consumo-en-bares-y-restaurantes-cayo-hasta-30-en-lo-que-va-del-ano\/#primaryimage","url":"https:\/\/www.noticiasradioreflejos.com.ar\/2021\/wp-content\/uploads\/2025\/07\/bares-restaurantes.jpg","contentUrl":"https:\/\/www.noticiasradioreflejos.com.ar\/2021\/wp-content\/uploads\/2025\/07\/bares-restaurantes.jpg","width":700,"height":468},{"@type":"BreadcrumbList","@id":"https:\/\/www.noticiasradioreflejos.com.ar\/2021\/el-consumo-en-bares-y-restaurantes-cayo-hasta-30-en-lo-que-va-del-ano\/#breadcrumb","itemListElement":[{"@type":"ListItem","position":1,"name":"Portada","item":"https:\/\/www.noticiasradioreflejos.com.ar\/2021\/"},{"@type":"ListItem","position":2,"name":"El consumo en bares y restaurantes cay\u00f3 hasta 30% en lo que va del a\u00f1o"}]},{"@type":"WebSite","@id":"https:\/\/www.noticiasradioreflejos.com.ar\/2021\/#website","url":"https:\/\/www.noticiasradioreflejos.com.ar\/2021\/","name":"Noticias Radio Reflejos","description":"Las noticias de mi comarca","potentialAction":[{"@type":"SearchAction","target":{"@type":"EntryPoint","urlTemplate":"https:\/\/www.noticiasradioreflejos.com.ar\/2021\/?s={search_term_string}"},"query-input":{"@type":"PropertyValueSpecification","valueRequired":true,"valueName":"search_term_string"}}],"inLanguage":"es"},{"@type":"Person","@id":"https:\/\/www.noticiasradioreflejos.com.ar\/2021\/#\/schema\/person\/ad82545263dcc5ec0996818884fd5fb1","name":"Arnaldo Botto","image":{"@type":"ImageObject","inLanguage":"es","@id":"https:\/\/www.noticiasradioreflejos.com.ar\/2021\/#\/schema\/person\/image\/","url":"https:\/\/secure.gravatar.com\/avatar\/55cb5e37c1efa326397366e6974cb338056df65cb50e7d64d1cf314e87504837?s=96&d=mm&r=g","contentUrl":"https:\/\/secure.gravatar.com\/avatar\/55cb5e37c1efa326397366e6974cb338056df65cb50e7d64d1cf314e87504837?s=96&d=mm&r=g","caption":"Arnaldo Botto"},"url":"https:\/\/www.noticiasradioreflejos.com.ar\/2021\/author\/arnaldo\/"}]}},"_links":{"self":[{"href":"https:\/\/www.noticiasradioreflejos.com.ar\/2021\/wp-json\/wp\/v2\/posts\/122331","targetHints":{"allow":["GET"]}}],"collection":[{"href":"https:\/\/www.noticiasradioreflejos.com.ar\/2021\/wp-json\/wp\/v2\/posts"}],"about":[{"href":"https:\/\/www.noticiasradioreflejos.com.ar\/2021\/wp-json\/wp\/v2\/types\/post"}],"author":[{"embeddable":true,"href":"https:\/\/www.noticiasradioreflejos.com.ar\/2021\/wp-json\/wp\/v2\/users\/3"}],"replies":[{"embeddable":true,"href":"https:\/\/www.noticiasradioreflejos.com.ar\/2021\/wp-json\/wp\/v2\/comments?post=122331"}],"version-history":[{"count":2,"href":"https:\/\/www.noticiasradioreflejos.com.ar\/2021\/wp-json\/wp\/v2\/posts\/122331\/revisions"}],"predecessor-version":[{"id":122335,"href":"https:\/\/www.noticiasradioreflejos.com.ar\/2021\/wp-json\/wp\/v2\/posts\/122331\/revisions\/122335"}],"wp:featuredmedia":[{"embeddable":true,"href":"https:\/\/www.noticiasradioreflejos.com.ar\/2021\/wp-json\/wp\/v2\/media\/122332"}],"wp:attachment":[{"href":"https:\/\/www.noticiasradioreflejos.com.ar\/2021\/wp-json\/wp\/v2\/media?parent=122331"}],"wp:term":[{"taxonomy":"category","embeddable":true,"href":"https:\/\/www.noticiasradioreflejos.com.ar\/2021\/wp-json\/wp\/v2\/categories?post=122331"},{"taxonomy":"post_tag","embeddable":true,"href":"https:\/\/www.noticiasradioreflejos.com.ar\/2021\/wp-json\/wp\/v2\/tags?post=122331"}],"curies":[{"name":"wp","href":"https:\/\/api.w.org\/{rel}","templated":true}]}}