{"id":122323,"date":"2025-07-26T13:34:42","date_gmt":"2025-07-26T16:34:42","guid":{"rendered":"https:\/\/www.noticiasradioreflejos.com.ar\/2021\/?p=122323"},"modified":"2025-07-26T13:34:42","modified_gmt":"2025-07-26T16:34:42","slug":"efecto-shein-en-las-importaciones-hasta-boca-y-river-ya-traen-camisetas-desde-brasil","status":"publish","type":"post","link":"https:\/\/www.noticiasradioreflejos.com.ar\/2021\/efecto-shein-en-las-importaciones-hasta-boca-y-river-ya-traen-camisetas-desde-brasil\/","title":{"rendered":"Efecto Shein en las importaciones: hasta Boca y River ya traen camisetas desde Brasil"},"content":{"rendered":"<p>Se triplican las compras online desde el exterior, sobre todo de las marcas chinas de precios ultrabajos. Tambi\u00e9n aumenta la importaci\u00f3n por parte de fabricantes locales. El Gobierno abre las puertas, mientras EEUU., Europa, Brasil y M\u00e9xico se cierran para proteger el trabajo, el medio ambiente y la salud de los consumidores.<!--more--><\/p>\n<div class=\"content-container col-12 col-lg-8\">\n<div class=\"c-content\">\n<div class=\"partner-wrapper opening\" data-mrf-recirculation=\"Apertura\">\n<div class=\"second-col\">\n<figure class=\"ni-figure\"><picture class=\"news-image\"><source srcset=\"https:\/\/static.eldiario.es\/clip\/83035740-0eb9-416f-8feb-849d8fc95ab7_16-9-discover-aspect-ratio_50p_0.webp\" type=\"image\/webp\" media=\"(max-width: 576px)\" \/><source srcset=\"https:\/\/static.eldiario.es\/clip\/83035740-0eb9-416f-8feb-849d8fc95ab7_16-9-discover-aspect-ratio_50p_0.jpg\" type=\"image\/jpg\" media=\"(max-width: 576px)\" \/><source srcset=\"https:\/\/static.eldiario.es\/clip\/83035740-0eb9-416f-8feb-849d8fc95ab7_16-9-discover-aspect-ratio_75p_0.webp\" type=\"image\/webp\" media=\"(max-width: 767px)\" \/><source srcset=\"https:\/\/static.eldiario.es\/clip\/83035740-0eb9-416f-8feb-849d8fc95ab7_16-9-discover-aspect-ratio_75p_0.jpg\" type=\"image\/jpg\" media=\"(max-width: 767px)\" \/><source srcset=\"https:\/\/static.eldiario.es\/clip\/83035740-0eb9-416f-8feb-849d8fc95ab7_16-9-discover-aspect-ratio_default_0.webp\" type=\"image\/webp\" \/><source srcset=\"https:\/\/static.eldiario.es\/clip\/83035740-0eb9-416f-8feb-849d8fc95ab7_16-9-discover-aspect-ratio_default_0.jpg\" type=\"image\/jpg\" \/><\/picture><\/figure>\n<\/div>\n<\/div>\n<\/div>\n<\/div>\n<div class=\"news-info\" data-mrf-recirculation=\"firma\">\n<div class=\"twitter-wrapper\">Shein y Temu, dos gigantes chinos del e-commerce, est\u00e1n revolucionando la moda con dise\u00f1os atractivos y precios muy bajos: hasta un tercio de lo que se paga en los locales de Avellaneda, ya m\u00e1s baratos que los shoppings. Mientras muchos pa\u00edses restringen sus productos, en la Argentina de Milei se les abri\u00f3 la puerta sin trabas. Pero la \u201cultra fast fashion\u201d no solo golpea a la industria textil local, sino tambi\u00e9n a las importaciones en general. Un ejemplo: <strong>Adidas ya trae desde Brasil parte de las camisetas de Boca y River<\/strong>, aunque la mayor\u00eda a\u00fan se fabrica en el pa\u00eds.<\/div>\n<\/div>\n<div class=\"partner-wrapper article-page__body-row\">\n<div class=\"second-col\">\n<aside class=\"know-more know-more--with-image\">&nbsp;<\/p>\n<\/aside>\n<p class=\"article-text\"><strong>Siete de cada diez prendas consumidas en el pa\u00eds son extranjeras.<\/strong>\u00a0Las importaciones llegan por tres v\u00edas: las que hacen empresas &#8211; incluso las marcas nacionales-, que traen cada vez m\u00e1s ropa del exterior; las que adquieren los turistas que salen del pa\u00eds; y las que compran por comercio electr\u00f3nico y llegan v\u00eda courier a sus puertas.\u00a0<strong>As\u00ed es que las importaciones corporativas aumentaron 125% en los primeros cinco meses del a\u00f1o, unos US$264 millones, seg\u00fan datos de la Aduana.<\/strong>\u00a0Pero ese valor se multiplica por cuatro o cinco cuando lo paga el consumidor final, con lo que llega a US$1.056 millones o 1.320 millones, seg\u00fan el economista Gustavo Ludmer, profesor de universidades como San Mart\u00edn y San Andr\u00e9s, y asesor de la C\u00e1mara de Indumentaria.<\/p>\n<figure><picture class=\"news-image\"><source srcset=\"https:\/\/static.eldiario.es\/clip\/3c8f797e-a3e7-436f-a2da-aab9548bf1b2_16-9-discover-aspect-ratio_50p_0.webp\" type=\"image\/webp\" media=\"(max-width: 576px)\" \/><source srcset=\"https:\/\/static.eldiario.es\/clip\/3c8f797e-a3e7-436f-a2da-aab9548bf1b2_16-9-discover-aspect-ratio_50p_0.jpg\" type=\"image\/jpg\" media=\"(max-width: 576px)\" \/><source srcset=\"https:\/\/static.eldiario.es\/clip\/3c8f797e-a3e7-436f-a2da-aab9548bf1b2_16-9-discover-aspect-ratio_75p_0.webp\" type=\"image\/webp\" media=\"(max-width: 767px)\" \/><source srcset=\"https:\/\/static.eldiario.es\/clip\/3c8f797e-a3e7-436f-a2da-aab9548bf1b2_16-9-discover-aspect-ratio_75p_0.jpg\" type=\"image\/jpg\" media=\"(max-width: 767px)\" \/><source srcset=\"https:\/\/static.eldiario.es\/clip\/3c8f797e-a3e7-436f-a2da-aab9548bf1b2_16-9-discover-aspect-ratio_default_0.webp\" type=\"image\/webp\" media=\"(min-width: 768px)\" \/><source srcset=\"https:\/\/static.eldiario.es\/clip\/3c8f797e-a3e7-436f-a2da-aab9548bf1b2_16-9-discover-aspect-ratio_default_0.jpg\" type=\"image\/jpg\" media=\"(min-width: 768px)\" \/><source srcset=\"https:\/\/static.eldiario.es\/clip\/3c8f797e-a3e7-436f-a2da-aab9548bf1b2_16-9-discover-aspect-ratio_default_0.webp\" type=\"image\/webp\" \/><img decoding=\"async\" class=\"lazy entered loaded\" src=\"https:\/\/static.eldiario.es\/clip\/3c8f797e-a3e7-436f-a2da-aab9548bf1b2_16-9-discover-aspect-ratio_default_0.jpg\" alt=\"Ropa ultrabarata en un click: Siete de cada diez prendas consumidas en el pa\u00eds son extranjeras\" data-src=\"https:\/\/static.eldiario.es\/clip\/3c8f797e-a3e7-436f-a2da-aab9548bf1b2_16-9-discover-aspect-ratio_default_0.jpg\" data-ll-status=\"loaded\" \/><\/picture><figcaption class=\"image-footer\"><span class=\"title\">Ropa ultrabarata en un click: Siete de cada diez prendas consumidas en el pa\u00eds son extranjeras\u00a0<span class=\"author\">Unsplash<\/span><\/span><\/figcaption><\/figure>\n<p class=\"article-text\"><strong>Las compras de ropa de turistas argentinos en el exterior creci\u00f3 a un ritmo un poco mayor a\u00fan, m\u00e1s que duplic\u00e1ndose: un 136%, a US$1.572 millones, seg\u00fan informaci\u00f3n del Banco Central.<\/strong>\u00a0Y lo que explot\u00f3 son los env\u00edos por correo, que se triplicaron, al alcanzar un alza del 211%, unos US$242 millones, seg\u00fan datos de Aduana. De ese total, la mitad se estima que es ropa, seg\u00fan Ludmer.\u00a0<strong>Es decir, unos US$121 millones.<\/strong><\/p>\n<p class=\"article-text\">Es una proporci\u00f3n menor respecto de las dem\u00e1s v\u00edas de importaci\u00f3n, pero se incrementan m\u00e1s r\u00e1pido. Adem\u00e1s, por cada d\u00f3lar llegan m\u00e1s prendas por los precios ultrabajos de Shein y Temu, seg\u00fan advierte el presidente de la C\u00e1mara de Indumentaria, Claudio Descher. Tardan 20 d\u00edas en llegar, incluso 30, pero el env\u00edo es gratis y se puede devolver el producto sin cargo. Temu ya trae 300.000 paquetes de todo tipo (incluye juguetes, herramientas o electr\u00f3nica) por mes a la Argentina. Ya no es un \u201cdeme dos\u201d, como en el boom importador de los 70, sino un \u201cdeme tres\u201d o m\u00e1s.<\/p>\n<figure class=\"embed-container embed-container--type-youtube ratio\"><script src=\"https:\/\/www.youtube.com\/iframe_api\"><\/script><script type=\"module\">window.marfeel.cmd.push(['multimedia', function(multimedia) { multimedia.initializeItem('yt-fF77gLsDAXY-9693', 'youtube', 'fF77gLsDAXY', document.getElementById('yt-fF77gLsDAXY-9693')); }]);<\/script><iframe id=\"yt-fF77gLsDAXY-9693\" title=\"La UE contra Temu, Shein y c\u00eda: la batalla contra la mercanc\u00eda barata | ARTE Europa Semanal\" src=\"https:\/\/www.youtube.com\/embed\/fF77gLsDAXY?enablejsapi=1\" frameborder=\"0\" data-gtm-yt-inspected-32=\"true\" data-gtm-yt-inspected-34399851_303=\"true\" data-gtm-yt-inspected-34399851_396=\"true\" data-mce-fragment=\"1\"><\/iframe><\/figure>\n<p class=\"article-text\"><strong>Adidas fabricaba todas las camisetas de Boca y River en la Argentina, pero este a\u00f1o comenz\u00f3 a importar una porci\u00f3n de Brasil como respuesta a la liberalizaci\u00f3n de importaciones del Gobierno.<\/strong>\u00a0Todav\u00eda una mayor\u00eda de las casacas azul y oro y de la banda roja se elabora localmente. Pero a la empresa alemana le sucede lo que a la mayor\u00eda de los fabricantes locales: se combina una recesi\u00f3n del consumo masivo, altos costos locales \u2013en el primer semestre el peso alcanz\u00f3 su m\u00e1xima sobrevaluaci\u00f3n en diez a\u00f1os y ahora est\u00e1 un poco m\u00e1s depreciado pero menos que antes de la devaluaci\u00f3n de Mauricio Macri de 2018\u2013, una rebaja de aranceles a la importaci\u00f3n del 35% al 20% y la liberaci\u00f3n de impuestos a la importaci\u00f3n de particulares puerta a puerta por hasta US$400 anuales.<\/p>\n<p class=\"article-text\"><strong>La camiseta de San Lorenzo tambi\u00e9n se fabrica afuera: la encarga la empresa local Atomik en China.<\/strong>\u00a0En la industria advierten que tambi\u00e9n algunas partidas llegan desde Ucrania, pese a los bombardeos que sufre desde Rusia.\u00a0<strong>Un tercio de los trabajadores de la industria local est\u00e1 en blanco y dos tercios, en la informalidad.<\/strong>\u00a0Del 30% registrado se perdi\u00f3 el 10% del empleo, unos 10.000 puestos, seg\u00fan Drescher.<\/p>\n<figure><picture class=\"news-image\"><source srcset=\"https:\/\/static.eldiario.es\/clip\/32e03eaa-52be-4a34-a8d9-d8540d2d778b_16-9-discover-aspect-ratio_50p_0.webp\" type=\"image\/webp\" media=\"(max-width: 576px)\" \/><source srcset=\"https:\/\/static.eldiario.es\/clip\/32e03eaa-52be-4a34-a8d9-d8540d2d778b_16-9-discover-aspect-ratio_50p_0.jpg\" type=\"image\/jpg\" media=\"(max-width: 576px)\" \/><source srcset=\"https:\/\/static.eldiario.es\/clip\/32e03eaa-52be-4a34-a8d9-d8540d2d778b_16-9-discover-aspect-ratio_75p_0.webp\" type=\"image\/webp\" media=\"(max-width: 767px)\" \/><source srcset=\"https:\/\/static.eldiario.es\/clip\/32e03eaa-52be-4a34-a8d9-d8540d2d778b_16-9-discover-aspect-ratio_75p_0.jpg\" type=\"image\/jpg\" media=\"(max-width: 767px)\" \/><source srcset=\"https:\/\/static.eldiario.es\/clip\/32e03eaa-52be-4a34-a8d9-d8540d2d778b_16-9-discover-aspect-ratio_default_0.webp\" type=\"image\/webp\" media=\"(min-width: 768px)\" \/><source srcset=\"https:\/\/static.eldiario.es\/clip\/32e03eaa-52be-4a34-a8d9-d8540d2d778b_16-9-discover-aspect-ratio_default_0.jpg\" type=\"image\/jpg\" media=\"(min-width: 768px)\" \/><source srcset=\"https:\/\/static.eldiario.es\/clip\/32e03eaa-52be-4a34-a8d9-d8540d2d778b_16-9-discover-aspect-ratio_default_0.webp\" type=\"image\/webp\" \/><img decoding=\"async\" class=\"lazy entered loaded\" src=\"https:\/\/static.eldiario.es\/clip\/32e03eaa-52be-4a34-a8d9-d8540d2d778b_16-9-discover-aspect-ratio_default_0.jpg\" alt=\"La espa\u00f1ola Zara anunci\u00f3 que baja las persianas de 136 tiendas en el mundo.\" data-src=\"https:\/\/static.eldiario.es\/clip\/32e03eaa-52be-4a34-a8d9-d8540d2d778b_16-9-discover-aspect-ratio_default_0.jpg\" data-ll-status=\"loaded\" \/><\/picture><figcaption class=\"image-footer\"><span class=\"title\">La espa\u00f1ola Zara anunci\u00f3 que baja las persianas de 136 tiendas en el mundo.\u00a0<span class=\"author\">M Rennim\/Unsplash<\/span><\/span><\/figcaption><\/figure>\n<p class=\"article-text\">Marcas como Vitamina y Uma cerraron. Peque\u00f1os talleres de costura se desarman. Proveedores como la hilandera TN&amp;Platex suspendi\u00f3 a 80 empleados en su planta de Catamarca. La producci\u00f3n est\u00e1 20% por debajo de 2024 y 40% inferior a 2023, seg\u00fan la c\u00e1mara local.\u00a0<strong>Los que m\u00e1s sufren son los trabajadores porque casi todos los empresarios se convierten en importadores, al menos para cubrir parte de la demanda.<\/strong>\u00a0Aunque a estos \u00faltimos, no s\u00f3lo industriales sino comerciantes, tambi\u00e9n les pega las compras externas de turistas y particulares por comercio electr\u00f3nico v\u00eda Shein, Temu o las otras chinas Aliexpress o Hacoo, especialista en marcas falsificadas.<\/p>\n<p class=\"article-text\"><strong>Shein ha logrado conquistar antes mercados como EE.UU. no s\u00f3lo por el precio ultrabajo \u2013fabrican barato en China, India, Turqu\u00eda o Brasil\u2013 sino por sus nuevos dise\u00f1os atractivos y propios, con cambios r\u00e1pidos de modelos.<\/strong>\u00a0Con series peque\u00f1as de producci\u00f3n para adaptarse mejor al mercado, con ventas online y entregas r\u00e1pidas, seg\u00fan Mario Quinteros, exc\u00f3nsul argentino en China, que vive entre ese pa\u00eds e Italia, y encabeza la firma Yi Consulting.\u00a0<strong>Su impacto deriv\u00f3 en el cierre de la marca estadounidense Forever 21, mientras la espa\u00f1ola Zara anunci\u00f3 que baja las persianas de 136 tiendas en el mundo y la sueca H&amp;M hace lo propio con las 28 que ten\u00eda en Espa\u00f1a.<\/strong>\u00a0Quinteros agrega que copia el modelo de la marca sueca de muebles Ikea, entre buen gusto, bajo precio y producci\u00f3n en diversos pa\u00edses, al mejor postor. Varios de sus fabricantes antes abastec\u00edan a las grandes empresas norteamericanas y europeas.<\/p>\n<figure class=\"embed-container embed-container--type-youtube ratio\"><script src=\"https:\/\/www.youtube.com\/iframe_api\"><\/script><script type=\"module\">window.marfeel.cmd.push(['multimedia', function(multimedia) { multimedia.initializeItem('yt-99pujN7xBAA-6809', 'youtube', '99pujN7xBAA', document.getElementById('yt-99pujN7xBAA-6809')); }]);<\/script><iframe id=\"yt-99pujN7xBAA-6809\" title=\"Por qu\u00e9 la moda se ha convertido en la tercera industria m\u00e1s contaminante del planeta\" src=\"https:\/\/www.youtube.com\/embed\/99pujN7xBAA?enablejsapi=1\" frameborder=\"0\" data-gtm-yt-inspected-32=\"true\" data-gtm-yt-inspected-34399851_303=\"true\" data-gtm-yt-inspected-34399851_396=\"true\" data-mce-fragment=\"1\"><\/iframe><\/figure>\n<p class=\"article-text\"><strong>Drescher advierte que la producci\u00f3n a escala china de Shein es un fen\u00f3meno que preocupa por su impacto ambiental.<\/strong>\u00a0\u201cEs ropa muy descartable, con emisiones masivas de di\u00f3xido de carbono, dependencia de materiales sint\u00e9ticos y micropl\u00e1sticos, contaminaci\u00f3n del agua y qu\u00edmicos t\u00f3xicos\u201d, alerta. Tambi\u00e9n hay efectos en la p\u00e9rdida de divisas que supone para la Argentina y por el impacto en el empleo local.\u00a0<strong>Su c\u00e1mara est\u00e1 hablando con senadores del PRO y el peronismo para impulsar una ley anti-Shein como la que se vot\u00f3 este a\u00f1o en Francia.<\/strong>\u00a0Es decir, su beneficio en precio para el consumidor tiene diversos impactos negativos, adem\u00e1s de estimular el consumo compulsivo en adolescentes y adultos.<\/p>\n<p class=\"article-text\"><strong>Las marcas chinas buscaron descargar los saldos no vendidos a EE.UU. en otras regiones, como Am\u00e9rica Latina y Europa.<\/strong>\u00a0En Brasil y M\u00e9xico ya le hab\u00edan puesto aranceles meses antes. El gobierno de Claudia Sheinbaum le impuso un 19% y el de Luiz In\u00e1cio Lula Da Silva, 20% a las compras menores de US$50. Este tipo de transacciones cayeron tras el impuesto del 30% en Brasil.<\/p>\n<p class=\"article-text\"><strong>Shein reaccion\u00f3 elevando su fabricaci\u00f3n en territorio brasile\u00f1o: all\u00ed produce el 85% de las prendas que vende en este mercado.<\/strong>\u00a0As\u00ed, ya cop\u00f3 el 60% de las ventas y abre tiendas f\u00edsicas temporarias, o pop-ups, en diversas ciudades.<\/p>\n<p class=\"article-text\"><strong>La ley francesa anti-Shein cre\u00f3 un sistema de puntuaci\u00f3n ecol\u00f3gica que eval\u00faa el impacto medioambiental de los productos vendidos por las empresas de moda r\u00e1pida.<\/strong>\u00a0Incluye las emisiones generadas, el uso de materias primas y su reciclabilidad. Las prendas pueden ser gravadas con un impuesto de hasta 5 euros. El gravamen aumentar\u00e1 paulatinamente hasta 10 euros en 2030. El tributo no podr\u00e1 superar el 50% del precio de venta al p\u00fablico. La norma tambi\u00e9n incluye la prohibici\u00f3n de la publicidad de estas marcas de moda y sanciones para los influencers que las suelen promover en internet.<\/p>\n<div id=\"container-after-news-outlook\"><\/div>\n<p class=\"article-text\"><strong>El Parlamento Europeo vot\u00f3 un arancel de 2 euros sobre los productos adquiridos a trav\u00e9s de plataformas en l\u00ednea de bajo costo.<\/strong>\u00a0Adem\u00e1s, la Comisi\u00f3n Europea advirti\u00f3 que algunos productos de Shein son peligrosos para la salud: chupetes con piezas chicas que pueden asfixiar, impermeables infantiles con qu\u00edmicos t\u00f3xicos, anteojos de sol sin protecci\u00f3n contra los rayos ultravioleta o cosm\u00e9ticos con sustancias prohibidas. Barreras paraarancelarias, de esas de las que se mofa el ministro de Desregulaci\u00f3n, Federico Sturzenegger, pero que suelen poner casi todos los pa\u00edses del mundo para defender a sus consumidores y a sus productores, al mismo tiempo. Por ahora, en Argentina, el efecto Shein se siente en el aumento de las importaciones, incluidas las camisetas de Boca y River.<\/p>\n<p class=\"article-text\"><em>AR\/MC &#8211; <a href=\"https:\/\/www.eldiarioar.com\/autores\/alejandro-rebossio\/\" data-mrf-link=\"https:\/\/www.eldiarioar.com\/autores\/alejandro-rebossio\/\">Alejandro Rebossio<\/a><\/em><\/p>\n<\/div>\n<\/div>\n","protected":false},"excerpt":{"rendered":"<p>Se triplican las compras online desde el exterior, sobre todo de las marcas chinas de precios ultrabajos. Tambi\u00e9n aumenta la importaci\u00f3n por parte de fabricantes locales. El Gobierno abre las puertas, mientras EEUU., Europa, Brasil y M\u00e9xico se cierran para proteger el trabajo, el medio ambiente y la salud de los consumidores.<\/p>\n","protected":false},"author":3,"featured_media":122324,"comment_status":"closed","ping_status":"closed","sticky":false,"template":"","format":"standard","meta":{"footnotes":""},"categories":[36],"tags":[48],"class_list":["post-122323","post","type-post","status-publish","format-standard","has-post-thumbnail","hentry","category-economia","tag-destacada"],"yoast_head":"<!-- This site is optimized with the Yoast SEO plugin v25.9 - https:\/\/yoast.com\/wordpress\/plugins\/seo\/ -->\n<title>Efecto Shein en las importaciones: hasta Boca y River ya traen camisetas desde Brasil - Noticias Radio Reflejos<\/title>\n<meta name=\"robots\" content=\"index, follow, max-snippet:-1, max-image-preview:large, max-video-preview:-1\" \/>\n<link rel=\"canonical\" href=\"https:\/\/www.noticiasradioreflejos.com.ar\/2021\/efecto-shein-en-las-importaciones-hasta-boca-y-river-ya-traen-camisetas-desde-brasil\/\" \/>\n<meta property=\"og:locale\" content=\"es_ES\" \/>\n<meta property=\"og:type\" content=\"article\" \/>\n<meta property=\"og:title\" content=\"Efecto Shein en las importaciones: hasta Boca y River ya traen camisetas desde Brasil - Noticias Radio Reflejos\" \/>\n<meta property=\"og:description\" content=\"Se triplican las compras online desde el exterior, sobre todo de las marcas chinas de precios ultrabajos. Tambi\u00e9n aumenta la importaci\u00f3n por parte de fabricantes locales. El Gobierno abre las puertas, mientras EEUU., Europa, Brasil y M\u00e9xico se cierran para proteger el trabajo, el medio ambiente y la salud de los consumidores.\" \/>\n<meta property=\"og:url\" content=\"https:\/\/www.noticiasradioreflejos.com.ar\/2021\/efecto-shein-en-las-importaciones-hasta-boca-y-river-ya-traen-camisetas-desde-brasil\/\" \/>\n<meta property=\"og:site_name\" content=\"Noticias Radio Reflejos\" \/>\n<meta property=\"article:published_time\" content=\"2025-07-26T16:34:42+00:00\" \/>\n<meta property=\"og:image\" content=\"https:\/\/www.noticiasradioreflejos.com.ar\/2021\/wp-content\/uploads\/2025\/07\/Shein.jpg\" \/>\n\t<meta property=\"og:image:width\" content=\"1200\" \/>\n\t<meta property=\"og:image:height\" content=\"675\" \/>\n\t<meta property=\"og:image:type\" content=\"image\/jpeg\" \/>\n<meta name=\"author\" content=\"Arnaldo Botto\" \/>\n<meta name=\"twitter:card\" content=\"summary_large_image\" \/>\n<script type=\"application\/ld+json\" class=\"yoast-schema-graph\">{\"@context\":\"https:\/\/schema.org\",\"@graph\":[{\"@type\":\"WebPage\",\"@id\":\"https:\/\/www.noticiasradioreflejos.com.ar\/2021\/efecto-shein-en-las-importaciones-hasta-boca-y-river-ya-traen-camisetas-desde-brasil\/\",\"url\":\"https:\/\/www.noticiasradioreflejos.com.ar\/2021\/efecto-shein-en-las-importaciones-hasta-boca-y-river-ya-traen-camisetas-desde-brasil\/\",\"name\":\"Efecto Shein en las importaciones: hasta Boca y River ya traen camisetas desde Brasil - Noticias Radio Reflejos\",\"isPartOf\":{\"@id\":\"https:\/\/www.noticiasradioreflejos.com.ar\/2021\/#website\"},\"primaryImageOfPage\":{\"@id\":\"https:\/\/www.noticiasradioreflejos.com.ar\/2021\/efecto-shein-en-las-importaciones-hasta-boca-y-river-ya-traen-camisetas-desde-brasil\/#primaryimage\"},\"image\":{\"@id\":\"https:\/\/www.noticiasradioreflejos.com.ar\/2021\/efecto-shein-en-las-importaciones-hasta-boca-y-river-ya-traen-camisetas-desde-brasil\/#primaryimage\"},\"thumbnailUrl\":\"https:\/\/www.noticiasradioreflejos.com.ar\/2021\/wp-content\/uploads\/2025\/07\/Shein.jpg\",\"datePublished\":\"2025-07-26T16:34:42+00:00\",\"author\":{\"@id\":\"https:\/\/www.noticiasradioreflejos.com.ar\/2021\/#\/schema\/person\/ad82545263dcc5ec0996818884fd5fb1\"},\"breadcrumb\":{\"@id\":\"https:\/\/www.noticiasradioreflejos.com.ar\/2021\/efecto-shein-en-las-importaciones-hasta-boca-y-river-ya-traen-camisetas-desde-brasil\/#breadcrumb\"},\"inLanguage\":\"es\",\"potentialAction\":[{\"@type\":\"ReadAction\",\"target\":[\"https:\/\/www.noticiasradioreflejos.com.ar\/2021\/efecto-shein-en-las-importaciones-hasta-boca-y-river-ya-traen-camisetas-desde-brasil\/\"]}]},{\"@type\":\"ImageObject\",\"inLanguage\":\"es\",\"@id\":\"https:\/\/www.noticiasradioreflejos.com.ar\/2021\/efecto-shein-en-las-importaciones-hasta-boca-y-river-ya-traen-camisetas-desde-brasil\/#primaryimage\",\"url\":\"https:\/\/www.noticiasradioreflejos.com.ar\/2021\/wp-content\/uploads\/2025\/07\/Shein.jpg\",\"contentUrl\":\"https:\/\/www.noticiasradioreflejos.com.ar\/2021\/wp-content\/uploads\/2025\/07\/Shein.jpg\",\"width\":1200,\"height\":675},{\"@type\":\"BreadcrumbList\",\"@id\":\"https:\/\/www.noticiasradioreflejos.com.ar\/2021\/efecto-shein-en-las-importaciones-hasta-boca-y-river-ya-traen-camisetas-desde-brasil\/#breadcrumb\",\"itemListElement\":[{\"@type\":\"ListItem\",\"position\":1,\"name\":\"Portada\",\"item\":\"https:\/\/www.noticiasradioreflejos.com.ar\/2021\/\"},{\"@type\":\"ListItem\",\"position\":2,\"name\":\"Efecto Shein en las importaciones: hasta Boca y River ya traen camisetas desde Brasil\"}]},{\"@type\":\"WebSite\",\"@id\":\"https:\/\/www.noticiasradioreflejos.com.ar\/2021\/#website\",\"url\":\"https:\/\/www.noticiasradioreflejos.com.ar\/2021\/\",\"name\":\"Noticias Radio Reflejos\",\"description\":\"Las noticias de mi comarca\",\"potentialAction\":[{\"@type\":\"SearchAction\",\"target\":{\"@type\":\"EntryPoint\",\"urlTemplate\":\"https:\/\/www.noticiasradioreflejos.com.ar\/2021\/?s={search_term_string}\"},\"query-input\":{\"@type\":\"PropertyValueSpecification\",\"valueRequired\":true,\"valueName\":\"search_term_string\"}}],\"inLanguage\":\"es\"},{\"@type\":\"Person\",\"@id\":\"https:\/\/www.noticiasradioreflejos.com.ar\/2021\/#\/schema\/person\/ad82545263dcc5ec0996818884fd5fb1\",\"name\":\"Arnaldo Botto\",\"image\":{\"@type\":\"ImageObject\",\"inLanguage\":\"es\",\"@id\":\"https:\/\/www.noticiasradioreflejos.com.ar\/2021\/#\/schema\/person\/image\/\",\"url\":\"https:\/\/secure.gravatar.com\/avatar\/55cb5e37c1efa326397366e6974cb338056df65cb50e7d64d1cf314e87504837?s=96&d=mm&r=g\",\"contentUrl\":\"https:\/\/secure.gravatar.com\/avatar\/55cb5e37c1efa326397366e6974cb338056df65cb50e7d64d1cf314e87504837?s=96&d=mm&r=g\",\"caption\":\"Arnaldo Botto\"},\"url\":\"https:\/\/www.noticiasradioreflejos.com.ar\/2021\/author\/arnaldo\/\"}]}<\/script>\n<!-- \/ Yoast SEO plugin. -->","yoast_head_json":{"title":"Efecto Shein en las importaciones: hasta Boca y River ya traen camisetas desde Brasil - Noticias Radio Reflejos","robots":{"index":"index","follow":"follow","max-snippet":"max-snippet:-1","max-image-preview":"max-image-preview:large","max-video-preview":"max-video-preview:-1"},"canonical":"https:\/\/www.noticiasradioreflejos.com.ar\/2021\/efecto-shein-en-las-importaciones-hasta-boca-y-river-ya-traen-camisetas-desde-brasil\/","og_locale":"es_ES","og_type":"article","og_title":"Efecto Shein en las importaciones: hasta Boca y River ya traen camisetas desde Brasil - Noticias Radio Reflejos","og_description":"Se triplican las compras online desde el exterior, sobre todo de las marcas chinas de precios ultrabajos. Tambi\u00e9n aumenta la importaci\u00f3n por parte de fabricantes locales. El Gobierno abre las puertas, mientras EEUU., Europa, Brasil y M\u00e9xico se cierran para proteger el trabajo, el medio ambiente y la salud de los consumidores.","og_url":"https:\/\/www.noticiasradioreflejos.com.ar\/2021\/efecto-shein-en-las-importaciones-hasta-boca-y-river-ya-traen-camisetas-desde-brasil\/","og_site_name":"Noticias Radio Reflejos","article_published_time":"2025-07-26T16:34:42+00:00","og_image":[{"width":1200,"height":675,"url":"https:\/\/www.noticiasradioreflejos.com.ar\/2021\/wp-content\/uploads\/2025\/07\/Shein.jpg","type":"image\/jpeg"}],"author":"Arnaldo Botto","twitter_card":"summary_large_image","schema":{"@context":"https:\/\/schema.org","@graph":[{"@type":"WebPage","@id":"https:\/\/www.noticiasradioreflejos.com.ar\/2021\/efecto-shein-en-las-importaciones-hasta-boca-y-river-ya-traen-camisetas-desde-brasil\/","url":"https:\/\/www.noticiasradioreflejos.com.ar\/2021\/efecto-shein-en-las-importaciones-hasta-boca-y-river-ya-traen-camisetas-desde-brasil\/","name":"Efecto Shein en las importaciones: hasta Boca y River ya traen camisetas desde Brasil - Noticias Radio Reflejos","isPartOf":{"@id":"https:\/\/www.noticiasradioreflejos.com.ar\/2021\/#website"},"primaryImageOfPage":{"@id":"https:\/\/www.noticiasradioreflejos.com.ar\/2021\/efecto-shein-en-las-importaciones-hasta-boca-y-river-ya-traen-camisetas-desde-brasil\/#primaryimage"},"image":{"@id":"https:\/\/www.noticiasradioreflejos.com.ar\/2021\/efecto-shein-en-las-importaciones-hasta-boca-y-river-ya-traen-camisetas-desde-brasil\/#primaryimage"},"thumbnailUrl":"https:\/\/www.noticiasradioreflejos.com.ar\/2021\/wp-content\/uploads\/2025\/07\/Shein.jpg","datePublished":"2025-07-26T16:34:42+00:00","author":{"@id":"https:\/\/www.noticiasradioreflejos.com.ar\/2021\/#\/schema\/person\/ad82545263dcc5ec0996818884fd5fb1"},"breadcrumb":{"@id":"https:\/\/www.noticiasradioreflejos.com.ar\/2021\/efecto-shein-en-las-importaciones-hasta-boca-y-river-ya-traen-camisetas-desde-brasil\/#breadcrumb"},"inLanguage":"es","potentialAction":[{"@type":"ReadAction","target":["https:\/\/www.noticiasradioreflejos.com.ar\/2021\/efecto-shein-en-las-importaciones-hasta-boca-y-river-ya-traen-camisetas-desde-brasil\/"]}]},{"@type":"ImageObject","inLanguage":"es","@id":"https:\/\/www.noticiasradioreflejos.com.ar\/2021\/efecto-shein-en-las-importaciones-hasta-boca-y-river-ya-traen-camisetas-desde-brasil\/#primaryimage","url":"https:\/\/www.noticiasradioreflejos.com.ar\/2021\/wp-content\/uploads\/2025\/07\/Shein.jpg","contentUrl":"https:\/\/www.noticiasradioreflejos.com.ar\/2021\/wp-content\/uploads\/2025\/07\/Shein.jpg","width":1200,"height":675},{"@type":"BreadcrumbList","@id":"https:\/\/www.noticiasradioreflejos.com.ar\/2021\/efecto-shein-en-las-importaciones-hasta-boca-y-river-ya-traen-camisetas-desde-brasil\/#breadcrumb","itemListElement":[{"@type":"ListItem","position":1,"name":"Portada","item":"https:\/\/www.noticiasradioreflejos.com.ar\/2021\/"},{"@type":"ListItem","position":2,"name":"Efecto Shein en las importaciones: hasta Boca y River ya traen camisetas desde Brasil"}]},{"@type":"WebSite","@id":"https:\/\/www.noticiasradioreflejos.com.ar\/2021\/#website","url":"https:\/\/www.noticiasradioreflejos.com.ar\/2021\/","name":"Noticias Radio Reflejos","description":"Las noticias de mi comarca","potentialAction":[{"@type":"SearchAction","target":{"@type":"EntryPoint","urlTemplate":"https:\/\/www.noticiasradioreflejos.com.ar\/2021\/?s={search_term_string}"},"query-input":{"@type":"PropertyValueSpecification","valueRequired":true,"valueName":"search_term_string"}}],"inLanguage":"es"},{"@type":"Person","@id":"https:\/\/www.noticiasradioreflejos.com.ar\/2021\/#\/schema\/person\/ad82545263dcc5ec0996818884fd5fb1","name":"Arnaldo Botto","image":{"@type":"ImageObject","inLanguage":"es","@id":"https:\/\/www.noticiasradioreflejos.com.ar\/2021\/#\/schema\/person\/image\/","url":"https:\/\/secure.gravatar.com\/avatar\/55cb5e37c1efa326397366e6974cb338056df65cb50e7d64d1cf314e87504837?s=96&d=mm&r=g","contentUrl":"https:\/\/secure.gravatar.com\/avatar\/55cb5e37c1efa326397366e6974cb338056df65cb50e7d64d1cf314e87504837?s=96&d=mm&r=g","caption":"Arnaldo Botto"},"url":"https:\/\/www.noticiasradioreflejos.com.ar\/2021\/author\/arnaldo\/"}]}},"_links":{"self":[{"href":"https:\/\/www.noticiasradioreflejos.com.ar\/2021\/wp-json\/wp\/v2\/posts\/122323","targetHints":{"allow":["GET"]}}],"collection":[{"href":"https:\/\/www.noticiasradioreflejos.com.ar\/2021\/wp-json\/wp\/v2\/posts"}],"about":[{"href":"https:\/\/www.noticiasradioreflejos.com.ar\/2021\/wp-json\/wp\/v2\/types\/post"}],"author":[{"embeddable":true,"href":"https:\/\/www.noticiasradioreflejos.com.ar\/2021\/wp-json\/wp\/v2\/users\/3"}],"replies":[{"embeddable":true,"href":"https:\/\/www.noticiasradioreflejos.com.ar\/2021\/wp-json\/wp\/v2\/comments?post=122323"}],"version-history":[{"count":1,"href":"https:\/\/www.noticiasradioreflejos.com.ar\/2021\/wp-json\/wp\/v2\/posts\/122323\/revisions"}],"predecessor-version":[{"id":122325,"href":"https:\/\/www.noticiasradioreflejos.com.ar\/2021\/wp-json\/wp\/v2\/posts\/122323\/revisions\/122325"}],"wp:featuredmedia":[{"embeddable":true,"href":"https:\/\/www.noticiasradioreflejos.com.ar\/2021\/wp-json\/wp\/v2\/media\/122324"}],"wp:attachment":[{"href":"https:\/\/www.noticiasradioreflejos.com.ar\/2021\/wp-json\/wp\/v2\/media?parent=122323"}],"wp:term":[{"taxonomy":"category","embeddable":true,"href":"https:\/\/www.noticiasradioreflejos.com.ar\/2021\/wp-json\/wp\/v2\/categories?post=122323"},{"taxonomy":"post_tag","embeddable":true,"href":"https:\/\/www.noticiasradioreflejos.com.ar\/2021\/wp-json\/wp\/v2\/tags?post=122323"}],"curies":[{"name":"wp","href":"https:\/\/api.w.org\/{rel}","templated":true}]}}