{"id":122311,"date":"2025-07-26T08:58:48","date_gmt":"2025-07-26T11:58:48","guid":{"rendered":"https:\/\/www.noticiasradioreflejos.com.ar\/2021\/?p=122311"},"modified":"2025-07-26T11:23:14","modified_gmt":"2025-07-26T14:23:14","slug":"sierra-de-la-ventana-rinde-homenaje-a-eva-peron-en-el-dia-de-su-fallecimiento","status":"publish","type":"post","link":"https:\/\/www.noticiasradioreflejos.com.ar\/2021\/sierra-de-la-ventana-rinde-homenaje-a-eva-peron-en-el-dia-de-su-fallecimiento\/","title":{"rendered":"Sierra de la Ventana Rinde Homenaje a Eva Per\u00f3n en el D\u00eda de su Fallecimiento"},"content":{"rendered":"<p>La comunidad se re\u00fane\u00a0 en la Plaza Eva Per\u00f3n para recordar la vida y legado de la inolvidable l\u00edder argentina.<!--more--><\/p>\n<p>En el d\u00eda que se cumple el aniversario del fallecimiento de Eva Per\u00f3n, la comunidad de Sierra de la Ventana se reunir\u00e1 una vez m\u00e1s y como cada 26 de julio, en la <strong>Plaza Eva Per\u00f3n<\/strong> de Sierra de la Ventana para rendir homenaje a la inolvidable l\u00edder argentina.<\/p>\n<p>El acto comenzar\u00e1 a las 15 horas frente al monumento a <strong>Evita<\/strong> que se encuentra en la plaza , y contar\u00e1 con la presencia de autoridades locales, representantes de organizaciones sociales y pol\u00edticas, y vecinos de la zona.<\/p>\n<p>\u00abEva Per\u00f3n es un s\u00edmbolo de la lucha por la justicia social y la igualdad. Su legado sigue siendo relevante hoy en d\u00eda, y es importante recordar su vida y obra para inspirar a las nuevas generaciones\u00bb.<\/p>\n<p><a href=\"https:\/\/www.noticiasradioreflejos.com.ar\/2021\/sierra-de-la-ventana-rinde-homenaje-a-eva-peron-en-el-dia-de-su-fallecimiento\/evita-4\/\" rel=\"attachment wp-att-122312\"><img loading=\"lazy\" decoding=\"async\" class=\"aligncenter size-full wp-image-122312\" src=\"https:\/\/www.noticiasradioreflejos.com.ar\/2021\/wp-content\/uploads\/2025\/07\/evita.jpg\" alt=\"\" width=\"1080\" height=\"1080\" srcset=\"https:\/\/www.noticiasradioreflejos.com.ar\/2021\/wp-content\/uploads\/2025\/07\/evita.jpg 1080w, https:\/\/www.noticiasradioreflejos.com.ar\/2021\/wp-content\/uploads\/2025\/07\/evita-300x300.jpg 300w, https:\/\/www.noticiasradioreflejos.com.ar\/2021\/wp-content\/uploads\/2025\/07\/evita-1024x1024.jpg 1024w, https:\/\/www.noticiasradioreflejos.com.ar\/2021\/wp-content\/uploads\/2025\/07\/evita-150x150.jpg 150w, https:\/\/www.noticiasradioreflejos.com.ar\/2021\/wp-content\/uploads\/2025\/07\/evita-768x768.jpg 768w, https:\/\/www.noticiasradioreflejos.com.ar\/2021\/wp-content\/uploads\/2025\/07\/evita-75x75.jpg 75w, https:\/\/www.noticiasradioreflejos.com.ar\/2021\/wp-content\/uploads\/2025\/07\/evita-750x750.jpg 750w\" sizes=\"auto, (max-width: 1080px) 100vw, 1080px\" \/><\/a><\/p>\n<p><strong><em>Breve rese\u00f1a de la historia del busto y la Plaza Eva Per\u00f3n<\/em><\/strong><\/p>\n<p>La Plaza Eva Per\u00f3n se inaugur\u00f3 el 26 de julio de 1953 por personas que quer\u00edan rendir homenaje a la l\u00edder argentina. En un pedestal de piedra de las sierras se instal\u00f3 un busto de yeso con su imagen, ese d\u00eda muchos llevaron banderas y carteles con mensajes de apoyo y admiraci\u00f3n.<\/p>\n<p>\u201cEntre el 15 y 16 de septiembre de 1955, luego de proclamarse la revoluci\u00f3n \u201cfusiladora\u201d,\u00a0 el busto fue quitado y arrastrado con una camioneta hasta\u00a0 Avda. San Mart\u00edn en direcci\u00f3n a la YPF, y se lo dej\u00f3 tirado en la calle, envuelto en unos alambres de p\u00faas\u201d.<\/p>\n<p>Esa noche, lo tomaron afiliados del peronismo y lo escondieron en una cueva de la estancia La Esmeralda. A\u00f1os despu\u00e9s, una persona de Villa Ventana que caminaba con su sobrina lo encuentra pero lo deja all\u00ed, y mucho tiempo despu\u00e9s, el se\u00f1or Nelson Maidana lo acerca\u201d.<\/p>\n<p><a title=\"busto de Evita dentro de la cueva\" href=\"https:\/\/www.flickr.com\/photos\/182279889@N02\/52244089759\" data-flickr-embed=\"true\"><img loading=\"lazy\" decoding=\"async\" class=\"aligncenter\" src=\"https:\/\/live.staticflickr.com\/65535\/52244089759_394b3e25da_z.jpg\" alt=\"busto de Evita dentro de la cueva\" width=\"640\" height=\"426\" \/><\/a><br \/>\nEn 1992 se reinstal\u00f3 el hist\u00f3rico busto en un nuevo pedestal, m\u00e1s alto, constru\u00eddo por los vecinos\u00a0 simpatizantes justicialistas.<\/p>\n<p>\u00abEva Per\u00f3n es una mujer que cambi\u00f3 la historia de nuestro pa\u00eds\u00bb, dijo ese d\u00eda durante la inauguraci\u00f3n el ent\u00f3nces intendente <strong>Gerardo Rattero<\/strong>. \u00abSu compromiso con los m\u00e1s pobres y su lucha por la justicia social son un ejemplo para todos\u00bb.<a href=\"https:\/\/www.noticiasradioreflejos.com.ar\/2021\/sierra-de-la-ventana-rinde-homenaje-a-eva-peron-en-el-dia-de-su-fallecimiento\/busto-de-evita-1992\/\" rel=\"attachment wp-att-122318\"><img loading=\"lazy\" decoding=\"async\" class=\"aligncenter size-full wp-image-122318\" src=\"https:\/\/www.noticiasradioreflejos.com.ar\/2021\/wp-content\/uploads\/2025\/07\/Busto-de-Evita-1992.jpg\" alt=\"\" width=\"767\" height=\"780\" srcset=\"https:\/\/www.noticiasradioreflejos.com.ar\/2021\/wp-content\/uploads\/2025\/07\/Busto-de-Evita-1992.jpg 767w, https:\/\/www.noticiasradioreflejos.com.ar\/2021\/wp-content\/uploads\/2025\/07\/Busto-de-Evita-1992-295x300.jpg 295w, https:\/\/www.noticiasradioreflejos.com.ar\/2021\/wp-content\/uploads\/2025\/07\/Busto-de-Evita-1992-75x75.jpg 75w, https:\/\/www.noticiasradioreflejos.com.ar\/2021\/wp-content\/uploads\/2025\/07\/Busto-de-Evita-1992-750x763.jpg 750w\" sizes=\"auto, (max-width: 767px) 100vw, 767px\" \/><\/a><\/p>\n<p>El acto en la Plaza Eva Per\u00f3n es cada a\u00f1o un momento emotivo y significativo para la comunidad de Sierra de la Ventana, que se re\u00fane para recordar y homenajear a una de las figuras m\u00e1s importantes de la historia argentina.<\/p>\n<p>&nbsp;<\/p>\n<p><a href=\"https:\/\/www.noticiasradioreflejos.com.ar\/2021\/el-mito-y-la-realidad-detras-del-busto-de-eva-peron-en-sierra-de-la-ventana\/bustoeva-3\/\" rel=\"attachment wp-att-75557\"><img loading=\"lazy\" decoding=\"async\" class=\"aligncenter size-full wp-image-75557\" src=\"https:\/\/www.noticiasradioreflejos.com.ar\/2021\/wp-content\/uploads\/2022\/07\/bustoEVA-3.jpg\" alt=\"\" width=\"1600\" height=\"1200\" srcset=\"https:\/\/www.noticiasradioreflejos.com.ar\/2021\/wp-content\/uploads\/2022\/07\/bustoEVA-3.jpg 1600w, https:\/\/www.noticiasradioreflejos.com.ar\/2021\/wp-content\/uploads\/2022\/07\/bustoEVA-3-300x225.jpg 300w, https:\/\/www.noticiasradioreflejos.com.ar\/2021\/wp-content\/uploads\/2022\/07\/bustoEVA-3-1024x768.jpg 1024w, https:\/\/www.noticiasradioreflejos.com.ar\/2021\/wp-content\/uploads\/2022\/07\/bustoEVA-3-768x576.jpg 768w, https:\/\/www.noticiasradioreflejos.com.ar\/2021\/wp-content\/uploads\/2022\/07\/bustoEVA-3-1536x1152.jpg 1536w, https:\/\/www.noticiasradioreflejos.com.ar\/2021\/wp-content\/uploads\/2022\/07\/bustoEVA-3-750x563.jpg 750w, https:\/\/www.noticiasradioreflejos.com.ar\/2021\/wp-content\/uploads\/2022\/07\/bustoEVA-3-1140x855.jpg 1140w\" sizes=\"auto, (max-width: 1600px) 100vw, 1600px\" \/><\/a><\/p>\n<p><iframe loading=\"lazy\" style=\"border: none; overflow: hidden;\" src=\"https:\/\/www.facebook.com\/plugins\/post.php?href=https%3A%2F%2Fwww.facebook.com%2FTornquistPatrimonio%2Fposts%2Fpfbid0c3g8LgE6pTwKuxGqStSCXbTCEYn9G4HuFwAxCXSpCaQtc31eYgtwSJczAVWHB1Brl&amp;show_text=true&amp;width=500\" width=\"500\" height=\"521\" frameborder=\"0\" scrolling=\"no\" allowfullscreen=\"allowfullscreen\"><\/iframe><\/p>\n","protected":false},"excerpt":{"rendered":"<p>La comunidad se re\u00fane\u00a0 en la Plaza Eva Per\u00f3n para recordar la vida y legado de la inolvidable l\u00edder argentina.<\/p>\n","protected":false},"author":3,"featured_media":75561,"comment_status":"closed","ping_status":"closed","sticky":false,"template":"","format":"standard","meta":{"footnotes":""},"categories":[24,26],"tags":[48],"class_list":["post-122311","post","type-post","status-publish","format-standard","has-post-thumbnail","hentry","category-politica","category-sociedad","tag-destacada"],"yoast_head":"<!-- This site is optimized with the Yoast SEO plugin v25.9 - https:\/\/yoast.com\/wordpress\/plugins\/seo\/ -->\n<title>Sierra de la Ventana Rinde Homenaje a Eva Per\u00f3n en el D\u00eda de su Fallecimiento - Noticias Radio Reflejos<\/title>\n<meta name=\"robots\" content=\"index, follow, max-snippet:-1, max-image-preview:large, max-video-preview:-1\" \/>\n<link rel=\"canonical\" href=\"https:\/\/www.noticiasradioreflejos.com.ar\/2021\/sierra-de-la-ventana-rinde-homenaje-a-eva-peron-en-el-dia-de-su-fallecimiento\/\" \/>\n<meta property=\"og:locale\" content=\"es_ES\" \/>\n<meta property=\"og:type\" content=\"article\" \/>\n<meta property=\"og:title\" content=\"Sierra de la Ventana Rinde Homenaje a Eva Per\u00f3n en el D\u00eda de su Fallecimiento - Noticias Radio Reflejos\" \/>\n<meta property=\"og:description\" content=\"La comunidad se re\u00fane\u00a0 en la Plaza Eva Per\u00f3n para recordar la vida y legado de la inolvidable l\u00edder argentina.\" \/>\n<meta property=\"og:url\" content=\"https:\/\/www.noticiasradioreflejos.com.ar\/2021\/sierra-de-la-ventana-rinde-homenaje-a-eva-peron-en-el-dia-de-su-fallecimiento\/\" \/>\n<meta property=\"og:site_name\" content=\"Noticias Radio Reflejos\" \/>\n<meta property=\"article:published_time\" content=\"2025-07-26T11:58:48+00:00\" \/>\n<meta property=\"article:modified_time\" content=\"2025-07-26T14:23:14+00:00\" \/>\n<meta property=\"og:image\" content=\"https:\/\/www.noticiasradioreflejos.com.ar\/2021\/wp-content\/uploads\/2022\/07\/Evita-2.jpg\" \/>\n\t<meta property=\"og:image:width\" content=\"720\" \/>\n\t<meta property=\"og:image:height\" content=\"419\" \/>\n\t<meta property=\"og:image:type\" content=\"image\/jpeg\" \/>\n<meta name=\"author\" content=\"Arnaldo Botto\" \/>\n<meta name=\"twitter:card\" content=\"summary_large_image\" \/>\n<script type=\"application\/ld+json\" class=\"yoast-schema-graph\">{\"@context\":\"https:\/\/schema.org\",\"@graph\":[{\"@type\":\"WebPage\",\"@id\":\"https:\/\/www.noticiasradioreflejos.com.ar\/2021\/sierra-de-la-ventana-rinde-homenaje-a-eva-peron-en-el-dia-de-su-fallecimiento\/\",\"url\":\"https:\/\/www.noticiasradioreflejos.com.ar\/2021\/sierra-de-la-ventana-rinde-homenaje-a-eva-peron-en-el-dia-de-su-fallecimiento\/\",\"name\":\"Sierra de la Ventana Rinde Homenaje a Eva Per\u00f3n en el D\u00eda de su Fallecimiento - Noticias Radio Reflejos\",\"isPartOf\":{\"@id\":\"https:\/\/www.noticiasradioreflejos.com.ar\/2021\/#website\"},\"primaryImageOfPage\":{\"@id\":\"https:\/\/www.noticiasradioreflejos.com.ar\/2021\/sierra-de-la-ventana-rinde-homenaje-a-eva-peron-en-el-dia-de-su-fallecimiento\/#primaryimage\"},\"image\":{\"@id\":\"https:\/\/www.noticiasradioreflejos.com.ar\/2021\/sierra-de-la-ventana-rinde-homenaje-a-eva-peron-en-el-dia-de-su-fallecimiento\/#primaryimage\"},\"thumbnailUrl\":\"https:\/\/www.noticiasradioreflejos.com.ar\/2021\/wp-content\/uploads\/2022\/07\/Evita-2.jpg\",\"datePublished\":\"2025-07-26T11:58:48+00:00\",\"dateModified\":\"2025-07-26T14:23:14+00:00\",\"author\":{\"@id\":\"https:\/\/www.noticiasradioreflejos.com.ar\/2021\/#\/schema\/person\/ad82545263dcc5ec0996818884fd5fb1\"},\"breadcrumb\":{\"@id\":\"https:\/\/www.noticiasradioreflejos.com.ar\/2021\/sierra-de-la-ventana-rinde-homenaje-a-eva-peron-en-el-dia-de-su-fallecimiento\/#breadcrumb\"},\"inLanguage\":\"es\",\"potentialAction\":[{\"@type\":\"ReadAction\",\"target\":[\"https:\/\/www.noticiasradioreflejos.com.ar\/2021\/sierra-de-la-ventana-rinde-homenaje-a-eva-peron-en-el-dia-de-su-fallecimiento\/\"]}]},{\"@type\":\"ImageObject\",\"inLanguage\":\"es\",\"@id\":\"https:\/\/www.noticiasradioreflejos.com.ar\/2021\/sierra-de-la-ventana-rinde-homenaje-a-eva-peron-en-el-dia-de-su-fallecimiento\/#primaryimage\",\"url\":\"https:\/\/www.noticiasradioreflejos.com.ar\/2021\/wp-content\/uploads\/2022\/07\/Evita-2.jpg\",\"contentUrl\":\"https:\/\/www.noticiasradioreflejos.com.ar\/2021\/wp-content\/uploads\/2022\/07\/Evita-2.jpg\",\"width\":720,\"height\":419},{\"@type\":\"BreadcrumbList\",\"@id\":\"https:\/\/www.noticiasradioreflejos.com.ar\/2021\/sierra-de-la-ventana-rinde-homenaje-a-eva-peron-en-el-dia-de-su-fallecimiento\/#breadcrumb\",\"itemListElement\":[{\"@type\":\"ListItem\",\"position\":1,\"name\":\"Portada\",\"item\":\"https:\/\/www.noticiasradioreflejos.com.ar\/2021\/\"},{\"@type\":\"ListItem\",\"position\":2,\"name\":\"Sierra de la Ventana Rinde Homenaje a Eva Per\u00f3n en el D\u00eda de su Fallecimiento\"}]},{\"@type\":\"WebSite\",\"@id\":\"https:\/\/www.noticiasradioreflejos.com.ar\/2021\/#website\",\"url\":\"https:\/\/www.noticiasradioreflejos.com.ar\/2021\/\",\"name\":\"Noticias Radio Reflejos\",\"description\":\"Las noticias de mi comarca\",\"potentialAction\":[{\"@type\":\"SearchAction\",\"target\":{\"@type\":\"EntryPoint\",\"urlTemplate\":\"https:\/\/www.noticiasradioreflejos.com.ar\/2021\/?s={search_term_string}\"},\"query-input\":{\"@type\":\"PropertyValueSpecification\",\"valueRequired\":true,\"valueName\":\"search_term_string\"}}],\"inLanguage\":\"es\"},{\"@type\":\"Person\",\"@id\":\"https:\/\/www.noticiasradioreflejos.com.ar\/2021\/#\/schema\/person\/ad82545263dcc5ec0996818884fd5fb1\",\"name\":\"Arnaldo Botto\",\"image\":{\"@type\":\"ImageObject\",\"inLanguage\":\"es\",\"@id\":\"https:\/\/www.noticiasradioreflejos.com.ar\/2021\/#\/schema\/person\/image\/\",\"url\":\"https:\/\/secure.gravatar.com\/avatar\/55cb5e37c1efa326397366e6974cb338056df65cb50e7d64d1cf314e87504837?s=96&d=mm&r=g\",\"contentUrl\":\"https:\/\/secure.gravatar.com\/avatar\/55cb5e37c1efa326397366e6974cb338056df65cb50e7d64d1cf314e87504837?s=96&d=mm&r=g\",\"caption\":\"Arnaldo Botto\"},\"url\":\"https:\/\/www.noticiasradioreflejos.com.ar\/2021\/author\/arnaldo\/\"}]}<\/script>\n<!-- \/ Yoast SEO plugin. -->","yoast_head_json":{"title":"Sierra de la Ventana Rinde Homenaje a Eva Per\u00f3n en el D\u00eda de su Fallecimiento - Noticias Radio Reflejos","robots":{"index":"index","follow":"follow","max-snippet":"max-snippet:-1","max-image-preview":"max-image-preview:large","max-video-preview":"max-video-preview:-1"},"canonical":"https:\/\/www.noticiasradioreflejos.com.ar\/2021\/sierra-de-la-ventana-rinde-homenaje-a-eva-peron-en-el-dia-de-su-fallecimiento\/","og_locale":"es_ES","og_type":"article","og_title":"Sierra de la Ventana Rinde Homenaje a Eva Per\u00f3n en el D\u00eda de su Fallecimiento - Noticias Radio Reflejos","og_description":"La comunidad se re\u00fane\u00a0 en la Plaza Eva Per\u00f3n para recordar la vida y legado de la inolvidable l\u00edder argentina.","og_url":"https:\/\/www.noticiasradioreflejos.com.ar\/2021\/sierra-de-la-ventana-rinde-homenaje-a-eva-peron-en-el-dia-de-su-fallecimiento\/","og_site_name":"Noticias Radio Reflejos","article_published_time":"2025-07-26T11:58:48+00:00","article_modified_time":"2025-07-26T14:23:14+00:00","og_image":[{"width":720,"height":419,"url":"https:\/\/www.noticiasradioreflejos.com.ar\/2021\/wp-content\/uploads\/2022\/07\/Evita-2.jpg","type":"image\/jpeg"}],"author":"Arnaldo Botto","twitter_card":"summary_large_image","schema":{"@context":"https:\/\/schema.org","@graph":[{"@type":"WebPage","@id":"https:\/\/www.noticiasradioreflejos.com.ar\/2021\/sierra-de-la-ventana-rinde-homenaje-a-eva-peron-en-el-dia-de-su-fallecimiento\/","url":"https:\/\/www.noticiasradioreflejos.com.ar\/2021\/sierra-de-la-ventana-rinde-homenaje-a-eva-peron-en-el-dia-de-su-fallecimiento\/","name":"Sierra de la Ventana Rinde Homenaje a Eva Per\u00f3n en el D\u00eda de su Fallecimiento - Noticias Radio Reflejos","isPartOf":{"@id":"https:\/\/www.noticiasradioreflejos.com.ar\/2021\/#website"},"primaryImageOfPage":{"@id":"https:\/\/www.noticiasradioreflejos.com.ar\/2021\/sierra-de-la-ventana-rinde-homenaje-a-eva-peron-en-el-dia-de-su-fallecimiento\/#primaryimage"},"image":{"@id":"https:\/\/www.noticiasradioreflejos.com.ar\/2021\/sierra-de-la-ventana-rinde-homenaje-a-eva-peron-en-el-dia-de-su-fallecimiento\/#primaryimage"},"thumbnailUrl":"https:\/\/www.noticiasradioreflejos.com.ar\/2021\/wp-content\/uploads\/2022\/07\/Evita-2.jpg","datePublished":"2025-07-26T11:58:48+00:00","dateModified":"2025-07-26T14:23:14+00:00","author":{"@id":"https:\/\/www.noticiasradioreflejos.com.ar\/2021\/#\/schema\/person\/ad82545263dcc5ec0996818884fd5fb1"},"breadcrumb":{"@id":"https:\/\/www.noticiasradioreflejos.com.ar\/2021\/sierra-de-la-ventana-rinde-homenaje-a-eva-peron-en-el-dia-de-su-fallecimiento\/#breadcrumb"},"inLanguage":"es","potentialAction":[{"@type":"ReadAction","target":["https:\/\/www.noticiasradioreflejos.com.ar\/2021\/sierra-de-la-ventana-rinde-homenaje-a-eva-peron-en-el-dia-de-su-fallecimiento\/"]}]},{"@type":"ImageObject","inLanguage":"es","@id":"https:\/\/www.noticiasradioreflejos.com.ar\/2021\/sierra-de-la-ventana-rinde-homenaje-a-eva-peron-en-el-dia-de-su-fallecimiento\/#primaryimage","url":"https:\/\/www.noticiasradioreflejos.com.ar\/2021\/wp-content\/uploads\/2022\/07\/Evita-2.jpg","contentUrl":"https:\/\/www.noticiasradioreflejos.com.ar\/2021\/wp-content\/uploads\/2022\/07\/Evita-2.jpg","width":720,"height":419},{"@type":"BreadcrumbList","@id":"https:\/\/www.noticiasradioreflejos.com.ar\/2021\/sierra-de-la-ventana-rinde-homenaje-a-eva-peron-en-el-dia-de-su-fallecimiento\/#breadcrumb","itemListElement":[{"@type":"ListItem","position":1,"name":"Portada","item":"https:\/\/www.noticiasradioreflejos.com.ar\/2021\/"},{"@type":"ListItem","position":2,"name":"Sierra de la Ventana Rinde Homenaje a Eva Per\u00f3n en el D\u00eda de su Fallecimiento"}]},{"@type":"WebSite","@id":"https:\/\/www.noticiasradioreflejos.com.ar\/2021\/#website","url":"https:\/\/www.noticiasradioreflejos.com.ar\/2021\/","name":"Noticias Radio Reflejos","description":"Las noticias de mi comarca","potentialAction":[{"@type":"SearchAction","target":{"@type":"EntryPoint","urlTemplate":"https:\/\/www.noticiasradioreflejos.com.ar\/2021\/?s={search_term_string}"},"query-input":{"@type":"PropertyValueSpecification","valueRequired":true,"valueName":"search_term_string"}}],"inLanguage":"es"},{"@type":"Person","@id":"https:\/\/www.noticiasradioreflejos.com.ar\/2021\/#\/schema\/person\/ad82545263dcc5ec0996818884fd5fb1","name":"Arnaldo Botto","image":{"@type":"ImageObject","inLanguage":"es","@id":"https:\/\/www.noticiasradioreflejos.com.ar\/2021\/#\/schema\/person\/image\/","url":"https:\/\/secure.gravatar.com\/avatar\/55cb5e37c1efa326397366e6974cb338056df65cb50e7d64d1cf314e87504837?s=96&d=mm&r=g","contentUrl":"https:\/\/secure.gravatar.com\/avatar\/55cb5e37c1efa326397366e6974cb338056df65cb50e7d64d1cf314e87504837?s=96&d=mm&r=g","caption":"Arnaldo Botto"},"url":"https:\/\/www.noticiasradioreflejos.com.ar\/2021\/author\/arnaldo\/"}]}},"_links":{"self":[{"href":"https:\/\/www.noticiasradioreflejos.com.ar\/2021\/wp-json\/wp\/v2\/posts\/122311","targetHints":{"allow":["GET"]}}],"collection":[{"href":"https:\/\/www.noticiasradioreflejos.com.ar\/2021\/wp-json\/wp\/v2\/posts"}],"about":[{"href":"https:\/\/www.noticiasradioreflejos.com.ar\/2021\/wp-json\/wp\/v2\/types\/post"}],"author":[{"embeddable":true,"href":"https:\/\/www.noticiasradioreflejos.com.ar\/2021\/wp-json\/wp\/v2\/users\/3"}],"replies":[{"embeddable":true,"href":"https:\/\/www.noticiasradioreflejos.com.ar\/2021\/wp-json\/wp\/v2\/comments?post=122311"}],"version-history":[{"count":6,"href":"https:\/\/www.noticiasradioreflejos.com.ar\/2021\/wp-json\/wp\/v2\/posts\/122311\/revisions"}],"predecessor-version":[{"id":122319,"href":"https:\/\/www.noticiasradioreflejos.com.ar\/2021\/wp-json\/wp\/v2\/posts\/122311\/revisions\/122319"}],"wp:featuredmedia":[{"embeddable":true,"href":"https:\/\/www.noticiasradioreflejos.com.ar\/2021\/wp-json\/wp\/v2\/media\/75561"}],"wp:attachment":[{"href":"https:\/\/www.noticiasradioreflejos.com.ar\/2021\/wp-json\/wp\/v2\/media?parent=122311"}],"wp:term":[{"taxonomy":"category","embeddable":true,"href":"https:\/\/www.noticiasradioreflejos.com.ar\/2021\/wp-json\/wp\/v2\/categories?post=122311"},{"taxonomy":"post_tag","embeddable":true,"href":"https:\/\/www.noticiasradioreflejos.com.ar\/2021\/wp-json\/wp\/v2\/tags?post=122311"}],"curies":[{"name":"wp","href":"https:\/\/api.w.org\/{rel}","templated":true}]}}