{"id":122308,"date":"2025-07-26T08:28:44","date_gmt":"2025-07-26T11:28:44","guid":{"rendered":"https:\/\/www.noticiasradioreflejos.com.ar\/2021\/?p=122308"},"modified":"2025-07-26T08:28:44","modified_gmt":"2025-07-26T11:28:44","slug":"dia-de-los-abuelos-por-que-se-celebra-el-26-de-julio","status":"publish","type":"post","link":"https:\/\/www.noticiasradioreflejos.com.ar\/2021\/dia-de-los-abuelos-por-que-se-celebra-el-26-de-julio\/","title":{"rendered":"D\u00eda de los abuelos: \u00bfpor qu\u00e9 se celebra el 26 de julio?"},"content":{"rendered":"<p>Cada 26 de julio se celebra en Argentina y en muchas partes del mundo el D\u00eda de los Abuelos para homenajear a los adultos mayores y valorar el rol que cumplen en las familias.<!--more--><\/p>\n<div class=\"content-container col-12 col-lg-8\">\n<div class=\"c-content\">\n<div class=\"partner-wrapper opening\" data-mrf-recirculation=\"Apertura\">\n<div class=\"second-col\">\n<figure class=\"ni-figure\"><picture class=\"news-image\"><source srcset=\"https:\/\/static.eldiario.es\/clip\/0076bf61-7843-4694-bdd0-be653f9d237e_16-9-discover-aspect-ratio_50p_0.webp\" type=\"image\/webp\" media=\"(max-width: 576px)\" \/><source srcset=\"https:\/\/static.eldiario.es\/clip\/0076bf61-7843-4694-bdd0-be653f9d237e_16-9-discover-aspect-ratio_50p_0.jpg\" type=\"image\/jpg\" media=\"(max-width: 576px)\" \/><source srcset=\"https:\/\/static.eldiario.es\/clip\/0076bf61-7843-4694-bdd0-be653f9d237e_16-9-discover-aspect-ratio_75p_0.webp\" type=\"image\/webp\" media=\"(max-width: 767px)\" \/><source srcset=\"https:\/\/static.eldiario.es\/clip\/0076bf61-7843-4694-bdd0-be653f9d237e_16-9-discover-aspect-ratio_75p_0.jpg\" type=\"image\/jpg\" media=\"(max-width: 767px)\" \/><source srcset=\"https:\/\/static.eldiario.es\/clip\/0076bf61-7843-4694-bdd0-be653f9d237e_16-9-discover-aspect-ratio_default_0.webp\" type=\"image\/webp\" \/><source srcset=\"https:\/\/static.eldiario.es\/clip\/0076bf61-7843-4694-bdd0-be653f9d237e_16-9-discover-aspect-ratio_default_0.jpg\" type=\"image\/jpg\" \/><\/picture><figcaption class=\"image-footer\"><span class=\"title\">D\u00eda de las abuelas y los abuelos<\/span><\/figcaption><\/figure>\n<\/div>\n<div class=\"news-info\" data-mrf-recirculation=\"firma\">\n<div class=\"info-wrapper\">\n<div class=\"date-comments-wrapper\"><\/div>\n<\/div>\n<div class=\"twitter-wrapper\"><\/div>\n<\/div>\n<\/div>\n<div class=\"partner-wrapper article-page__body-row\">\n<div class=\"second-col\">\n<p class=\"article-text\">Cada\u00a0<strong>26 de julio<\/strong>\u00a0se rinde homenaje a los abuelos, ya que seg\u00fan el calendario cat\u00f3lico, est\u00e1 es la fecha en que se celebra la onom\u00e1stica de San Joaqu\u00edn y Santa Ana, padres de la Virgen Mar\u00eda y abuelos de Jesucristo.<\/p>\n<aside class=\"know-more know-more--with-image\">Los abuelos son una de las figuras m\u00e1s importantes del grupo familiar, creando un v\u00ednculo muy especial con los nietos. Son consentidores, tiernos y con una gran sabidur\u00eda. Siempre est\u00e1n all\u00ed para mimarnos, aconsejarnos y cuidarnos con ternura.<\/aside>\n<h2 class=\"article-text\">Los abuelos dejan huellas imborrables<\/h2>\n<p class=\"article-text\">Los abuelos ejercen un rol fundamental en la familia. No se trata de ejercer una figura de autoridad, sino de transmitir amor, bondad y comprensi\u00f3n.<\/p>\n<p class=\"article-text\">Siempre est\u00e1n dispuestos a dar amor incondicional, cuidados y consejos, sosteniendo un v\u00ednculo muy especial y emocional con sus nietos.<\/p>\n<p class=\"article-text\">De acuerdo a psic\u00f3logos infantiles y especialistas los abuelos son un modelo a seguir, a trav\u00e9s de la transmisi\u00f3n de valores y ense\u00f1anzas a las nuevas generaciones, para enfrentar las adversidades y dificultades de la vida.<\/p>\n<p class=\"article-text\">Por otra parte, los abuelos que comparten actividades y experiencias enriquecedoras con sus nietos, influyen de manera positiva en su comportamiento y relaciones interpersonales. Adem\u00e1s, este v\u00ednculo de amor, afecto y diversi\u00f3n contribuye notablemente a la salud emocional de los abuelos, haci\u00e9ndolos sentir \u00fatiles, activos y felices.<\/p>\n<h2 class=\"article-text\">Celebraci\u00f3n del D\u00eda de los Abuelos en todo el mundo<\/h2>\n<p class=\"article-text\">El D\u00eda de los Abuelos es una fecha de origen cristiano que en muchos pa\u00edses pasa desapercibido. Como dato curioso podemos destacar que no todas las regiones del mundo celebran esta festividad el mismo d\u00eda.<\/p>\n<p class=\"article-text\">Por ejemplo, en Polonia se rinde homenaje a las abuelas cada 21 de enero y a los abuelos al d\u00eda siguiente.<\/p>\n<p class=\"article-text\">En Francia el D\u00eda de los Abuelos es el primer domingo de marzo. En cambio, en M\u00e9xico es el 28 de agosto.<\/p>\n<figure><picture class=\"news-image\"><source srcset=\"https:\/\/static.eldiario.es\/clip\/2e0e4c79-cd02-4b02-b72b-ee1a7da5ce0b_source-aspect-ratio_50p_1122702.webp\" type=\"image\/webp\" media=\"(max-width: 576px)\" \/><source srcset=\"https:\/\/static.eldiario.es\/clip\/2e0e4c79-cd02-4b02-b72b-ee1a7da5ce0b_source-aspect-ratio_50p_1122702.jpg\" type=\"image\/jpg\" media=\"(max-width: 576px)\" \/><source srcset=\"https:\/\/static.eldiario.es\/clip\/2e0e4c79-cd02-4b02-b72b-ee1a7da5ce0b_source-aspect-ratio_75p_1122702.webp\" type=\"image\/webp\" media=\"(max-width: 767px)\" \/><source srcset=\"https:\/\/static.eldiario.es\/clip\/2e0e4c79-cd02-4b02-b72b-ee1a7da5ce0b_source-aspect-ratio_75p_1122702.jpg\" type=\"image\/jpg\" media=\"(max-width: 767px)\" \/><source srcset=\"https:\/\/static.eldiario.es\/clip\/2e0e4c79-cd02-4b02-b72b-ee1a7da5ce0b_source-aspect-ratio_default_1122702.webp\" type=\"image\/webp\" media=\"(min-width: 768px)\" \/><source srcset=\"https:\/\/static.eldiario.es\/clip\/2e0e4c79-cd02-4b02-b72b-ee1a7da5ce0b_source-aspect-ratio_default_1122702.jpg\" type=\"image\/jpg\" media=\"(min-width: 768px)\" \/><source srcset=\"https:\/\/static.eldiario.es\/clip\/2e0e4c79-cd02-4b02-b72b-ee1a7da5ce0b_source-aspect-ratio_default_1122702.webp\" type=\"image\/webp\" \/><img decoding=\"async\" class=\"lazy entered loaded\" src=\"https:\/\/static.eldiario.es\/clip\/2e0e4c79-cd02-4b02-b72b-ee1a7da5ce0b_source-aspect-ratio_default_1122702.jpg\" alt=\"Abuelo y nieta\" data-src=\"https:\/\/static.eldiario.es\/clip\/2e0e4c79-cd02-4b02-b72b-ee1a7da5ce0b_source-aspect-ratio_default_1122702.jpg\" data-ll-status=\"loaded\" \/><\/picture><figcaption class=\"image-footer\"><span class=\"title\">Abuelo y nieta<\/span><\/figcaption><\/figure>\n<p class=\"article-text\">No obstante, la cultura digital ha contribuido a estandarizar el 26 de julio, como la fecha oficial del D\u00eda de los Abuelos. Todo gracias a los famosos Doodle de Google y al hashtag #D\u00edadelosAbuelos que se vuelve tendencia en Twitter, todos los a\u00f1os en ese d\u00eda.<\/p>\n<p class=\"article-text\">Tenemos que resaltar que el 1 de octubre se celebra el D\u00eda Internacional de las Personas de Edad, una fecha promulgada por la ONU a nivel oficial y que trata de concienciar sobre la importancia de las personas mayores en la sociedad, contribuyendo a su integraci\u00f3n y a mantener la actividad sana y saludable.<\/p>\n<h2 class=\"article-text\">Los abuelos son los verdaderos protagonistas<\/h2>\n<p class=\"article-text\">A continuaci\u00f3n mostramos algunos t\u00edtulos de pel\u00edculas conmovedoras y aleccionadoras, cuya tem\u00e1tica central son los abuelos. Para disfrutar en familia:<\/p>\n<div id=\"container-after-news-outlook\"><\/div>\n<div class=\"list\">\n<ul>\n<li><strong>En guerra con mi abuelo (EEUU. A\u00f1o: 2020. Director: Tim Hill):\u00a0<\/strong>en esta divertida comedia familiar un ni\u00f1o debe compartir su habitaci\u00f3n con su abuelo. Junto a sus amigos trama una serie de bromas para recuperar su espacio.<\/li>\n<li><strong>Abuelos (Espa\u00f1a. A\u00f1o: 2019. Director: Santiago Requejo):\u00a0<\/strong>tres abuelos desempleados y desfasados de la tecnolog\u00eda y el mundo actual se juntan para iniciarse como emprendedores, abriendo una guarder\u00eda.<\/li>\n<li><strong>The Farewell (EEUU. A\u00f1o: 2019. Directora: Lulu Wang):<\/strong>\u00a0una familia descubre que su querida abuela padece de una enfermedad terminal. Una de sus nietas emprende un viaje a China para compartir con ella sus \u00faltimos d\u00edas de vida y recuperar los v\u00ednculos familiares, debido a la distancia que los separa.<\/li>\n<li><strong>El \u00e1rbol del abuelo (Espa\u00f1a. A\u00f1o: 2016. Directora: Ic\u00edar Bolla\u00edn):\u00a0<\/strong>Alma es una joven de 20 a\u00f1os que se embarca en un viaje para recuperar un olivo que vendi\u00f3 su familia, hundiendo a su abuelo en la m\u00e1s absoluta tristeza.<\/li>\n<li><strong>As\u00ed nos va (EEUU. A\u00f1o: 2014. Director: Rob Reiner):<\/strong>\u00a0la vida de un solitario y amargado agente inmobiliario cambia dr\u00e1sticamente cuando descubre que tiene una nieta y que debe cuidarla por un tiempo.<\/li>\n<li><strong>Abuelos al poder (EEUU. A\u00f1o: 2012. Director: Andy Fickman):\u00a0<\/strong>en esta divertida pel\u00edcula dos abuelos deben viajar para cuidar a sus nietos, cambiando todas las reglas de la casa.<\/li>\n<li><strong>Up: una aventura de altura (EEUU. A\u00f1o: 2009. Director: Pete Docter):<\/strong>\u00a0un vendedor de globos retirado y viudo se embarca en una aventura a\u00e9rea luego del fallecimiento de su adorada esposa, sin darse cuenta que lleva a un pasajero inesperado: un ni\u00f1o explorador.<\/li>\n<li><strong>Todos los caminos llevan a casa (Corea del Sur. A\u00f1o: 2002. Directora: Lee Jeong-hyang):<\/strong>\u00a0una mujer muda que vive en el campo comparte con su nieto durante las vacaciones de verano, estableciendo un v\u00ednculo muy especial.<\/li>\n<\/ul>\n<p><iframe loading=\"lazy\" title=\"UP | Tr\u00e1iler Oficial | Disney \u00b7 Pixar Oficial\" src=\"https:\/\/www.youtube.com\/embed\/qoZo9MiICo0\" width=\"300\" height=\"150\" frameborder=\"0\" allowfullscreen=\"allowfullscreen\"><\/iframe><\/p>\n<\/div>\n<h2 class=\"article-text\">\u00bfC\u00f3mo celebrar el D\u00eda de los Abuelos?<\/h2>\n<p class=\"article-text\">Celebra el D\u00eda de los Abuelos dedic\u00e1ndole todo un d\u00eda de compa\u00f1\u00eda a tus abuelos, realizando actividades que sean de su gusto. Puede ser una tarde de pesca, viendo pel\u00edculas cl\u00e1sicas, escuchando sus viejos discos, o simplemente disfrutando de una comida especial y pasar un d\u00eda estupendo, rodeados de sus seres queridos.<\/p>\n<p>&nbsp;<\/p>\n<p class=\"article-text\"><strong><em>NB &#8211; elDiarioAR<\/em><\/strong><\/p>\n<\/div>\n<\/div>\n<\/div>\n<\/div>\n","protected":false},"excerpt":{"rendered":"<p>Cada 26 de julio se celebra en Argentina y en muchas partes del mundo el D\u00eda de los Abuelos para homenajear a los adultos mayores y valorar el rol que cumplen en las familias.<\/p>\n","protected":false},"author":3,"featured_media":122309,"comment_status":"closed","ping_status":"closed","sticky":false,"template":"","format":"standard","meta":{"footnotes":""},"categories":[26],"tags":[],"class_list":["post-122308","post","type-post","status-publish","format-standard","has-post-thumbnail","hentry","category-sociedad"],"yoast_head":"<!-- This site is optimized with the Yoast SEO plugin v25.9 - https:\/\/yoast.com\/wordpress\/plugins\/seo\/ -->\n<title>D\u00eda de los abuelos: \u00bfpor qu\u00e9 se celebra el 26 de julio? - Noticias Radio Reflejos<\/title>\n<meta name=\"robots\" content=\"index, follow, max-snippet:-1, max-image-preview:large, max-video-preview:-1\" \/>\n<link rel=\"canonical\" href=\"https:\/\/www.noticiasradioreflejos.com.ar\/2021\/dia-de-los-abuelos-por-que-se-celebra-el-26-de-julio\/\" \/>\n<meta property=\"og:locale\" content=\"es_ES\" \/>\n<meta property=\"og:type\" content=\"article\" \/>\n<meta property=\"og:title\" content=\"D\u00eda de los abuelos: \u00bfpor qu\u00e9 se celebra el 26 de julio? - Noticias Radio Reflejos\" \/>\n<meta property=\"og:description\" content=\"Cada 26 de julio se celebra en Argentina y en muchas partes del mundo el D\u00eda de los Abuelos para homenajear a los adultos mayores y valorar el rol que cumplen en las familias.\" \/>\n<meta property=\"og:url\" content=\"https:\/\/www.noticiasradioreflejos.com.ar\/2021\/dia-de-los-abuelos-por-que-se-celebra-el-26-de-julio\/\" \/>\n<meta property=\"og:site_name\" content=\"Noticias Radio Reflejos\" \/>\n<meta property=\"article:published_time\" content=\"2025-07-26T11:28:44+00:00\" \/>\n<meta property=\"og:image\" content=\"https:\/\/www.noticiasradioreflejos.com.ar\/2021\/wp-content\/uploads\/2025\/07\/abuela.jpg\" \/>\n\t<meta property=\"og:image:width\" content=\"1200\" \/>\n\t<meta property=\"og:image:height\" content=\"675\" \/>\n\t<meta property=\"og:image:type\" content=\"image\/jpeg\" \/>\n<meta name=\"author\" content=\"Arnaldo Botto\" \/>\n<meta name=\"twitter:card\" content=\"summary_large_image\" \/>\n<script type=\"application\/ld+json\" class=\"yoast-schema-graph\">{\"@context\":\"https:\/\/schema.org\",\"@graph\":[{\"@type\":\"WebPage\",\"@id\":\"https:\/\/www.noticiasradioreflejos.com.ar\/2021\/dia-de-los-abuelos-por-que-se-celebra-el-26-de-julio\/\",\"url\":\"https:\/\/www.noticiasradioreflejos.com.ar\/2021\/dia-de-los-abuelos-por-que-se-celebra-el-26-de-julio\/\",\"name\":\"D\u00eda de los abuelos: \u00bfpor qu\u00e9 se celebra el 26 de julio? - Noticias Radio Reflejos\",\"isPartOf\":{\"@id\":\"https:\/\/www.noticiasradioreflejos.com.ar\/2021\/#website\"},\"primaryImageOfPage\":{\"@id\":\"https:\/\/www.noticiasradioreflejos.com.ar\/2021\/dia-de-los-abuelos-por-que-se-celebra-el-26-de-julio\/#primaryimage\"},\"image\":{\"@id\":\"https:\/\/www.noticiasradioreflejos.com.ar\/2021\/dia-de-los-abuelos-por-que-se-celebra-el-26-de-julio\/#primaryimage\"},\"thumbnailUrl\":\"https:\/\/www.noticiasradioreflejos.com.ar\/2021\/wp-content\/uploads\/2025\/07\/abuela.jpg\",\"datePublished\":\"2025-07-26T11:28:44+00:00\",\"author\":{\"@id\":\"https:\/\/www.noticiasradioreflejos.com.ar\/2021\/#\/schema\/person\/ad82545263dcc5ec0996818884fd5fb1\"},\"breadcrumb\":{\"@id\":\"https:\/\/www.noticiasradioreflejos.com.ar\/2021\/dia-de-los-abuelos-por-que-se-celebra-el-26-de-julio\/#breadcrumb\"},\"inLanguage\":\"es\",\"potentialAction\":[{\"@type\":\"ReadAction\",\"target\":[\"https:\/\/www.noticiasradioreflejos.com.ar\/2021\/dia-de-los-abuelos-por-que-se-celebra-el-26-de-julio\/\"]}]},{\"@type\":\"ImageObject\",\"inLanguage\":\"es\",\"@id\":\"https:\/\/www.noticiasradioreflejos.com.ar\/2021\/dia-de-los-abuelos-por-que-se-celebra-el-26-de-julio\/#primaryimage\",\"url\":\"https:\/\/www.noticiasradioreflejos.com.ar\/2021\/wp-content\/uploads\/2025\/07\/abuela.jpg\",\"contentUrl\":\"https:\/\/www.noticiasradioreflejos.com.ar\/2021\/wp-content\/uploads\/2025\/07\/abuela.jpg\",\"width\":1200,\"height\":675},{\"@type\":\"BreadcrumbList\",\"@id\":\"https:\/\/www.noticiasradioreflejos.com.ar\/2021\/dia-de-los-abuelos-por-que-se-celebra-el-26-de-julio\/#breadcrumb\",\"itemListElement\":[{\"@type\":\"ListItem\",\"position\":1,\"name\":\"Portada\",\"item\":\"https:\/\/www.noticiasradioreflejos.com.ar\/2021\/\"},{\"@type\":\"ListItem\",\"position\":2,\"name\":\"D\u00eda de los abuelos: \u00bfpor qu\u00e9 se celebra el 26 de julio?\"}]},{\"@type\":\"WebSite\",\"@id\":\"https:\/\/www.noticiasradioreflejos.com.ar\/2021\/#website\",\"url\":\"https:\/\/www.noticiasradioreflejos.com.ar\/2021\/\",\"name\":\"Noticias Radio Reflejos\",\"description\":\"Las noticias de mi comarca\",\"potentialAction\":[{\"@type\":\"SearchAction\",\"target\":{\"@type\":\"EntryPoint\",\"urlTemplate\":\"https:\/\/www.noticiasradioreflejos.com.ar\/2021\/?s={search_term_string}\"},\"query-input\":{\"@type\":\"PropertyValueSpecification\",\"valueRequired\":true,\"valueName\":\"search_term_string\"}}],\"inLanguage\":\"es\"},{\"@type\":\"Person\",\"@id\":\"https:\/\/www.noticiasradioreflejos.com.ar\/2021\/#\/schema\/person\/ad82545263dcc5ec0996818884fd5fb1\",\"name\":\"Arnaldo Botto\",\"image\":{\"@type\":\"ImageObject\",\"inLanguage\":\"es\",\"@id\":\"https:\/\/www.noticiasradioreflejos.com.ar\/2021\/#\/schema\/person\/image\/\",\"url\":\"https:\/\/secure.gravatar.com\/avatar\/55cb5e37c1efa326397366e6974cb338056df65cb50e7d64d1cf314e87504837?s=96&d=mm&r=g\",\"contentUrl\":\"https:\/\/secure.gravatar.com\/avatar\/55cb5e37c1efa326397366e6974cb338056df65cb50e7d64d1cf314e87504837?s=96&d=mm&r=g\",\"caption\":\"Arnaldo Botto\"},\"url\":\"https:\/\/www.noticiasradioreflejos.com.ar\/2021\/author\/arnaldo\/\"}]}<\/script>\n<!-- \/ Yoast SEO plugin. -->","yoast_head_json":{"title":"D\u00eda de los abuelos: \u00bfpor qu\u00e9 se celebra el 26 de julio? - Noticias Radio Reflejos","robots":{"index":"index","follow":"follow","max-snippet":"max-snippet:-1","max-image-preview":"max-image-preview:large","max-video-preview":"max-video-preview:-1"},"canonical":"https:\/\/www.noticiasradioreflejos.com.ar\/2021\/dia-de-los-abuelos-por-que-se-celebra-el-26-de-julio\/","og_locale":"es_ES","og_type":"article","og_title":"D\u00eda de los abuelos: \u00bfpor qu\u00e9 se celebra el 26 de julio? - Noticias Radio Reflejos","og_description":"Cada 26 de julio se celebra en Argentina y en muchas partes del mundo el D\u00eda de los Abuelos para homenajear a los adultos mayores y valorar el rol que cumplen en las familias.","og_url":"https:\/\/www.noticiasradioreflejos.com.ar\/2021\/dia-de-los-abuelos-por-que-se-celebra-el-26-de-julio\/","og_site_name":"Noticias Radio Reflejos","article_published_time":"2025-07-26T11:28:44+00:00","og_image":[{"width":1200,"height":675,"url":"https:\/\/www.noticiasradioreflejos.com.ar\/2021\/wp-content\/uploads\/2025\/07\/abuela.jpg","type":"image\/jpeg"}],"author":"Arnaldo Botto","twitter_card":"summary_large_image","schema":{"@context":"https:\/\/schema.org","@graph":[{"@type":"WebPage","@id":"https:\/\/www.noticiasradioreflejos.com.ar\/2021\/dia-de-los-abuelos-por-que-se-celebra-el-26-de-julio\/","url":"https:\/\/www.noticiasradioreflejos.com.ar\/2021\/dia-de-los-abuelos-por-que-se-celebra-el-26-de-julio\/","name":"D\u00eda de los abuelos: \u00bfpor qu\u00e9 se celebra el 26 de julio? - Noticias Radio Reflejos","isPartOf":{"@id":"https:\/\/www.noticiasradioreflejos.com.ar\/2021\/#website"},"primaryImageOfPage":{"@id":"https:\/\/www.noticiasradioreflejos.com.ar\/2021\/dia-de-los-abuelos-por-que-se-celebra-el-26-de-julio\/#primaryimage"},"image":{"@id":"https:\/\/www.noticiasradioreflejos.com.ar\/2021\/dia-de-los-abuelos-por-que-se-celebra-el-26-de-julio\/#primaryimage"},"thumbnailUrl":"https:\/\/www.noticiasradioreflejos.com.ar\/2021\/wp-content\/uploads\/2025\/07\/abuela.jpg","datePublished":"2025-07-26T11:28:44+00:00","author":{"@id":"https:\/\/www.noticiasradioreflejos.com.ar\/2021\/#\/schema\/person\/ad82545263dcc5ec0996818884fd5fb1"},"breadcrumb":{"@id":"https:\/\/www.noticiasradioreflejos.com.ar\/2021\/dia-de-los-abuelos-por-que-se-celebra-el-26-de-julio\/#breadcrumb"},"inLanguage":"es","potentialAction":[{"@type":"ReadAction","target":["https:\/\/www.noticiasradioreflejos.com.ar\/2021\/dia-de-los-abuelos-por-que-se-celebra-el-26-de-julio\/"]}]},{"@type":"ImageObject","inLanguage":"es","@id":"https:\/\/www.noticiasradioreflejos.com.ar\/2021\/dia-de-los-abuelos-por-que-se-celebra-el-26-de-julio\/#primaryimage","url":"https:\/\/www.noticiasradioreflejos.com.ar\/2021\/wp-content\/uploads\/2025\/07\/abuela.jpg","contentUrl":"https:\/\/www.noticiasradioreflejos.com.ar\/2021\/wp-content\/uploads\/2025\/07\/abuela.jpg","width":1200,"height":675},{"@type":"BreadcrumbList","@id":"https:\/\/www.noticiasradioreflejos.com.ar\/2021\/dia-de-los-abuelos-por-que-se-celebra-el-26-de-julio\/#breadcrumb","itemListElement":[{"@type":"ListItem","position":1,"name":"Portada","item":"https:\/\/www.noticiasradioreflejos.com.ar\/2021\/"},{"@type":"ListItem","position":2,"name":"D\u00eda de los abuelos: \u00bfpor qu\u00e9 se celebra el 26 de julio?"}]},{"@type":"WebSite","@id":"https:\/\/www.noticiasradioreflejos.com.ar\/2021\/#website","url":"https:\/\/www.noticiasradioreflejos.com.ar\/2021\/","name":"Noticias Radio Reflejos","description":"Las noticias de mi comarca","potentialAction":[{"@type":"SearchAction","target":{"@type":"EntryPoint","urlTemplate":"https:\/\/www.noticiasradioreflejos.com.ar\/2021\/?s={search_term_string}"},"query-input":{"@type":"PropertyValueSpecification","valueRequired":true,"valueName":"search_term_string"}}],"inLanguage":"es"},{"@type":"Person","@id":"https:\/\/www.noticiasradioreflejos.com.ar\/2021\/#\/schema\/person\/ad82545263dcc5ec0996818884fd5fb1","name":"Arnaldo Botto","image":{"@type":"ImageObject","inLanguage":"es","@id":"https:\/\/www.noticiasradioreflejos.com.ar\/2021\/#\/schema\/person\/image\/","url":"https:\/\/secure.gravatar.com\/avatar\/55cb5e37c1efa326397366e6974cb338056df65cb50e7d64d1cf314e87504837?s=96&d=mm&r=g","contentUrl":"https:\/\/secure.gravatar.com\/avatar\/55cb5e37c1efa326397366e6974cb338056df65cb50e7d64d1cf314e87504837?s=96&d=mm&r=g","caption":"Arnaldo Botto"},"url":"https:\/\/www.noticiasradioreflejos.com.ar\/2021\/author\/arnaldo\/"}]}},"_links":{"self":[{"href":"https:\/\/www.noticiasradioreflejos.com.ar\/2021\/wp-json\/wp\/v2\/posts\/122308","targetHints":{"allow":["GET"]}}],"collection":[{"href":"https:\/\/www.noticiasradioreflejos.com.ar\/2021\/wp-json\/wp\/v2\/posts"}],"about":[{"href":"https:\/\/www.noticiasradioreflejos.com.ar\/2021\/wp-json\/wp\/v2\/types\/post"}],"author":[{"embeddable":true,"href":"https:\/\/www.noticiasradioreflejos.com.ar\/2021\/wp-json\/wp\/v2\/users\/3"}],"replies":[{"embeddable":true,"href":"https:\/\/www.noticiasradioreflejos.com.ar\/2021\/wp-json\/wp\/v2\/comments?post=122308"}],"version-history":[{"count":1,"href":"https:\/\/www.noticiasradioreflejos.com.ar\/2021\/wp-json\/wp\/v2\/posts\/122308\/revisions"}],"predecessor-version":[{"id":122310,"href":"https:\/\/www.noticiasradioreflejos.com.ar\/2021\/wp-json\/wp\/v2\/posts\/122308\/revisions\/122310"}],"wp:featuredmedia":[{"embeddable":true,"href":"https:\/\/www.noticiasradioreflejos.com.ar\/2021\/wp-json\/wp\/v2\/media\/122309"}],"wp:attachment":[{"href":"https:\/\/www.noticiasradioreflejos.com.ar\/2021\/wp-json\/wp\/v2\/media?parent=122308"}],"wp:term":[{"taxonomy":"category","embeddable":true,"href":"https:\/\/www.noticiasradioreflejos.com.ar\/2021\/wp-json\/wp\/v2\/categories?post=122308"},{"taxonomy":"post_tag","embeddable":true,"href":"https:\/\/www.noticiasradioreflejos.com.ar\/2021\/wp-json\/wp\/v2\/tags?post=122308"}],"curies":[{"name":"wp","href":"https:\/\/api.w.org\/{rel}","templated":true}]}}