{"id":12227,"date":"2017-07-13T12:08:50","date_gmt":"2017-07-13T15:08:50","guid":{"rendered":"http:\/\/www.noticiasradioreflejos.com.ar\/noticias\/?p=12227"},"modified":"2017-07-13T12:08:50","modified_gmt":"2017-07-13T15:08:50","slug":"el-intendente-confirmo-que-se-destrabaron-los-fondos-para-los-trabajos-en-el-futuro-barrio-de-tornquist","status":"publish","type":"post","link":"https:\/\/www.noticiasradioreflejos.com.ar\/2021\/el-intendente-confirmo-que-se-destrabaron-los-fondos-para-los-trabajos-en-el-futuro-barrio-de-tornquist\/","title":{"rendered":"El Intendente confirm\u00f3 que se destrabaron los fondos para los trabajos en el futuro barrio de Tornquist"},"content":{"rendered":"<p>Sergio Bordoni arrib\u00f3 este jueves desde la ciudad de La Plata. All\u00ed mantuvo varias reuniones y firm\u00f3 convenios para la adquisici\u00f3n de herramientas y maquinarias.<!--more--><br \/>\nUn subsidio no reintegrable con el Ministerio del Interior y Obras P\u00fablicas de la Naci\u00f3n por 2.350.000 pesos, para la adquisici\u00f3n de un cami\u00f3n barredora destinado a la limpieza y el mantenimiento de las calles.<br \/>\nTambi\u00e9n suscribi\u00f3 con Directivos de Provincia Leasing, contratos para financiar bienes que mejorar\u00e1n la prestaci\u00f3n de servicios p\u00fablicos.<br \/>\nDe esta manera el municipio adquiri\u00f3 una motoniveladora y un sistema centralizado de Ox\u00edgeno, destinados a la mejora de los servicios de salud y p\u00fablicos del distrito.<br \/>\nUna importante noticia que inform\u00f3 el Intendente tiene que ver con que hacia fines de este o mediados de Agosto se culminar\u00eda el pago de las tierras adquiridas para el futuro barrio y se tomar\u00e1 posesi\u00f3n del inmueble para comenzar a trabajar.<br \/>\nEl dinero saldr\u00e1 del Fondo de Infraestructura Municipal que le otorgan a los municipios. Ya se avanz\u00f3 con el trabajo de agrimensura y comenzar\u00e1n a correrse los alambrados en el sector ubicado en cercan\u00edas de la Escuela Agropecuaria .<br \/>\n\u201cEsto es lo que realmente necesita Tornquist-dijo el Intendente en comunicaci\u00f3n telef\u00f3nica con nuestro medio- realmente la gente no vive como quiere sino como puede y la idea es gestionar las viviendas cuando tengamos las tierras que era lo m\u00e1s dif\u00edcil de conseguir\u201d manifest\u00f3.<br \/>\n\u201cOtras obras en carpeta es el asfalto aunque muchas proyectadas fueron demoradas porque priorizaron otras ayudas a municipios inundados que necesitan soluciones prioritarias\u201d indic\u00f3.<br \/>\nEn el caso de Tornquist con el asfalto deteriorado se est\u00e1 pensando en darle una soluci\u00f3n a sectores como General Paz y Alem donde se ha producido el levantamiento de la carpeta asf\u00e1ltica por las ra\u00edces de los pinos que han deteriorado varios lugares de los sectores c\u00e9ntricos.<br \/>\n\u201cLa idea de este ejecutivo es que no debe hacerse parche sobre parche. Cuando algo se hace que se haga bien porque el dinero que se pone es de todos los contribuyentes. No quiero ser yo el que siempre tome las determinaciones pero si se tiene que hacer lo voy a hacer(En relaci\u00f3n a extracci\u00f3n de \u00e1rboles del bulevar). Asfalto que se rompe no queda bien hay que trabajar a conciencia. Han pasado muchos gobiernos y ninguno hizo hincapi\u00e9 en esto\u201d dispar\u00f3 Bordoni.<br \/>\nCon respecto a la visita este jueves del Presidente de la C\u00e1mara de Diputados Manuel Mosca, el Jefe Comunal adelant\u00f3 que se recorrer\u00e1n las obras en el hospital. Adem\u00e1s por \u00faltimo invit\u00f3 a la ciudadan\u00eda a concurrir este viernes a la Sociedad Germ\u00e1nica a la hora 20.30 con motivo de la presentaci\u00f3n de candidatos del frente Cambiemos, en el fog\u00f3n de la entidad.<br \/>\n<iframe loading=\"lazy\" src=\"https:\/\/w.soundcloud.com\/player\/?url=https%3A\/\/api.soundcloud.com\/tracks\/333026704&amp;color=ff5500&amp;auto_play=false&amp;hide_related=false&amp;show_comments=true&amp;show_user=true&amp;show_reposts=false\" width=\"100%\" height=\"166\" frameborder=\"no\" scrolling=\"no\"><\/iframe><\/p>\n","protected":false},"excerpt":{"rendered":"<p>Sergio Bordoni arrib\u00f3 este jueves desde la ciudad de La Plata. All\u00ed mantuvo varias reuniones y firm\u00f3 convenios para la adquisici\u00f3n de herramientas y maquinarias.<\/p>\n","protected":false},"author":3,"featured_media":0,"comment_status":"closed","ping_status":"open","sticky":false,"template":"","format":"standard","meta":{"footnotes":""},"categories":[28],"tags":[],"class_list":["post-12227","post","type-post","status-publish","format-standard","hentry","category-municipales"],"yoast_head":"<!-- This site is optimized with the Yoast SEO plugin v25.9 - https:\/\/yoast.com\/wordpress\/plugins\/seo\/ -->\n<title>El Intendente confirm\u00f3 que se destrabaron los fondos para los trabajos en el futuro barrio de Tornquist - Noticias Radio Reflejos<\/title>\n<meta name=\"robots\" content=\"index, follow, max-snippet:-1, max-image-preview:large, max-video-preview:-1\" \/>\n<link rel=\"canonical\" href=\"https:\/\/www.noticiasradioreflejos.com.ar\/2021\/el-intendente-confirmo-que-se-destrabaron-los-fondos-para-los-trabajos-en-el-futuro-barrio-de-tornquist\/\" \/>\n<meta property=\"og:locale\" content=\"es_ES\" \/>\n<meta property=\"og:type\" content=\"article\" \/>\n<meta property=\"og:title\" content=\"El Intendente confirm\u00f3 que se destrabaron los fondos para los trabajos en el futuro barrio de Tornquist - Noticias Radio Reflejos\" \/>\n<meta property=\"og:description\" content=\"Sergio Bordoni arrib\u00f3 este jueves desde la ciudad de La Plata. All\u00ed mantuvo varias reuniones y firm\u00f3 convenios para la adquisici\u00f3n de herramientas y maquinarias.\" \/>\n<meta property=\"og:url\" content=\"https:\/\/www.noticiasradioreflejos.com.ar\/2021\/el-intendente-confirmo-que-se-destrabaron-los-fondos-para-los-trabajos-en-el-futuro-barrio-de-tornquist\/\" \/>\n<meta property=\"og:site_name\" content=\"Noticias Radio Reflejos\" \/>\n<meta property=\"article:published_time\" content=\"2017-07-13T15:08:50+00:00\" \/>\n<meta property=\"og:image\" content=\"https:\/\/www.noticiasradioreflejos.com.ar\/2021\/wp-content\/uploads\/2021\/07\/logosol300x200.png\" \/>\n\t<meta property=\"og:image:width\" content=\"300\" \/>\n\t<meta property=\"og:image:height\" content=\"200\" \/>\n\t<meta property=\"og:image:type\" content=\"image\/png\" \/>\n<meta name=\"author\" content=\"Arnaldo Botto\" \/>\n<meta name=\"twitter:card\" content=\"summary_large_image\" \/>\n<script type=\"application\/ld+json\" class=\"yoast-schema-graph\">{\"@context\":\"https:\/\/schema.org\",\"@graph\":[{\"@type\":\"WebPage\",\"@id\":\"https:\/\/www.noticiasradioreflejos.com.ar\/2021\/el-intendente-confirmo-que-se-destrabaron-los-fondos-para-los-trabajos-en-el-futuro-barrio-de-tornquist\/\",\"url\":\"https:\/\/www.noticiasradioreflejos.com.ar\/2021\/el-intendente-confirmo-que-se-destrabaron-los-fondos-para-los-trabajos-en-el-futuro-barrio-de-tornquist\/\",\"name\":\"El Intendente confirm\u00f3 que se destrabaron los fondos para los trabajos en el futuro barrio de Tornquist - Noticias Radio Reflejos\",\"isPartOf\":{\"@id\":\"https:\/\/www.noticiasradioreflejos.com.ar\/2021\/#website\"},\"datePublished\":\"2017-07-13T15:08:50+00:00\",\"author\":{\"@id\":\"https:\/\/www.noticiasradioreflejos.com.ar\/2021\/#\/schema\/person\/ad82545263dcc5ec0996818884fd5fb1\"},\"breadcrumb\":{\"@id\":\"https:\/\/www.noticiasradioreflejos.com.ar\/2021\/el-intendente-confirmo-que-se-destrabaron-los-fondos-para-los-trabajos-en-el-futuro-barrio-de-tornquist\/#breadcrumb\"},\"inLanguage\":\"es\",\"potentialAction\":[{\"@type\":\"ReadAction\",\"target\":[\"https:\/\/www.noticiasradioreflejos.com.ar\/2021\/el-intendente-confirmo-que-se-destrabaron-los-fondos-para-los-trabajos-en-el-futuro-barrio-de-tornquist\/\"]}]},{\"@type\":\"BreadcrumbList\",\"@id\":\"https:\/\/www.noticiasradioreflejos.com.ar\/2021\/el-intendente-confirmo-que-se-destrabaron-los-fondos-para-los-trabajos-en-el-futuro-barrio-de-tornquist\/#breadcrumb\",\"itemListElement\":[{\"@type\":\"ListItem\",\"position\":1,\"name\":\"Portada\",\"item\":\"https:\/\/www.noticiasradioreflejos.com.ar\/2021\/\"},{\"@type\":\"ListItem\",\"position\":2,\"name\":\"El Intendente confirm\u00f3 que se destrabaron los fondos para los trabajos en el futuro barrio de Tornquist\"}]},{\"@type\":\"WebSite\",\"@id\":\"https:\/\/www.noticiasradioreflejos.com.ar\/2021\/#website\",\"url\":\"https:\/\/www.noticiasradioreflejos.com.ar\/2021\/\",\"name\":\"Noticias Radio Reflejos\",\"description\":\"Las noticias de mi comarca\",\"potentialAction\":[{\"@type\":\"SearchAction\",\"target\":{\"@type\":\"EntryPoint\",\"urlTemplate\":\"https:\/\/www.noticiasradioreflejos.com.ar\/2021\/?s={search_term_string}\"},\"query-input\":{\"@type\":\"PropertyValueSpecification\",\"valueRequired\":true,\"valueName\":\"search_term_string\"}}],\"inLanguage\":\"es\"},{\"@type\":\"Person\",\"@id\":\"https:\/\/www.noticiasradioreflejos.com.ar\/2021\/#\/schema\/person\/ad82545263dcc5ec0996818884fd5fb1\",\"name\":\"Arnaldo Botto\",\"image\":{\"@type\":\"ImageObject\",\"inLanguage\":\"es\",\"@id\":\"https:\/\/www.noticiasradioreflejos.com.ar\/2021\/#\/schema\/person\/image\/\",\"url\":\"https:\/\/secure.gravatar.com\/avatar\/55cb5e37c1efa326397366e6974cb338056df65cb50e7d64d1cf314e87504837?s=96&d=mm&r=g\",\"contentUrl\":\"https:\/\/secure.gravatar.com\/avatar\/55cb5e37c1efa326397366e6974cb338056df65cb50e7d64d1cf314e87504837?s=96&d=mm&r=g\",\"caption\":\"Arnaldo Botto\"},\"url\":\"https:\/\/www.noticiasradioreflejos.com.ar\/2021\/author\/arnaldo\/\"}]}<\/script>\n<!-- \/ Yoast SEO plugin. -->","yoast_head_json":{"title":"El Intendente confirm\u00f3 que se destrabaron los fondos para los trabajos en el futuro barrio de Tornquist - Noticias Radio Reflejos","robots":{"index":"index","follow":"follow","max-snippet":"max-snippet:-1","max-image-preview":"max-image-preview:large","max-video-preview":"max-video-preview:-1"},"canonical":"https:\/\/www.noticiasradioreflejos.com.ar\/2021\/el-intendente-confirmo-que-se-destrabaron-los-fondos-para-los-trabajos-en-el-futuro-barrio-de-tornquist\/","og_locale":"es_ES","og_type":"article","og_title":"El Intendente confirm\u00f3 que se destrabaron los fondos para los trabajos en el futuro barrio de Tornquist - Noticias Radio Reflejos","og_description":"Sergio Bordoni arrib\u00f3 este jueves desde la ciudad de La Plata. All\u00ed mantuvo varias reuniones y firm\u00f3 convenios para la adquisici\u00f3n de herramientas y maquinarias.","og_url":"https:\/\/www.noticiasradioreflejos.com.ar\/2021\/el-intendente-confirmo-que-se-destrabaron-los-fondos-para-los-trabajos-en-el-futuro-barrio-de-tornquist\/","og_site_name":"Noticias Radio Reflejos","article_published_time":"2017-07-13T15:08:50+00:00","og_image":[{"width":300,"height":200,"url":"https:\/\/www.noticiasradioreflejos.com.ar\/2021\/wp-content\/uploads\/2021\/07\/logosol300x200.png","type":"image\/png"}],"author":"Arnaldo Botto","twitter_card":"summary_large_image","schema":{"@context":"https:\/\/schema.org","@graph":[{"@type":"WebPage","@id":"https:\/\/www.noticiasradioreflejos.com.ar\/2021\/el-intendente-confirmo-que-se-destrabaron-los-fondos-para-los-trabajos-en-el-futuro-barrio-de-tornquist\/","url":"https:\/\/www.noticiasradioreflejos.com.ar\/2021\/el-intendente-confirmo-que-se-destrabaron-los-fondos-para-los-trabajos-en-el-futuro-barrio-de-tornquist\/","name":"El Intendente confirm\u00f3 que se destrabaron los fondos para los trabajos en el futuro barrio de Tornquist - Noticias Radio Reflejos","isPartOf":{"@id":"https:\/\/www.noticiasradioreflejos.com.ar\/2021\/#website"},"datePublished":"2017-07-13T15:08:50+00:00","author":{"@id":"https:\/\/www.noticiasradioreflejos.com.ar\/2021\/#\/schema\/person\/ad82545263dcc5ec0996818884fd5fb1"},"breadcrumb":{"@id":"https:\/\/www.noticiasradioreflejos.com.ar\/2021\/el-intendente-confirmo-que-se-destrabaron-los-fondos-para-los-trabajos-en-el-futuro-barrio-de-tornquist\/#breadcrumb"},"inLanguage":"es","potentialAction":[{"@type":"ReadAction","target":["https:\/\/www.noticiasradioreflejos.com.ar\/2021\/el-intendente-confirmo-que-se-destrabaron-los-fondos-para-los-trabajos-en-el-futuro-barrio-de-tornquist\/"]}]},{"@type":"BreadcrumbList","@id":"https:\/\/www.noticiasradioreflejos.com.ar\/2021\/el-intendente-confirmo-que-se-destrabaron-los-fondos-para-los-trabajos-en-el-futuro-barrio-de-tornquist\/#breadcrumb","itemListElement":[{"@type":"ListItem","position":1,"name":"Portada","item":"https:\/\/www.noticiasradioreflejos.com.ar\/2021\/"},{"@type":"ListItem","position":2,"name":"El Intendente confirm\u00f3 que se destrabaron los fondos para los trabajos en el futuro barrio de Tornquist"}]},{"@type":"WebSite","@id":"https:\/\/www.noticiasradioreflejos.com.ar\/2021\/#website","url":"https:\/\/www.noticiasradioreflejos.com.ar\/2021\/","name":"Noticias Radio Reflejos","description":"Las noticias de mi comarca","potentialAction":[{"@type":"SearchAction","target":{"@type":"EntryPoint","urlTemplate":"https:\/\/www.noticiasradioreflejos.com.ar\/2021\/?s={search_term_string}"},"query-input":{"@type":"PropertyValueSpecification","valueRequired":true,"valueName":"search_term_string"}}],"inLanguage":"es"},{"@type":"Person","@id":"https:\/\/www.noticiasradioreflejos.com.ar\/2021\/#\/schema\/person\/ad82545263dcc5ec0996818884fd5fb1","name":"Arnaldo Botto","image":{"@type":"ImageObject","inLanguage":"es","@id":"https:\/\/www.noticiasradioreflejos.com.ar\/2021\/#\/schema\/person\/image\/","url":"https:\/\/secure.gravatar.com\/avatar\/55cb5e37c1efa326397366e6974cb338056df65cb50e7d64d1cf314e87504837?s=96&d=mm&r=g","contentUrl":"https:\/\/secure.gravatar.com\/avatar\/55cb5e37c1efa326397366e6974cb338056df65cb50e7d64d1cf314e87504837?s=96&d=mm&r=g","caption":"Arnaldo Botto"},"url":"https:\/\/www.noticiasradioreflejos.com.ar\/2021\/author\/arnaldo\/"}]}},"_links":{"self":[{"href":"https:\/\/www.noticiasradioreflejos.com.ar\/2021\/wp-json\/wp\/v2\/posts\/12227","targetHints":{"allow":["GET"]}}],"collection":[{"href":"https:\/\/www.noticiasradioreflejos.com.ar\/2021\/wp-json\/wp\/v2\/posts"}],"about":[{"href":"https:\/\/www.noticiasradioreflejos.com.ar\/2021\/wp-json\/wp\/v2\/types\/post"}],"author":[{"embeddable":true,"href":"https:\/\/www.noticiasradioreflejos.com.ar\/2021\/wp-json\/wp\/v2\/users\/3"}],"replies":[{"embeddable":true,"href":"https:\/\/www.noticiasradioreflejos.com.ar\/2021\/wp-json\/wp\/v2\/comments?post=12227"}],"version-history":[{"count":0,"href":"https:\/\/www.noticiasradioreflejos.com.ar\/2021\/wp-json\/wp\/v2\/posts\/12227\/revisions"}],"wp:attachment":[{"href":"https:\/\/www.noticiasradioreflejos.com.ar\/2021\/wp-json\/wp\/v2\/media?parent=12227"}],"wp:term":[{"taxonomy":"category","embeddable":true,"href":"https:\/\/www.noticiasradioreflejos.com.ar\/2021\/wp-json\/wp\/v2\/categories?post=12227"},{"taxonomy":"post_tag","embeddable":true,"href":"https:\/\/www.noticiasradioreflejos.com.ar\/2021\/wp-json\/wp\/v2\/tags?post=12227"}],"curies":[{"name":"wp","href":"https:\/\/api.w.org\/{rel}","templated":true}]}}