{"id":12224,"date":"2017-07-13T11:41:12","date_gmt":"2017-07-13T14:41:12","guid":{"rendered":"http:\/\/www.noticiasradioreflejos.com.ar\/noticias\/?p=12224"},"modified":"2017-07-13T11:41:12","modified_gmt":"2017-07-13T14:41:12","slug":"dia-del-trabajador-de-la-energia-electrica","status":"publish","type":"post","link":"https:\/\/www.noticiasradioreflejos.com.ar\/2021\/dia-del-trabajador-de-la-energia-electrica\/","title":{"rendered":"D\u00eda del Trabajador de la Energ\u00eda El\u00e9ctrica."},"content":{"rendered":"<p><a title=\"19884090_10212107440234369_1218579217217175947_n\" href=\"http:\/\/farm5.staticflickr.com\/4317\/35857993356_252ecae780_z.jpg\" rel=\"\"><img loading=\"lazy\" decoding=\"async\" class=\"alignleft\" style=\"float: left;\" title=\"19884090_10212107440234369_1218579217217175947_n\" src=\"http:\/\/farm5.staticflickr.com\/4317\/35857993356_252ecae780_z.jpg\" alt=\"19884090_10212107440234369_1218579217217175947_n\" width=\"448\" height=\"640\" \/><\/a>Salutaci\u00f3n de la Federaci\u00f3n Argentina de Trabajadores de Luz y Fuerza<br \/>\nEl 13 de julio de 1948, 29 Sindicatos Luz y Fuerza de distintos lugares del pa\u00eds unieron sus sue\u00f1os de grandeza y dieron origen a nuestra Federaci\u00f3n Argentina de Trabajadores de Luz y Fuerza.<!--more--><br \/>\nUn a\u00f1o m\u00e1s tarde, ya reconocida su Personer\u00eda Gremial bajo el registro Nro. 130, se celebra el I Congreso Ordinario y se rubrica el primer Convenio Colectivo de Trabajo.<br \/>\nDesde entonces, la noble y sagrada causa de lucha en defensa del Trabajador y su familia, fue abrazada desde todas las latitudes de nuestro vasto territorio por los Trabajadores de la Energ\u00eda El\u00e9ctrica que hoy, celebramos orgullosos, 69 a\u00f1os de vida de nuestra entidad madre, la FATLYF. A su amparo, haciendo de los preceptos humanistas y cristianos el faro de nuestras acciones, 41 Sindicatos hermanos trabajamos desde la unidad en pos de la dignidad, del trabajo y de los Trabajadores, y cantamos al un\u00edsono \u201cHermanados\u2026como nunca marcharemos y luchemos por la Justicia Social\u00bb.<\/p>\n","protected":false},"excerpt":{"rendered":"<p>Salutaci\u00f3n de la Federaci\u00f3n Argentina de Trabajadores de Luz y Fuerza El 13 de julio de 1948, 29 Sindicatos Luz y Fuerza de distintos lugares del pa\u00eds unieron sus sue\u00f1os de grandeza y dieron origen a nuestra Federaci\u00f3n Argentina de Trabajadores de Luz y Fuerza.<\/p>\n","protected":false},"author":3,"featured_media":0,"comment_status":"closed","ping_status":"open","sticky":false,"template":"","format":"standard","meta":{"footnotes":""},"categories":[26],"tags":[],"class_list":["post-12224","post","type-post","status-publish","format-standard","hentry","category-sociedad"],"yoast_head":"<!-- This site is optimized with the Yoast SEO plugin v25.9 - https:\/\/yoast.com\/wordpress\/plugins\/seo\/ -->\n<title>D\u00eda del Trabajador de la Energ\u00eda El\u00e9ctrica. - Noticias Radio Reflejos<\/title>\n<meta name=\"robots\" content=\"index, follow, max-snippet:-1, max-image-preview:large, max-video-preview:-1\" \/>\n<link rel=\"canonical\" href=\"https:\/\/www.noticiasradioreflejos.com.ar\/2021\/dia-del-trabajador-de-la-energia-electrica\/\" \/>\n<meta property=\"og:locale\" content=\"es_ES\" \/>\n<meta property=\"og:type\" content=\"article\" \/>\n<meta property=\"og:title\" content=\"D\u00eda del Trabajador de la Energ\u00eda El\u00e9ctrica. - Noticias Radio Reflejos\" \/>\n<meta property=\"og:description\" content=\"Salutaci\u00f3n de la Federaci\u00f3n Argentina de Trabajadores de Luz y Fuerza El 13 de julio de 1948, 29 Sindicatos Luz y Fuerza de distintos lugares del pa\u00eds unieron sus sue\u00f1os de grandeza y dieron origen a nuestra Federaci\u00f3n Argentina de Trabajadores de Luz y Fuerza.\" \/>\n<meta property=\"og:url\" content=\"https:\/\/www.noticiasradioreflejos.com.ar\/2021\/dia-del-trabajador-de-la-energia-electrica\/\" \/>\n<meta property=\"og:site_name\" content=\"Noticias Radio Reflejos\" \/>\n<meta property=\"article:published_time\" content=\"2017-07-13T14:41:12+00:00\" \/>\n<meta property=\"og:image\" content=\"http:\/\/farm5.staticflickr.com\/4317\/35857993356_252ecae780_z.jpg\" \/>\n<meta name=\"author\" content=\"Arnaldo Botto\" \/>\n<meta name=\"twitter:card\" content=\"summary_large_image\" \/>\n<script type=\"application\/ld+json\" class=\"yoast-schema-graph\">{\"@context\":\"https:\/\/schema.org\",\"@graph\":[{\"@type\":\"WebPage\",\"@id\":\"https:\/\/www.noticiasradioreflejos.com.ar\/2021\/dia-del-trabajador-de-la-energia-electrica\/\",\"url\":\"https:\/\/www.noticiasradioreflejos.com.ar\/2021\/dia-del-trabajador-de-la-energia-electrica\/\",\"name\":\"D\u00eda del Trabajador de la Energ\u00eda El\u00e9ctrica. - Noticias Radio Reflejos\",\"isPartOf\":{\"@id\":\"https:\/\/www.noticiasradioreflejos.com.ar\/2021\/#website\"},\"primaryImageOfPage\":{\"@id\":\"https:\/\/www.noticiasradioreflejos.com.ar\/2021\/dia-del-trabajador-de-la-energia-electrica\/#primaryimage\"},\"image\":{\"@id\":\"https:\/\/www.noticiasradioreflejos.com.ar\/2021\/dia-del-trabajador-de-la-energia-electrica\/#primaryimage\"},\"thumbnailUrl\":\"http:\/\/farm5.staticflickr.com\/4317\/35857993356_252ecae780_z.jpg\",\"datePublished\":\"2017-07-13T14:41:12+00:00\",\"author\":{\"@id\":\"https:\/\/www.noticiasradioreflejos.com.ar\/2021\/#\/schema\/person\/ad82545263dcc5ec0996818884fd5fb1\"},\"breadcrumb\":{\"@id\":\"https:\/\/www.noticiasradioreflejos.com.ar\/2021\/dia-del-trabajador-de-la-energia-electrica\/#breadcrumb\"},\"inLanguage\":\"es\",\"potentialAction\":[{\"@type\":\"ReadAction\",\"target\":[\"https:\/\/www.noticiasradioreflejos.com.ar\/2021\/dia-del-trabajador-de-la-energia-electrica\/\"]}]},{\"@type\":\"ImageObject\",\"inLanguage\":\"es\",\"@id\":\"https:\/\/www.noticiasradioreflejos.com.ar\/2021\/dia-del-trabajador-de-la-energia-electrica\/#primaryimage\",\"url\":\"http:\/\/farm5.staticflickr.com\/4317\/35857993356_252ecae780_z.jpg\",\"contentUrl\":\"http:\/\/farm5.staticflickr.com\/4317\/35857993356_252ecae780_z.jpg\"},{\"@type\":\"BreadcrumbList\",\"@id\":\"https:\/\/www.noticiasradioreflejos.com.ar\/2021\/dia-del-trabajador-de-la-energia-electrica\/#breadcrumb\",\"itemListElement\":[{\"@type\":\"ListItem\",\"position\":1,\"name\":\"Portada\",\"item\":\"https:\/\/www.noticiasradioreflejos.com.ar\/2021\/\"},{\"@type\":\"ListItem\",\"position\":2,\"name\":\"D\u00eda del Trabajador de la Energ\u00eda El\u00e9ctrica.\"}]},{\"@type\":\"WebSite\",\"@id\":\"https:\/\/www.noticiasradioreflejos.com.ar\/2021\/#website\",\"url\":\"https:\/\/www.noticiasradioreflejos.com.ar\/2021\/\",\"name\":\"Noticias Radio Reflejos\",\"description\":\"Las noticias de mi comarca\",\"potentialAction\":[{\"@type\":\"SearchAction\",\"target\":{\"@type\":\"EntryPoint\",\"urlTemplate\":\"https:\/\/www.noticiasradioreflejos.com.ar\/2021\/?s={search_term_string}\"},\"query-input\":{\"@type\":\"PropertyValueSpecification\",\"valueRequired\":true,\"valueName\":\"search_term_string\"}}],\"inLanguage\":\"es\"},{\"@type\":\"Person\",\"@id\":\"https:\/\/www.noticiasradioreflejos.com.ar\/2021\/#\/schema\/person\/ad82545263dcc5ec0996818884fd5fb1\",\"name\":\"Arnaldo Botto\",\"image\":{\"@type\":\"ImageObject\",\"inLanguage\":\"es\",\"@id\":\"https:\/\/www.noticiasradioreflejos.com.ar\/2021\/#\/schema\/person\/image\/\",\"url\":\"https:\/\/secure.gravatar.com\/avatar\/55cb5e37c1efa326397366e6974cb338056df65cb50e7d64d1cf314e87504837?s=96&d=mm&r=g\",\"contentUrl\":\"https:\/\/secure.gravatar.com\/avatar\/55cb5e37c1efa326397366e6974cb338056df65cb50e7d64d1cf314e87504837?s=96&d=mm&r=g\",\"caption\":\"Arnaldo Botto\"},\"url\":\"https:\/\/www.noticiasradioreflejos.com.ar\/2021\/author\/arnaldo\/\"}]}<\/script>\n<!-- \/ Yoast SEO plugin. -->","yoast_head_json":{"title":"D\u00eda del Trabajador de la Energ\u00eda El\u00e9ctrica. - Noticias Radio Reflejos","robots":{"index":"index","follow":"follow","max-snippet":"max-snippet:-1","max-image-preview":"max-image-preview:large","max-video-preview":"max-video-preview:-1"},"canonical":"https:\/\/www.noticiasradioreflejos.com.ar\/2021\/dia-del-trabajador-de-la-energia-electrica\/","og_locale":"es_ES","og_type":"article","og_title":"D\u00eda del Trabajador de la Energ\u00eda El\u00e9ctrica. - Noticias Radio Reflejos","og_description":"Salutaci\u00f3n de la Federaci\u00f3n Argentina de Trabajadores de Luz y Fuerza El 13 de julio de 1948, 29 Sindicatos Luz y Fuerza de distintos lugares del pa\u00eds unieron sus sue\u00f1os de grandeza y dieron origen a nuestra Federaci\u00f3n Argentina de Trabajadores de Luz y Fuerza.","og_url":"https:\/\/www.noticiasradioreflejos.com.ar\/2021\/dia-del-trabajador-de-la-energia-electrica\/","og_site_name":"Noticias Radio Reflejos","article_published_time":"2017-07-13T14:41:12+00:00","og_image":[{"url":"http:\/\/farm5.staticflickr.com\/4317\/35857993356_252ecae780_z.jpg","type":"","width":"","height":""}],"author":"Arnaldo Botto","twitter_card":"summary_large_image","schema":{"@context":"https:\/\/schema.org","@graph":[{"@type":"WebPage","@id":"https:\/\/www.noticiasradioreflejos.com.ar\/2021\/dia-del-trabajador-de-la-energia-electrica\/","url":"https:\/\/www.noticiasradioreflejos.com.ar\/2021\/dia-del-trabajador-de-la-energia-electrica\/","name":"D\u00eda del Trabajador de la Energ\u00eda El\u00e9ctrica. - Noticias Radio Reflejos","isPartOf":{"@id":"https:\/\/www.noticiasradioreflejos.com.ar\/2021\/#website"},"primaryImageOfPage":{"@id":"https:\/\/www.noticiasradioreflejos.com.ar\/2021\/dia-del-trabajador-de-la-energia-electrica\/#primaryimage"},"image":{"@id":"https:\/\/www.noticiasradioreflejos.com.ar\/2021\/dia-del-trabajador-de-la-energia-electrica\/#primaryimage"},"thumbnailUrl":"http:\/\/farm5.staticflickr.com\/4317\/35857993356_252ecae780_z.jpg","datePublished":"2017-07-13T14:41:12+00:00","author":{"@id":"https:\/\/www.noticiasradioreflejos.com.ar\/2021\/#\/schema\/person\/ad82545263dcc5ec0996818884fd5fb1"},"breadcrumb":{"@id":"https:\/\/www.noticiasradioreflejos.com.ar\/2021\/dia-del-trabajador-de-la-energia-electrica\/#breadcrumb"},"inLanguage":"es","potentialAction":[{"@type":"ReadAction","target":["https:\/\/www.noticiasradioreflejos.com.ar\/2021\/dia-del-trabajador-de-la-energia-electrica\/"]}]},{"@type":"ImageObject","inLanguage":"es","@id":"https:\/\/www.noticiasradioreflejos.com.ar\/2021\/dia-del-trabajador-de-la-energia-electrica\/#primaryimage","url":"http:\/\/farm5.staticflickr.com\/4317\/35857993356_252ecae780_z.jpg","contentUrl":"http:\/\/farm5.staticflickr.com\/4317\/35857993356_252ecae780_z.jpg"},{"@type":"BreadcrumbList","@id":"https:\/\/www.noticiasradioreflejos.com.ar\/2021\/dia-del-trabajador-de-la-energia-electrica\/#breadcrumb","itemListElement":[{"@type":"ListItem","position":1,"name":"Portada","item":"https:\/\/www.noticiasradioreflejos.com.ar\/2021\/"},{"@type":"ListItem","position":2,"name":"D\u00eda del Trabajador de la Energ\u00eda El\u00e9ctrica."}]},{"@type":"WebSite","@id":"https:\/\/www.noticiasradioreflejos.com.ar\/2021\/#website","url":"https:\/\/www.noticiasradioreflejos.com.ar\/2021\/","name":"Noticias Radio Reflejos","description":"Las noticias de mi comarca","potentialAction":[{"@type":"SearchAction","target":{"@type":"EntryPoint","urlTemplate":"https:\/\/www.noticiasradioreflejos.com.ar\/2021\/?s={search_term_string}"},"query-input":{"@type":"PropertyValueSpecification","valueRequired":true,"valueName":"search_term_string"}}],"inLanguage":"es"},{"@type":"Person","@id":"https:\/\/www.noticiasradioreflejos.com.ar\/2021\/#\/schema\/person\/ad82545263dcc5ec0996818884fd5fb1","name":"Arnaldo Botto","image":{"@type":"ImageObject","inLanguage":"es","@id":"https:\/\/www.noticiasradioreflejos.com.ar\/2021\/#\/schema\/person\/image\/","url":"https:\/\/secure.gravatar.com\/avatar\/55cb5e37c1efa326397366e6974cb338056df65cb50e7d64d1cf314e87504837?s=96&d=mm&r=g","contentUrl":"https:\/\/secure.gravatar.com\/avatar\/55cb5e37c1efa326397366e6974cb338056df65cb50e7d64d1cf314e87504837?s=96&d=mm&r=g","caption":"Arnaldo Botto"},"url":"https:\/\/www.noticiasradioreflejos.com.ar\/2021\/author\/arnaldo\/"}]}},"_links":{"self":[{"href":"https:\/\/www.noticiasradioreflejos.com.ar\/2021\/wp-json\/wp\/v2\/posts\/12224","targetHints":{"allow":["GET"]}}],"collection":[{"href":"https:\/\/www.noticiasradioreflejos.com.ar\/2021\/wp-json\/wp\/v2\/posts"}],"about":[{"href":"https:\/\/www.noticiasradioreflejos.com.ar\/2021\/wp-json\/wp\/v2\/types\/post"}],"author":[{"embeddable":true,"href":"https:\/\/www.noticiasradioreflejos.com.ar\/2021\/wp-json\/wp\/v2\/users\/3"}],"replies":[{"embeddable":true,"href":"https:\/\/www.noticiasradioreflejos.com.ar\/2021\/wp-json\/wp\/v2\/comments?post=12224"}],"version-history":[{"count":0,"href":"https:\/\/www.noticiasradioreflejos.com.ar\/2021\/wp-json\/wp\/v2\/posts\/12224\/revisions"}],"wp:attachment":[{"href":"https:\/\/www.noticiasradioreflejos.com.ar\/2021\/wp-json\/wp\/v2\/media?parent=12224"}],"wp:term":[{"taxonomy":"category","embeddable":true,"href":"https:\/\/www.noticiasradioreflejos.com.ar\/2021\/wp-json\/wp\/v2\/categories?post=12224"},{"taxonomy":"post_tag","embeddable":true,"href":"https:\/\/www.noticiasradioreflejos.com.ar\/2021\/wp-json\/wp\/v2\/tags?post=12224"}],"curies":[{"name":"wp","href":"https:\/\/api.w.org\/{rel}","templated":true}]}}