{"id":122225,"date":"2025-07-24T07:19:34","date_gmt":"2025-07-24T10:19:34","guid":{"rendered":"https:\/\/www.noticiasradioreflejos.com.ar\/2021\/?p=122225"},"modified":"2025-07-24T07:19:34","modified_gmt":"2025-07-24T10:19:34","slug":"puerto-rosales-recibio-el-buque-de-mayor-porte-ingresado-en-su-historia","status":"publish","type":"post","link":"https:\/\/www.noticiasradioreflejos.com.ar\/2021\/puerto-rosales-recibio-el-buque-de-mayor-porte-ingresado-en-su-historia\/","title":{"rendered":"Puerto Rosales recibi\u00f3 el buque de mayor porte ingresado en su historia"},"content":{"rendered":"<p>En una operatoria sin precedentes, amarr\u00f3 en este puerto p\u00fablico bonaerense el buque Seaways Pecos, que cargar\u00e1 700.000 barriles de crudo de Vaca Muerta.\u00a0<!--more--><\/p>\n<p>El Puerto p\u00fablico de Coronel Rosales recibi\u00f3 el buque de mayor porte de su historia, su primer Suezmax, destinado a la exportaci\u00f3n petrolera, reforzando el rol de la Provincia en el entramado exportador nacional en materia energ\u00e9tica. Durante la estad\u00eda en el puerto local, se cargar\u00e1n aproximadamente 114.000 toneladas de petr\u00f3leo crudo, con destino a los Estados Unidos. Adem\u00e1s, esta operaci\u00f3n se completar\u00e1 en tiempo r\u00e9cord comparado con las maniobras en monoboyas. Con la llegada del barco Seaways Pecos, la terminal de Otamerica inaugur\u00f3 formalmente su nuevo muelle para grandes buques.<\/p>\n<div class=\"field field-name-field-img-noti-produc field-type-image field-label-hidden\">\n<div class=\"field-items\">\n<div class=\"field-item even\"><\/div>\n<\/div>\n<\/div>\n<div class=\"field field-name-field-epigrafe-img-noticia field-type-text field-label-hidden\">\n<div class=\"field-items\"><\/div>\n<\/div>\n<div class=\"field field-name-body field-type-text-with-summary field-label-hidden\">\n<div class=\"field-items\">\n<div class=\"field-item even\">\n<p>&nbsp;<\/p>\n<p>El subsecretario de Asuntos Portuarios de la Provincia, dependiente del Ministerio de Producci\u00f3n, Ciencia e Innovaci\u00f3n Tecnol\u00f3gica bonaerense, Juan Cruz Lucero, afirm\u00f3 que \u201cel puerto de Coronel Rosales es el principal nodo exportador y desde donde se moviliza la mayor cantidad de petr\u00f3leo del pa\u00eds\u201d.<br \/>\nLucero valor\u00f3 que \u201csiguiendo los lineamientos propuestos por el Gobernador Axel Kicillof y el ministro Augusto Costa, estamos preparando el puerto para estas grandes inversiones\u201d, y enfatiz\u00f3 que \u201cen los \u00faltimos a\u00f1os vimos un crecimiento muy claro en la movilizaci\u00f3n de cargas\u201d en esta terminal portuaria.<br \/>\nPor su parte, el intendente de Coronel Rosales, Rodrigo Aristimu\u00f1o, expres\u00f3: \u201cLo que sucedi\u00f3 en nuestro puerto marca claramente la sinergia entre el Estado y el sector privado. La inversi\u00f3n impulsada hace cuatro a\u00f1os, dio sus frutos. Por primera vez en la historia ingres\u00f3 un buque del tipo suezmax a Puerto Rosales para cargar m\u00e1s de 110 mil toneladas de crudo proveniente de vaca muerta. Seguiremos trabajando junto a nuestro Gobernador para potenciar las inversiones en el municipio\u201d.<\/p>\n<p>Por su parte, el presidente del puerto, Diego Pi\u00f1ero, destac\u00f3: \u201cCon este hito, Puerto Rosales consolida su rumbo hacia mayores escalas y eficiencia, reafirmando su rol estrat\u00e9gico en la salida del petr\u00f3leo crudo argentino al mundo\u201d.<\/p>\n<p>Para finalizar, Lucero remarc\u00f3 la importancia del anuncio realizado por el gobernador esta semana: \u201cA este hito hist\u00f3rico, se le agrega el anuncio que Axel Kicillof llev\u00f3 adelante luego de una reuni\u00f3n con representantes de la empresa OTAMERICA, que adelant\u00f3 una inversi\u00f3n de 120 millones de d\u00f3lares, que permitir\u00e1 duplicar la capacidad operativa de la terminal portuaria\u201d.<\/p>\n<p>La inversi\u00f3n permitir\u00e1 la finalizaci\u00f3n de la tercera etapa de una obra que comenz\u00f3 en 2023. Luego de sumar m\u00e1s de 600 millones de d\u00f3lares en infraestructura, se van invertir 120 millones de d\u00f3lares para ampliar la capacidad de carga y descarga del puerto, lo que consolidar\u00e1 a Coronel Rosales como el principal punto de salida de la producci\u00f3n de Vaca Muerta.<\/p>\n<\/div>\n<\/div>\n<\/div>\n","protected":false},"excerpt":{"rendered":"<p>En una operatoria sin precedentes, amarr\u00f3 en este puerto p\u00fablico bonaerense el buque Seaways Pecos, que cargar\u00e1 700.000 barriles de crudo de Vaca Muerta.\u00a0<\/p>\n","protected":false},"author":3,"featured_media":122226,"comment_status":"closed","ping_status":"closed","sticky":false,"template":"","format":"standard","meta":{"footnotes":""},"categories":[36],"tags":[],"class_list":["post-122225","post","type-post","status-publish","format-standard","has-post-thumbnail","hentry","category-economia"],"yoast_head":"<!-- This site is optimized with the Yoast SEO plugin v25.9 - https:\/\/yoast.com\/wordpress\/plugins\/seo\/ -->\n<title>Puerto Rosales recibi\u00f3 el buque de mayor porte ingresado en su historia - Noticias Radio Reflejos<\/title>\n<meta name=\"robots\" content=\"index, follow, max-snippet:-1, max-image-preview:large, max-video-preview:-1\" \/>\n<link rel=\"canonical\" href=\"https:\/\/www.noticiasradioreflejos.com.ar\/2021\/puerto-rosales-recibio-el-buque-de-mayor-porte-ingresado-en-su-historia\/\" \/>\n<meta property=\"og:locale\" content=\"es_ES\" \/>\n<meta property=\"og:type\" content=\"article\" \/>\n<meta property=\"og:title\" content=\"Puerto Rosales recibi\u00f3 el buque de mayor porte ingresado en su historia - Noticias Radio Reflejos\" \/>\n<meta property=\"og:description\" content=\"En una operatoria sin precedentes, amarr\u00f3 en este puerto p\u00fablico bonaerense el buque Seaways Pecos, que cargar\u00e1 700.000 barriles de crudo de Vaca Muerta.\u00a0\" \/>\n<meta property=\"og:url\" content=\"https:\/\/www.noticiasradioreflejos.com.ar\/2021\/puerto-rosales-recibio-el-buque-de-mayor-porte-ingresado-en-su-historia\/\" \/>\n<meta property=\"og:site_name\" content=\"Noticias Radio Reflejos\" \/>\n<meta property=\"article:published_time\" content=\"2025-07-24T10:19:34+00:00\" \/>\n<meta property=\"og:image\" content=\"https:\/\/www.noticiasradioreflejos.com.ar\/2021\/wp-content\/uploads\/2025\/07\/puertorosales.jpeg\" \/>\n\t<meta property=\"og:image:width\" content=\"700\" \/>\n\t<meta property=\"og:image:height\" content=\"430\" \/>\n\t<meta property=\"og:image:type\" content=\"image\/jpeg\" \/>\n<meta name=\"author\" content=\"Arnaldo Botto\" \/>\n<meta name=\"twitter:card\" content=\"summary_large_image\" \/>\n<script type=\"application\/ld+json\" class=\"yoast-schema-graph\">{\"@context\":\"https:\/\/schema.org\",\"@graph\":[{\"@type\":\"WebPage\",\"@id\":\"https:\/\/www.noticiasradioreflejos.com.ar\/2021\/puerto-rosales-recibio-el-buque-de-mayor-porte-ingresado-en-su-historia\/\",\"url\":\"https:\/\/www.noticiasradioreflejos.com.ar\/2021\/puerto-rosales-recibio-el-buque-de-mayor-porte-ingresado-en-su-historia\/\",\"name\":\"Puerto Rosales recibi\u00f3 el buque de mayor porte ingresado en su historia - Noticias Radio Reflejos\",\"isPartOf\":{\"@id\":\"https:\/\/www.noticiasradioreflejos.com.ar\/2021\/#website\"},\"primaryImageOfPage\":{\"@id\":\"https:\/\/www.noticiasradioreflejos.com.ar\/2021\/puerto-rosales-recibio-el-buque-de-mayor-porte-ingresado-en-su-historia\/#primaryimage\"},\"image\":{\"@id\":\"https:\/\/www.noticiasradioreflejos.com.ar\/2021\/puerto-rosales-recibio-el-buque-de-mayor-porte-ingresado-en-su-historia\/#primaryimage\"},\"thumbnailUrl\":\"https:\/\/www.noticiasradioreflejos.com.ar\/2021\/wp-content\/uploads\/2025\/07\/puertorosales.jpeg\",\"datePublished\":\"2025-07-24T10:19:34+00:00\",\"author\":{\"@id\":\"https:\/\/www.noticiasradioreflejos.com.ar\/2021\/#\/schema\/person\/ad82545263dcc5ec0996818884fd5fb1\"},\"breadcrumb\":{\"@id\":\"https:\/\/www.noticiasradioreflejos.com.ar\/2021\/puerto-rosales-recibio-el-buque-de-mayor-porte-ingresado-en-su-historia\/#breadcrumb\"},\"inLanguage\":\"es\",\"potentialAction\":[{\"@type\":\"ReadAction\",\"target\":[\"https:\/\/www.noticiasradioreflejos.com.ar\/2021\/puerto-rosales-recibio-el-buque-de-mayor-porte-ingresado-en-su-historia\/\"]}]},{\"@type\":\"ImageObject\",\"inLanguage\":\"es\",\"@id\":\"https:\/\/www.noticiasradioreflejos.com.ar\/2021\/puerto-rosales-recibio-el-buque-de-mayor-porte-ingresado-en-su-historia\/#primaryimage\",\"url\":\"https:\/\/www.noticiasradioreflejos.com.ar\/2021\/wp-content\/uploads\/2025\/07\/puertorosales.jpeg\",\"contentUrl\":\"https:\/\/www.noticiasradioreflejos.com.ar\/2021\/wp-content\/uploads\/2025\/07\/puertorosales.jpeg\",\"width\":700,\"height\":430},{\"@type\":\"BreadcrumbList\",\"@id\":\"https:\/\/www.noticiasradioreflejos.com.ar\/2021\/puerto-rosales-recibio-el-buque-de-mayor-porte-ingresado-en-su-historia\/#breadcrumb\",\"itemListElement\":[{\"@type\":\"ListItem\",\"position\":1,\"name\":\"Portada\",\"item\":\"https:\/\/www.noticiasradioreflejos.com.ar\/2021\/\"},{\"@type\":\"ListItem\",\"position\":2,\"name\":\"Puerto Rosales recibi\u00f3 el buque de mayor porte ingresado en su historia\"}]},{\"@type\":\"WebSite\",\"@id\":\"https:\/\/www.noticiasradioreflejos.com.ar\/2021\/#website\",\"url\":\"https:\/\/www.noticiasradioreflejos.com.ar\/2021\/\",\"name\":\"Noticias Radio Reflejos\",\"description\":\"Las noticias de mi comarca\",\"potentialAction\":[{\"@type\":\"SearchAction\",\"target\":{\"@type\":\"EntryPoint\",\"urlTemplate\":\"https:\/\/www.noticiasradioreflejos.com.ar\/2021\/?s={search_term_string}\"},\"query-input\":{\"@type\":\"PropertyValueSpecification\",\"valueRequired\":true,\"valueName\":\"search_term_string\"}}],\"inLanguage\":\"es\"},{\"@type\":\"Person\",\"@id\":\"https:\/\/www.noticiasradioreflejos.com.ar\/2021\/#\/schema\/person\/ad82545263dcc5ec0996818884fd5fb1\",\"name\":\"Arnaldo Botto\",\"image\":{\"@type\":\"ImageObject\",\"inLanguage\":\"es\",\"@id\":\"https:\/\/www.noticiasradioreflejos.com.ar\/2021\/#\/schema\/person\/image\/\",\"url\":\"https:\/\/secure.gravatar.com\/avatar\/55cb5e37c1efa326397366e6974cb338056df65cb50e7d64d1cf314e87504837?s=96&d=mm&r=g\",\"contentUrl\":\"https:\/\/secure.gravatar.com\/avatar\/55cb5e37c1efa326397366e6974cb338056df65cb50e7d64d1cf314e87504837?s=96&d=mm&r=g\",\"caption\":\"Arnaldo Botto\"},\"url\":\"https:\/\/www.noticiasradioreflejos.com.ar\/2021\/author\/arnaldo\/\"}]}<\/script>\n<!-- \/ Yoast SEO plugin. -->","yoast_head_json":{"title":"Puerto Rosales recibi\u00f3 el buque de mayor porte ingresado en su historia - Noticias Radio Reflejos","robots":{"index":"index","follow":"follow","max-snippet":"max-snippet:-1","max-image-preview":"max-image-preview:large","max-video-preview":"max-video-preview:-1"},"canonical":"https:\/\/www.noticiasradioreflejos.com.ar\/2021\/puerto-rosales-recibio-el-buque-de-mayor-porte-ingresado-en-su-historia\/","og_locale":"es_ES","og_type":"article","og_title":"Puerto Rosales recibi\u00f3 el buque de mayor porte ingresado en su historia - Noticias Radio Reflejos","og_description":"En una operatoria sin precedentes, amarr\u00f3 en este puerto p\u00fablico bonaerense el buque Seaways Pecos, que cargar\u00e1 700.000 barriles de crudo de Vaca Muerta.\u00a0","og_url":"https:\/\/www.noticiasradioreflejos.com.ar\/2021\/puerto-rosales-recibio-el-buque-de-mayor-porte-ingresado-en-su-historia\/","og_site_name":"Noticias Radio Reflejos","article_published_time":"2025-07-24T10:19:34+00:00","og_image":[{"width":700,"height":430,"url":"https:\/\/www.noticiasradioreflejos.com.ar\/2021\/wp-content\/uploads\/2025\/07\/puertorosales.jpeg","type":"image\/jpeg"}],"author":"Arnaldo Botto","twitter_card":"summary_large_image","schema":{"@context":"https:\/\/schema.org","@graph":[{"@type":"WebPage","@id":"https:\/\/www.noticiasradioreflejos.com.ar\/2021\/puerto-rosales-recibio-el-buque-de-mayor-porte-ingresado-en-su-historia\/","url":"https:\/\/www.noticiasradioreflejos.com.ar\/2021\/puerto-rosales-recibio-el-buque-de-mayor-porte-ingresado-en-su-historia\/","name":"Puerto Rosales recibi\u00f3 el buque de mayor porte ingresado en su historia - Noticias Radio Reflejos","isPartOf":{"@id":"https:\/\/www.noticiasradioreflejos.com.ar\/2021\/#website"},"primaryImageOfPage":{"@id":"https:\/\/www.noticiasradioreflejos.com.ar\/2021\/puerto-rosales-recibio-el-buque-de-mayor-porte-ingresado-en-su-historia\/#primaryimage"},"image":{"@id":"https:\/\/www.noticiasradioreflejos.com.ar\/2021\/puerto-rosales-recibio-el-buque-de-mayor-porte-ingresado-en-su-historia\/#primaryimage"},"thumbnailUrl":"https:\/\/www.noticiasradioreflejos.com.ar\/2021\/wp-content\/uploads\/2025\/07\/puertorosales.jpeg","datePublished":"2025-07-24T10:19:34+00:00","author":{"@id":"https:\/\/www.noticiasradioreflejos.com.ar\/2021\/#\/schema\/person\/ad82545263dcc5ec0996818884fd5fb1"},"breadcrumb":{"@id":"https:\/\/www.noticiasradioreflejos.com.ar\/2021\/puerto-rosales-recibio-el-buque-de-mayor-porte-ingresado-en-su-historia\/#breadcrumb"},"inLanguage":"es","potentialAction":[{"@type":"ReadAction","target":["https:\/\/www.noticiasradioreflejos.com.ar\/2021\/puerto-rosales-recibio-el-buque-de-mayor-porte-ingresado-en-su-historia\/"]}]},{"@type":"ImageObject","inLanguage":"es","@id":"https:\/\/www.noticiasradioreflejos.com.ar\/2021\/puerto-rosales-recibio-el-buque-de-mayor-porte-ingresado-en-su-historia\/#primaryimage","url":"https:\/\/www.noticiasradioreflejos.com.ar\/2021\/wp-content\/uploads\/2025\/07\/puertorosales.jpeg","contentUrl":"https:\/\/www.noticiasradioreflejos.com.ar\/2021\/wp-content\/uploads\/2025\/07\/puertorosales.jpeg","width":700,"height":430},{"@type":"BreadcrumbList","@id":"https:\/\/www.noticiasradioreflejos.com.ar\/2021\/puerto-rosales-recibio-el-buque-de-mayor-porte-ingresado-en-su-historia\/#breadcrumb","itemListElement":[{"@type":"ListItem","position":1,"name":"Portada","item":"https:\/\/www.noticiasradioreflejos.com.ar\/2021\/"},{"@type":"ListItem","position":2,"name":"Puerto Rosales recibi\u00f3 el buque de mayor porte ingresado en su historia"}]},{"@type":"WebSite","@id":"https:\/\/www.noticiasradioreflejos.com.ar\/2021\/#website","url":"https:\/\/www.noticiasradioreflejos.com.ar\/2021\/","name":"Noticias Radio Reflejos","description":"Las noticias de mi comarca","potentialAction":[{"@type":"SearchAction","target":{"@type":"EntryPoint","urlTemplate":"https:\/\/www.noticiasradioreflejos.com.ar\/2021\/?s={search_term_string}"},"query-input":{"@type":"PropertyValueSpecification","valueRequired":true,"valueName":"search_term_string"}}],"inLanguage":"es"},{"@type":"Person","@id":"https:\/\/www.noticiasradioreflejos.com.ar\/2021\/#\/schema\/person\/ad82545263dcc5ec0996818884fd5fb1","name":"Arnaldo Botto","image":{"@type":"ImageObject","inLanguage":"es","@id":"https:\/\/www.noticiasradioreflejos.com.ar\/2021\/#\/schema\/person\/image\/","url":"https:\/\/secure.gravatar.com\/avatar\/55cb5e37c1efa326397366e6974cb338056df65cb50e7d64d1cf314e87504837?s=96&d=mm&r=g","contentUrl":"https:\/\/secure.gravatar.com\/avatar\/55cb5e37c1efa326397366e6974cb338056df65cb50e7d64d1cf314e87504837?s=96&d=mm&r=g","caption":"Arnaldo Botto"},"url":"https:\/\/www.noticiasradioreflejos.com.ar\/2021\/author\/arnaldo\/"}]}},"_links":{"self":[{"href":"https:\/\/www.noticiasradioreflejos.com.ar\/2021\/wp-json\/wp\/v2\/posts\/122225","targetHints":{"allow":["GET"]}}],"collection":[{"href":"https:\/\/www.noticiasradioreflejos.com.ar\/2021\/wp-json\/wp\/v2\/posts"}],"about":[{"href":"https:\/\/www.noticiasradioreflejos.com.ar\/2021\/wp-json\/wp\/v2\/types\/post"}],"author":[{"embeddable":true,"href":"https:\/\/www.noticiasradioreflejos.com.ar\/2021\/wp-json\/wp\/v2\/users\/3"}],"replies":[{"embeddable":true,"href":"https:\/\/www.noticiasradioreflejos.com.ar\/2021\/wp-json\/wp\/v2\/comments?post=122225"}],"version-history":[{"count":1,"href":"https:\/\/www.noticiasradioreflejos.com.ar\/2021\/wp-json\/wp\/v2\/posts\/122225\/revisions"}],"predecessor-version":[{"id":122227,"href":"https:\/\/www.noticiasradioreflejos.com.ar\/2021\/wp-json\/wp\/v2\/posts\/122225\/revisions\/122227"}],"wp:featuredmedia":[{"embeddable":true,"href":"https:\/\/www.noticiasradioreflejos.com.ar\/2021\/wp-json\/wp\/v2\/media\/122226"}],"wp:attachment":[{"href":"https:\/\/www.noticiasradioreflejos.com.ar\/2021\/wp-json\/wp\/v2\/media?parent=122225"}],"wp:term":[{"taxonomy":"category","embeddable":true,"href":"https:\/\/www.noticiasradioreflejos.com.ar\/2021\/wp-json\/wp\/v2\/categories?post=122225"},{"taxonomy":"post_tag","embeddable":true,"href":"https:\/\/www.noticiasradioreflejos.com.ar\/2021\/wp-json\/wp\/v2\/tags?post=122225"}],"curies":[{"name":"wp","href":"https:\/\/api.w.org\/{rel}","templated":true}]}}