{"id":122220,"date":"2025-07-24T07:10:35","date_gmt":"2025-07-24T10:10:35","guid":{"rendered":"https:\/\/www.noticiasradioreflejos.com.ar\/2021\/?p=122220"},"modified":"2025-07-24T07:10:35","modified_gmt":"2025-07-24T10:10:35","slug":"el-gremio-petrolero-denuncio-1-200-despidos-y-anticipo-un-paro-total-en-vaca-muerta","status":"publish","type":"post","link":"https:\/\/www.noticiasradioreflejos.com.ar\/2021\/el-gremio-petrolero-denuncio-1-200-despidos-y-anticipo-un-paro-total-en-vaca-muerta\/","title":{"rendered":"El gremio petrolero denunci\u00f3 1.200 despidos y anticip\u00f3 un paro total en Vaca Muerta"},"content":{"rendered":"<p>El Sindicato de Petr\u00f3leo y Gas Privado de R\u00edo Negro, Neuqu\u00e9n y La Pampa renov\u00f3 autoridades hasta 2030 y advirti\u00f3 que convocar\u00e1 una medida de fuerza ante el freno de la actividad y los despidos.<!--more--><\/p>\n<div>El\u00a0<strong>Sindicato de Petr\u00f3leo y Gas Privado de R\u00edo Negro, Neuqu\u00e9n y La Pampa\u00a0<\/strong>advirti\u00f3 que convocar\u00e1 una huelga general ante la paralizaci\u00f3n de la actividad y los despidos masivos en la industria.<strong>\u00a0\u201cEstamos muy preocupados. Si esto no cambia, vamos a ir a un paro total\u201d, alert\u00f3 su secretario general, Marcelo Rucci en rueda de prensa.<\/strong><\/div>\n<figure class=\"ni-figure\"><picture class=\"news-image\"><source srcset=\"https:\/\/static.eldiario.es\/clip\/999a2b15-c32b-41d1-9359-727c2ec57ade_16-9-discover-aspect-ratio_50p_0.webp\" type=\"image\/webp\" media=\"(max-width: 576px)\" \/><source srcset=\"https:\/\/static.eldiario.es\/clip\/999a2b15-c32b-41d1-9359-727c2ec57ade_16-9-discover-aspect-ratio_50p_0.jpg\" type=\"image\/jpg\" media=\"(max-width: 576px)\" \/><source srcset=\"https:\/\/static.eldiario.es\/clip\/999a2b15-c32b-41d1-9359-727c2ec57ade_16-9-discover-aspect-ratio_75p_0.webp\" type=\"image\/webp\" media=\"(max-width: 767px)\" \/><source srcset=\"https:\/\/static.eldiario.es\/clip\/999a2b15-c32b-41d1-9359-727c2ec57ade_16-9-discover-aspect-ratio_75p_0.jpg\" type=\"image\/jpg\" media=\"(max-width: 767px)\" \/><source srcset=\"https:\/\/static.eldiario.es\/clip\/999a2b15-c32b-41d1-9359-727c2ec57ade_16-9-discover-aspect-ratio_default_0.webp\" type=\"image\/webp\" \/><source srcset=\"https:\/\/static.eldiario.es\/clip\/999a2b15-c32b-41d1-9359-727c2ec57ade_16-9-discover-aspect-ratio_default_0.jpg\" type=\"image\/jpg\" \/><img decoding=\"async\" src=\"https:\/\/static.eldiario.es\/clip\/999a2b15-c32b-41d1-9359-727c2ec57ade_16-9-discover-aspect-ratio_default_0.jpg\" alt=\"Marcelo Rucci, secretario general del Sindicato de Petr\u00f3leo y Gas Privado de R\u00edo Negro, Neuqu\u00e9n y La Pampa, advirti\u00f3 un paro total en Vaca Muerta si no se frenan los despidos y la par\u00e1lisis de la actividad.\" \/><\/picture><figcaption class=\"image-footer\"><em><span class=\"title\">Marcelo Rucci, secretario general del Sindicato de Petr\u00f3leo y Gas Privado de R\u00edo Negro, Neuqu\u00e9n y La Pampa, advirti\u00f3 un paro total en Vaca Muerta si no se frenan los despidos y la par\u00e1lisis de la actividad.<\/span><\/em><\/figcaption><\/figure>\n<p>&nbsp;<\/p>\n<p>\u201cHemos tratado por todos los medios de pedir que (las productoras) hagan un puente hasta el 2026 para que no suceda lo que est\u00e1 sucediendo. Las empresas avasallan. Porque parece que no supieran que todos esos r\u00e9cords, lo de llegar a los 600.000 barriles que ten\u00edan como prioridad para el 2026, lo podr\u00edan hacer este a\u00f1o\u201d, sostuvo Rucci.<\/p>\n<p class=\"article-text\">El dirigente describi\u00f3 un duro escenario que impacta en parte de la fuerza laboral clave para el desarrollo del shale neuquino. Ante una pregunta,<strong>\u00a0sostuvo que los despidos son \u201calrededor de 1.200\u201d\u00a0<\/strong>y que \u201chay m\u00e1s de 2.000 compa\u00f1eros en la casa, los tienen con 8 horas, cobrando un b\u00e1sico\u201d. \u201cTodos sabemos que esto es el preludio de despidos\u201d, complet\u00f3.<\/p>\n<p class=\"article-text\">En este contexto,\u00a0<strong>el gremio anticip\u00f3 que esta semana se convocar\u00e1 a una reuni\u00f3n de Comisi\u00f3n Directiva para definir la medida de fuerza.<\/strong>\u00a0\u201cHay compa\u00f1eros que est\u00e1n licenciados y otros directamente despedidos. Se apost\u00f3 a las obras de transporte, pero falt\u00f3 un puente entre el presente y lo que se viene. Ese vac\u00edo lo est\u00e1n pagando los trabajadores\u201d, sostuvo el dirigente.<\/p>\n<p class=\"article-text\">Rucci denunci\u00f3 que las decisiones empresariales responden a una l\u00f3gica especulativa. \u201cNo es que pierdan plata, est\u00e1n dejando de ganar un poco. Y lo hacen a costa de nuestros compa\u00f1eros. Se equivocaron feo al tocar la dignidad y el orgullo de los trabajadores\u201d, afirm\u00f3.<\/p>\n<p class=\"article-text\">\u201cFuimos responsables y buscamos el di\u00e1logo, pero no hubo respuesta. Si hay que quebrar lanzas para que nuestros compa\u00f1eros vuelvan a sus puestos, lo vamos a hacer\u201d, asegur\u00f3. Y dej\u00f3 una definici\u00f3n clara:<strong>\u00a0\u201cVaca Muerta solo ser\u00e1 posible con los trabajadores adentro. Sin ellos, no hay futuro\u201d.<\/strong><\/p>\n<p class=\"article-text\">En paralelo al anuncio de posibles medidas de fuerza, el gremio renov\u00f3 sus autoridades hasta 2030. Sobre un padr\u00f3n de m\u00e1s de 25.000 afiliados, votaron 20.037 trabajadores habilitados, lo que representa una participaci\u00f3n cercana al 80 %. La \u00fanica lista presentada \u2014la Azul y Blanca\u2014, encabezada por Rucci y Ernesto Inal, fue acompa\u00f1ada de forma contundente en las 262 mesas distribuidas en yacimientos, bases operativas y localidades clave de toda la Cuenca Neuquina.<\/p>\n<p class=\"article-text\">\u201cEsto no fue un tr\u00e1mite: fue una demostraci\u00f3n clara de conciencia colectiva, compromiso y lealtad a un modelo sindical que no se arrodilla\u201d, expres\u00f3 Rucci al cierre de la jornada. Y agreg\u00f3: \u201cEsto nos fortalece. Reivindica una conducci\u00f3n que todos los d\u00edas trabaja para mejorar la calidad laboral y la seguridad de los compa\u00f1eros petroleros\u201d.<\/p>\n<div id=\"container-after-news-outlook\"><\/div>\n<p class=\"article-text\">La elecci\u00f3n, organizada con voto secreto y registro inform\u00e1tico, permiti\u00f3 elegir la nueva Comisi\u00f3n Directiva y la Comisi\u00f3n Revisora de Cuentas para el mandato que comenzar\u00e1 en diciembre de 2025. \u201cEsas banderas de lucha nos demuestran que el trabajo lo venimos haciendo, y lo venimos haciendo bien\u201d, afirm\u00f3 Rucci.<\/p>\n<p>&nbsp;<\/p>\n<p class=\"article-text\"><strong><em>MM &#8211; elDiarioAR<\/em><\/strong><\/p>\n","protected":false},"excerpt":{"rendered":"<p>El Sindicato de Petr\u00f3leo y Gas Privado de R\u00edo Negro, Neuqu\u00e9n y La Pampa renov\u00f3 autoridades hasta 2030 y advirti\u00f3 que convocar\u00e1 una medida de fuerza ante el freno de la actividad y los despidos.<\/p>\n","protected":false},"author":3,"featured_media":111720,"comment_status":"closed","ping_status":"closed","sticky":false,"template":"","format":"standard","meta":{"footnotes":""},"categories":[24],"tags":[],"class_list":["post-122220","post","type-post","status-publish","format-standard","has-post-thumbnail","hentry","category-politica"],"yoast_head":"<!-- This site is optimized with the Yoast SEO plugin v25.9 - https:\/\/yoast.com\/wordpress\/plugins\/seo\/ -->\n<title>El gremio petrolero denunci\u00f3 1.200 despidos y anticip\u00f3 un paro total en Vaca Muerta - Noticias Radio Reflejos<\/title>\n<meta name=\"robots\" content=\"index, follow, max-snippet:-1, max-image-preview:large, max-video-preview:-1\" \/>\n<link rel=\"canonical\" href=\"https:\/\/www.noticiasradioreflejos.com.ar\/2021\/el-gremio-petrolero-denuncio-1-200-despidos-y-anticipo-un-paro-total-en-vaca-muerta\/\" \/>\n<meta property=\"og:locale\" content=\"es_ES\" \/>\n<meta property=\"og:type\" content=\"article\" \/>\n<meta property=\"og:title\" content=\"El gremio petrolero denunci\u00f3 1.200 despidos y anticip\u00f3 un paro total en Vaca Muerta - Noticias Radio Reflejos\" \/>\n<meta property=\"og:description\" content=\"El Sindicato de Petr\u00f3leo y Gas Privado de R\u00edo Negro, Neuqu\u00e9n y La Pampa renov\u00f3 autoridades hasta 2030 y advirti\u00f3 que convocar\u00e1 una medida de fuerza ante el freno de la actividad y los despidos.\" \/>\n<meta property=\"og:url\" content=\"https:\/\/www.noticiasradioreflejos.com.ar\/2021\/el-gremio-petrolero-denuncio-1-200-despidos-y-anticipo-un-paro-total-en-vaca-muerta\/\" \/>\n<meta property=\"og:site_name\" content=\"Noticias Radio Reflejos\" \/>\n<meta property=\"article:published_time\" content=\"2025-07-24T10:10:35+00:00\" \/>\n<meta property=\"og:image\" content=\"https:\/\/www.noticiasradioreflejos.com.ar\/2021\/wp-content\/uploads\/2025\/01\/Vaca-Muerta-y-la-Contaminacion-Ambiental-2-1024x505-1.jpg\" \/>\n\t<meta property=\"og:image:width\" content=\"1024\" \/>\n\t<meta property=\"og:image:height\" content=\"505\" \/>\n\t<meta property=\"og:image:type\" content=\"image\/jpeg\" \/>\n<meta name=\"author\" content=\"Arnaldo Botto\" \/>\n<meta name=\"twitter:card\" content=\"summary_large_image\" \/>\n<script type=\"application\/ld+json\" class=\"yoast-schema-graph\">{\"@context\":\"https:\/\/schema.org\",\"@graph\":[{\"@type\":\"WebPage\",\"@id\":\"https:\/\/www.noticiasradioreflejos.com.ar\/2021\/el-gremio-petrolero-denuncio-1-200-despidos-y-anticipo-un-paro-total-en-vaca-muerta\/\",\"url\":\"https:\/\/www.noticiasradioreflejos.com.ar\/2021\/el-gremio-petrolero-denuncio-1-200-despidos-y-anticipo-un-paro-total-en-vaca-muerta\/\",\"name\":\"El gremio petrolero denunci\u00f3 1.200 despidos y anticip\u00f3 un paro total en Vaca Muerta - Noticias Radio Reflejos\",\"isPartOf\":{\"@id\":\"https:\/\/www.noticiasradioreflejos.com.ar\/2021\/#website\"},\"primaryImageOfPage\":{\"@id\":\"https:\/\/www.noticiasradioreflejos.com.ar\/2021\/el-gremio-petrolero-denuncio-1-200-despidos-y-anticipo-un-paro-total-en-vaca-muerta\/#primaryimage\"},\"image\":{\"@id\":\"https:\/\/www.noticiasradioreflejos.com.ar\/2021\/el-gremio-petrolero-denuncio-1-200-despidos-y-anticipo-un-paro-total-en-vaca-muerta\/#primaryimage\"},\"thumbnailUrl\":\"https:\/\/www.noticiasradioreflejos.com.ar\/2021\/wp-content\/uploads\/2025\/01\/Vaca-Muerta-y-la-Contaminacion-Ambiental-2-1024x505-1.jpg\",\"datePublished\":\"2025-07-24T10:10:35+00:00\",\"author\":{\"@id\":\"https:\/\/www.noticiasradioreflejos.com.ar\/2021\/#\/schema\/person\/ad82545263dcc5ec0996818884fd5fb1\"},\"breadcrumb\":{\"@id\":\"https:\/\/www.noticiasradioreflejos.com.ar\/2021\/el-gremio-petrolero-denuncio-1-200-despidos-y-anticipo-un-paro-total-en-vaca-muerta\/#breadcrumb\"},\"inLanguage\":\"es\",\"potentialAction\":[{\"@type\":\"ReadAction\",\"target\":[\"https:\/\/www.noticiasradioreflejos.com.ar\/2021\/el-gremio-petrolero-denuncio-1-200-despidos-y-anticipo-un-paro-total-en-vaca-muerta\/\"]}]},{\"@type\":\"ImageObject\",\"inLanguage\":\"es\",\"@id\":\"https:\/\/www.noticiasradioreflejos.com.ar\/2021\/el-gremio-petrolero-denuncio-1-200-despidos-y-anticipo-un-paro-total-en-vaca-muerta\/#primaryimage\",\"url\":\"https:\/\/www.noticiasradioreflejos.com.ar\/2021\/wp-content\/uploads\/2025\/01\/Vaca-Muerta-y-la-Contaminacion-Ambiental-2-1024x505-1.jpg\",\"contentUrl\":\"https:\/\/www.noticiasradioreflejos.com.ar\/2021\/wp-content\/uploads\/2025\/01\/Vaca-Muerta-y-la-Contaminacion-Ambiental-2-1024x505-1.jpg\",\"width\":1024,\"height\":505},{\"@type\":\"BreadcrumbList\",\"@id\":\"https:\/\/www.noticiasradioreflejos.com.ar\/2021\/el-gremio-petrolero-denuncio-1-200-despidos-y-anticipo-un-paro-total-en-vaca-muerta\/#breadcrumb\",\"itemListElement\":[{\"@type\":\"ListItem\",\"position\":1,\"name\":\"Portada\",\"item\":\"https:\/\/www.noticiasradioreflejos.com.ar\/2021\/\"},{\"@type\":\"ListItem\",\"position\":2,\"name\":\"El gremio petrolero denunci\u00f3 1.200 despidos y anticip\u00f3 un paro total en Vaca Muerta\"}]},{\"@type\":\"WebSite\",\"@id\":\"https:\/\/www.noticiasradioreflejos.com.ar\/2021\/#website\",\"url\":\"https:\/\/www.noticiasradioreflejos.com.ar\/2021\/\",\"name\":\"Noticias Radio Reflejos\",\"description\":\"Las noticias de mi comarca\",\"potentialAction\":[{\"@type\":\"SearchAction\",\"target\":{\"@type\":\"EntryPoint\",\"urlTemplate\":\"https:\/\/www.noticiasradioreflejos.com.ar\/2021\/?s={search_term_string}\"},\"query-input\":{\"@type\":\"PropertyValueSpecification\",\"valueRequired\":true,\"valueName\":\"search_term_string\"}}],\"inLanguage\":\"es\"},{\"@type\":\"Person\",\"@id\":\"https:\/\/www.noticiasradioreflejos.com.ar\/2021\/#\/schema\/person\/ad82545263dcc5ec0996818884fd5fb1\",\"name\":\"Arnaldo Botto\",\"image\":{\"@type\":\"ImageObject\",\"inLanguage\":\"es\",\"@id\":\"https:\/\/www.noticiasradioreflejos.com.ar\/2021\/#\/schema\/person\/image\/\",\"url\":\"https:\/\/secure.gravatar.com\/avatar\/55cb5e37c1efa326397366e6974cb338056df65cb50e7d64d1cf314e87504837?s=96&d=mm&r=g\",\"contentUrl\":\"https:\/\/secure.gravatar.com\/avatar\/55cb5e37c1efa326397366e6974cb338056df65cb50e7d64d1cf314e87504837?s=96&d=mm&r=g\",\"caption\":\"Arnaldo Botto\"},\"url\":\"https:\/\/www.noticiasradioreflejos.com.ar\/2021\/author\/arnaldo\/\"}]}<\/script>\n<!-- \/ Yoast SEO plugin. -->","yoast_head_json":{"title":"El gremio petrolero denunci\u00f3 1.200 despidos y anticip\u00f3 un paro total en Vaca Muerta - Noticias Radio Reflejos","robots":{"index":"index","follow":"follow","max-snippet":"max-snippet:-1","max-image-preview":"max-image-preview:large","max-video-preview":"max-video-preview:-1"},"canonical":"https:\/\/www.noticiasradioreflejos.com.ar\/2021\/el-gremio-petrolero-denuncio-1-200-despidos-y-anticipo-un-paro-total-en-vaca-muerta\/","og_locale":"es_ES","og_type":"article","og_title":"El gremio petrolero denunci\u00f3 1.200 despidos y anticip\u00f3 un paro total en Vaca Muerta - Noticias Radio Reflejos","og_description":"El Sindicato de Petr\u00f3leo y Gas Privado de R\u00edo Negro, Neuqu\u00e9n y La Pampa renov\u00f3 autoridades hasta 2030 y advirti\u00f3 que convocar\u00e1 una medida de fuerza ante el freno de la actividad y los despidos.","og_url":"https:\/\/www.noticiasradioreflejos.com.ar\/2021\/el-gremio-petrolero-denuncio-1-200-despidos-y-anticipo-un-paro-total-en-vaca-muerta\/","og_site_name":"Noticias Radio Reflejos","article_published_time":"2025-07-24T10:10:35+00:00","og_image":[{"width":1024,"height":505,"url":"https:\/\/www.noticiasradioreflejos.com.ar\/2021\/wp-content\/uploads\/2025\/01\/Vaca-Muerta-y-la-Contaminacion-Ambiental-2-1024x505-1.jpg","type":"image\/jpeg"}],"author":"Arnaldo Botto","twitter_card":"summary_large_image","schema":{"@context":"https:\/\/schema.org","@graph":[{"@type":"WebPage","@id":"https:\/\/www.noticiasradioreflejos.com.ar\/2021\/el-gremio-petrolero-denuncio-1-200-despidos-y-anticipo-un-paro-total-en-vaca-muerta\/","url":"https:\/\/www.noticiasradioreflejos.com.ar\/2021\/el-gremio-petrolero-denuncio-1-200-despidos-y-anticipo-un-paro-total-en-vaca-muerta\/","name":"El gremio petrolero denunci\u00f3 1.200 despidos y anticip\u00f3 un paro total en Vaca Muerta - Noticias Radio Reflejos","isPartOf":{"@id":"https:\/\/www.noticiasradioreflejos.com.ar\/2021\/#website"},"primaryImageOfPage":{"@id":"https:\/\/www.noticiasradioreflejos.com.ar\/2021\/el-gremio-petrolero-denuncio-1-200-despidos-y-anticipo-un-paro-total-en-vaca-muerta\/#primaryimage"},"image":{"@id":"https:\/\/www.noticiasradioreflejos.com.ar\/2021\/el-gremio-petrolero-denuncio-1-200-despidos-y-anticipo-un-paro-total-en-vaca-muerta\/#primaryimage"},"thumbnailUrl":"https:\/\/www.noticiasradioreflejos.com.ar\/2021\/wp-content\/uploads\/2025\/01\/Vaca-Muerta-y-la-Contaminacion-Ambiental-2-1024x505-1.jpg","datePublished":"2025-07-24T10:10:35+00:00","author":{"@id":"https:\/\/www.noticiasradioreflejos.com.ar\/2021\/#\/schema\/person\/ad82545263dcc5ec0996818884fd5fb1"},"breadcrumb":{"@id":"https:\/\/www.noticiasradioreflejos.com.ar\/2021\/el-gremio-petrolero-denuncio-1-200-despidos-y-anticipo-un-paro-total-en-vaca-muerta\/#breadcrumb"},"inLanguage":"es","potentialAction":[{"@type":"ReadAction","target":["https:\/\/www.noticiasradioreflejos.com.ar\/2021\/el-gremio-petrolero-denuncio-1-200-despidos-y-anticipo-un-paro-total-en-vaca-muerta\/"]}]},{"@type":"ImageObject","inLanguage":"es","@id":"https:\/\/www.noticiasradioreflejos.com.ar\/2021\/el-gremio-petrolero-denuncio-1-200-despidos-y-anticipo-un-paro-total-en-vaca-muerta\/#primaryimage","url":"https:\/\/www.noticiasradioreflejos.com.ar\/2021\/wp-content\/uploads\/2025\/01\/Vaca-Muerta-y-la-Contaminacion-Ambiental-2-1024x505-1.jpg","contentUrl":"https:\/\/www.noticiasradioreflejos.com.ar\/2021\/wp-content\/uploads\/2025\/01\/Vaca-Muerta-y-la-Contaminacion-Ambiental-2-1024x505-1.jpg","width":1024,"height":505},{"@type":"BreadcrumbList","@id":"https:\/\/www.noticiasradioreflejos.com.ar\/2021\/el-gremio-petrolero-denuncio-1-200-despidos-y-anticipo-un-paro-total-en-vaca-muerta\/#breadcrumb","itemListElement":[{"@type":"ListItem","position":1,"name":"Portada","item":"https:\/\/www.noticiasradioreflejos.com.ar\/2021\/"},{"@type":"ListItem","position":2,"name":"El gremio petrolero denunci\u00f3 1.200 despidos y anticip\u00f3 un paro total en Vaca Muerta"}]},{"@type":"WebSite","@id":"https:\/\/www.noticiasradioreflejos.com.ar\/2021\/#website","url":"https:\/\/www.noticiasradioreflejos.com.ar\/2021\/","name":"Noticias Radio Reflejos","description":"Las noticias de mi comarca","potentialAction":[{"@type":"SearchAction","target":{"@type":"EntryPoint","urlTemplate":"https:\/\/www.noticiasradioreflejos.com.ar\/2021\/?s={search_term_string}"},"query-input":{"@type":"PropertyValueSpecification","valueRequired":true,"valueName":"search_term_string"}}],"inLanguage":"es"},{"@type":"Person","@id":"https:\/\/www.noticiasradioreflejos.com.ar\/2021\/#\/schema\/person\/ad82545263dcc5ec0996818884fd5fb1","name":"Arnaldo Botto","image":{"@type":"ImageObject","inLanguage":"es","@id":"https:\/\/www.noticiasradioreflejos.com.ar\/2021\/#\/schema\/person\/image\/","url":"https:\/\/secure.gravatar.com\/avatar\/55cb5e37c1efa326397366e6974cb338056df65cb50e7d64d1cf314e87504837?s=96&d=mm&r=g","contentUrl":"https:\/\/secure.gravatar.com\/avatar\/55cb5e37c1efa326397366e6974cb338056df65cb50e7d64d1cf314e87504837?s=96&d=mm&r=g","caption":"Arnaldo Botto"},"url":"https:\/\/www.noticiasradioreflejos.com.ar\/2021\/author\/arnaldo\/"}]}},"_links":{"self":[{"href":"https:\/\/www.noticiasradioreflejos.com.ar\/2021\/wp-json\/wp\/v2\/posts\/122220","targetHints":{"allow":["GET"]}}],"collection":[{"href":"https:\/\/www.noticiasradioreflejos.com.ar\/2021\/wp-json\/wp\/v2\/posts"}],"about":[{"href":"https:\/\/www.noticiasradioreflejos.com.ar\/2021\/wp-json\/wp\/v2\/types\/post"}],"author":[{"embeddable":true,"href":"https:\/\/www.noticiasradioreflejos.com.ar\/2021\/wp-json\/wp\/v2\/users\/3"}],"replies":[{"embeddable":true,"href":"https:\/\/www.noticiasradioreflejos.com.ar\/2021\/wp-json\/wp\/v2\/comments?post=122220"}],"version-history":[{"count":1,"href":"https:\/\/www.noticiasradioreflejos.com.ar\/2021\/wp-json\/wp\/v2\/posts\/122220\/revisions"}],"predecessor-version":[{"id":122221,"href":"https:\/\/www.noticiasradioreflejos.com.ar\/2021\/wp-json\/wp\/v2\/posts\/122220\/revisions\/122221"}],"wp:featuredmedia":[{"embeddable":true,"href":"https:\/\/www.noticiasradioreflejos.com.ar\/2021\/wp-json\/wp\/v2\/media\/111720"}],"wp:attachment":[{"href":"https:\/\/www.noticiasradioreflejos.com.ar\/2021\/wp-json\/wp\/v2\/media?parent=122220"}],"wp:term":[{"taxonomy":"category","embeddable":true,"href":"https:\/\/www.noticiasradioreflejos.com.ar\/2021\/wp-json\/wp\/v2\/categories?post=122220"},{"taxonomy":"post_tag","embeddable":true,"href":"https:\/\/www.noticiasradioreflejos.com.ar\/2021\/wp-json\/wp\/v2\/tags?post=122220"}],"curies":[{"name":"wp","href":"https:\/\/api.w.org\/{rel}","templated":true}]}}