{"id":12222,"date":"2017-07-13T11:28:20","date_gmt":"2017-07-13T14:28:20","guid":{"rendered":"http:\/\/www.noticiasradioreflejos.com.ar\/noticias\/?p=12222"},"modified":"2017-07-13T11:28:20","modified_gmt":"2017-07-13T14:28:20","slug":"agradecimientos-para-quienes-colaboraron-en-la-ix-feria-distrital-de-arte-ciencias-y-tecnologia","status":"publish","type":"post","link":"https:\/\/www.noticiasradioreflejos.com.ar\/2021\/agradecimientos-para-quienes-colaboraron-en-la-ix-feria-distrital-de-arte-ciencias-y-tecnologia\/","title":{"rendered":"Agradecimientos  para quienes colaboraron en la IX Feria Distrital de Arte, Ciencias y Tecnolog\u00eda"},"content":{"rendered":"<p>Queremos agradecer a todos aquellos que colaboraron en la realizaci\u00f3n de a IX Feria Distrital de Arte, Ciencias y Tecnolog\u00eda que se realiz\u00f3 el pasado 6 de julio en la Unidad Acad\u00e9mica Ernesto Tornquist:<!--more--><br \/>\n\u2022 Al Intendente Municipal, Sr Sergio Bordoni y su equipo de trabajo<br \/>\n\u2022 A la Inspectora Jefe Distrital Prof. Mar\u00eda Rosa Gonz\u00e1lez<br \/>\n\u2022 A la Coordinadora Regional de Pol\u00edticas Socioeducativas, Prof. Josefina Fern\u00e1ndez y a la Coordinadora Regional de Feria de Ciencias, Prof. Virginia Mendoza que nos acompa\u00f1aron durante toda la jornada.<br \/>\n\u2022 Al Equipo de Inspectoras que acompa\u00f1aron y asesoraron a los docentes en la presentaci\u00f3n de Proyectos<br \/>\n\u2022 Al Equipo Directivo y personal de la Unidad Acad\u00e9mica que nos permiti\u00f3 usar las instalaciones<br \/>\n\u2022 Al Sr. Walter M\u00e9ndez, Orlando Contreras y colaboradores que se encargaron del sonido<br \/>\n\u2022 Al Equipo de Evaluadores: Cecilia Bentroni, Marcela Gim\u00e9nez, Mar\u00eda Rosa Gonz\u00e1lez, Carola Rodr\u00edguez, Graciela Aguirre, Adriana Nielsen, Rafael Hoz, Valeria N\u00fa\u00f1ez, Elisabet Nori, Nazarena Ferro, Silvia Rossi Y Luz Palacios.<br \/>\n\u2022 Al Equipo de trabajo que ayud\u00f3 en la organizaci\u00f3n: Marisa Gioacchini y Gustavo Buckle<br \/>\n\u2022 Al CEF N\u00b0 9, al profesor Gustavo Graff y sus alumnas que presentaron un hermoso n\u00famero gimn\u00e1stico<br \/>\n\u2022 A la Prof. Eliana Chuliver y sus alumnos de EEE N\u00b0 501, ES N\u00b0 1 y ES N\u00b0 3, que nos regalaron una versi\u00f3n del tema \u201cDespacito\u201d<br \/>\n\u2022 Al Sr Alejo Parotti quien organiz\u00f3 actividades astron\u00f3micas con alumnos de las instituciones. (\u201cAstroturismo\u201d- Sierra de la Ventana)<br \/>\n\u2022 A las Instituciones que participaron con proyectos: Jard\u00edn N\u00b0 901, Jard\u00edn N\u00b0 907, Jard\u00edn Rural N\u00b0 2, Escuela Primaria N\u00b0 2 (Saldungaray), Colegio Nuestra Se\u00f1ora de Luj\u00e1n, CEPT N\u00b0 12 (Villa Ventana), Escuela de Educaci\u00f3n Agraria N\u00b0 1, Escuela Secundaria N\u00b0 6 (Chasic\u00f3).<br \/>\n\u2022 A la comunidad en general que acompa\u00f1\u00f3 y apoy\u00f3 a los alumnos con las iniciativas propuestas.<br \/>\n\u2022 A los Medios de Comunicaci\u00f3n del distrito.<br \/>\nElisabet Nori Rosana Serier<br \/>\nReferente Distrital Pol\u00edticas Referente Distrital ACTE<br \/>\nSocioeducativas<\/p>\n","protected":false},"excerpt":{"rendered":"<p>Queremos agradecer a todos aquellos que colaboraron en la realizaci\u00f3n de a IX Feria Distrital de Arte, Ciencias y Tecnolog\u00eda que se realiz\u00f3 el pasado 6 de julio en la Unidad Acad\u00e9mica Ernesto Tornquist:<\/p>\n","protected":false},"author":3,"featured_media":0,"comment_status":"closed","ping_status":"open","sticky":false,"template":"","format":"standard","meta":{"footnotes":""},"categories":[34],"tags":[],"class_list":["post-12222","post","type-post","status-publish","format-standard","hentry","category-educacion"],"yoast_head":"<!-- This site is optimized with the Yoast SEO plugin v25.9 - https:\/\/yoast.com\/wordpress\/plugins\/seo\/ -->\n<title>Agradecimientos para quienes colaboraron en la IX Feria Distrital de Arte, Ciencias y Tecnolog\u00eda - Noticias Radio Reflejos<\/title>\n<meta name=\"robots\" content=\"index, follow, max-snippet:-1, max-image-preview:large, max-video-preview:-1\" \/>\n<link rel=\"canonical\" href=\"https:\/\/www.noticiasradioreflejos.com.ar\/2021\/agradecimientos-para-quienes-colaboraron-en-la-ix-feria-distrital-de-arte-ciencias-y-tecnologia\/\" \/>\n<meta property=\"og:locale\" content=\"es_ES\" \/>\n<meta property=\"og:type\" content=\"article\" \/>\n<meta property=\"og:title\" content=\"Agradecimientos para quienes colaboraron en la IX Feria Distrital de Arte, Ciencias y Tecnolog\u00eda - Noticias Radio Reflejos\" \/>\n<meta property=\"og:description\" content=\"Queremos agradecer a todos aquellos que colaboraron en la realizaci\u00f3n de a IX Feria Distrital de Arte, Ciencias y Tecnolog\u00eda que se realiz\u00f3 el pasado 6 de julio en la Unidad Acad\u00e9mica Ernesto Tornquist:\" \/>\n<meta property=\"og:url\" content=\"https:\/\/www.noticiasradioreflejos.com.ar\/2021\/agradecimientos-para-quienes-colaboraron-en-la-ix-feria-distrital-de-arte-ciencias-y-tecnologia\/\" \/>\n<meta property=\"og:site_name\" content=\"Noticias Radio Reflejos\" \/>\n<meta property=\"article:published_time\" content=\"2017-07-13T14:28:20+00:00\" \/>\n<meta property=\"og:image\" content=\"https:\/\/www.noticiasradioreflejos.com.ar\/2021\/wp-content\/uploads\/2021\/07\/logosol300x200.png\" \/>\n\t<meta property=\"og:image:width\" content=\"300\" \/>\n\t<meta property=\"og:image:height\" content=\"200\" \/>\n\t<meta property=\"og:image:type\" content=\"image\/png\" \/>\n<meta name=\"author\" content=\"Arnaldo Botto\" \/>\n<meta name=\"twitter:card\" content=\"summary_large_image\" \/>\n<script type=\"application\/ld+json\" class=\"yoast-schema-graph\">{\"@context\":\"https:\/\/schema.org\",\"@graph\":[{\"@type\":\"WebPage\",\"@id\":\"https:\/\/www.noticiasradioreflejos.com.ar\/2021\/agradecimientos-para-quienes-colaboraron-en-la-ix-feria-distrital-de-arte-ciencias-y-tecnologia\/\",\"url\":\"https:\/\/www.noticiasradioreflejos.com.ar\/2021\/agradecimientos-para-quienes-colaboraron-en-la-ix-feria-distrital-de-arte-ciencias-y-tecnologia\/\",\"name\":\"Agradecimientos para quienes colaboraron en la IX Feria Distrital de Arte, Ciencias y Tecnolog\u00eda - Noticias Radio Reflejos\",\"isPartOf\":{\"@id\":\"https:\/\/www.noticiasradioreflejos.com.ar\/2021\/#website\"},\"datePublished\":\"2017-07-13T14:28:20+00:00\",\"author\":{\"@id\":\"https:\/\/www.noticiasradioreflejos.com.ar\/2021\/#\/schema\/person\/ad82545263dcc5ec0996818884fd5fb1\"},\"breadcrumb\":{\"@id\":\"https:\/\/www.noticiasradioreflejos.com.ar\/2021\/agradecimientos-para-quienes-colaboraron-en-la-ix-feria-distrital-de-arte-ciencias-y-tecnologia\/#breadcrumb\"},\"inLanguage\":\"es\",\"potentialAction\":[{\"@type\":\"ReadAction\",\"target\":[\"https:\/\/www.noticiasradioreflejos.com.ar\/2021\/agradecimientos-para-quienes-colaboraron-en-la-ix-feria-distrital-de-arte-ciencias-y-tecnologia\/\"]}]},{\"@type\":\"BreadcrumbList\",\"@id\":\"https:\/\/www.noticiasradioreflejos.com.ar\/2021\/agradecimientos-para-quienes-colaboraron-en-la-ix-feria-distrital-de-arte-ciencias-y-tecnologia\/#breadcrumb\",\"itemListElement\":[{\"@type\":\"ListItem\",\"position\":1,\"name\":\"Portada\",\"item\":\"https:\/\/www.noticiasradioreflejos.com.ar\/2021\/\"},{\"@type\":\"ListItem\",\"position\":2,\"name\":\"Agradecimientos para quienes colaboraron en la IX Feria Distrital de Arte, Ciencias y Tecnolog\u00eda\"}]},{\"@type\":\"WebSite\",\"@id\":\"https:\/\/www.noticiasradioreflejos.com.ar\/2021\/#website\",\"url\":\"https:\/\/www.noticiasradioreflejos.com.ar\/2021\/\",\"name\":\"Noticias Radio Reflejos\",\"description\":\"Las noticias de mi comarca\",\"potentialAction\":[{\"@type\":\"SearchAction\",\"target\":{\"@type\":\"EntryPoint\",\"urlTemplate\":\"https:\/\/www.noticiasradioreflejos.com.ar\/2021\/?s={search_term_string}\"},\"query-input\":{\"@type\":\"PropertyValueSpecification\",\"valueRequired\":true,\"valueName\":\"search_term_string\"}}],\"inLanguage\":\"es\"},{\"@type\":\"Person\",\"@id\":\"https:\/\/www.noticiasradioreflejos.com.ar\/2021\/#\/schema\/person\/ad82545263dcc5ec0996818884fd5fb1\",\"name\":\"Arnaldo Botto\",\"image\":{\"@type\":\"ImageObject\",\"inLanguage\":\"es\",\"@id\":\"https:\/\/www.noticiasradioreflejos.com.ar\/2021\/#\/schema\/person\/image\/\",\"url\":\"https:\/\/secure.gravatar.com\/avatar\/55cb5e37c1efa326397366e6974cb338056df65cb50e7d64d1cf314e87504837?s=96&d=mm&r=g\",\"contentUrl\":\"https:\/\/secure.gravatar.com\/avatar\/55cb5e37c1efa326397366e6974cb338056df65cb50e7d64d1cf314e87504837?s=96&d=mm&r=g\",\"caption\":\"Arnaldo Botto\"},\"url\":\"https:\/\/www.noticiasradioreflejos.com.ar\/2021\/author\/arnaldo\/\"}]}<\/script>\n<!-- \/ Yoast SEO plugin. -->","yoast_head_json":{"title":"Agradecimientos para quienes colaboraron en la IX Feria Distrital de Arte, Ciencias y Tecnolog\u00eda - Noticias Radio Reflejos","robots":{"index":"index","follow":"follow","max-snippet":"max-snippet:-1","max-image-preview":"max-image-preview:large","max-video-preview":"max-video-preview:-1"},"canonical":"https:\/\/www.noticiasradioreflejos.com.ar\/2021\/agradecimientos-para-quienes-colaboraron-en-la-ix-feria-distrital-de-arte-ciencias-y-tecnologia\/","og_locale":"es_ES","og_type":"article","og_title":"Agradecimientos para quienes colaboraron en la IX Feria Distrital de Arte, Ciencias y Tecnolog\u00eda - Noticias Radio Reflejos","og_description":"Queremos agradecer a todos aquellos que colaboraron en la realizaci\u00f3n de a IX Feria Distrital de Arte, Ciencias y Tecnolog\u00eda que se realiz\u00f3 el pasado 6 de julio en la Unidad Acad\u00e9mica Ernesto Tornquist:","og_url":"https:\/\/www.noticiasradioreflejos.com.ar\/2021\/agradecimientos-para-quienes-colaboraron-en-la-ix-feria-distrital-de-arte-ciencias-y-tecnologia\/","og_site_name":"Noticias Radio Reflejos","article_published_time":"2017-07-13T14:28:20+00:00","og_image":[{"width":300,"height":200,"url":"https:\/\/www.noticiasradioreflejos.com.ar\/2021\/wp-content\/uploads\/2021\/07\/logosol300x200.png","type":"image\/png"}],"author":"Arnaldo Botto","twitter_card":"summary_large_image","schema":{"@context":"https:\/\/schema.org","@graph":[{"@type":"WebPage","@id":"https:\/\/www.noticiasradioreflejos.com.ar\/2021\/agradecimientos-para-quienes-colaboraron-en-la-ix-feria-distrital-de-arte-ciencias-y-tecnologia\/","url":"https:\/\/www.noticiasradioreflejos.com.ar\/2021\/agradecimientos-para-quienes-colaboraron-en-la-ix-feria-distrital-de-arte-ciencias-y-tecnologia\/","name":"Agradecimientos para quienes colaboraron en la IX Feria Distrital de Arte, Ciencias y Tecnolog\u00eda - Noticias Radio Reflejos","isPartOf":{"@id":"https:\/\/www.noticiasradioreflejos.com.ar\/2021\/#website"},"datePublished":"2017-07-13T14:28:20+00:00","author":{"@id":"https:\/\/www.noticiasradioreflejos.com.ar\/2021\/#\/schema\/person\/ad82545263dcc5ec0996818884fd5fb1"},"breadcrumb":{"@id":"https:\/\/www.noticiasradioreflejos.com.ar\/2021\/agradecimientos-para-quienes-colaboraron-en-la-ix-feria-distrital-de-arte-ciencias-y-tecnologia\/#breadcrumb"},"inLanguage":"es","potentialAction":[{"@type":"ReadAction","target":["https:\/\/www.noticiasradioreflejos.com.ar\/2021\/agradecimientos-para-quienes-colaboraron-en-la-ix-feria-distrital-de-arte-ciencias-y-tecnologia\/"]}]},{"@type":"BreadcrumbList","@id":"https:\/\/www.noticiasradioreflejos.com.ar\/2021\/agradecimientos-para-quienes-colaboraron-en-la-ix-feria-distrital-de-arte-ciencias-y-tecnologia\/#breadcrumb","itemListElement":[{"@type":"ListItem","position":1,"name":"Portada","item":"https:\/\/www.noticiasradioreflejos.com.ar\/2021\/"},{"@type":"ListItem","position":2,"name":"Agradecimientos para quienes colaboraron en la IX Feria Distrital de Arte, Ciencias y Tecnolog\u00eda"}]},{"@type":"WebSite","@id":"https:\/\/www.noticiasradioreflejos.com.ar\/2021\/#website","url":"https:\/\/www.noticiasradioreflejos.com.ar\/2021\/","name":"Noticias Radio Reflejos","description":"Las noticias de mi comarca","potentialAction":[{"@type":"SearchAction","target":{"@type":"EntryPoint","urlTemplate":"https:\/\/www.noticiasradioreflejos.com.ar\/2021\/?s={search_term_string}"},"query-input":{"@type":"PropertyValueSpecification","valueRequired":true,"valueName":"search_term_string"}}],"inLanguage":"es"},{"@type":"Person","@id":"https:\/\/www.noticiasradioreflejos.com.ar\/2021\/#\/schema\/person\/ad82545263dcc5ec0996818884fd5fb1","name":"Arnaldo Botto","image":{"@type":"ImageObject","inLanguage":"es","@id":"https:\/\/www.noticiasradioreflejos.com.ar\/2021\/#\/schema\/person\/image\/","url":"https:\/\/secure.gravatar.com\/avatar\/55cb5e37c1efa326397366e6974cb338056df65cb50e7d64d1cf314e87504837?s=96&d=mm&r=g","contentUrl":"https:\/\/secure.gravatar.com\/avatar\/55cb5e37c1efa326397366e6974cb338056df65cb50e7d64d1cf314e87504837?s=96&d=mm&r=g","caption":"Arnaldo Botto"},"url":"https:\/\/www.noticiasradioreflejos.com.ar\/2021\/author\/arnaldo\/"}]}},"_links":{"self":[{"href":"https:\/\/www.noticiasradioreflejos.com.ar\/2021\/wp-json\/wp\/v2\/posts\/12222","targetHints":{"allow":["GET"]}}],"collection":[{"href":"https:\/\/www.noticiasradioreflejos.com.ar\/2021\/wp-json\/wp\/v2\/posts"}],"about":[{"href":"https:\/\/www.noticiasradioreflejos.com.ar\/2021\/wp-json\/wp\/v2\/types\/post"}],"author":[{"embeddable":true,"href":"https:\/\/www.noticiasradioreflejos.com.ar\/2021\/wp-json\/wp\/v2\/users\/3"}],"replies":[{"embeddable":true,"href":"https:\/\/www.noticiasradioreflejos.com.ar\/2021\/wp-json\/wp\/v2\/comments?post=12222"}],"version-history":[{"count":0,"href":"https:\/\/www.noticiasradioreflejos.com.ar\/2021\/wp-json\/wp\/v2\/posts\/12222\/revisions"}],"wp:attachment":[{"href":"https:\/\/www.noticiasradioreflejos.com.ar\/2021\/wp-json\/wp\/v2\/media?parent=12222"}],"wp:term":[{"taxonomy":"category","embeddable":true,"href":"https:\/\/www.noticiasradioreflejos.com.ar\/2021\/wp-json\/wp\/v2\/categories?post=12222"},{"taxonomy":"post_tag","embeddable":true,"href":"https:\/\/www.noticiasradioreflejos.com.ar\/2021\/wp-json\/wp\/v2\/tags?post=12222"}],"curies":[{"name":"wp","href":"https:\/\/api.w.org\/{rel}","templated":true}]}}