{"id":122217,"date":"2025-07-24T07:06:21","date_gmt":"2025-07-24T10:06:21","guid":{"rendered":"https:\/\/www.noticiasradioreflejos.com.ar\/2021\/?p=122217"},"modified":"2025-07-24T13:54:31","modified_gmt":"2025-07-24T16:54:31","slug":"convivencia-escolar-6-de-cada-10-chicos-sufrieron-agresiones-de-sus-companeros-o-en-redes","status":"publish","type":"post","link":"https:\/\/www.noticiasradioreflejos.com.ar\/2021\/convivencia-escolar-6-de-cada-10-chicos-sufrieron-agresiones-de-sus-companeros-o-en-redes\/","title":{"rendered":"Convivencia escolar: 6 de cada 10 chicos sufrieron agresiones de sus compa\u00f1eros o en redes"},"content":{"rendered":"<p>Seg\u00fan un informe basado en la prueba Aprender 2023, seis de cada diez alumnos de 6\u00b0 grado sufrieron alguna agresi\u00f3n y m\u00e1s de un tercio se sinti\u00f3 discriminado en la escuela. Especialistas advierten que las respuestas suelen ser reactivas y que faltan estrategias integrales para prevenir la violencia y fortalecer la convivencia escolar.<!--more--><br \/>\nEl clima escolar impacta de lleno en los aprendizajes.<strong>\u00a0Seg\u00fan las \u00faltimas pruebas Aprender, en Argentina el 36% de los estudiantes de 6\u00b0 grado de primaria se sinti\u00f3 discriminado\u00a0<\/strong><a class=\"link\" href=\"https:\/\/www.eldiarioar.com\/sociedad\/argentina-lidera-acceso-secundaria-unico-pais-crecio-desigualdad-escuelas-publicas-privadas_1_12167390.html\" target=\"_blank\" rel=\"noopener\" data-mrf-recirculation=\"links-noticia\" data-mrf-link=\"https:\/\/www.eldiarioar.com\/sociedad\/argentina-lidera-acceso-secundaria-unico-pais-crecio-desigualdad-escuelas-publicas-privadas_1_12167390.html\">en la escuela<\/a>, mientras que\u00a0<strong>un 63% sufri\u00f3 alg\u00fan tipo de agresi\u00f3n<\/strong>, ya sea en el aula o en redes sociales. Especialistas advierten que faltan estrategias integrales para promover habilidades socioemocionales y v\u00ednculos positivos que mejoren la convivencia.<\/p>\n<p class=\"article-text\">A nivel nacional,\u00a0<strong>6 de cada 10 alumnos (63%) de 6\u00b0 grado reportan haber sido v\u00edctimas de una agresi\u00f3n y casi 4 de cada 10 (36%) se sienten discriminados en la escuela.\u00a0<\/strong>Las cifras muestran que, lejos de casos aislados, estas experiencias de discriminaci\u00f3n y conflicto forman parte de la vida cotidiana en las aulas.<\/p>\n<p class=\"article-text\"><strong>Los datos surgen del informe \u201cDesaf\u00edos de convivencia en la escuela primaria: discriminaci\u00f3n y conflictos entre pares\u201d<\/strong>, elaborado por\u00a0<strong>Mercedes Sidders (Innovations for Poverty Action), Mar\u00eda Sol Alz\u00fa y Leyre S\u00e1enz Guill\u00e9n (Argentinos por la Educaci\u00f3n).<\/strong>\u00a0El documento analiza las respuestas de estudiantes de 6\u00b0 grado sobre clima escolar en el cuestionario de la\u00a0<strong>prueba Aprender 2023\u00a0<\/strong>y rese\u00f1a la evidencia internacional sobre las mejores estrategias para abordar los conflictos.<\/p>\n<figure><picture class=\"news-image\"><source srcset=\"https:\/\/static.eldiario.es\/clip\/8fe0ae75-4f98-4792-91ea-4804904d12be_source-aspect-ratio_50p_0.webp\" type=\"image\/webp\" media=\"(max-width: 576px)\" \/><source srcset=\"https:\/\/static.eldiario.es\/clip\/8fe0ae75-4f98-4792-91ea-4804904d12be_source-aspect-ratio_50p_0.jpg\" type=\"image\/jpg\" media=\"(max-width: 576px)\" \/><source srcset=\"https:\/\/static.eldiario.es\/clip\/8fe0ae75-4f98-4792-91ea-4804904d12be_source-aspect-ratio_75p_0.webp\" type=\"image\/webp\" media=\"(max-width: 767px)\" \/><source srcset=\"https:\/\/static.eldiario.es\/clip\/8fe0ae75-4f98-4792-91ea-4804904d12be_source-aspect-ratio_75p_0.jpg\" type=\"image\/jpg\" media=\"(max-width: 767px)\" \/><source srcset=\"https:\/\/static.eldiario.es\/clip\/8fe0ae75-4f98-4792-91ea-4804904d12be_source-aspect-ratio_default_0.webp\" type=\"image\/webp\" media=\"(min-width: 768px)\" \/><source srcset=\"https:\/\/static.eldiario.es\/clip\/8fe0ae75-4f98-4792-91ea-4804904d12be_source-aspect-ratio_default_0.jpg\" type=\"image\/jpg\" media=\"(min-width: 768px)\" \/><source srcset=\"https:\/\/static.eldiario.es\/clip\/8fe0ae75-4f98-4792-91ea-4804904d12be_source-aspect-ratio_default_0.webp\" type=\"image\/webp\" \/><img decoding=\"async\" class=\"lazy entered loaded\" src=\"https:\/\/static.eldiario.es\/clip\/8fe0ae75-4f98-4792-91ea-4804904d12be_source-aspect-ratio_default_0.jpg\" alt=\"Gr\u00e1fico A1. Porcentaje de alumnos de 6\u00b0 grado que afirman haberse sentido discriminados en la escuela. Nivel primario. Por provincia. A\u00f1o 2023.\" data-src=\"https:\/\/static.eldiario.es\/clip\/8fe0ae75-4f98-4792-91ea-4804904d12be_source-aspect-ratio_default_0.jpg\" data-ll-status=\"loaded\" \/><\/picture><figcaption class=\"image-footer\"><em><span class=\"title\">Gr\u00e1fico A1. Porcentaje de alumnos de 6\u00b0 grado que afirman haberse sentido discriminados en la escuela. Nivel primario. Por provincia. A\u00f1o 2023.\u00a0<span class=\"author\">Argentinos por la Educaci\u00f3n<\/span><\/span><\/em><\/figcaption><\/figure>\n<p>&nbsp;<\/p>\n<p>&nbsp;<\/p>\n<p class=\"article-text\">El informe destaca que si bien la mayor\u00eda de los\u00a0<a class=\"link\" href=\"https:\/\/www.eldiarioar.com\/sociedad\/45-100-alumnos-primaria-llegan-60-grado-tiempo-aprendizajes-esperados_1_11780108.html\" target=\"_blank\" rel=\"noopener\" data-mrf-recirculation=\"links-noticia\" data-mrf-link=\"https:\/\/www.eldiarioar.com\/sociedad\/45-100-alumnos-primaria-llegan-60-grado-tiempo-aprendizajes-esperados_1_11780108.html\">estudiantes<\/a>\u00a0percibe la escuela como un espacio positivo, esa experiencia no es igual para todos. El 99% afirma tener amigas y amigos, el 94% se siente c\u00f3modo con el personal docente y no docente, y m\u00e1s del 90% dice que la escuela es un lugar donde se siente bien, contenido y acompa\u00f1ado. Sin embargo,<strong>\u00a0m\u00e1s de la mitad (56%) manifest\u00f3 haberse sentido excluido al menos alguna vez, el 40% dijo haberse sentido inc\u00f3modo o fuera de lugar y el 36% se\u00f1al\u00f3 haberse sentido solo.<\/strong><\/p>\n<p class=\"article-text\">La discriminaci\u00f3n es un fen\u00f3meno extendido:\u00a0<strong>el 36% de los estudiantes afirma haberse sentido discriminado en la escuela, con diferencias significativas entre provincias y tipos de gesti\u00f3n.\u00a0<\/strong>Las mayores proporciones se registraron en Chaco (49%), Santiago del Estero (46%) y La Rioja (45%). A nivel pa\u00eds, la discriminaci\u00f3n alcanza al 42% de los alumnos en escuelas estatales, mientras que en las privadas desciende al 21%.<\/p>\n<p class=\"article-text\">Seg\u00fan los estudiantes,<strong>\u00a0los motivos de discriminaci\u00f3n m\u00e1s frecuentes son el aspecto f\u00edsico, los gustos e intereses personales y la orientaci\u00f3n sexual o identidad de g\u00e9nero.<\/strong><\/p>\n<p class=\"article-text\">Adem\u00e1s, la mitad de los alumnos (56%) dice haber presenciado situaciones de agresi\u00f3n entre pares durante el \u00faltimo a\u00f1o, y 3 de cada 10 (34%) reconocen haber agredido a un compa\u00f1ero o compa\u00f1era. Si se contemplan todas las formas de violencia \u2013mentiras, amenazas, da\u00f1o o robo de pertenencias, agresiones f\u00edsicas o verbales\u2013\u00a0<strong>el 63% reporta haber sido v\u00edctima de alguna agresi\u00f3n, dentro de la escuela o en redes sociales.<\/strong><\/p>\n<figure><picture class=\"news-image\"><source srcset=\"https:\/\/static.eldiario.es\/clip\/a9bd606b-705b-4018-97de-a7e9887f9140_source-aspect-ratio_50p_0.webp\" type=\"image\/webp\" media=\"(max-width: 576px)\" \/><source srcset=\"https:\/\/static.eldiario.es\/clip\/a9bd606b-705b-4018-97de-a7e9887f9140_source-aspect-ratio_50p_0.jpg\" type=\"image\/jpg\" media=\"(max-width: 576px)\" \/><source srcset=\"https:\/\/static.eldiario.es\/clip\/a9bd606b-705b-4018-97de-a7e9887f9140_source-aspect-ratio_75p_0.webp\" type=\"image\/webp\" media=\"(max-width: 767px)\" \/><source srcset=\"https:\/\/static.eldiario.es\/clip\/a9bd606b-705b-4018-97de-a7e9887f9140_source-aspect-ratio_75p_0.jpg\" type=\"image\/jpg\" media=\"(max-width: 767px)\" \/><source srcset=\"https:\/\/static.eldiario.es\/clip\/a9bd606b-705b-4018-97de-a7e9887f9140_source-aspect-ratio_default_0.webp\" type=\"image\/webp\" media=\"(min-width: 768px)\" \/><source srcset=\"https:\/\/static.eldiario.es\/clip\/a9bd606b-705b-4018-97de-a7e9887f9140_source-aspect-ratio_default_0.jpg\" type=\"image\/jpg\" media=\"(min-width: 768px)\" \/><source srcset=\"https:\/\/static.eldiario.es\/clip\/a9bd606b-705b-4018-97de-a7e9887f9140_source-aspect-ratio_default_0.webp\" type=\"image\/webp\" \/><img decoding=\"async\" class=\"lazy entered loaded\" src=\"https:\/\/static.eldiario.es\/clip\/a9bd606b-705b-4018-97de-a7e9887f9140_source-aspect-ratio_default_0.jpg\" alt=\"Gr\u00e1fico 1. Frecuencia de vivencias escolares seg\u00fan la categor\u00eda de respuesta de los alumnos de 6\u00b0 grado. Nivel primario. A\u00f1o 2023.\" data-src=\"https:\/\/static.eldiario.es\/clip\/a9bd606b-705b-4018-97de-a7e9887f9140_source-aspect-ratio_default_0.jpg\" data-ll-status=\"loaded\" \/><\/picture><figcaption class=\"image-footer\"><em><span class=\"title\">Gr\u00e1fico 1. Frecuencia de vivencias escolares seg\u00fan la categor\u00eda de respuesta de los alumnos de 6\u00b0 grado. Nivel primario. A\u00f1o 2023.\u00a0<span class=\"author\">Argentinos por la Educaci\u00f3n<\/span><\/span><\/em><\/figcaption><\/figure>\n<p>&nbsp;<\/p>\n<p>&nbsp;<\/p>\n<p class=\"article-text\">Ante estos conflictos,\u00a0<a class=\"link\" href=\"https:\/\/www.eldiarioar.com\/sociedad\/educacion\/regla-tres-simple-1-4-estudiantes-15-anos-resolver-tipo-ejercicios_1_11601792.html\" target=\"_blank\" rel=\"noopener\" data-mrf-recirculation=\"links-noticia\" data-mrf-link=\"https:\/\/www.eldiarioar.com\/sociedad\/educacion\/regla-tres-simple-1-4-estudiantes-15-anos-resolver-tipo-ejercicios_1_11601792.html\">los estudiantes indican<\/a>\u00a0que las escuelas suelen responder de forma tradicional: intervienen docentes o directivos y luego se informa a las familias mediante notas o reuniones. Si bien estas acciones son relevantes, las autoras se\u00f1alan que no abordan las causas profundas de los problemas de convivencia.<\/p>\n<p class=\"article-text\">Las investigaciones internacionales muestran que las pr\u00e1cticas m\u00e1s efectivas para mejorar el clima escolar incluyen fortalecer v\u00ednculos positivos, implementar intervenciones socioemocionales, fomentar la actividad f\u00edsica estructurada, formar a los docentes en gesti\u00f3n emocional y ense\u00f1ar habilidades para la vida desde la curr\u00edcula. Sin embargo, estas estrategias siguen siendo poco frecuentes en las escuelas primarias argentinas, advierte el informe.<\/p>\n<figure><picture class=\"news-image\"><source srcset=\"https:\/\/static.eldiario.es\/clip\/5b399ff4-d6aa-4761-8694-d98869cd72f2_source-aspect-ratio_50p_0.webp\" type=\"image\/webp\" media=\"(max-width: 576px)\" \/><source srcset=\"https:\/\/static.eldiario.es\/clip\/5b399ff4-d6aa-4761-8694-d98869cd72f2_source-aspect-ratio_50p_0.jpg\" type=\"image\/jpg\" media=\"(max-width: 576px)\" \/><source srcset=\"https:\/\/static.eldiario.es\/clip\/5b399ff4-d6aa-4761-8694-d98869cd72f2_source-aspect-ratio_75p_0.webp\" type=\"image\/webp\" media=\"(max-width: 767px)\" \/><source srcset=\"https:\/\/static.eldiario.es\/clip\/5b399ff4-d6aa-4761-8694-d98869cd72f2_source-aspect-ratio_75p_0.jpg\" type=\"image\/jpg\" media=\"(max-width: 767px)\" \/><source srcset=\"https:\/\/static.eldiario.es\/clip\/5b399ff4-d6aa-4761-8694-d98869cd72f2_source-aspect-ratio_default_0.webp\" type=\"image\/webp\" media=\"(min-width: 768px)\" \/><source srcset=\"https:\/\/static.eldiario.es\/clip\/5b399ff4-d6aa-4761-8694-d98869cd72f2_source-aspect-ratio_default_0.jpg\" type=\"image\/jpg\" media=\"(min-width: 768px)\" \/><source srcset=\"https:\/\/static.eldiario.es\/clip\/5b399ff4-d6aa-4761-8694-d98869cd72f2_source-aspect-ratio_default_0.webp\" type=\"image\/webp\" \/><img decoding=\"async\" class=\"lazy entered loaded\" src=\"https:\/\/static.eldiario.es\/clip\/5b399ff4-d6aa-4761-8694-d98869cd72f2_source-aspect-ratio_default_0.jpg\" alt=\"Motivos por los cuales los alumnos de 6\u00b0 grado afirman sentirse discriminados en la escuela. Nivel primario. A\u00f1o 2023.\" data-src=\"https:\/\/static.eldiario.es\/clip\/5b399ff4-d6aa-4761-8694-d98869cd72f2_source-aspect-ratio_default_0.jpg\" data-ll-status=\"loaded\" \/><\/picture><figcaption class=\"image-footer\"><em><span class=\"title\">Motivos por los cuales los alumnos de 6\u00b0 grado afirman sentirse discriminados en la escuela. Nivel primario. A\u00f1o 2023.\u00a0<span class=\"author\">Argentinos por la Educaci\u00f3n<\/span><\/span><\/em><\/figcaption><\/figure>\n<p>&nbsp;<\/p>\n<p>&nbsp;<\/p>\n<p class=\"article-text\"><strong>Mercedes Sidders, coautora del documento y responsable de pol\u00edticas en Innovations for Poverty Action (IPA)<\/strong>, explic\u00f3 que \u201cSi bien las escuelas suelen intervenir ante los conflictos, la respuesta muchas veces es fragmentada. Hay margen para mejorar, especialmente a trav\u00e9s de enfoques m\u00e1s integrales y preventivos que involucren activamente a docentes, estudiantes y familias. Estas estrategias no solo abordan los conflictos cuando ocurren, sino que transforman las normas sociales que los habilitan, y ayudan a construir comunidades escolares m\u00e1s seguras e inclusivas\u201d.<\/p>\n<p class=\"article-text\">\u201cEl informe confirma algo que venimos advirtiendo en todo el pa\u00eds:\u00a0<strong>aunque muchos chicos dicen sentirse contenidos, un porcentaje significativo vive exclusi\u00f3n o discriminaci\u00f3n y eso impacta directamente en su bienestar y aprendizaje.<\/strong>\u00a0Este tipo de situaciones no se resuelven con medidas aisladas: necesitamos un abordaje sist\u00e9mico, que involucre a toda la comunidad educativa en todos sus \u00e1mbitos, que fortalezca v\u00ednculos y que implemente pr\u00e1cticas preventivas y reparadoras. El gran desaf\u00edo es animarnos a convertir esas estrategias \u2013que sabemos que funcionan\u2013 en pr\u00e1cticas comunes en las escuelas\u201d,\u00a0<strong>sostuvo Pablo Mainer, fundador de Hablemos de Bullying y la Alianza Anti Bullying Argentina.<\/strong><\/p>\n<figure><picture class=\"news-image\"><source srcset=\"https:\/\/static.eldiario.es\/clip\/c36024a8-0cbb-493d-a658-6a0624a59269_source-aspect-ratio_50p_0.webp\" type=\"image\/webp\" media=\"(max-width: 576px)\" \/><source srcset=\"https:\/\/static.eldiario.es\/clip\/c36024a8-0cbb-493d-a658-6a0624a59269_source-aspect-ratio_50p_0.jpg\" type=\"image\/jpg\" media=\"(max-width: 576px)\" \/><source srcset=\"https:\/\/static.eldiario.es\/clip\/c36024a8-0cbb-493d-a658-6a0624a59269_source-aspect-ratio_75p_0.webp\" type=\"image\/webp\" media=\"(max-width: 767px)\" \/><source srcset=\"https:\/\/static.eldiario.es\/clip\/c36024a8-0cbb-493d-a658-6a0624a59269_source-aspect-ratio_75p_0.jpg\" type=\"image\/jpg\" media=\"(max-width: 767px)\" \/><source srcset=\"https:\/\/static.eldiario.es\/clip\/c36024a8-0cbb-493d-a658-6a0624a59269_source-aspect-ratio_default_0.webp\" type=\"image\/webp\" media=\"(min-width: 768px)\" \/><source srcset=\"https:\/\/static.eldiario.es\/clip\/c36024a8-0cbb-493d-a658-6a0624a59269_source-aspect-ratio_default_0.jpg\" type=\"image\/jpg\" media=\"(min-width: 768px)\" \/><source srcset=\"https:\/\/static.eldiario.es\/clip\/c36024a8-0cbb-493d-a658-6a0624a59269_source-aspect-ratio_default_0.webp\" type=\"image\/webp\" \/><img decoding=\"async\" class=\"lazy entered loaded\" src=\"https:\/\/static.eldiario.es\/clip\/c36024a8-0cbb-493d-a658-6a0624a59269_source-aspect-ratio_default_0.jpg\" alt=\"Porcentaje de alumnos de 6\u00b0 grado que vivieron al menos una vez, ese a\u00f1o, estos conflictos o situaciones de violencia. Nivel primario. A\u00f1o 2023. Interpretaci\u00f3n: El 63% de los estudiantes reporta haber sido v\u00edctima de al menos una de las tres formas de violencia o situaciones de agresi\u00f3n se\u00f1aladas en el gr\u00e1fico con l\u00ednea punteada.\" data-src=\"https:\/\/static.eldiario.es\/clip\/c36024a8-0cbb-493d-a658-6a0624a59269_source-aspect-ratio_default_0.jpg\" data-ll-status=\"loaded\" \/><\/picture><figcaption class=\"image-footer\"><em><span class=\"title\">Porcentaje de alumnos de 6\u00b0 grado que vivieron al menos una vez, ese a\u00f1o, estos conflictos o situaciones de violencia. Nivel primario. A\u00f1o 2023. Interpretaci\u00f3n: El 63% de los estudiantes reporta haber sido v\u00edctima de al menos una de las tres formas de violencia o situaciones de agresi\u00f3n se\u00f1aladas en el gr\u00e1fico con l\u00ednea punteada.\u00a0<span class=\"author\">Argentinos por la Educaci\u00f3n<\/span><\/span><\/em><\/figcaption><\/figure>\n<p>&nbsp;<\/p>\n<p>&nbsp;<\/p>\n<p class=\"article-text\">\u201cLa experiencia internacional demuestra que las estrategias integrales pueden reducir la violencia en hasta un 42 %. Por eso, Argentina debe avanzar hacia un nuevo paradigma que reconozca cada aula como una \u2018peque\u00f1a rep\u00fablica\u2019 donde cada voz cuenta y cada diferencia enriquece. Incluir habilidades socioafectivas (empat\u00eda, asertividad, regulaci\u00f3n de emociones y sentimientos y resoluci\u00f3n pac\u00edfica de conflictos) en igualdad de condiciones que matem\u00e1ticas o lengua, y aplicar pr\u00e1cticas restaurativas como c\u00edrculos de di\u00e1logo y proyectos colaborativos, transformar\u00e1 las sanciones en oportunidades de reparaci\u00f3n y crecimiento\u201d,\u00a0<strong>asegur\u00f3 Alejandro Castro Santander, director del Observatorio de la Convivencia Escolar de la UCA.<\/strong><\/p>\n<div id=\"container-after-news-outlook\"><\/div>\n<figure><picture class=\"news-image\"><source srcset=\"https:\/\/static.eldiario.es\/clip\/0f1085e7-90c8-4fac-bc88-ec84f6572f06_16-9-discover-aspect-ratio_50p_0.webp\" type=\"image\/webp\" media=\"(max-width: 576px)\" \/><source srcset=\"https:\/\/static.eldiario.es\/clip\/0f1085e7-90c8-4fac-bc88-ec84f6572f06_16-9-discover-aspect-ratio_50p_0.jpg\" type=\"image\/jpg\" media=\"(max-width: 576px)\" \/><source srcset=\"https:\/\/static.eldiario.es\/clip\/0f1085e7-90c8-4fac-bc88-ec84f6572f06_16-9-discover-aspect-ratio_75p_0.webp\" type=\"image\/webp\" media=\"(max-width: 767px)\" \/><source srcset=\"https:\/\/static.eldiario.es\/clip\/0f1085e7-90c8-4fac-bc88-ec84f6572f06_16-9-discover-aspect-ratio_75p_0.jpg\" type=\"image\/jpg\" media=\"(max-width: 767px)\" \/><source srcset=\"https:\/\/static.eldiario.es\/clip\/0f1085e7-90c8-4fac-bc88-ec84f6572f06_16-9-discover-aspect-ratio_default_0.webp\" type=\"image\/webp\" media=\"(min-width: 768px)\" \/><source srcset=\"https:\/\/static.eldiario.es\/clip\/0f1085e7-90c8-4fac-bc88-ec84f6572f06_16-9-discover-aspect-ratio_default_0.jpg\" type=\"image\/jpg\" media=\"(min-width: 768px)\" \/><source srcset=\"https:\/\/static.eldiario.es\/clip\/0f1085e7-90c8-4fac-bc88-ec84f6572f06_16-9-discover-aspect-ratio_default_0.webp\" type=\"image\/webp\" \/><img decoding=\"async\" class=\"lazy entered loaded\" src=\"https:\/\/static.eldiario.es\/clip\/0f1085e7-90c8-4fac-bc88-ec84f6572f06_16-9-discover-aspect-ratio_default_0.jpg\" alt=\"Formas de resoluci\u00f3n de conflictos en la escuela seg\u00fan los alumnos de 6\u00b0 grado. Nivel primario. A\u00f1o 2023.\" data-src=\"https:\/\/static.eldiario.es\/clip\/0f1085e7-90c8-4fac-bc88-ec84f6572f06_16-9-discover-aspect-ratio_default_0.jpg\" data-ll-status=\"loaded\" \/><\/picture><figcaption class=\"image-footer\"><em><span class=\"title\">Formas de resoluci\u00f3n de conflictos en la escuela seg\u00fan los alumnos de 6\u00b0 grado. Nivel primario. A\u00f1o 2023.\u00a0<span class=\"author\">Argentinos por la Educaci\u00f3n<\/span><\/span><\/em><\/figcaption><\/figure>\n<p>&nbsp;<\/p>\n<p class=\"article-text\">\u201cEl clima escolar no es un complemento, es el n\u00facleo de toda experiencia educativa: define c\u00f3mo se vinculan los estudiantes, cu\u00e1nto conf\u00edan en s\u00ed mismos y en los adultos que los rodean\u201d, afirm\u00f3<strong>\u00a0Paola Zabala, directora de la Comunidad Antibullying Argentina.<\/strong>\u00a0Y agreg\u00f3: \u201cLas respuestas institucionales siguen siendo mayormente formales y reactivas. Se habla con los docentes, se env\u00edan notas a las familias, se hacen reuniones. Pero no alcanza con contener el conflicto: hay que transformarlo en una oportunidad pedag\u00f3gica; las intervenciones integrales, sostenidas, que involucran a toda la comunidad escolar, son las que realmente transforman el clima escolar porque el derecho a aprender solo se cumple si tambi\u00e9n se garantiza el derecho a sentirse seguro, incluido y valorado\u201d.<\/p>\n<p>&nbsp;<\/p>\n<p class=\"article-text\"><strong><em>MM \/MG &#8211; elDiarioAR<\/em><\/strong><\/p>\n","protected":false},"excerpt":{"rendered":"<p>Seg\u00fan un informe basado en la prueba Aprender 2023, seis de cada diez alumnos de 6\u00b0 grado sufrieron alguna agresi\u00f3n y m\u00e1s de un tercio se sinti\u00f3 discriminado en la escuela. Especialistas advierten que las respuestas suelen ser reactivas y que faltan estrategias integrales para prevenir la violencia y fortalecer la convivencia escolar.<\/p>\n","protected":false},"author":3,"featured_media":122218,"comment_status":"closed","ping_status":"closed","sticky":false,"template":"","format":"standard","meta":{"footnotes":""},"categories":[34,26],"tags":[],"class_list":["post-122217","post","type-post","status-publish","format-standard","has-post-thumbnail","hentry","category-educacion","category-sociedad"],"yoast_head":"<!-- This site is optimized with the Yoast SEO plugin v25.9 - https:\/\/yoast.com\/wordpress\/plugins\/seo\/ -->\n<title>Convivencia escolar: 6 de cada 10 chicos sufrieron agresiones de sus compa\u00f1eros o en redes - Noticias Radio Reflejos<\/title>\n<meta name=\"robots\" content=\"index, follow, max-snippet:-1, max-image-preview:large, max-video-preview:-1\" \/>\n<link rel=\"canonical\" href=\"https:\/\/www.noticiasradioreflejos.com.ar\/2021\/convivencia-escolar-6-de-cada-10-chicos-sufrieron-agresiones-de-sus-companeros-o-en-redes\/\" \/>\n<meta property=\"og:locale\" content=\"es_ES\" \/>\n<meta property=\"og:type\" content=\"article\" \/>\n<meta property=\"og:title\" content=\"Convivencia escolar: 6 de cada 10 chicos sufrieron agresiones de sus compa\u00f1eros o en redes - Noticias Radio Reflejos\" \/>\n<meta property=\"og:description\" content=\"Seg\u00fan un informe basado en la prueba Aprender 2023, seis de cada diez alumnos de 6\u00b0 grado sufrieron alguna agresi\u00f3n y m\u00e1s de un tercio se sinti\u00f3 discriminado en la escuela. Especialistas advierten que las respuestas suelen ser reactivas y que faltan estrategias integrales para prevenir la violencia y fortalecer la convivencia escolar.\" \/>\n<meta property=\"og:url\" content=\"https:\/\/www.noticiasradioreflejos.com.ar\/2021\/convivencia-escolar-6-de-cada-10-chicos-sufrieron-agresiones-de-sus-companeros-o-en-redes\/\" \/>\n<meta property=\"og:site_name\" content=\"Noticias Radio Reflejos\" \/>\n<meta property=\"article:published_time\" content=\"2025-07-24T10:06:21+00:00\" \/>\n<meta property=\"article:modified_time\" content=\"2025-07-24T16:54:31+00:00\" \/>\n<meta property=\"og:image\" content=\"https:\/\/www.noticiasradioreflejos.com.ar\/2021\/wp-content\/uploads\/2025\/07\/bulig.jpg\" \/>\n\t<meta property=\"og:image:width\" content=\"1200\" \/>\n\t<meta property=\"og:image:height\" content=\"675\" \/>\n\t<meta property=\"og:image:type\" content=\"image\/jpeg\" \/>\n<meta name=\"author\" content=\"Arnaldo Botto\" \/>\n<meta name=\"twitter:card\" content=\"summary_large_image\" \/>\n<script type=\"application\/ld+json\" class=\"yoast-schema-graph\">{\"@context\":\"https:\/\/schema.org\",\"@graph\":[{\"@type\":\"WebPage\",\"@id\":\"https:\/\/www.noticiasradioreflejos.com.ar\/2021\/convivencia-escolar-6-de-cada-10-chicos-sufrieron-agresiones-de-sus-companeros-o-en-redes\/\",\"url\":\"https:\/\/www.noticiasradioreflejos.com.ar\/2021\/convivencia-escolar-6-de-cada-10-chicos-sufrieron-agresiones-de-sus-companeros-o-en-redes\/\",\"name\":\"Convivencia escolar: 6 de cada 10 chicos sufrieron agresiones de sus compa\u00f1eros o en redes - Noticias Radio Reflejos\",\"isPartOf\":{\"@id\":\"https:\/\/www.noticiasradioreflejos.com.ar\/2021\/#website\"},\"primaryImageOfPage\":{\"@id\":\"https:\/\/www.noticiasradioreflejos.com.ar\/2021\/convivencia-escolar-6-de-cada-10-chicos-sufrieron-agresiones-de-sus-companeros-o-en-redes\/#primaryimage\"},\"image\":{\"@id\":\"https:\/\/www.noticiasradioreflejos.com.ar\/2021\/convivencia-escolar-6-de-cada-10-chicos-sufrieron-agresiones-de-sus-companeros-o-en-redes\/#primaryimage\"},\"thumbnailUrl\":\"https:\/\/www.noticiasradioreflejos.com.ar\/2021\/wp-content\/uploads\/2025\/07\/bulig.jpg\",\"datePublished\":\"2025-07-24T10:06:21+00:00\",\"dateModified\":\"2025-07-24T16:54:31+00:00\",\"author\":{\"@id\":\"https:\/\/www.noticiasradioreflejos.com.ar\/2021\/#\/schema\/person\/ad82545263dcc5ec0996818884fd5fb1\"},\"breadcrumb\":{\"@id\":\"https:\/\/www.noticiasradioreflejos.com.ar\/2021\/convivencia-escolar-6-de-cada-10-chicos-sufrieron-agresiones-de-sus-companeros-o-en-redes\/#breadcrumb\"},\"inLanguage\":\"es\",\"potentialAction\":[{\"@type\":\"ReadAction\",\"target\":[\"https:\/\/www.noticiasradioreflejos.com.ar\/2021\/convivencia-escolar-6-de-cada-10-chicos-sufrieron-agresiones-de-sus-companeros-o-en-redes\/\"]}]},{\"@type\":\"ImageObject\",\"inLanguage\":\"es\",\"@id\":\"https:\/\/www.noticiasradioreflejos.com.ar\/2021\/convivencia-escolar-6-de-cada-10-chicos-sufrieron-agresiones-de-sus-companeros-o-en-redes\/#primaryimage\",\"url\":\"https:\/\/www.noticiasradioreflejos.com.ar\/2021\/wp-content\/uploads\/2025\/07\/bulig.jpg\",\"contentUrl\":\"https:\/\/www.noticiasradioreflejos.com.ar\/2021\/wp-content\/uploads\/2025\/07\/bulig.jpg\",\"width\":1200,\"height\":675},{\"@type\":\"BreadcrumbList\",\"@id\":\"https:\/\/www.noticiasradioreflejos.com.ar\/2021\/convivencia-escolar-6-de-cada-10-chicos-sufrieron-agresiones-de-sus-companeros-o-en-redes\/#breadcrumb\",\"itemListElement\":[{\"@type\":\"ListItem\",\"position\":1,\"name\":\"Portada\",\"item\":\"https:\/\/www.noticiasradioreflejos.com.ar\/2021\/\"},{\"@type\":\"ListItem\",\"position\":2,\"name\":\"Convivencia escolar: 6 de cada 10 chicos sufrieron agresiones de sus compa\u00f1eros o en redes\"}]},{\"@type\":\"WebSite\",\"@id\":\"https:\/\/www.noticiasradioreflejos.com.ar\/2021\/#website\",\"url\":\"https:\/\/www.noticiasradioreflejos.com.ar\/2021\/\",\"name\":\"Noticias Radio Reflejos\",\"description\":\"Las noticias de mi comarca\",\"potentialAction\":[{\"@type\":\"SearchAction\",\"target\":{\"@type\":\"EntryPoint\",\"urlTemplate\":\"https:\/\/www.noticiasradioreflejos.com.ar\/2021\/?s={search_term_string}\"},\"query-input\":{\"@type\":\"PropertyValueSpecification\",\"valueRequired\":true,\"valueName\":\"search_term_string\"}}],\"inLanguage\":\"es\"},{\"@type\":\"Person\",\"@id\":\"https:\/\/www.noticiasradioreflejos.com.ar\/2021\/#\/schema\/person\/ad82545263dcc5ec0996818884fd5fb1\",\"name\":\"Arnaldo Botto\",\"image\":{\"@type\":\"ImageObject\",\"inLanguage\":\"es\",\"@id\":\"https:\/\/www.noticiasradioreflejos.com.ar\/2021\/#\/schema\/person\/image\/\",\"url\":\"https:\/\/secure.gravatar.com\/avatar\/55cb5e37c1efa326397366e6974cb338056df65cb50e7d64d1cf314e87504837?s=96&d=mm&r=g\",\"contentUrl\":\"https:\/\/secure.gravatar.com\/avatar\/55cb5e37c1efa326397366e6974cb338056df65cb50e7d64d1cf314e87504837?s=96&d=mm&r=g\",\"caption\":\"Arnaldo Botto\"},\"url\":\"https:\/\/www.noticiasradioreflejos.com.ar\/2021\/author\/arnaldo\/\"}]}<\/script>\n<!-- \/ Yoast SEO plugin. -->","yoast_head_json":{"title":"Convivencia escolar: 6 de cada 10 chicos sufrieron agresiones de sus compa\u00f1eros o en redes - Noticias Radio Reflejos","robots":{"index":"index","follow":"follow","max-snippet":"max-snippet:-1","max-image-preview":"max-image-preview:large","max-video-preview":"max-video-preview:-1"},"canonical":"https:\/\/www.noticiasradioreflejos.com.ar\/2021\/convivencia-escolar-6-de-cada-10-chicos-sufrieron-agresiones-de-sus-companeros-o-en-redes\/","og_locale":"es_ES","og_type":"article","og_title":"Convivencia escolar: 6 de cada 10 chicos sufrieron agresiones de sus compa\u00f1eros o en redes - Noticias Radio Reflejos","og_description":"Seg\u00fan un informe basado en la prueba Aprender 2023, seis de cada diez alumnos de 6\u00b0 grado sufrieron alguna agresi\u00f3n y m\u00e1s de un tercio se sinti\u00f3 discriminado en la escuela. Especialistas advierten que las respuestas suelen ser reactivas y que faltan estrategias integrales para prevenir la violencia y fortalecer la convivencia escolar.","og_url":"https:\/\/www.noticiasradioreflejos.com.ar\/2021\/convivencia-escolar-6-de-cada-10-chicos-sufrieron-agresiones-de-sus-companeros-o-en-redes\/","og_site_name":"Noticias Radio Reflejos","article_published_time":"2025-07-24T10:06:21+00:00","article_modified_time":"2025-07-24T16:54:31+00:00","og_image":[{"width":1200,"height":675,"url":"https:\/\/www.noticiasradioreflejos.com.ar\/2021\/wp-content\/uploads\/2025\/07\/bulig.jpg","type":"image\/jpeg"}],"author":"Arnaldo Botto","twitter_card":"summary_large_image","schema":{"@context":"https:\/\/schema.org","@graph":[{"@type":"WebPage","@id":"https:\/\/www.noticiasradioreflejos.com.ar\/2021\/convivencia-escolar-6-de-cada-10-chicos-sufrieron-agresiones-de-sus-companeros-o-en-redes\/","url":"https:\/\/www.noticiasradioreflejos.com.ar\/2021\/convivencia-escolar-6-de-cada-10-chicos-sufrieron-agresiones-de-sus-companeros-o-en-redes\/","name":"Convivencia escolar: 6 de cada 10 chicos sufrieron agresiones de sus compa\u00f1eros o en redes - Noticias Radio Reflejos","isPartOf":{"@id":"https:\/\/www.noticiasradioreflejos.com.ar\/2021\/#website"},"primaryImageOfPage":{"@id":"https:\/\/www.noticiasradioreflejos.com.ar\/2021\/convivencia-escolar-6-de-cada-10-chicos-sufrieron-agresiones-de-sus-companeros-o-en-redes\/#primaryimage"},"image":{"@id":"https:\/\/www.noticiasradioreflejos.com.ar\/2021\/convivencia-escolar-6-de-cada-10-chicos-sufrieron-agresiones-de-sus-companeros-o-en-redes\/#primaryimage"},"thumbnailUrl":"https:\/\/www.noticiasradioreflejos.com.ar\/2021\/wp-content\/uploads\/2025\/07\/bulig.jpg","datePublished":"2025-07-24T10:06:21+00:00","dateModified":"2025-07-24T16:54:31+00:00","author":{"@id":"https:\/\/www.noticiasradioreflejos.com.ar\/2021\/#\/schema\/person\/ad82545263dcc5ec0996818884fd5fb1"},"breadcrumb":{"@id":"https:\/\/www.noticiasradioreflejos.com.ar\/2021\/convivencia-escolar-6-de-cada-10-chicos-sufrieron-agresiones-de-sus-companeros-o-en-redes\/#breadcrumb"},"inLanguage":"es","potentialAction":[{"@type":"ReadAction","target":["https:\/\/www.noticiasradioreflejos.com.ar\/2021\/convivencia-escolar-6-de-cada-10-chicos-sufrieron-agresiones-de-sus-companeros-o-en-redes\/"]}]},{"@type":"ImageObject","inLanguage":"es","@id":"https:\/\/www.noticiasradioreflejos.com.ar\/2021\/convivencia-escolar-6-de-cada-10-chicos-sufrieron-agresiones-de-sus-companeros-o-en-redes\/#primaryimage","url":"https:\/\/www.noticiasradioreflejos.com.ar\/2021\/wp-content\/uploads\/2025\/07\/bulig.jpg","contentUrl":"https:\/\/www.noticiasradioreflejos.com.ar\/2021\/wp-content\/uploads\/2025\/07\/bulig.jpg","width":1200,"height":675},{"@type":"BreadcrumbList","@id":"https:\/\/www.noticiasradioreflejos.com.ar\/2021\/convivencia-escolar-6-de-cada-10-chicos-sufrieron-agresiones-de-sus-companeros-o-en-redes\/#breadcrumb","itemListElement":[{"@type":"ListItem","position":1,"name":"Portada","item":"https:\/\/www.noticiasradioreflejos.com.ar\/2021\/"},{"@type":"ListItem","position":2,"name":"Convivencia escolar: 6 de cada 10 chicos sufrieron agresiones de sus compa\u00f1eros o en redes"}]},{"@type":"WebSite","@id":"https:\/\/www.noticiasradioreflejos.com.ar\/2021\/#website","url":"https:\/\/www.noticiasradioreflejos.com.ar\/2021\/","name":"Noticias Radio Reflejos","description":"Las noticias de mi comarca","potentialAction":[{"@type":"SearchAction","target":{"@type":"EntryPoint","urlTemplate":"https:\/\/www.noticiasradioreflejos.com.ar\/2021\/?s={search_term_string}"},"query-input":{"@type":"PropertyValueSpecification","valueRequired":true,"valueName":"search_term_string"}}],"inLanguage":"es"},{"@type":"Person","@id":"https:\/\/www.noticiasradioreflejos.com.ar\/2021\/#\/schema\/person\/ad82545263dcc5ec0996818884fd5fb1","name":"Arnaldo Botto","image":{"@type":"ImageObject","inLanguage":"es","@id":"https:\/\/www.noticiasradioreflejos.com.ar\/2021\/#\/schema\/person\/image\/","url":"https:\/\/secure.gravatar.com\/avatar\/55cb5e37c1efa326397366e6974cb338056df65cb50e7d64d1cf314e87504837?s=96&d=mm&r=g","contentUrl":"https:\/\/secure.gravatar.com\/avatar\/55cb5e37c1efa326397366e6974cb338056df65cb50e7d64d1cf314e87504837?s=96&d=mm&r=g","caption":"Arnaldo Botto"},"url":"https:\/\/www.noticiasradioreflejos.com.ar\/2021\/author\/arnaldo\/"}]}},"_links":{"self":[{"href":"https:\/\/www.noticiasradioreflejos.com.ar\/2021\/wp-json\/wp\/v2\/posts\/122217","targetHints":{"allow":["GET"]}}],"collection":[{"href":"https:\/\/www.noticiasradioreflejos.com.ar\/2021\/wp-json\/wp\/v2\/posts"}],"about":[{"href":"https:\/\/www.noticiasradioreflejos.com.ar\/2021\/wp-json\/wp\/v2\/types\/post"}],"author":[{"embeddable":true,"href":"https:\/\/www.noticiasradioreflejos.com.ar\/2021\/wp-json\/wp\/v2\/users\/3"}],"replies":[{"embeddable":true,"href":"https:\/\/www.noticiasradioreflejos.com.ar\/2021\/wp-json\/wp\/v2\/comments?post=122217"}],"version-history":[{"count":1,"href":"https:\/\/www.noticiasradioreflejos.com.ar\/2021\/wp-json\/wp\/v2\/posts\/122217\/revisions"}],"predecessor-version":[{"id":122219,"href":"https:\/\/www.noticiasradioreflejos.com.ar\/2021\/wp-json\/wp\/v2\/posts\/122217\/revisions\/122219"}],"wp:featuredmedia":[{"embeddable":true,"href":"https:\/\/www.noticiasradioreflejos.com.ar\/2021\/wp-json\/wp\/v2\/media\/122218"}],"wp:attachment":[{"href":"https:\/\/www.noticiasradioreflejos.com.ar\/2021\/wp-json\/wp\/v2\/media?parent=122217"}],"wp:term":[{"taxonomy":"category","embeddable":true,"href":"https:\/\/www.noticiasradioreflejos.com.ar\/2021\/wp-json\/wp\/v2\/categories?post=122217"},{"taxonomy":"post_tag","embeddable":true,"href":"https:\/\/www.noticiasradioreflejos.com.ar\/2021\/wp-json\/wp\/v2\/tags?post=122217"}],"curies":[{"name":"wp","href":"https:\/\/api.w.org\/{rel}","templated":true}]}}