{"id":122210,"date":"2025-07-23T19:57:51","date_gmt":"2025-07-23T22:57:51","guid":{"rendered":"https:\/\/www.noticiasradioreflejos.com.ar\/2021\/?p=122210"},"modified":"2025-07-24T13:54:52","modified_gmt":"2025-07-24T16:54:52","slug":"creo-que-es-mas-grave-porque-no-es-que-aparecio-una-lista-de-la-nada-sino-que-es-un-espacio-armado-y-se-anuncio-publicamente","status":"publish","type":"post","link":"https:\/\/www.noticiasradioreflejos.com.ar\/2021\/creo-que-es-mas-grave-porque-no-es-que-aparecio-una-lista-de-la-nada-sino-que-es-un-espacio-armado-y-se-anuncio-publicamente\/","title":{"rendered":"\u00abCreo que es m\u00e1s grave porque no es que apareci\u00f3 una lista de la nada, sino que es un espacio armado y se anunci\u00f3 p\u00fablicamente\u00bb."},"content":{"rendered":"<p><strong>Luis Castro del bloque Juntos UCR<\/strong> comparte su postura sobre el hecho de inclusi\u00f3n de Mar\u00eda Rosa Gonz\u00e1lez en la lista de la Libertad Avanza sin su consentimiento: explica c\u00f3mo es el proceso de cierre de listas en La Plata y\u00a0 sobre las minutas de comunicaci\u00f3n que han salido desde su espacio pol\u00edtico.<!--more--><\/p>\n<p>\u00abLa verdad que es un hecho lamentable. Yo he hablado con allegados al PRO y con Mar\u00eda Rosa Gonz\u00e1lez y lo que cuentan es tal cual lo que cuenta Mar\u00eda Rosa. Pero ahora lo que hay que hacer es esclarecer el hecho\u00bb menciona Luis Castro al arrancar la nota, sobre la postulaci\u00f3n de la Ex Inspectora Jefa Distrital en una lista de la Libertad Avanza sin su consentimiento. \u00abEn vez de mejorar la pol\u00edtica, la empeora y la embarra\u00bb se refiere al hecho.<\/p>\n<p>\u00abCreo que es m\u00e1s grave porque no es que apareci\u00f3 una lista de la nada, sino que es un espacio armado y se anunci\u00f3 p\u00fablicamente. Hasta se anunci\u00f3 el curr\u00edculum de Mar\u00eda Rosa. Espero que haya una explicaci\u00f3n de los apoderados de la lista\u00bb contin\u00faa opinando sobre el hecho.<\/p>\n<p>\u00abYo no tengo bien el calendario, pero no creo que deba ser mucho tiempo\u00bb responde cuando se le consulta por los tiempos para poder rectificar esta lista. \u00abTendr\u00edan que impugnar la lista entera o sacar a esta persona. Calculo que ya no hay mucho tiempo para eso\u00bb.<\/p>\n<p>&nbsp;<\/p>\n<blockquote class=\"instagram-media\" style=\"background: #FFF; border: 0; border-radius: 3px; box-shadow: 0 0 1px 0 rgba(0,0,0,0.5),0 1px 10px 0 rgba(0,0,0,0.15); margin: 1px; max-width: 540px; min-width: 326px; padding: 0; width: calc(100% - 2px);\" data-instgrm-captioned=\"\" data-instgrm-permalink=\"https:\/\/www.instagram.com\/p\/DMbaUy-uhFU\/?utm_source=ig_embed&amp;utm_campaign=loading\" data-instgrm-version=\"14\">\n<div style=\"padding: 16px;\">\n<p>&nbsp;<\/p>\n<div style=\"display: flex; flex-direction: row; align-items: center;\">\n<div style=\"background-color: #f4f4f4; border-radius: 50%; flex-grow: 0; height: 40px; margin-right: 14px; width: 40px;\"><\/div>\n<div style=\"display: flex; flex-direction: column; flex-grow: 1; justify-content: center;\">\n<div style=\"background-color: #f4f4f4; border-radius: 4px; flex-grow: 0; height: 14px; margin-bottom: 6px; width: 100px;\"><\/div>\n<div style=\"background-color: #f4f4f4; border-radius: 4px; flex-grow: 0; height: 14px; width: 60px;\"><\/div>\n<\/div>\n<\/div>\n<div style=\"padding: 19% 0;\"><\/div>\n<div style=\"display: block; height: 50px; margin: 0 auto 12px; width: 50px;\"><\/div>\n<div style=\"padding-top: 8px;\">\n<div style=\"color: #3897f0; font-family: Arial,sans-serif; font-size: 14px; font-style: normal; font-weight: 550; line-height: 18px;\">Ver esta publicaci\u00f3n en Instagram<\/div>\n<\/div>\n<div style=\"padding: 12.5% 0;\"><\/div>\n<div style=\"display: flex; flex-direction: row; margin-bottom: 14px; align-items: center;\">\n<div>\n<div style=\"background-color: #f4f4f4; border-radius: 50%; height: 12.5px; width: 12.5px; transform: translateX(0px) translateY(7px);\"><\/div>\n<div style=\"background-color: #f4f4f4; height: 12.5px; transform: rotate(-45deg) translateX(3px) translateY(1px); width: 12.5px; flex-grow: 0; margin-right: 14px; margin-left: 2px;\"><\/div>\n<div style=\"background-color: #f4f4f4; border-radius: 50%; height: 12.5px; width: 12.5px; transform: translateX(9px) translateY(-18px);\"><\/div>\n<\/div>\n<div style=\"margin-left: 8px;\">\n<div style=\"background-color: #f4f4f4; border-radius: 50%; flex-grow: 0; height: 20px; width: 20px;\"><\/div>\n<div style=\"width: 0; height: 0; border-top: 2px solid transparent; border-left: 6px solid #f4f4f4; border-bottom: 2px solid transparent; transform: translateX(16px) translateY(-4px) rotate(30deg);\"><\/div>\n<\/div>\n<div style=\"margin-left: auto;\">\n<div style=\"width: 0px; border-top: 8px solid #F4F4F4; border-right: 8px solid transparent; transform: translateY(16px);\"><\/div>\n<div style=\"background-color: #f4f4f4; flex-grow: 0; height: 12px; width: 16px; transform: translateY(-4px);\"><\/div>\n<div style=\"width: 0; height: 0; border-top: 8px solid #F4F4F4; border-left: 8px solid transparent; transform: translateY(-4px) translateX(8px);\"><\/div>\n<\/div>\n<\/div>\n<div style=\"display: flex; flex-direction: column; flex-grow: 1; justify-content: center; margin-bottom: 24px;\">\n<div style=\"background-color: #f4f4f4; border-radius: 4px; flex-grow: 0; height: 14px; margin-bottom: 6px; width: 224px;\"><\/div>\n<div style=\"background-color: #f4f4f4; border-radius: 4px; flex-grow: 0; height: 14px; width: 144px;\"><\/div>\n<\/div>\n<p>&nbsp;<\/p>\n<p style=\"color: #c9c8cd; font-family: Arial,sans-serif; font-size: 14px; line-height: 17px; margin-bottom: 0; margin-top: 8px; overflow: hidden; padding: 8px 0 7px; text-align: center; text-overflow: ellipsis; white-space: nowrap;\"><a style=\"color: #c9c8cd; font-family: Arial,sans-serif; font-size: 14px; font-style: normal; font-weight: normal; line-height: 17px; text-decoration: none;\" href=\"https:\/\/www.instagram.com\/p\/DMbaUy-uhFU\/?utm_source=ig_embed&amp;utm_campaign=loading\" target=\"_blank\" rel=\"noopener\">Una publicaci\u00f3n compartida de UCR Tornquist (@ucr_tornquist)<\/a><\/p>\n<\/div>\n<\/blockquote>\n<p><script async src=\"\/\/www.instagram.com\/embed.js\"><\/script><br \/>\n\u00abNosotros fuimos a defender lo nuestro. Nuestra jugada fue arriesgada porque fuimos a La Plata y a veces entran a jugar actores que hasta te pueden bajar la lista. Claramente a nosotros nos quer\u00edan bajar la lista. Pero nosotros nos quedamos ah\u00ed, insistimos con dirigentes que igual nos acompa\u00f1aron &#8211; del sector que nosotros participamos &#8211; y la lista se oficializ\u00f3 como corresponde. Fue un d\u00eda largo y cansador, pero a veces es lo que hay que pasar\u00bb comparte la experiencia de viajar a La Plata al cierre oficial de listas.<\/p>\n<p>Repasando las minutas de Comunicaci\u00f3n del Bloque Juntos UCR, Luis comparte su opini\u00f3n sobre la pronunciada curva al final del abra de la Ventana sobre la ruta 76. \u00abEn principio, habr\u00eda que poner alg\u00fan guardarrail y un se\u00f1alizado para que sepan que viene ah\u00ed una curva complicada. Lo que pasa es que ah\u00ed hay una vertiente. Volvi\u00f3 a salir el agua y la gente cuando ve agua frena de golpe o volantea. Tuvimos una persona fallecida hace poquitos d\u00edas. Habr\u00eda que sumar a lo que hay porque es llamativo que siempre en el mismo sector se producen accidentes\u00bb.<\/p>\n<p>Tambi\u00e9n describe sobre la problem\u00e1tica de Triquinosis que asoma al distrito. \u00abEn Tornquist habr\u00eda un brote de Triquinosis. Hay que comprobarlo a trav\u00e9s de los funcionarios, pero nos lleg\u00f3 informaci\u00f3n. Hacemos esta minuta pidiendo la informaci\u00f3n de si hubo, si hubo personas afectadas y se tomen medidas. Sabemos que se sacrificaron varios cerdos ac\u00e1 en Tornquist porque detectaron que ten\u00edan Triquinosis\u00bb.<\/p>\n<p>&nbsp;<\/p>\n<p><iframe loading=\"lazy\" src=\"https:\/\/w.soundcloud.com\/player\/?url=https%3A\/\/api.soundcloud.com\/tracks\/2135110542&amp;color=%23ff5500&amp;auto_play=false&amp;hide_related=false&amp;show_comments=true&amp;show_user=true&amp;show_reposts=false&amp;show_teaser=true\" width=\"100%\" height=\"166\" frameborder=\"no\" scrolling=\"no\"><\/iframe><\/p>\n<div style=\"font-size: 10px; color: #cccccc; line-break: anywhere; word-break: normal; overflow: hidden; white-space: nowrap; text-overflow: ellipsis; font-family: Interstate,Lucida Grande,Lucida Sans Unicode,Lucida Sans,Garuda,Verdana,Tahoma,sans-serif; font-weight: 100;\"><a style=\"color: #cccccc; text-decoration: none;\" title=\"fmreflejos 103.7\" href=\"https:\/\/soundcloud.com\/fmreflejos-103-7\" target=\"_blank\" rel=\"noopener\">fmreflejos 103.7<\/a> \u00b7 <a style=\"color: #cccccc; text-decoration: none;\" title=\"Luis Castro 23-07\" href=\"https:\/\/soundcloud.com\/fmreflejos-103-7\/luis-castro-23-07\" target=\"_blank\" rel=\"noopener\">Luis Castro 23-07<\/a><\/div>\n","protected":false},"excerpt":{"rendered":"<p>Luis Castro del bloque Juntos UCR comparte su postura sobre el hecho de inclusi\u00f3n de Mar\u00eda Rosa Gonz\u00e1lez en la lista de la Libertad Avanza sin su consentimiento: explica c\u00f3mo es el proceso de cierre de listas en La Plata y\u00a0 sobre las minutas de comunicaci\u00f3n que han salido desde su espacio pol\u00edtico.<\/p>\n","protected":false},"author":3,"featured_media":122214,"comment_status":"closed","ping_status":"closed","sticky":false,"template":"","format":"standard","meta":{"footnotes":""},"categories":[24],"tags":[],"class_list":["post-122210","post","type-post","status-publish","format-standard","has-post-thumbnail","hentry","category-politica"],"yoast_head":"<!-- This site is optimized with the Yoast SEO plugin v25.9 - https:\/\/yoast.com\/wordpress\/plugins\/seo\/ -->\n<title>&quot;Creo que es m\u00e1s grave porque no es que apareci\u00f3 una lista de la nada, sino que es un espacio armado y se anunci\u00f3 p\u00fablicamente&quot;. - Noticias Radio Reflejos<\/title>\n<meta name=\"robots\" content=\"index, follow, max-snippet:-1, max-image-preview:large, max-video-preview:-1\" \/>\n<link rel=\"canonical\" href=\"https:\/\/www.noticiasradioreflejos.com.ar\/2021\/creo-que-es-mas-grave-porque-no-es-que-aparecio-una-lista-de-la-nada-sino-que-es-un-espacio-armado-y-se-anuncio-publicamente\/\" \/>\n<meta property=\"og:locale\" content=\"es_ES\" \/>\n<meta property=\"og:type\" content=\"article\" \/>\n<meta property=\"og:title\" content=\"&quot;Creo que es m\u00e1s grave porque no es que apareci\u00f3 una lista de la nada, sino que es un espacio armado y se anunci\u00f3 p\u00fablicamente&quot;. - Noticias Radio Reflejos\" \/>\n<meta property=\"og:description\" content=\"Luis Castro del bloque Juntos UCR comparte su postura sobre el hecho de inclusi\u00f3n de Mar\u00eda Rosa Gonz\u00e1lez en la lista de la Libertad Avanza sin su consentimiento: explica c\u00f3mo es el proceso de cierre de listas en La Plata y\u00a0 sobre las minutas de comunicaci\u00f3n que han salido desde su espacio pol\u00edtico.\" \/>\n<meta property=\"og:url\" content=\"https:\/\/www.noticiasradioreflejos.com.ar\/2021\/creo-que-es-mas-grave-porque-no-es-que-aparecio-una-lista-de-la-nada-sino-que-es-un-espacio-armado-y-se-anuncio-publicamente\/\" \/>\n<meta property=\"og:site_name\" content=\"Noticias Radio Reflejos\" \/>\n<meta property=\"article:published_time\" content=\"2025-07-23T22:57:51+00:00\" \/>\n<meta property=\"article:modified_time\" content=\"2025-07-24T16:54:52+00:00\" \/>\n<meta property=\"og:image\" content=\"https:\/\/www.noticiasradioreflejos.com.ar\/2021\/wp-content\/uploads\/2025\/07\/Somos-1.jpg\" \/>\n\t<meta property=\"og:image:width\" content=\"573\" \/>\n\t<meta property=\"og:image:height\" content=\"432\" \/>\n\t<meta property=\"og:image:type\" content=\"image\/jpeg\" \/>\n<meta name=\"author\" content=\"Arnaldo Botto\" \/>\n<meta name=\"twitter:card\" content=\"summary_large_image\" \/>\n<script type=\"application\/ld+json\" class=\"yoast-schema-graph\">{\"@context\":\"https:\/\/schema.org\",\"@graph\":[{\"@type\":\"WebPage\",\"@id\":\"https:\/\/www.noticiasradioreflejos.com.ar\/2021\/creo-que-es-mas-grave-porque-no-es-que-aparecio-una-lista-de-la-nada-sino-que-es-un-espacio-armado-y-se-anuncio-publicamente\/\",\"url\":\"https:\/\/www.noticiasradioreflejos.com.ar\/2021\/creo-que-es-mas-grave-porque-no-es-que-aparecio-una-lista-de-la-nada-sino-que-es-un-espacio-armado-y-se-anuncio-publicamente\/\",\"name\":\"\\\"Creo que es m\u00e1s grave porque no es que apareci\u00f3 una lista de la nada, sino que es un espacio armado y se anunci\u00f3 p\u00fablicamente\\\". - Noticias Radio Reflejos\",\"isPartOf\":{\"@id\":\"https:\/\/www.noticiasradioreflejos.com.ar\/2021\/#website\"},\"primaryImageOfPage\":{\"@id\":\"https:\/\/www.noticiasradioreflejos.com.ar\/2021\/creo-que-es-mas-grave-porque-no-es-que-aparecio-una-lista-de-la-nada-sino-que-es-un-espacio-armado-y-se-anuncio-publicamente\/#primaryimage\"},\"image\":{\"@id\":\"https:\/\/www.noticiasradioreflejos.com.ar\/2021\/creo-que-es-mas-grave-porque-no-es-que-aparecio-una-lista-de-la-nada-sino-que-es-un-espacio-armado-y-se-anuncio-publicamente\/#primaryimage\"},\"thumbnailUrl\":\"https:\/\/www.noticiasradioreflejos.com.ar\/2021\/wp-content\/uploads\/2025\/07\/Somos-1.jpg\",\"datePublished\":\"2025-07-23T22:57:51+00:00\",\"dateModified\":\"2025-07-24T16:54:52+00:00\",\"author\":{\"@id\":\"https:\/\/www.noticiasradioreflejos.com.ar\/2021\/#\/schema\/person\/ad82545263dcc5ec0996818884fd5fb1\"},\"breadcrumb\":{\"@id\":\"https:\/\/www.noticiasradioreflejos.com.ar\/2021\/creo-que-es-mas-grave-porque-no-es-que-aparecio-una-lista-de-la-nada-sino-que-es-un-espacio-armado-y-se-anuncio-publicamente\/#breadcrumb\"},\"inLanguage\":\"es\",\"potentialAction\":[{\"@type\":\"ReadAction\",\"target\":[\"https:\/\/www.noticiasradioreflejos.com.ar\/2021\/creo-que-es-mas-grave-porque-no-es-que-aparecio-una-lista-de-la-nada-sino-que-es-un-espacio-armado-y-se-anuncio-publicamente\/\"]}]},{\"@type\":\"ImageObject\",\"inLanguage\":\"es\",\"@id\":\"https:\/\/www.noticiasradioreflejos.com.ar\/2021\/creo-que-es-mas-grave-porque-no-es-que-aparecio-una-lista-de-la-nada-sino-que-es-un-espacio-armado-y-se-anuncio-publicamente\/#primaryimage\",\"url\":\"https:\/\/www.noticiasradioreflejos.com.ar\/2021\/wp-content\/uploads\/2025\/07\/Somos-1.jpg\",\"contentUrl\":\"https:\/\/www.noticiasradioreflejos.com.ar\/2021\/wp-content\/uploads\/2025\/07\/Somos-1.jpg\",\"width\":573,\"height\":432},{\"@type\":\"BreadcrumbList\",\"@id\":\"https:\/\/www.noticiasradioreflejos.com.ar\/2021\/creo-que-es-mas-grave-porque-no-es-que-aparecio-una-lista-de-la-nada-sino-que-es-un-espacio-armado-y-se-anuncio-publicamente\/#breadcrumb\",\"itemListElement\":[{\"@type\":\"ListItem\",\"position\":1,\"name\":\"Portada\",\"item\":\"https:\/\/www.noticiasradioreflejos.com.ar\/2021\/\"},{\"@type\":\"ListItem\",\"position\":2,\"name\":\"\u00abCreo que es m\u00e1s grave porque no es que apareci\u00f3 una lista de la nada, sino que es un espacio armado y se anunci\u00f3 p\u00fablicamente\u00bb.\"}]},{\"@type\":\"WebSite\",\"@id\":\"https:\/\/www.noticiasradioreflejos.com.ar\/2021\/#website\",\"url\":\"https:\/\/www.noticiasradioreflejos.com.ar\/2021\/\",\"name\":\"Noticias Radio Reflejos\",\"description\":\"Las noticias de mi comarca\",\"potentialAction\":[{\"@type\":\"SearchAction\",\"target\":{\"@type\":\"EntryPoint\",\"urlTemplate\":\"https:\/\/www.noticiasradioreflejos.com.ar\/2021\/?s={search_term_string}\"},\"query-input\":{\"@type\":\"PropertyValueSpecification\",\"valueRequired\":true,\"valueName\":\"search_term_string\"}}],\"inLanguage\":\"es\"},{\"@type\":\"Person\",\"@id\":\"https:\/\/www.noticiasradioreflejos.com.ar\/2021\/#\/schema\/person\/ad82545263dcc5ec0996818884fd5fb1\",\"name\":\"Arnaldo Botto\",\"image\":{\"@type\":\"ImageObject\",\"inLanguage\":\"es\",\"@id\":\"https:\/\/www.noticiasradioreflejos.com.ar\/2021\/#\/schema\/person\/image\/\",\"url\":\"https:\/\/secure.gravatar.com\/avatar\/55cb5e37c1efa326397366e6974cb338056df65cb50e7d64d1cf314e87504837?s=96&d=mm&r=g\",\"contentUrl\":\"https:\/\/secure.gravatar.com\/avatar\/55cb5e37c1efa326397366e6974cb338056df65cb50e7d64d1cf314e87504837?s=96&d=mm&r=g\",\"caption\":\"Arnaldo Botto\"},\"url\":\"https:\/\/www.noticiasradioreflejos.com.ar\/2021\/author\/arnaldo\/\"}]}<\/script>\n<!-- \/ Yoast SEO plugin. -->","yoast_head_json":{"title":"\"Creo que es m\u00e1s grave porque no es que apareci\u00f3 una lista de la nada, sino que es un espacio armado y se anunci\u00f3 p\u00fablicamente\". - Noticias Radio Reflejos","robots":{"index":"index","follow":"follow","max-snippet":"max-snippet:-1","max-image-preview":"max-image-preview:large","max-video-preview":"max-video-preview:-1"},"canonical":"https:\/\/www.noticiasradioreflejos.com.ar\/2021\/creo-que-es-mas-grave-porque-no-es-que-aparecio-una-lista-de-la-nada-sino-que-es-un-espacio-armado-y-se-anuncio-publicamente\/","og_locale":"es_ES","og_type":"article","og_title":"\"Creo que es m\u00e1s grave porque no es que apareci\u00f3 una lista de la nada, sino que es un espacio armado y se anunci\u00f3 p\u00fablicamente\". - Noticias Radio Reflejos","og_description":"Luis Castro del bloque Juntos UCR comparte su postura sobre el hecho de inclusi\u00f3n de Mar\u00eda Rosa Gonz\u00e1lez en la lista de la Libertad Avanza sin su consentimiento: explica c\u00f3mo es el proceso de cierre de listas en La Plata y\u00a0 sobre las minutas de comunicaci\u00f3n que han salido desde su espacio pol\u00edtico.","og_url":"https:\/\/www.noticiasradioreflejos.com.ar\/2021\/creo-que-es-mas-grave-porque-no-es-que-aparecio-una-lista-de-la-nada-sino-que-es-un-espacio-armado-y-se-anuncio-publicamente\/","og_site_name":"Noticias Radio Reflejos","article_published_time":"2025-07-23T22:57:51+00:00","article_modified_time":"2025-07-24T16:54:52+00:00","og_image":[{"width":573,"height":432,"url":"https:\/\/www.noticiasradioreflejos.com.ar\/2021\/wp-content\/uploads\/2025\/07\/Somos-1.jpg","type":"image\/jpeg"}],"author":"Arnaldo Botto","twitter_card":"summary_large_image","schema":{"@context":"https:\/\/schema.org","@graph":[{"@type":"WebPage","@id":"https:\/\/www.noticiasradioreflejos.com.ar\/2021\/creo-que-es-mas-grave-porque-no-es-que-aparecio-una-lista-de-la-nada-sino-que-es-un-espacio-armado-y-se-anuncio-publicamente\/","url":"https:\/\/www.noticiasradioreflejos.com.ar\/2021\/creo-que-es-mas-grave-porque-no-es-que-aparecio-una-lista-de-la-nada-sino-que-es-un-espacio-armado-y-se-anuncio-publicamente\/","name":"\"Creo que es m\u00e1s grave porque no es que apareci\u00f3 una lista de la nada, sino que es un espacio armado y se anunci\u00f3 p\u00fablicamente\". - Noticias Radio Reflejos","isPartOf":{"@id":"https:\/\/www.noticiasradioreflejos.com.ar\/2021\/#website"},"primaryImageOfPage":{"@id":"https:\/\/www.noticiasradioreflejos.com.ar\/2021\/creo-que-es-mas-grave-porque-no-es-que-aparecio-una-lista-de-la-nada-sino-que-es-un-espacio-armado-y-se-anuncio-publicamente\/#primaryimage"},"image":{"@id":"https:\/\/www.noticiasradioreflejos.com.ar\/2021\/creo-que-es-mas-grave-porque-no-es-que-aparecio-una-lista-de-la-nada-sino-que-es-un-espacio-armado-y-se-anuncio-publicamente\/#primaryimage"},"thumbnailUrl":"https:\/\/www.noticiasradioreflejos.com.ar\/2021\/wp-content\/uploads\/2025\/07\/Somos-1.jpg","datePublished":"2025-07-23T22:57:51+00:00","dateModified":"2025-07-24T16:54:52+00:00","author":{"@id":"https:\/\/www.noticiasradioreflejos.com.ar\/2021\/#\/schema\/person\/ad82545263dcc5ec0996818884fd5fb1"},"breadcrumb":{"@id":"https:\/\/www.noticiasradioreflejos.com.ar\/2021\/creo-que-es-mas-grave-porque-no-es-que-aparecio-una-lista-de-la-nada-sino-que-es-un-espacio-armado-y-se-anuncio-publicamente\/#breadcrumb"},"inLanguage":"es","potentialAction":[{"@type":"ReadAction","target":["https:\/\/www.noticiasradioreflejos.com.ar\/2021\/creo-que-es-mas-grave-porque-no-es-que-aparecio-una-lista-de-la-nada-sino-que-es-un-espacio-armado-y-se-anuncio-publicamente\/"]}]},{"@type":"ImageObject","inLanguage":"es","@id":"https:\/\/www.noticiasradioreflejos.com.ar\/2021\/creo-que-es-mas-grave-porque-no-es-que-aparecio-una-lista-de-la-nada-sino-que-es-un-espacio-armado-y-se-anuncio-publicamente\/#primaryimage","url":"https:\/\/www.noticiasradioreflejos.com.ar\/2021\/wp-content\/uploads\/2025\/07\/Somos-1.jpg","contentUrl":"https:\/\/www.noticiasradioreflejos.com.ar\/2021\/wp-content\/uploads\/2025\/07\/Somos-1.jpg","width":573,"height":432},{"@type":"BreadcrumbList","@id":"https:\/\/www.noticiasradioreflejos.com.ar\/2021\/creo-que-es-mas-grave-porque-no-es-que-aparecio-una-lista-de-la-nada-sino-que-es-un-espacio-armado-y-se-anuncio-publicamente\/#breadcrumb","itemListElement":[{"@type":"ListItem","position":1,"name":"Portada","item":"https:\/\/www.noticiasradioreflejos.com.ar\/2021\/"},{"@type":"ListItem","position":2,"name":"\u00abCreo que es m\u00e1s grave porque no es que apareci\u00f3 una lista de la nada, sino que es un espacio armado y se anunci\u00f3 p\u00fablicamente\u00bb."}]},{"@type":"WebSite","@id":"https:\/\/www.noticiasradioreflejos.com.ar\/2021\/#website","url":"https:\/\/www.noticiasradioreflejos.com.ar\/2021\/","name":"Noticias Radio Reflejos","description":"Las noticias de mi comarca","potentialAction":[{"@type":"SearchAction","target":{"@type":"EntryPoint","urlTemplate":"https:\/\/www.noticiasradioreflejos.com.ar\/2021\/?s={search_term_string}"},"query-input":{"@type":"PropertyValueSpecification","valueRequired":true,"valueName":"search_term_string"}}],"inLanguage":"es"},{"@type":"Person","@id":"https:\/\/www.noticiasradioreflejos.com.ar\/2021\/#\/schema\/person\/ad82545263dcc5ec0996818884fd5fb1","name":"Arnaldo Botto","image":{"@type":"ImageObject","inLanguage":"es","@id":"https:\/\/www.noticiasradioreflejos.com.ar\/2021\/#\/schema\/person\/image\/","url":"https:\/\/secure.gravatar.com\/avatar\/55cb5e37c1efa326397366e6974cb338056df65cb50e7d64d1cf314e87504837?s=96&d=mm&r=g","contentUrl":"https:\/\/secure.gravatar.com\/avatar\/55cb5e37c1efa326397366e6974cb338056df65cb50e7d64d1cf314e87504837?s=96&d=mm&r=g","caption":"Arnaldo Botto"},"url":"https:\/\/www.noticiasradioreflejos.com.ar\/2021\/author\/arnaldo\/"}]}},"_links":{"self":[{"href":"https:\/\/www.noticiasradioreflejos.com.ar\/2021\/wp-json\/wp\/v2\/posts\/122210","targetHints":{"allow":["GET"]}}],"collection":[{"href":"https:\/\/www.noticiasradioreflejos.com.ar\/2021\/wp-json\/wp\/v2\/posts"}],"about":[{"href":"https:\/\/www.noticiasradioreflejos.com.ar\/2021\/wp-json\/wp\/v2\/types\/post"}],"author":[{"embeddable":true,"href":"https:\/\/www.noticiasradioreflejos.com.ar\/2021\/wp-json\/wp\/v2\/users\/3"}],"replies":[{"embeddable":true,"href":"https:\/\/www.noticiasradioreflejos.com.ar\/2021\/wp-json\/wp\/v2\/comments?post=122210"}],"version-history":[{"count":4,"href":"https:\/\/www.noticiasradioreflejos.com.ar\/2021\/wp-json\/wp\/v2\/posts\/122210\/revisions"}],"predecessor-version":[{"id":122215,"href":"https:\/\/www.noticiasradioreflejos.com.ar\/2021\/wp-json\/wp\/v2\/posts\/122210\/revisions\/122215"}],"wp:featuredmedia":[{"embeddable":true,"href":"https:\/\/www.noticiasradioreflejos.com.ar\/2021\/wp-json\/wp\/v2\/media\/122214"}],"wp:attachment":[{"href":"https:\/\/www.noticiasradioreflejos.com.ar\/2021\/wp-json\/wp\/v2\/media?parent=122210"}],"wp:term":[{"taxonomy":"category","embeddable":true,"href":"https:\/\/www.noticiasradioreflejos.com.ar\/2021\/wp-json\/wp\/v2\/categories?post=122210"},{"taxonomy":"post_tag","embeddable":true,"href":"https:\/\/www.noticiasradioreflejos.com.ar\/2021\/wp-json\/wp\/v2\/tags?post=122210"}],"curies":[{"name":"wp","href":"https:\/\/api.w.org\/{rel}","templated":true}]}}