{"id":122195,"date":"2025-07-23T15:41:46","date_gmt":"2025-07-23T18:41:46","guid":{"rendered":"https:\/\/www.noticiasradioreflejos.com.ar\/2021\/?p=122195"},"modified":"2025-07-23T16:55:34","modified_gmt":"2025-07-23T19:55:34","slug":"milo-el-nino-fantasma-del-club-hotel-una-historia-de-amor-y-tragedia","status":"publish","type":"post","link":"https:\/\/www.noticiasradioreflejos.com.ar\/2021\/milo-el-nino-fantasma-del-club-hotel-una-historia-de-amor-y-tragedia\/","title":{"rendered":"\u00abMilo, el Ni\u00f1o Fantasma del Club Hotel: Una Historia de Amor y Tragedia\u00bb"},"content":{"rendered":"<p>\u00abUn descubrimiento aterrador en el s\u00f3tano del Club Hotel de Villa Ventana desentra\u00f1a una historia de una familia tragada por la tragedia y un ni\u00f1o que sigue jugando entre las sombras.<!--more--><\/p>\n<p><a href=\"https:\/\/www.instagram.com\/excursionesdelbelisario\/\">\u00abEl ni\u00f1o del s\u00f3tano\u00bb<\/a><\/p>\n<p>Dicen que en lo profundo de las sierras, donde el eco se confunde con susurros antiguos, las almas perdidas a\u00fan caminan.<br \/>\n<a href=\"https:\/\/www.instagram.com\/excursionesdelbelisario\/\"><strong>Belisario<\/strong><\/a> es gu\u00eda de turismo. Lleva m\u00e1s de veinte a\u00f1os explorando los pasillos silenciosos y cargados de historia del viejo Club Hotel de Villa Ventana. Entre piedras centenarias, candelabros oxidados y vitrales que a\u00fan filtran la luz como un suspiro del pasado.\u00a0 <strong><a href=\"https:\/\/www.instagram.com\/excursionesdelbelisario\/\">Belisario<\/a><\/strong> ha vivido cosas que muchos preferir\u00edan olvidar.<\/p>\n<p>Una tarde, mientras descend\u00eda solo al s\u00f3tano del hotel \u2014ese lugar al que pocos se atreven a bajar\u2014 decidi\u00f3 tomar una fotograf\u00eda. Corr\u00eda el rumor entre los lugare\u00f1os de presencias, apariciones, sombras. Al revelar la imagen&#8230; qued\u00f3 helado: una figura borrosa, pero inconfundible. La silueta de un ni\u00f1o. De pie, quieto, con un peque\u00f1o juguete en la mano. Una mirada vac\u00eda. Un instante congelado entre este mundo y el otro.<a href=\"https:\/\/www.noticiasradioreflejos.com.ar\/2021\/milo-el-nino-fantasma-del-club-hotel-una-historia-de-amor-y-tragedia\/milo\/\" rel=\"attachment wp-att-122198\"><img loading=\"lazy\" decoding=\"async\" class=\"aligncenter size-full wp-image-122198\" src=\"https:\/\/www.noticiasradioreflejos.com.ar\/2021\/wp-content\/uploads\/2025\/07\/Milo.jpeg\" alt=\"\" width=\"481\" height=\"855\" srcset=\"https:\/\/www.noticiasradioreflejos.com.ar\/2021\/wp-content\/uploads\/2025\/07\/Milo.jpeg 481w, https:\/\/www.noticiasradioreflejos.com.ar\/2021\/wp-content\/uploads\/2025\/07\/Milo-169x300.jpeg 169w\" sizes=\"auto, (max-width: 481px) 100vw, 481px\" \/><\/a><\/p>\n<p>Pasaron los a\u00f1os. Y como gu\u00eda, <a href=\"https:\/\/www.instagram.com\/excursionesdelbelisario\/\">Belisario<\/a> sigui\u00f3 contando la historia del lugar a miles de visitantes. Hasta que un d\u00eda, mientras relataba entre an\u00e9cdotas y leyendas, una ni\u00f1a de no m\u00e1s de siete a\u00f1os levant\u00f3 la mano. Con naturalidad inquietante, le dijo:<\/p>\n<p>\u2014Yo puedo ver fantasmas.<\/p>\n<p>El grupo ri\u00f3 nervioso. Horacio, en cambio, se qued\u00f3 en silencio. La invit\u00f3, discretamente, a que lo acompa\u00f1ara al s\u00f3tano. No le dijo nada de la foto. No mencion\u00f3 al ni\u00f1o.<\/p>\n<p>All\u00ed abajo, la ni\u00f1a se qued\u00f3 muy quieta. Observ\u00f3. Y luego murmur\u00f3:<\/p>\n<p>\u2014Hay un ni\u00f1o&#8230; dice que se llama Milo y tiene un juguete en su mano; luego se dirigen a uno de los corredores del hotel viejos pasillos ..all\u00ed la ni\u00f1a se detiene nuevamente; aqu\u00ed esta su mam\u00e1. Ella le pide que no haga ruido cuando alguien baja;\u00a0 porque los molestan.<\/p>\n<p><a href=\"https:\/\/www.noticiasradioreflejos.com.ar\/2021\/milo-el-nino-fantasma-del-club-hotel-una-historia-de-amor-y-tragedia\/milo-club-hotel-3\/\" rel=\"attachment wp-att-122196\"><img loading=\"lazy\" decoding=\"async\" class=\"aligncenter size-full wp-image-122196\" src=\"https:\/\/www.noticiasradioreflejos.com.ar\/2021\/wp-content\/uploads\/2025\/07\/milo-club-Hotel-3.jpeg\" alt=\"\" width=\"1280\" height=\"1280\" srcset=\"https:\/\/www.noticiasradioreflejos.com.ar\/2021\/wp-content\/uploads\/2025\/07\/milo-club-Hotel-3.jpeg 1280w, https:\/\/www.noticiasradioreflejos.com.ar\/2021\/wp-content\/uploads\/2025\/07\/milo-club-Hotel-3-300x300.jpeg 300w, https:\/\/www.noticiasradioreflejos.com.ar\/2021\/wp-content\/uploads\/2025\/07\/milo-club-Hotel-3-1024x1024.jpeg 1024w, https:\/\/www.noticiasradioreflejos.com.ar\/2021\/wp-content\/uploads\/2025\/07\/milo-club-Hotel-3-150x150.jpeg 150w, https:\/\/www.noticiasradioreflejos.com.ar\/2021\/wp-content\/uploads\/2025\/07\/milo-club-Hotel-3-768x768.jpeg 768w, https:\/\/www.noticiasradioreflejos.com.ar\/2021\/wp-content\/uploads\/2025\/07\/milo-club-Hotel-3-75x75.jpeg 75w, https:\/\/www.noticiasradioreflejos.com.ar\/2021\/wp-content\/uploads\/2025\/07\/milo-club-Hotel-3-750x750.jpeg 750w, https:\/\/www.noticiasradioreflejos.com.ar\/2021\/wp-content\/uploads\/2025\/07\/milo-club-Hotel-3-1140x1140.jpeg 1140w\" sizes=\"auto, (max-width: 1280px) 100vw, 1280px\" \/><\/a><\/p>\n<p>Intrigado, Belisario decidi\u00f3 investigar. En los registros m\u00e1s antiguos del Club Hotel, encontr\u00f3 una historia olvidada, casi oculta bajo el polvo de los a\u00f1os. A principios del siglo pasado, una familia viv\u00eda all\u00ed, cerca de la antigua caldera. El padre era encargado del mantenimiento. Una ma\u00f1ana, una falla provoc\u00f3 una explosi\u00f3n.<\/p>\n<p>En el acto, murieron \u00e9l, su esposa&#8230; y su peque\u00f1o hijo, <a href=\"https:\/\/www.instagram.com\/excursionesdelbelisario\/\"><strong>Milo<\/strong><\/a>.<\/p>\n<p>Desde entonces, dicen que sus esp\u00edritus no han abandonado el lugar. La madre, protegiendo a su hijo. El padre, intentando reparar eternamente lo que nunca funcion\u00f3. Y Milo&#8230; Milo sigue ah\u00ed. Esperando. Jugando entre las sombras del s\u00f3tano.<\/p>\n<p>A veces, cuando bajan ni\u00f1os al tour&#8230; algunos sienten que algo les tira del pantal\u00f3n. Otros afirman o\u00edr una risa lejana. Y otros, simplemente, no quieren volver.<\/p>\n<p>Porque Milo no est\u00e1 solo.<\/p>\n<p>Milo&#8230; siempre est\u00e1 esperando con qui\u00e9n jugar.<\/p>\n<p><a href=\"https:\/\/www.noticiasradioreflejos.com.ar\/2021\/milo-el-nino-fantasma-del-club-hotel-una-historia-de-amor-y-tragedia\/milo-club-hotel-2\/\" rel=\"attachment wp-att-122197\"><img loading=\"lazy\" decoding=\"async\" class=\"aligncenter size-full wp-image-122197\" src=\"https:\/\/www.noticiasradioreflejos.com.ar\/2021\/wp-content\/uploads\/2025\/07\/milo-club-Hotel-2.jpeg\" alt=\"\" width=\"1280\" height=\"1280\" srcset=\"https:\/\/www.noticiasradioreflejos.com.ar\/2021\/wp-content\/uploads\/2025\/07\/milo-club-Hotel-2.jpeg 1280w, https:\/\/www.noticiasradioreflejos.com.ar\/2021\/wp-content\/uploads\/2025\/07\/milo-club-Hotel-2-300x300.jpeg 300w, https:\/\/www.noticiasradioreflejos.com.ar\/2021\/wp-content\/uploads\/2025\/07\/milo-club-Hotel-2-1024x1024.jpeg 1024w, https:\/\/www.noticiasradioreflejos.com.ar\/2021\/wp-content\/uploads\/2025\/07\/milo-club-Hotel-2-150x150.jpeg 150w, https:\/\/www.noticiasradioreflejos.com.ar\/2021\/wp-content\/uploads\/2025\/07\/milo-club-Hotel-2-768x768.jpeg 768w, https:\/\/www.noticiasradioreflejos.com.ar\/2021\/wp-content\/uploads\/2025\/07\/milo-club-Hotel-2-75x75.jpeg 75w, https:\/\/www.noticiasradioreflejos.com.ar\/2021\/wp-content\/uploads\/2025\/07\/milo-club-Hotel-2-750x750.jpeg 750w, https:\/\/www.noticiasradioreflejos.com.ar\/2021\/wp-content\/uploads\/2025\/07\/milo-club-Hotel-2-1140x1140.jpeg 1140w\" sizes=\"auto, (max-width: 1280px) 100vw, 1280px\" \/><\/a><\/p>\n<p><strong>A continuaci\u00f3n el relato de Horacio \u00abBelisario\u00bb Mendoza en el programa Frecuencia Paranormal de FM Reflejos<\/strong><\/p>\n<p>&nbsp;<\/p>\n<p><iframe loading=\"lazy\" src=\"https:\/\/w.soundcloud.com\/player\/?url=https%3A\/\/api.soundcloud.com\/tracks\/2135277774&amp;color=%23ff5500&amp;auto_play=false&amp;hide_related=false&amp;show_comments=true&amp;show_user=true&amp;show_reposts=false&amp;show_teaser=true\" width=\"100%\" height=\"166\" frameborder=\"no\" scrolling=\"no\"><\/iframe><\/p>\n<div style=\"font-size: 10px; color: #cccccc; line-break: anywhere; word-break: normal; overflow: hidden; white-space: nowrap; text-overflow: ellipsis; font-family: Interstate,Lucida Grande,Lucida Sans Unicode,Lucida Sans,Garuda,Verdana,Tahoma,sans-serif; font-weight: 100;\"><a style=\"color: #cccccc; text-decoration: none;\" title=\"fmreflejos 103.7\" href=\"https:\/\/soundcloud.com\/fmreflejos-103-7\" target=\"_blank\" rel=\"noopener\">fmreflejos 103.7<\/a> \u00b7 <a style=\"color: #cccccc; text-decoration: none;\" title=\"Milo Realato de Horacio Mendoza\" href=\"https:\/\/soundcloud.com\/fmreflejos-103-7\/milo-realato-de-horacio\" target=\"_blank\" rel=\"noopener\">Milo Realato de Horacio Mendoza<\/a><\/div>\n<p><a href=\"https:\/\/www.noticiasradioreflejos.com.ar\/2021\/buscamos-conectar-al-ex-club-hotel-con-el-modelo-agroexportador-del-pais\/club-hotel-de-la-ventana\/\" rel=\"attachment wp-att-93040\"><img loading=\"lazy\" decoding=\"async\" class=\"aligncenter wp-image-93040\" src=\"https:\/\/www.noticiasradioreflejos.com.ar\/2021\/wp-content\/uploads\/2023\/09\/club-Hotel-de-la-Ventana.jpg\" alt=\"\" width=\"793\" height=\"558\" srcset=\"https:\/\/www.noticiasradioreflejos.com.ar\/2021\/wp-content\/uploads\/2023\/09\/club-Hotel-de-la-Ventana.jpg 527w, https:\/\/www.noticiasradioreflejos.com.ar\/2021\/wp-content\/uploads\/2023\/09\/club-Hotel-de-la-Ventana-300x211.jpg 300w\" sizes=\"auto, (max-width: 793px) 100vw, 793px\" \/><\/a><\/p>\n","protected":false},"excerpt":{"rendered":"<p>\u00abUn descubrimiento aterrador en el s\u00f3tano del Club Hotel de Villa Ventana desentra\u00f1a una historia de una familia tragada por la tragedia y un ni\u00f1o que sigue jugando entre las sombras.<\/p>\n","protected":false},"author":3,"featured_media":122206,"comment_status":"closed","ping_status":"closed","sticky":false,"template":"","format":"standard","meta":{"footnotes":""},"categories":[35,26,33],"tags":[48],"class_list":["post-122195","post","type-post","status-publish","format-standard","has-post-thumbnail","hentry","category-cultura","category-sociedad","category-turismo","tag-destacada"],"yoast_head":"<!-- This site is optimized with the Yoast SEO plugin v25.9 - https:\/\/yoast.com\/wordpress\/plugins\/seo\/ -->\n<title>&quot;Milo, el Ni\u00f1o Fantasma del Club Hotel: Una Historia de Amor y Tragedia&quot; - Noticias Radio Reflejos<\/title>\n<meta name=\"robots\" content=\"index, follow, max-snippet:-1, max-image-preview:large, max-video-preview:-1\" \/>\n<link rel=\"canonical\" href=\"https:\/\/www.noticiasradioreflejos.com.ar\/2021\/milo-el-nino-fantasma-del-club-hotel-una-historia-de-amor-y-tragedia\/\" \/>\n<meta property=\"og:locale\" content=\"es_ES\" \/>\n<meta property=\"og:type\" content=\"article\" \/>\n<meta property=\"og:title\" content=\"&quot;Milo, el Ni\u00f1o Fantasma del Club Hotel: Una Historia de Amor y Tragedia&quot; - Noticias Radio Reflejos\" \/>\n<meta property=\"og:description\" content=\"\u00abUn descubrimiento aterrador en el s\u00f3tano del Club Hotel de Villa Ventana desentra\u00f1a una historia de una familia tragada por la tragedia y un ni\u00f1o que sigue jugando entre las sombras.\" \/>\n<meta property=\"og:url\" content=\"https:\/\/www.noticiasradioreflejos.com.ar\/2021\/milo-el-nino-fantasma-del-club-hotel-una-historia-de-amor-y-tragedia\/\" \/>\n<meta property=\"og:site_name\" content=\"Noticias Radio Reflejos\" \/>\n<meta property=\"article:published_time\" content=\"2025-07-23T18:41:46+00:00\" \/>\n<meta property=\"article:modified_time\" content=\"2025-07-23T19:55:34+00:00\" \/>\n<meta property=\"og:image\" content=\"https:\/\/www.noticiasradioreflejos.com.ar\/2021\/wp-content\/uploads\/2025\/07\/milo-2.jpeg\" \/>\n\t<meta property=\"og:image:width\" content=\"1280\" \/>\n\t<meta property=\"og:image:height\" content=\"1280\" \/>\n\t<meta property=\"og:image:type\" content=\"image\/jpeg\" \/>\n<meta name=\"author\" content=\"Arnaldo Botto\" \/>\n<meta name=\"twitter:card\" content=\"summary_large_image\" \/>\n<script type=\"application\/ld+json\" class=\"yoast-schema-graph\">{\"@context\":\"https:\/\/schema.org\",\"@graph\":[{\"@type\":\"WebPage\",\"@id\":\"https:\/\/www.noticiasradioreflejos.com.ar\/2021\/milo-el-nino-fantasma-del-club-hotel-una-historia-de-amor-y-tragedia\/\",\"url\":\"https:\/\/www.noticiasradioreflejos.com.ar\/2021\/milo-el-nino-fantasma-del-club-hotel-una-historia-de-amor-y-tragedia\/\",\"name\":\"\\\"Milo, el Ni\u00f1o Fantasma del Club Hotel: Una Historia de Amor y Tragedia\\\" - Noticias Radio Reflejos\",\"isPartOf\":{\"@id\":\"https:\/\/www.noticiasradioreflejos.com.ar\/2021\/#website\"},\"primaryImageOfPage\":{\"@id\":\"https:\/\/www.noticiasradioreflejos.com.ar\/2021\/milo-el-nino-fantasma-del-club-hotel-una-historia-de-amor-y-tragedia\/#primaryimage\"},\"image\":{\"@id\":\"https:\/\/www.noticiasradioreflejos.com.ar\/2021\/milo-el-nino-fantasma-del-club-hotel-una-historia-de-amor-y-tragedia\/#primaryimage\"},\"thumbnailUrl\":\"https:\/\/www.noticiasradioreflejos.com.ar\/2021\/wp-content\/uploads\/2025\/07\/milo-2.jpeg\",\"datePublished\":\"2025-07-23T18:41:46+00:00\",\"dateModified\":\"2025-07-23T19:55:34+00:00\",\"author\":{\"@id\":\"https:\/\/www.noticiasradioreflejos.com.ar\/2021\/#\/schema\/person\/ad82545263dcc5ec0996818884fd5fb1\"},\"breadcrumb\":{\"@id\":\"https:\/\/www.noticiasradioreflejos.com.ar\/2021\/milo-el-nino-fantasma-del-club-hotel-una-historia-de-amor-y-tragedia\/#breadcrumb\"},\"inLanguage\":\"es\",\"potentialAction\":[{\"@type\":\"ReadAction\",\"target\":[\"https:\/\/www.noticiasradioreflejos.com.ar\/2021\/milo-el-nino-fantasma-del-club-hotel-una-historia-de-amor-y-tragedia\/\"]}]},{\"@type\":\"ImageObject\",\"inLanguage\":\"es\",\"@id\":\"https:\/\/www.noticiasradioreflejos.com.ar\/2021\/milo-el-nino-fantasma-del-club-hotel-una-historia-de-amor-y-tragedia\/#primaryimage\",\"url\":\"https:\/\/www.noticiasradioreflejos.com.ar\/2021\/wp-content\/uploads\/2025\/07\/milo-2.jpeg\",\"contentUrl\":\"https:\/\/www.noticiasradioreflejos.com.ar\/2021\/wp-content\/uploads\/2025\/07\/milo-2.jpeg\",\"width\":1280,\"height\":1280},{\"@type\":\"BreadcrumbList\",\"@id\":\"https:\/\/www.noticiasradioreflejos.com.ar\/2021\/milo-el-nino-fantasma-del-club-hotel-una-historia-de-amor-y-tragedia\/#breadcrumb\",\"itemListElement\":[{\"@type\":\"ListItem\",\"position\":1,\"name\":\"Portada\",\"item\":\"https:\/\/www.noticiasradioreflejos.com.ar\/2021\/\"},{\"@type\":\"ListItem\",\"position\":2,\"name\":\"\u00abMilo, el Ni\u00f1o Fantasma del Club Hotel: Una Historia de Amor y Tragedia\u00bb\"}]},{\"@type\":\"WebSite\",\"@id\":\"https:\/\/www.noticiasradioreflejos.com.ar\/2021\/#website\",\"url\":\"https:\/\/www.noticiasradioreflejos.com.ar\/2021\/\",\"name\":\"Noticias Radio Reflejos\",\"description\":\"Las noticias de mi comarca\",\"potentialAction\":[{\"@type\":\"SearchAction\",\"target\":{\"@type\":\"EntryPoint\",\"urlTemplate\":\"https:\/\/www.noticiasradioreflejos.com.ar\/2021\/?s={search_term_string}\"},\"query-input\":{\"@type\":\"PropertyValueSpecification\",\"valueRequired\":true,\"valueName\":\"search_term_string\"}}],\"inLanguage\":\"es\"},{\"@type\":\"Person\",\"@id\":\"https:\/\/www.noticiasradioreflejos.com.ar\/2021\/#\/schema\/person\/ad82545263dcc5ec0996818884fd5fb1\",\"name\":\"Arnaldo Botto\",\"image\":{\"@type\":\"ImageObject\",\"inLanguage\":\"es\",\"@id\":\"https:\/\/www.noticiasradioreflejos.com.ar\/2021\/#\/schema\/person\/image\/\",\"url\":\"https:\/\/secure.gravatar.com\/avatar\/55cb5e37c1efa326397366e6974cb338056df65cb50e7d64d1cf314e87504837?s=96&d=mm&r=g\",\"contentUrl\":\"https:\/\/secure.gravatar.com\/avatar\/55cb5e37c1efa326397366e6974cb338056df65cb50e7d64d1cf314e87504837?s=96&d=mm&r=g\",\"caption\":\"Arnaldo Botto\"},\"url\":\"https:\/\/www.noticiasradioreflejos.com.ar\/2021\/author\/arnaldo\/\"}]}<\/script>\n<!-- \/ Yoast SEO plugin. -->","yoast_head_json":{"title":"\"Milo, el Ni\u00f1o Fantasma del Club Hotel: Una Historia de Amor y Tragedia\" - Noticias Radio Reflejos","robots":{"index":"index","follow":"follow","max-snippet":"max-snippet:-1","max-image-preview":"max-image-preview:large","max-video-preview":"max-video-preview:-1"},"canonical":"https:\/\/www.noticiasradioreflejos.com.ar\/2021\/milo-el-nino-fantasma-del-club-hotel-una-historia-de-amor-y-tragedia\/","og_locale":"es_ES","og_type":"article","og_title":"\"Milo, el Ni\u00f1o Fantasma del Club Hotel: Una Historia de Amor y Tragedia\" - Noticias Radio Reflejos","og_description":"\u00abUn descubrimiento aterrador en el s\u00f3tano del Club Hotel de Villa Ventana desentra\u00f1a una historia de una familia tragada por la tragedia y un ni\u00f1o que sigue jugando entre las sombras.","og_url":"https:\/\/www.noticiasradioreflejos.com.ar\/2021\/milo-el-nino-fantasma-del-club-hotel-una-historia-de-amor-y-tragedia\/","og_site_name":"Noticias Radio Reflejos","article_published_time":"2025-07-23T18:41:46+00:00","article_modified_time":"2025-07-23T19:55:34+00:00","og_image":[{"width":1280,"height":1280,"url":"https:\/\/www.noticiasradioreflejos.com.ar\/2021\/wp-content\/uploads\/2025\/07\/milo-2.jpeg","type":"image\/jpeg"}],"author":"Arnaldo Botto","twitter_card":"summary_large_image","schema":{"@context":"https:\/\/schema.org","@graph":[{"@type":"WebPage","@id":"https:\/\/www.noticiasradioreflejos.com.ar\/2021\/milo-el-nino-fantasma-del-club-hotel-una-historia-de-amor-y-tragedia\/","url":"https:\/\/www.noticiasradioreflejos.com.ar\/2021\/milo-el-nino-fantasma-del-club-hotel-una-historia-de-amor-y-tragedia\/","name":"\"Milo, el Ni\u00f1o Fantasma del Club Hotel: Una Historia de Amor y Tragedia\" - Noticias Radio Reflejos","isPartOf":{"@id":"https:\/\/www.noticiasradioreflejos.com.ar\/2021\/#website"},"primaryImageOfPage":{"@id":"https:\/\/www.noticiasradioreflejos.com.ar\/2021\/milo-el-nino-fantasma-del-club-hotel-una-historia-de-amor-y-tragedia\/#primaryimage"},"image":{"@id":"https:\/\/www.noticiasradioreflejos.com.ar\/2021\/milo-el-nino-fantasma-del-club-hotel-una-historia-de-amor-y-tragedia\/#primaryimage"},"thumbnailUrl":"https:\/\/www.noticiasradioreflejos.com.ar\/2021\/wp-content\/uploads\/2025\/07\/milo-2.jpeg","datePublished":"2025-07-23T18:41:46+00:00","dateModified":"2025-07-23T19:55:34+00:00","author":{"@id":"https:\/\/www.noticiasradioreflejos.com.ar\/2021\/#\/schema\/person\/ad82545263dcc5ec0996818884fd5fb1"},"breadcrumb":{"@id":"https:\/\/www.noticiasradioreflejos.com.ar\/2021\/milo-el-nino-fantasma-del-club-hotel-una-historia-de-amor-y-tragedia\/#breadcrumb"},"inLanguage":"es","potentialAction":[{"@type":"ReadAction","target":["https:\/\/www.noticiasradioreflejos.com.ar\/2021\/milo-el-nino-fantasma-del-club-hotel-una-historia-de-amor-y-tragedia\/"]}]},{"@type":"ImageObject","inLanguage":"es","@id":"https:\/\/www.noticiasradioreflejos.com.ar\/2021\/milo-el-nino-fantasma-del-club-hotel-una-historia-de-amor-y-tragedia\/#primaryimage","url":"https:\/\/www.noticiasradioreflejos.com.ar\/2021\/wp-content\/uploads\/2025\/07\/milo-2.jpeg","contentUrl":"https:\/\/www.noticiasradioreflejos.com.ar\/2021\/wp-content\/uploads\/2025\/07\/milo-2.jpeg","width":1280,"height":1280},{"@type":"BreadcrumbList","@id":"https:\/\/www.noticiasradioreflejos.com.ar\/2021\/milo-el-nino-fantasma-del-club-hotel-una-historia-de-amor-y-tragedia\/#breadcrumb","itemListElement":[{"@type":"ListItem","position":1,"name":"Portada","item":"https:\/\/www.noticiasradioreflejos.com.ar\/2021\/"},{"@type":"ListItem","position":2,"name":"\u00abMilo, el Ni\u00f1o Fantasma del Club Hotel: Una Historia de Amor y Tragedia\u00bb"}]},{"@type":"WebSite","@id":"https:\/\/www.noticiasradioreflejos.com.ar\/2021\/#website","url":"https:\/\/www.noticiasradioreflejos.com.ar\/2021\/","name":"Noticias Radio Reflejos","description":"Las noticias de mi comarca","potentialAction":[{"@type":"SearchAction","target":{"@type":"EntryPoint","urlTemplate":"https:\/\/www.noticiasradioreflejos.com.ar\/2021\/?s={search_term_string}"},"query-input":{"@type":"PropertyValueSpecification","valueRequired":true,"valueName":"search_term_string"}}],"inLanguage":"es"},{"@type":"Person","@id":"https:\/\/www.noticiasradioreflejos.com.ar\/2021\/#\/schema\/person\/ad82545263dcc5ec0996818884fd5fb1","name":"Arnaldo Botto","image":{"@type":"ImageObject","inLanguage":"es","@id":"https:\/\/www.noticiasradioreflejos.com.ar\/2021\/#\/schema\/person\/image\/","url":"https:\/\/secure.gravatar.com\/avatar\/55cb5e37c1efa326397366e6974cb338056df65cb50e7d64d1cf314e87504837?s=96&d=mm&r=g","contentUrl":"https:\/\/secure.gravatar.com\/avatar\/55cb5e37c1efa326397366e6974cb338056df65cb50e7d64d1cf314e87504837?s=96&d=mm&r=g","caption":"Arnaldo Botto"},"url":"https:\/\/www.noticiasradioreflejos.com.ar\/2021\/author\/arnaldo\/"}]}},"_links":{"self":[{"href":"https:\/\/www.noticiasradioreflejos.com.ar\/2021\/wp-json\/wp\/v2\/posts\/122195","targetHints":{"allow":["GET"]}}],"collection":[{"href":"https:\/\/www.noticiasradioreflejos.com.ar\/2021\/wp-json\/wp\/v2\/posts"}],"about":[{"href":"https:\/\/www.noticiasradioreflejos.com.ar\/2021\/wp-json\/wp\/v2\/types\/post"}],"author":[{"embeddable":true,"href":"https:\/\/www.noticiasradioreflejos.com.ar\/2021\/wp-json\/wp\/v2\/users\/3"}],"replies":[{"embeddable":true,"href":"https:\/\/www.noticiasradioreflejos.com.ar\/2021\/wp-json\/wp\/v2\/comments?post=122195"}],"version-history":[{"count":7,"href":"https:\/\/www.noticiasradioreflejos.com.ar\/2021\/wp-json\/wp\/v2\/posts\/122195\/revisions"}],"predecessor-version":[{"id":122209,"href":"https:\/\/www.noticiasradioreflejos.com.ar\/2021\/wp-json\/wp\/v2\/posts\/122195\/revisions\/122209"}],"wp:featuredmedia":[{"embeddable":true,"href":"https:\/\/www.noticiasradioreflejos.com.ar\/2021\/wp-json\/wp\/v2\/media\/122206"}],"wp:attachment":[{"href":"https:\/\/www.noticiasradioreflejos.com.ar\/2021\/wp-json\/wp\/v2\/media?parent=122195"}],"wp:term":[{"taxonomy":"category","embeddable":true,"href":"https:\/\/www.noticiasradioreflejos.com.ar\/2021\/wp-json\/wp\/v2\/categories?post=122195"},{"taxonomy":"post_tag","embeddable":true,"href":"https:\/\/www.noticiasradioreflejos.com.ar\/2021\/wp-json\/wp\/v2\/tags?post=122195"}],"curies":[{"name":"wp","href":"https:\/\/api.w.org\/{rel}","templated":true}]}}