{"id":122185,"date":"2025-07-23T15:19:23","date_gmt":"2025-07-23T18:19:23","guid":{"rendered":"https:\/\/www.noticiasradioreflejos.com.ar\/2021\/?p=122185"},"modified":"2025-07-23T15:19:23","modified_gmt":"2025-07-23T18:19:23","slug":"pide-reforzar-la-senalizacion-y-seguridad-de-la-ruta-76-en-el-abra-de-la-ventana","status":"publish","type":"post","link":"https:\/\/www.noticiasradioreflejos.com.ar\/2021\/pide-reforzar-la-senalizacion-y-seguridad-de-la-ruta-76-en-el-abra-de-la-ventana\/","title":{"rendered":"Pide reforzar la se\u00f1alizaci\u00f3n y seguridad de la ruta 76 en el Abra de la Ventana."},"content":{"rendered":"<p>Proyecto de Resoluci\u00f3n de Juntos x Tornquist solicit\u00e1ndole a la Direcci\u00f3n de Vialidad de la Provincia,<!--more--> Departamento Zona XI, que intervenga con car\u00e1cter de urgencia en el tramo comprendido en el kil\u00f3metro 222 y 225 de la Ruta Provincial N\u00ba76, a fin de ejecutar las acciones necesarias para garantizar la seguridad vial y prevenir futuros accidentes que puedan ocasionar da\u00f1os materiales o p\u00e9rdidas humanas.<\/p>\n<p> <iframe loading=\"lazy\" class=\"scribd_iframe_embed\" title=\"Proyecto de Resoliuci\u00f3n Ruta 76 (1)\" src=\"https:\/\/www.scribd.com\/embeds\/892083192\/content?start_page=1&#038;view_mode=scroll&#038;access_key=key-pMmpbk8XdUo2ggQQujfV\" tabindex=\"0\" data-auto-height=\"true\" data-aspect-ratio=\"0.7080062794348508\" scrolling=\"no\" width=\"100%\" height=\"600\" frameborder=\"0\" ><\/iframe> <\/p>\n<p style=\"margin: 12px auto 6px auto; font-family: Helvetica,Arial,Sans-serif; font-size: 14px; line-height: normal; display: block;\"> <a title=\"View Proyecto de Resoliuci\u00f3n Ruta 76 (1) on Scribd\" href=\"https:\/\/www.scribd.com\/document\/892083192\/Proyecto-de-Resoliucion-Ruta-76-1#from_embed\" style=\"color: #098642; text-decoration: underline;\"> Proyecto de Resoliuci\u00f3n Ruta 76 (1) <\/a> by <a title=\"View FM Reflejos Sierra de la Ventana's profile on Scribd\" href=\"https:\/\/www.scribd.com\/user\/128459674\/FM-Reflejos-Sierra-de-la-Ventana#from_embed\" style=\"color: #098642; text-decoration: underline;\" > FM Reflejos Sierra de la Ventana <\/a> <\/p>\n","protected":false},"excerpt":{"rendered":"<p>Proyecto de Resoluci\u00f3n de Juntos x Tornquist solicit\u00e1ndole a la Direcci\u00f3n de Vialidad de la Provincia,<\/p>\n","protected":false},"author":3,"featured_media":121524,"comment_status":"closed","ping_status":"closed","sticky":false,"template":"","format":"standard","meta":{"footnotes":""},"categories":[24],"tags":[48],"class_list":["post-122185","post","type-post","status-publish","format-standard","has-post-thumbnail","hentry","category-politica","tag-destacada"],"yoast_head":"<!-- This site is optimized with the Yoast SEO plugin v25.9 - https:\/\/yoast.com\/wordpress\/plugins\/seo\/ -->\n<title>Pide reforzar la se\u00f1alizaci\u00f3n y seguridad de la ruta 76 en el Abra de la Ventana. - Noticias Radio Reflejos<\/title>\n<meta name=\"robots\" content=\"index, follow, max-snippet:-1, max-image-preview:large, max-video-preview:-1\" \/>\n<link rel=\"canonical\" href=\"https:\/\/www.noticiasradioreflejos.com.ar\/2021\/pide-reforzar-la-senalizacion-y-seguridad-de-la-ruta-76-en-el-abra-de-la-ventana\/\" \/>\n<meta property=\"og:locale\" content=\"es_ES\" \/>\n<meta property=\"og:type\" content=\"article\" \/>\n<meta property=\"og:title\" content=\"Pide reforzar la se\u00f1alizaci\u00f3n y seguridad de la ruta 76 en el Abra de la Ventana. - Noticias Radio Reflejos\" \/>\n<meta property=\"og:description\" content=\"Proyecto de Resoluci\u00f3n de Juntos x Tornquist solicit\u00e1ndole a la Direcci\u00f3n de Vialidad de la Provincia,\" \/>\n<meta property=\"og:url\" content=\"https:\/\/www.noticiasradioreflejos.com.ar\/2021\/pide-reforzar-la-senalizacion-y-seguridad-de-la-ruta-76-en-el-abra-de-la-ventana\/\" \/>\n<meta property=\"og:site_name\" content=\"Noticias Radio Reflejos\" \/>\n<meta property=\"article:published_time\" content=\"2025-07-23T18:19:23+00:00\" \/>\n<meta property=\"og:image\" content=\"https:\/\/www.noticiasradioreflejos.com.ar\/2021\/wp-content\/uploads\/2025\/07\/vuelco-1.jpg\" \/>\n\t<meta property=\"og:image:width\" content=\"1200\" \/>\n\t<meta property=\"og:image:height\" content=\"720\" \/>\n\t<meta property=\"og:image:type\" content=\"image\/jpeg\" \/>\n<meta name=\"author\" content=\"Arnaldo Botto\" \/>\n<meta name=\"twitter:card\" content=\"summary_large_image\" \/>\n<script type=\"application\/ld+json\" class=\"yoast-schema-graph\">{\"@context\":\"https:\/\/schema.org\",\"@graph\":[{\"@type\":\"WebPage\",\"@id\":\"https:\/\/www.noticiasradioreflejos.com.ar\/2021\/pide-reforzar-la-senalizacion-y-seguridad-de-la-ruta-76-en-el-abra-de-la-ventana\/\",\"url\":\"https:\/\/www.noticiasradioreflejos.com.ar\/2021\/pide-reforzar-la-senalizacion-y-seguridad-de-la-ruta-76-en-el-abra-de-la-ventana\/\",\"name\":\"Pide reforzar la se\u00f1alizaci\u00f3n y seguridad de la ruta 76 en el Abra de la Ventana. - Noticias Radio Reflejos\",\"isPartOf\":{\"@id\":\"https:\/\/www.noticiasradioreflejos.com.ar\/2021\/#website\"},\"primaryImageOfPage\":{\"@id\":\"https:\/\/www.noticiasradioreflejos.com.ar\/2021\/pide-reforzar-la-senalizacion-y-seguridad-de-la-ruta-76-en-el-abra-de-la-ventana\/#primaryimage\"},\"image\":{\"@id\":\"https:\/\/www.noticiasradioreflejos.com.ar\/2021\/pide-reforzar-la-senalizacion-y-seguridad-de-la-ruta-76-en-el-abra-de-la-ventana\/#primaryimage\"},\"thumbnailUrl\":\"https:\/\/www.noticiasradioreflejos.com.ar\/2021\/wp-content\/uploads\/2025\/07\/vuelco-1.jpg\",\"datePublished\":\"2025-07-23T18:19:23+00:00\",\"author\":{\"@id\":\"https:\/\/www.noticiasradioreflejos.com.ar\/2021\/#\/schema\/person\/ad82545263dcc5ec0996818884fd5fb1\"},\"breadcrumb\":{\"@id\":\"https:\/\/www.noticiasradioreflejos.com.ar\/2021\/pide-reforzar-la-senalizacion-y-seguridad-de-la-ruta-76-en-el-abra-de-la-ventana\/#breadcrumb\"},\"inLanguage\":\"es\",\"potentialAction\":[{\"@type\":\"ReadAction\",\"target\":[\"https:\/\/www.noticiasradioreflejos.com.ar\/2021\/pide-reforzar-la-senalizacion-y-seguridad-de-la-ruta-76-en-el-abra-de-la-ventana\/\"]}]},{\"@type\":\"ImageObject\",\"inLanguage\":\"es\",\"@id\":\"https:\/\/www.noticiasradioreflejos.com.ar\/2021\/pide-reforzar-la-senalizacion-y-seguridad-de-la-ruta-76-en-el-abra-de-la-ventana\/#primaryimage\",\"url\":\"https:\/\/www.noticiasradioreflejos.com.ar\/2021\/wp-content\/uploads\/2025\/07\/vuelco-1.jpg\",\"contentUrl\":\"https:\/\/www.noticiasradioreflejos.com.ar\/2021\/wp-content\/uploads\/2025\/07\/vuelco-1.jpg\",\"width\":1200,\"height\":720},{\"@type\":\"BreadcrumbList\",\"@id\":\"https:\/\/www.noticiasradioreflejos.com.ar\/2021\/pide-reforzar-la-senalizacion-y-seguridad-de-la-ruta-76-en-el-abra-de-la-ventana\/#breadcrumb\",\"itemListElement\":[{\"@type\":\"ListItem\",\"position\":1,\"name\":\"Portada\",\"item\":\"https:\/\/www.noticiasradioreflejos.com.ar\/2021\/\"},{\"@type\":\"ListItem\",\"position\":2,\"name\":\"Pide reforzar la se\u00f1alizaci\u00f3n y seguridad de la ruta 76 en el Abra de la Ventana.\"}]},{\"@type\":\"WebSite\",\"@id\":\"https:\/\/www.noticiasradioreflejos.com.ar\/2021\/#website\",\"url\":\"https:\/\/www.noticiasradioreflejos.com.ar\/2021\/\",\"name\":\"Noticias Radio Reflejos\",\"description\":\"Las noticias de mi comarca\",\"potentialAction\":[{\"@type\":\"SearchAction\",\"target\":{\"@type\":\"EntryPoint\",\"urlTemplate\":\"https:\/\/www.noticiasradioreflejos.com.ar\/2021\/?s={search_term_string}\"},\"query-input\":{\"@type\":\"PropertyValueSpecification\",\"valueRequired\":true,\"valueName\":\"search_term_string\"}}],\"inLanguage\":\"es\"},{\"@type\":\"Person\",\"@id\":\"https:\/\/www.noticiasradioreflejos.com.ar\/2021\/#\/schema\/person\/ad82545263dcc5ec0996818884fd5fb1\",\"name\":\"Arnaldo Botto\",\"image\":{\"@type\":\"ImageObject\",\"inLanguage\":\"es\",\"@id\":\"https:\/\/www.noticiasradioreflejos.com.ar\/2021\/#\/schema\/person\/image\/\",\"url\":\"https:\/\/secure.gravatar.com\/avatar\/55cb5e37c1efa326397366e6974cb338056df65cb50e7d64d1cf314e87504837?s=96&d=mm&r=g\",\"contentUrl\":\"https:\/\/secure.gravatar.com\/avatar\/55cb5e37c1efa326397366e6974cb338056df65cb50e7d64d1cf314e87504837?s=96&d=mm&r=g\",\"caption\":\"Arnaldo Botto\"},\"url\":\"https:\/\/www.noticiasradioreflejos.com.ar\/2021\/author\/arnaldo\/\"}]}<\/script>\n<!-- \/ Yoast SEO plugin. -->","yoast_head_json":{"title":"Pide reforzar la se\u00f1alizaci\u00f3n y seguridad de la ruta 76 en el Abra de la Ventana. - Noticias Radio Reflejos","robots":{"index":"index","follow":"follow","max-snippet":"max-snippet:-1","max-image-preview":"max-image-preview:large","max-video-preview":"max-video-preview:-1"},"canonical":"https:\/\/www.noticiasradioreflejos.com.ar\/2021\/pide-reforzar-la-senalizacion-y-seguridad-de-la-ruta-76-en-el-abra-de-la-ventana\/","og_locale":"es_ES","og_type":"article","og_title":"Pide reforzar la se\u00f1alizaci\u00f3n y seguridad de la ruta 76 en el Abra de la Ventana. - Noticias Radio Reflejos","og_description":"Proyecto de Resoluci\u00f3n de Juntos x Tornquist solicit\u00e1ndole a la Direcci\u00f3n de Vialidad de la Provincia,","og_url":"https:\/\/www.noticiasradioreflejos.com.ar\/2021\/pide-reforzar-la-senalizacion-y-seguridad-de-la-ruta-76-en-el-abra-de-la-ventana\/","og_site_name":"Noticias Radio Reflejos","article_published_time":"2025-07-23T18:19:23+00:00","og_image":[{"width":1200,"height":720,"url":"https:\/\/www.noticiasradioreflejos.com.ar\/2021\/wp-content\/uploads\/2025\/07\/vuelco-1.jpg","type":"image\/jpeg"}],"author":"Arnaldo Botto","twitter_card":"summary_large_image","schema":{"@context":"https:\/\/schema.org","@graph":[{"@type":"WebPage","@id":"https:\/\/www.noticiasradioreflejos.com.ar\/2021\/pide-reforzar-la-senalizacion-y-seguridad-de-la-ruta-76-en-el-abra-de-la-ventana\/","url":"https:\/\/www.noticiasradioreflejos.com.ar\/2021\/pide-reforzar-la-senalizacion-y-seguridad-de-la-ruta-76-en-el-abra-de-la-ventana\/","name":"Pide reforzar la se\u00f1alizaci\u00f3n y seguridad de la ruta 76 en el Abra de la Ventana. - Noticias Radio Reflejos","isPartOf":{"@id":"https:\/\/www.noticiasradioreflejos.com.ar\/2021\/#website"},"primaryImageOfPage":{"@id":"https:\/\/www.noticiasradioreflejos.com.ar\/2021\/pide-reforzar-la-senalizacion-y-seguridad-de-la-ruta-76-en-el-abra-de-la-ventana\/#primaryimage"},"image":{"@id":"https:\/\/www.noticiasradioreflejos.com.ar\/2021\/pide-reforzar-la-senalizacion-y-seguridad-de-la-ruta-76-en-el-abra-de-la-ventana\/#primaryimage"},"thumbnailUrl":"https:\/\/www.noticiasradioreflejos.com.ar\/2021\/wp-content\/uploads\/2025\/07\/vuelco-1.jpg","datePublished":"2025-07-23T18:19:23+00:00","author":{"@id":"https:\/\/www.noticiasradioreflejos.com.ar\/2021\/#\/schema\/person\/ad82545263dcc5ec0996818884fd5fb1"},"breadcrumb":{"@id":"https:\/\/www.noticiasradioreflejos.com.ar\/2021\/pide-reforzar-la-senalizacion-y-seguridad-de-la-ruta-76-en-el-abra-de-la-ventana\/#breadcrumb"},"inLanguage":"es","potentialAction":[{"@type":"ReadAction","target":["https:\/\/www.noticiasradioreflejos.com.ar\/2021\/pide-reforzar-la-senalizacion-y-seguridad-de-la-ruta-76-en-el-abra-de-la-ventana\/"]}]},{"@type":"ImageObject","inLanguage":"es","@id":"https:\/\/www.noticiasradioreflejos.com.ar\/2021\/pide-reforzar-la-senalizacion-y-seguridad-de-la-ruta-76-en-el-abra-de-la-ventana\/#primaryimage","url":"https:\/\/www.noticiasradioreflejos.com.ar\/2021\/wp-content\/uploads\/2025\/07\/vuelco-1.jpg","contentUrl":"https:\/\/www.noticiasradioreflejos.com.ar\/2021\/wp-content\/uploads\/2025\/07\/vuelco-1.jpg","width":1200,"height":720},{"@type":"BreadcrumbList","@id":"https:\/\/www.noticiasradioreflejos.com.ar\/2021\/pide-reforzar-la-senalizacion-y-seguridad-de-la-ruta-76-en-el-abra-de-la-ventana\/#breadcrumb","itemListElement":[{"@type":"ListItem","position":1,"name":"Portada","item":"https:\/\/www.noticiasradioreflejos.com.ar\/2021\/"},{"@type":"ListItem","position":2,"name":"Pide reforzar la se\u00f1alizaci\u00f3n y seguridad de la ruta 76 en el Abra de la Ventana."}]},{"@type":"WebSite","@id":"https:\/\/www.noticiasradioreflejos.com.ar\/2021\/#website","url":"https:\/\/www.noticiasradioreflejos.com.ar\/2021\/","name":"Noticias Radio Reflejos","description":"Las noticias de mi comarca","potentialAction":[{"@type":"SearchAction","target":{"@type":"EntryPoint","urlTemplate":"https:\/\/www.noticiasradioreflejos.com.ar\/2021\/?s={search_term_string}"},"query-input":{"@type":"PropertyValueSpecification","valueRequired":true,"valueName":"search_term_string"}}],"inLanguage":"es"},{"@type":"Person","@id":"https:\/\/www.noticiasradioreflejos.com.ar\/2021\/#\/schema\/person\/ad82545263dcc5ec0996818884fd5fb1","name":"Arnaldo Botto","image":{"@type":"ImageObject","inLanguage":"es","@id":"https:\/\/www.noticiasradioreflejos.com.ar\/2021\/#\/schema\/person\/image\/","url":"https:\/\/secure.gravatar.com\/avatar\/55cb5e37c1efa326397366e6974cb338056df65cb50e7d64d1cf314e87504837?s=96&d=mm&r=g","contentUrl":"https:\/\/secure.gravatar.com\/avatar\/55cb5e37c1efa326397366e6974cb338056df65cb50e7d64d1cf314e87504837?s=96&d=mm&r=g","caption":"Arnaldo Botto"},"url":"https:\/\/www.noticiasradioreflejos.com.ar\/2021\/author\/arnaldo\/"}]}},"_links":{"self":[{"href":"https:\/\/www.noticiasradioreflejos.com.ar\/2021\/wp-json\/wp\/v2\/posts\/122185","targetHints":{"allow":["GET"]}}],"collection":[{"href":"https:\/\/www.noticiasradioreflejos.com.ar\/2021\/wp-json\/wp\/v2\/posts"}],"about":[{"href":"https:\/\/www.noticiasradioreflejos.com.ar\/2021\/wp-json\/wp\/v2\/types\/post"}],"author":[{"embeddable":true,"href":"https:\/\/www.noticiasradioreflejos.com.ar\/2021\/wp-json\/wp\/v2\/users\/3"}],"replies":[{"embeddable":true,"href":"https:\/\/www.noticiasradioreflejos.com.ar\/2021\/wp-json\/wp\/v2\/comments?post=122185"}],"version-history":[{"count":1,"href":"https:\/\/www.noticiasradioreflejos.com.ar\/2021\/wp-json\/wp\/v2\/posts\/122185\/revisions"}],"predecessor-version":[{"id":122187,"href":"https:\/\/www.noticiasradioreflejos.com.ar\/2021\/wp-json\/wp\/v2\/posts\/122185\/revisions\/122187"}],"wp:featuredmedia":[{"embeddable":true,"href":"https:\/\/www.noticiasradioreflejos.com.ar\/2021\/wp-json\/wp\/v2\/media\/121524"}],"wp:attachment":[{"href":"https:\/\/www.noticiasradioreflejos.com.ar\/2021\/wp-json\/wp\/v2\/media?parent=122185"}],"wp:term":[{"taxonomy":"category","embeddable":true,"href":"https:\/\/www.noticiasradioreflejos.com.ar\/2021\/wp-json\/wp\/v2\/categories?post=122185"},{"taxonomy":"post_tag","embeddable":true,"href":"https:\/\/www.noticiasradioreflejos.com.ar\/2021\/wp-json\/wp\/v2\/tags?post=122185"}],"curies":[{"name":"wp","href":"https:\/\/api.w.org\/{rel}","templated":true}]}}