{"id":122183,"date":"2025-07-23T16:10:06","date_gmt":"2025-07-23T19:10:06","guid":{"rendered":"https:\/\/www.noticiasradioreflejos.com.ar\/2021\/?p=122183"},"modified":"2025-07-23T16:10:06","modified_gmt":"2025-07-23T19:10:06","slug":"le-preocupa-mucho-a-maria-rosa-como-se-obtuvo-la-documentacion-si-es-que-ella-no-la-brindo","status":"publish","type":"post","link":"https:\/\/www.noticiasradioreflejos.com.ar\/2021\/le-preocupa-mucho-a-maria-rosa-como-se-obtuvo-la-documentacion-si-es-que-ella-no-la-brindo\/","title":{"rendered":"\u00abLe preocupa mucho a Mar\u00eda Rosa, c\u00f3mo se obtuvo la documentaci\u00f3n si es que ella no la brind\u00f3\u00bb"},"content":{"rendered":"<p><strong>Elisabet Nori, docente y presidente del PRO Tornquist<\/strong> se refiri\u00f3 al escandalo p\u00fablico que gener\u00f3 la denuncia\u00a0 de <strong>Mar\u00eda Rosa Gonzalez<\/strong> al aparecer en la lista de La Libertad Avanza sin su consentimiento.<!--more--><\/p>\n<p>\u00abLa pol\u00edtica normalmente es vista como una mala palabra, en realidad no lo es. Justamente es una de las herramientas m\u00e1s importantes para mejorar el destino de una localidad, de una regi\u00f3n o de un pa\u00eds en general. Lamentablemente, lo que afecta a la pol\u00edtica son las personas, los comportamientos o las acciones, que no son las m\u00e1s adecuadas para cumplir con el real objetivo que tiene la pol\u00edtica\u00bb declara Elisabet al comenzar la nota, dejando entre ver su opini\u00f3n.<\/p>\n<p>\u00abElla tom\u00f3 conocimiento por nosotros, porque vimos publicada la lista en las redes sociales y en los medios locales. Autom\u00e1ticamente nos comunicamos con ella. Ella se sorprendi\u00f3 porque no estaba en conocimiento y fue as\u00ed que comenzamos a desandar un hilo de acontecimientos previos, para ver c\u00f3mo hab\u00eda terminado as\u00ed. El caso puntual es que ella no present\u00f3 ninguna documentaci\u00f3n, no firm\u00f3 ninguna planilla, ni ninguno de los pasos imprescindibles previos que tiene que hacer una persona cuando se postula a un cargo\u00bb explic\u00f3 c\u00f3mo se dio la situaci\u00f3n de la inclusi\u00f3n de Mar\u00eda Rosa Gonz\u00e1lez en la lista de La Libertad Avanza sin su consentimiento.<\/p>\n<p><a href=\"https:\/\/www.noticiasradioreflejos.com.ar\/2021\/maria-rosa-gonzalez-denuncia-que-usaron-su-nombre-sin-su-consentimiento\/lla_lista-jpeg_831\/\" rel=\"attachment wp-att-122131\"><img loading=\"lazy\" decoding=\"async\" class=\"aligncenter  wp-image-122131\" src=\"https:\/\/www.noticiasradioreflejos.com.ar\/2021\/wp-content\/uploads\/2025\/07\/LLA_lista.jpeg_831.jpeg\" alt=\"\" width=\"634\" height=\"329\" \/><\/a><\/p>\n<p>\u00abLos partidos pol\u00edticos tienen apoderados, que son letrados. Los apoderados certifican las firmas de sus afiliados o simpatizantes del espacio pol\u00edtico. Cuando vos te postulas en una lista, te hacen firmar una planilla por quintuplicado y todas en original. Siempre se pone firma y aclaraci\u00f3n de pu\u00f1o y letra. Adem\u00e1s, se presenta la fotocopia del documento y, este a\u00f1o solicitaron, una certificaci\u00f3n de antecedentes penales que se saca por la p\u00e1gina de Mi Argentina\u00bb explica Elisabet los procedimientos a seguir para figurar en una lista para las elecciones. \u00abLo que m\u00e1s la inquiet\u00f3 a Mar\u00eda Rosa fue eso, ella ayer estaba muy mal. No sabemos si alguien firm\u00f3 por ella o si la planilla est\u00e1 sin firma\u00bb menciona la preocupaci\u00f3n de la Ex Inspectora Jefe Distrital. \u00abElla quiere que se aclare c\u00f3mo fue que se obtuvo esa documentaci\u00f3n que se solicita, que no fue porque ella la brind\u00f3. La gravedad del hecho ella considera que es ese\u00bb.<\/p>\n<p>\u00abLa idea del comunicado de repudio es que no pase m\u00e1s, ni en Tornquist ni en ninguna parte. No est\u00e1 bueno para un proceso eleccionario y para el sistema democr\u00e1tico\u00bb expresa Elisabet su descontento con toda la situaci\u00f3n, adem\u00e1s de recordar algunos antecedentes en la historia pol\u00edtica del distrito.<\/p>\n<p>\u00abEl asesor nos dijo que hici\u00e9ramos la denuncia correspondiente y despu\u00e9s eso va a quedar en tr\u00e1mite, va a seguir su curso. Despu\u00e9s quedar\u00e1 en c\u00f3mo se resuelve el caso. Pero en el mientras tanto, lo que le preocupa mucho a Mar\u00eda Rosa es c\u00f3mo se obtuvo la documentaci\u00f3n si es que ella no la brind\u00f3\u00bb responde Elisabet cuando se le consulta por c\u00f3mo contin\u00faa la situaci\u00f3n judicial despu\u00e9s del hecho.<\/p>\n<p>Se le consulta sobre las negociaciones entre el PRO y La Libertad Avanza, a lo que contesta: \u00abMar\u00eda Rosa no estuvo en la mesa de negociaciones. Yo tampoco porque ya hab\u00eda dicho que no quer\u00eda postularme. Si estuvieron otros nombres en danza, no el nombre de Mar\u00eda Rosa en las mesas de negociaciones llevadas adelante por Sebasti\u00e1n Bassi\u00bb.<\/p>\n<p>\u00abNosotros no somos un partido multitudinario, pero siempre hemos tenido un comportamiento muy correcto. Siempre muy coherente y con un perfil comunitario. Tratamos de alejarnos de cualquier tipo de esc\u00e1ndalo y de rosca, y tratamos de seguir trabajando. Por eso esto nos sac\u00f3 un poquito de eje, pero nosotros seguimos siendo quienes somos\u00bb cierra la entrevista.<\/p>\n<p>&nbsp;<\/p>\n<p><iframe loading=\"lazy\" src=\"https:\/\/w.soundcloud.com\/player\/?url=https%3A\/\/api.soundcloud.com\/tracks\/2135099115&amp;color=%23ff5500&amp;auto_play=false&amp;hide_related=false&amp;show_comments=true&amp;show_user=true&amp;show_reposts=false&amp;show_teaser=true\" width=\"100%\" height=\"166\" frameborder=\"no\" scrolling=\"no\"><\/iframe><\/p>\n<div style=\"font-size: 10px; color: #cccccc; line-break: anywhere; word-break: normal; overflow: hidden; white-space: nowrap; text-overflow: ellipsis; font-family: Interstate,Lucida Grande,Lucida Sans Unicode,Lucida Sans,Garuda,Verdana,Tahoma,sans-serif; font-weight: 100;\"><a style=\"color: #cccccc; text-decoration: none;\" title=\"fmreflejos 103.7\" href=\"https:\/\/soundcloud.com\/fmreflejos-103-7\" target=\"_blank\" rel=\"noopener\">fmreflejos 103.7<\/a> \u00b7 <a style=\"color: #cccccc; text-decoration: none;\" title=\"Elisabet Nori 23-07\" href=\"https:\/\/soundcloud.com\/fmreflejos-103-7\/elisabet-nori-23-07\" target=\"_blank\" rel=\"noopener\">Elisabet Nori 23-07<\/a><\/div>\n","protected":false},"excerpt":{"rendered":"<p>Elisabet Nori, docente y presidente del PRO Tornquist se refiri\u00f3 al escandalo p\u00fablico que gener\u00f3 la denuncia\u00a0 de Mar\u00eda Rosa Gonzalez al aparecer en la lista de La Libertad Avanza sin su consentimiento.<\/p>\n","protected":false},"author":3,"featured_media":122204,"comment_status":"closed","ping_status":"closed","sticky":false,"template":"","format":"standard","meta":{"footnotes":""},"categories":[24],"tags":[],"class_list":["post-122183","post","type-post","status-publish","format-standard","has-post-thumbnail","hentry","category-politica"],"yoast_head":"<!-- This site is optimized with the Yoast SEO plugin v25.9 - https:\/\/yoast.com\/wordpress\/plugins\/seo\/ -->\n<title>&quot;Le preocupa mucho a Mar\u00eda Rosa, c\u00f3mo se obtuvo la documentaci\u00f3n si es que ella no la brind\u00f3&quot; - Noticias Radio Reflejos<\/title>\n<meta name=\"robots\" content=\"index, follow, max-snippet:-1, max-image-preview:large, max-video-preview:-1\" \/>\n<link rel=\"canonical\" href=\"https:\/\/www.noticiasradioreflejos.com.ar\/2021\/le-preocupa-mucho-a-maria-rosa-como-se-obtuvo-la-documentacion-si-es-que-ella-no-la-brindo\/\" \/>\n<meta property=\"og:locale\" content=\"es_ES\" \/>\n<meta property=\"og:type\" content=\"article\" \/>\n<meta property=\"og:title\" content=\"&quot;Le preocupa mucho a Mar\u00eda Rosa, c\u00f3mo se obtuvo la documentaci\u00f3n si es que ella no la brind\u00f3&quot; - Noticias Radio Reflejos\" \/>\n<meta property=\"og:description\" content=\"Elisabet Nori, docente y presidente del PRO Tornquist se refiri\u00f3 al escandalo p\u00fablico que gener\u00f3 la denuncia\u00a0 de Mar\u00eda Rosa Gonzalez al aparecer en la lista de La Libertad Avanza sin su consentimiento.\" \/>\n<meta property=\"og:url\" content=\"https:\/\/www.noticiasradioreflejos.com.ar\/2021\/le-preocupa-mucho-a-maria-rosa-como-se-obtuvo-la-documentacion-si-es-que-ella-no-la-brindo\/\" \/>\n<meta property=\"og:site_name\" content=\"Noticias Radio Reflejos\" \/>\n<meta property=\"article:published_time\" content=\"2025-07-23T19:10:06+00:00\" \/>\n<meta property=\"og:image\" content=\"https:\/\/www.noticiasradioreflejos.com.ar\/2021\/wp-content\/uploads\/2025\/07\/Eli-Nori-750x471-1.jpg\" \/>\n\t<meta property=\"og:image:width\" content=\"750\" \/>\n\t<meta property=\"og:image:height\" content=\"471\" \/>\n\t<meta property=\"og:image:type\" content=\"image\/jpeg\" \/>\n<meta name=\"author\" content=\"Arnaldo Botto\" \/>\n<meta name=\"twitter:card\" content=\"summary_large_image\" \/>\n<script type=\"application\/ld+json\" class=\"yoast-schema-graph\">{\"@context\":\"https:\/\/schema.org\",\"@graph\":[{\"@type\":\"WebPage\",\"@id\":\"https:\/\/www.noticiasradioreflejos.com.ar\/2021\/le-preocupa-mucho-a-maria-rosa-como-se-obtuvo-la-documentacion-si-es-que-ella-no-la-brindo\/\",\"url\":\"https:\/\/www.noticiasradioreflejos.com.ar\/2021\/le-preocupa-mucho-a-maria-rosa-como-se-obtuvo-la-documentacion-si-es-que-ella-no-la-brindo\/\",\"name\":\"\\\"Le preocupa mucho a Mar\u00eda Rosa, c\u00f3mo se obtuvo la documentaci\u00f3n si es que ella no la brind\u00f3\\\" - Noticias Radio Reflejos\",\"isPartOf\":{\"@id\":\"https:\/\/www.noticiasradioreflejos.com.ar\/2021\/#website\"},\"primaryImageOfPage\":{\"@id\":\"https:\/\/www.noticiasradioreflejos.com.ar\/2021\/le-preocupa-mucho-a-maria-rosa-como-se-obtuvo-la-documentacion-si-es-que-ella-no-la-brindo\/#primaryimage\"},\"image\":{\"@id\":\"https:\/\/www.noticiasradioreflejos.com.ar\/2021\/le-preocupa-mucho-a-maria-rosa-como-se-obtuvo-la-documentacion-si-es-que-ella-no-la-brindo\/#primaryimage\"},\"thumbnailUrl\":\"https:\/\/www.noticiasradioreflejos.com.ar\/2021\/wp-content\/uploads\/2025\/07\/Eli-Nori-750x471-1.jpg\",\"datePublished\":\"2025-07-23T19:10:06+00:00\",\"author\":{\"@id\":\"https:\/\/www.noticiasradioreflejos.com.ar\/2021\/#\/schema\/person\/ad82545263dcc5ec0996818884fd5fb1\"},\"breadcrumb\":{\"@id\":\"https:\/\/www.noticiasradioreflejos.com.ar\/2021\/le-preocupa-mucho-a-maria-rosa-como-se-obtuvo-la-documentacion-si-es-que-ella-no-la-brindo\/#breadcrumb\"},\"inLanguage\":\"es\",\"potentialAction\":[{\"@type\":\"ReadAction\",\"target\":[\"https:\/\/www.noticiasradioreflejos.com.ar\/2021\/le-preocupa-mucho-a-maria-rosa-como-se-obtuvo-la-documentacion-si-es-que-ella-no-la-brindo\/\"]}]},{\"@type\":\"ImageObject\",\"inLanguage\":\"es\",\"@id\":\"https:\/\/www.noticiasradioreflejos.com.ar\/2021\/le-preocupa-mucho-a-maria-rosa-como-se-obtuvo-la-documentacion-si-es-que-ella-no-la-brindo\/#primaryimage\",\"url\":\"https:\/\/www.noticiasradioreflejos.com.ar\/2021\/wp-content\/uploads\/2025\/07\/Eli-Nori-750x471-1.jpg\",\"contentUrl\":\"https:\/\/www.noticiasradioreflejos.com.ar\/2021\/wp-content\/uploads\/2025\/07\/Eli-Nori-750x471-1.jpg\",\"width\":750,\"height\":471},{\"@type\":\"BreadcrumbList\",\"@id\":\"https:\/\/www.noticiasradioreflejos.com.ar\/2021\/le-preocupa-mucho-a-maria-rosa-como-se-obtuvo-la-documentacion-si-es-que-ella-no-la-brindo\/#breadcrumb\",\"itemListElement\":[{\"@type\":\"ListItem\",\"position\":1,\"name\":\"Portada\",\"item\":\"https:\/\/www.noticiasradioreflejos.com.ar\/2021\/\"},{\"@type\":\"ListItem\",\"position\":2,\"name\":\"\u00abLe preocupa mucho a Mar\u00eda Rosa, c\u00f3mo se obtuvo la documentaci\u00f3n si es que ella no la brind\u00f3\u00bb\"}]},{\"@type\":\"WebSite\",\"@id\":\"https:\/\/www.noticiasradioreflejos.com.ar\/2021\/#website\",\"url\":\"https:\/\/www.noticiasradioreflejos.com.ar\/2021\/\",\"name\":\"Noticias Radio Reflejos\",\"description\":\"Las noticias de mi comarca\",\"potentialAction\":[{\"@type\":\"SearchAction\",\"target\":{\"@type\":\"EntryPoint\",\"urlTemplate\":\"https:\/\/www.noticiasradioreflejos.com.ar\/2021\/?s={search_term_string}\"},\"query-input\":{\"@type\":\"PropertyValueSpecification\",\"valueRequired\":true,\"valueName\":\"search_term_string\"}}],\"inLanguage\":\"es\"},{\"@type\":\"Person\",\"@id\":\"https:\/\/www.noticiasradioreflejos.com.ar\/2021\/#\/schema\/person\/ad82545263dcc5ec0996818884fd5fb1\",\"name\":\"Arnaldo Botto\",\"image\":{\"@type\":\"ImageObject\",\"inLanguage\":\"es\",\"@id\":\"https:\/\/www.noticiasradioreflejos.com.ar\/2021\/#\/schema\/person\/image\/\",\"url\":\"https:\/\/secure.gravatar.com\/avatar\/55cb5e37c1efa326397366e6974cb338056df65cb50e7d64d1cf314e87504837?s=96&d=mm&r=g\",\"contentUrl\":\"https:\/\/secure.gravatar.com\/avatar\/55cb5e37c1efa326397366e6974cb338056df65cb50e7d64d1cf314e87504837?s=96&d=mm&r=g\",\"caption\":\"Arnaldo Botto\"},\"url\":\"https:\/\/www.noticiasradioreflejos.com.ar\/2021\/author\/arnaldo\/\"}]}<\/script>\n<!-- \/ Yoast SEO plugin. -->","yoast_head_json":{"title":"\"Le preocupa mucho a Mar\u00eda Rosa, c\u00f3mo se obtuvo la documentaci\u00f3n si es que ella no la brind\u00f3\" - Noticias Radio Reflejos","robots":{"index":"index","follow":"follow","max-snippet":"max-snippet:-1","max-image-preview":"max-image-preview:large","max-video-preview":"max-video-preview:-1"},"canonical":"https:\/\/www.noticiasradioreflejos.com.ar\/2021\/le-preocupa-mucho-a-maria-rosa-como-se-obtuvo-la-documentacion-si-es-que-ella-no-la-brindo\/","og_locale":"es_ES","og_type":"article","og_title":"\"Le preocupa mucho a Mar\u00eda Rosa, c\u00f3mo se obtuvo la documentaci\u00f3n si es que ella no la brind\u00f3\" - Noticias Radio Reflejos","og_description":"Elisabet Nori, docente y presidente del PRO Tornquist se refiri\u00f3 al escandalo p\u00fablico que gener\u00f3 la denuncia\u00a0 de Mar\u00eda Rosa Gonzalez al aparecer en la lista de La Libertad Avanza sin su consentimiento.","og_url":"https:\/\/www.noticiasradioreflejos.com.ar\/2021\/le-preocupa-mucho-a-maria-rosa-como-se-obtuvo-la-documentacion-si-es-que-ella-no-la-brindo\/","og_site_name":"Noticias Radio Reflejos","article_published_time":"2025-07-23T19:10:06+00:00","og_image":[{"width":750,"height":471,"url":"https:\/\/www.noticiasradioreflejos.com.ar\/2021\/wp-content\/uploads\/2025\/07\/Eli-Nori-750x471-1.jpg","type":"image\/jpeg"}],"author":"Arnaldo Botto","twitter_card":"summary_large_image","schema":{"@context":"https:\/\/schema.org","@graph":[{"@type":"WebPage","@id":"https:\/\/www.noticiasradioreflejos.com.ar\/2021\/le-preocupa-mucho-a-maria-rosa-como-se-obtuvo-la-documentacion-si-es-que-ella-no-la-brindo\/","url":"https:\/\/www.noticiasradioreflejos.com.ar\/2021\/le-preocupa-mucho-a-maria-rosa-como-se-obtuvo-la-documentacion-si-es-que-ella-no-la-brindo\/","name":"\"Le preocupa mucho a Mar\u00eda Rosa, c\u00f3mo se obtuvo la documentaci\u00f3n si es que ella no la brind\u00f3\" - Noticias Radio Reflejos","isPartOf":{"@id":"https:\/\/www.noticiasradioreflejos.com.ar\/2021\/#website"},"primaryImageOfPage":{"@id":"https:\/\/www.noticiasradioreflejos.com.ar\/2021\/le-preocupa-mucho-a-maria-rosa-como-se-obtuvo-la-documentacion-si-es-que-ella-no-la-brindo\/#primaryimage"},"image":{"@id":"https:\/\/www.noticiasradioreflejos.com.ar\/2021\/le-preocupa-mucho-a-maria-rosa-como-se-obtuvo-la-documentacion-si-es-que-ella-no-la-brindo\/#primaryimage"},"thumbnailUrl":"https:\/\/www.noticiasradioreflejos.com.ar\/2021\/wp-content\/uploads\/2025\/07\/Eli-Nori-750x471-1.jpg","datePublished":"2025-07-23T19:10:06+00:00","author":{"@id":"https:\/\/www.noticiasradioreflejos.com.ar\/2021\/#\/schema\/person\/ad82545263dcc5ec0996818884fd5fb1"},"breadcrumb":{"@id":"https:\/\/www.noticiasradioreflejos.com.ar\/2021\/le-preocupa-mucho-a-maria-rosa-como-se-obtuvo-la-documentacion-si-es-que-ella-no-la-brindo\/#breadcrumb"},"inLanguage":"es","potentialAction":[{"@type":"ReadAction","target":["https:\/\/www.noticiasradioreflejos.com.ar\/2021\/le-preocupa-mucho-a-maria-rosa-como-se-obtuvo-la-documentacion-si-es-que-ella-no-la-brindo\/"]}]},{"@type":"ImageObject","inLanguage":"es","@id":"https:\/\/www.noticiasradioreflejos.com.ar\/2021\/le-preocupa-mucho-a-maria-rosa-como-se-obtuvo-la-documentacion-si-es-que-ella-no-la-brindo\/#primaryimage","url":"https:\/\/www.noticiasradioreflejos.com.ar\/2021\/wp-content\/uploads\/2025\/07\/Eli-Nori-750x471-1.jpg","contentUrl":"https:\/\/www.noticiasradioreflejos.com.ar\/2021\/wp-content\/uploads\/2025\/07\/Eli-Nori-750x471-1.jpg","width":750,"height":471},{"@type":"BreadcrumbList","@id":"https:\/\/www.noticiasradioreflejos.com.ar\/2021\/le-preocupa-mucho-a-maria-rosa-como-se-obtuvo-la-documentacion-si-es-que-ella-no-la-brindo\/#breadcrumb","itemListElement":[{"@type":"ListItem","position":1,"name":"Portada","item":"https:\/\/www.noticiasradioreflejos.com.ar\/2021\/"},{"@type":"ListItem","position":2,"name":"\u00abLe preocupa mucho a Mar\u00eda Rosa, c\u00f3mo se obtuvo la documentaci\u00f3n si es que ella no la brind\u00f3\u00bb"}]},{"@type":"WebSite","@id":"https:\/\/www.noticiasradioreflejos.com.ar\/2021\/#website","url":"https:\/\/www.noticiasradioreflejos.com.ar\/2021\/","name":"Noticias Radio Reflejos","description":"Las noticias de mi comarca","potentialAction":[{"@type":"SearchAction","target":{"@type":"EntryPoint","urlTemplate":"https:\/\/www.noticiasradioreflejos.com.ar\/2021\/?s={search_term_string}"},"query-input":{"@type":"PropertyValueSpecification","valueRequired":true,"valueName":"search_term_string"}}],"inLanguage":"es"},{"@type":"Person","@id":"https:\/\/www.noticiasradioreflejos.com.ar\/2021\/#\/schema\/person\/ad82545263dcc5ec0996818884fd5fb1","name":"Arnaldo Botto","image":{"@type":"ImageObject","inLanguage":"es","@id":"https:\/\/www.noticiasradioreflejos.com.ar\/2021\/#\/schema\/person\/image\/","url":"https:\/\/secure.gravatar.com\/avatar\/55cb5e37c1efa326397366e6974cb338056df65cb50e7d64d1cf314e87504837?s=96&d=mm&r=g","contentUrl":"https:\/\/secure.gravatar.com\/avatar\/55cb5e37c1efa326397366e6974cb338056df65cb50e7d64d1cf314e87504837?s=96&d=mm&r=g","caption":"Arnaldo Botto"},"url":"https:\/\/www.noticiasradioreflejos.com.ar\/2021\/author\/arnaldo\/"}]}},"_links":{"self":[{"href":"https:\/\/www.noticiasradioreflejos.com.ar\/2021\/wp-json\/wp\/v2\/posts\/122183","targetHints":{"allow":["GET"]}}],"collection":[{"href":"https:\/\/www.noticiasradioreflejos.com.ar\/2021\/wp-json\/wp\/v2\/posts"}],"about":[{"href":"https:\/\/www.noticiasradioreflejos.com.ar\/2021\/wp-json\/wp\/v2\/types\/post"}],"author":[{"embeddable":true,"href":"https:\/\/www.noticiasradioreflejos.com.ar\/2021\/wp-json\/wp\/v2\/users\/3"}],"replies":[{"embeddable":true,"href":"https:\/\/www.noticiasradioreflejos.com.ar\/2021\/wp-json\/wp\/v2\/comments?post=122183"}],"version-history":[{"count":8,"href":"https:\/\/www.noticiasradioreflejos.com.ar\/2021\/wp-json\/wp\/v2\/posts\/122183\/revisions"}],"predecessor-version":[{"id":122205,"href":"https:\/\/www.noticiasradioreflejos.com.ar\/2021\/wp-json\/wp\/v2\/posts\/122183\/revisions\/122205"}],"wp:featuredmedia":[{"embeddable":true,"href":"https:\/\/www.noticiasradioreflejos.com.ar\/2021\/wp-json\/wp\/v2\/media\/122204"}],"wp:attachment":[{"href":"https:\/\/www.noticiasradioreflejos.com.ar\/2021\/wp-json\/wp\/v2\/media?parent=122183"}],"wp:term":[{"taxonomy":"category","embeddable":true,"href":"https:\/\/www.noticiasradioreflejos.com.ar\/2021\/wp-json\/wp\/v2\/categories?post=122183"},{"taxonomy":"post_tag","embeddable":true,"href":"https:\/\/www.noticiasradioreflejos.com.ar\/2021\/wp-json\/wp\/v2\/tags?post=122183"}],"curies":[{"name":"wp","href":"https:\/\/api.w.org\/{rel}","templated":true}]}}