{"id":122173,"date":"2025-07-23T14:04:30","date_gmt":"2025-07-23T17:04:30","guid":{"rendered":"https:\/\/www.noticiasradioreflejos.com.ar\/2021\/?p=122173"},"modified":"2025-07-23T14:04:30","modified_gmt":"2025-07-23T17:04:30","slug":"la-provincia-analiza-un-plan-de-desarrollo-ferroviario-para-conectar-al-interior","status":"publish","type":"post","link":"https:\/\/www.noticiasradioreflejos.com.ar\/2021\/la-provincia-analiza-un-plan-de-desarrollo-ferroviario-para-conectar-al-interior\/","title":{"rendered":"La Provincia analiza un plan de desarrollo ferroviario para conectar al interior"},"content":{"rendered":"<header id=\"mvp-post-head\" class=\"left relative\">El ministro de Transporte, Mart\u00edn Marinucci, recibi\u00f3 a miembros de la Asociaci\u00f3n Latinoamericana de Ferrocarriles para pensar un estrat\u00e9gico.<\/p>\n<\/header>\n<p><!--more--><\/p>\n<div class=\"mvp-post-soc-wrap left relative\">\n<p>El ministro de Transporte de la provincia de Buenos Aires, Mart\u00edn Marinucci, se reuni\u00f3 con miembros de la Asociaci\u00f3n Latinoamericana de Ferrocarriles (ALAF) para empezar a delinear el \u201cplan estrat\u00e9gico de desarrollo ferroviario\u201d que permita mayor conectividad entre los pueblos del interior.<\/p>\n<\/div>\n<p>&nbsp;<\/p>\n<div id=\"mvp-post-feat-img\" class=\"left relative mvp-post-feat-img-wide2\"><img loading=\"lazy\" decoding=\"async\" class=\"attachment- size- wp-post-image\" src=\"https:\/\/www.noticiaslasflores.com.ar\/wp-content\/uploads\/2025\/07\/trenes.jpg\" sizes=\"auto, (max-width: 696px) 100vw, 696px\" srcset=\"https:\/\/i0.wp.com\/www.noticiaslasflores.com.ar\/wp-content\/uploads\/2025\/07\/trenes.jpg?w=696&amp;ssl=1 696w, https:\/\/i0.wp.com\/www.noticiaslasflores.com.ar\/wp-content\/uploads\/2025\/07\/trenes.jpg?resize=600%2C405&amp;ssl=1 600w\" alt=\"\" width=\"696\" height=\"470\" \/><\/div>\n<div id=\"mvp-content-wrap\" class=\"left relative\">\n<div class=\"mvp-post-soc-out right relative\">\n<div class=\"mvp-post-soc-wrap left relative\"><\/div>\n<div class=\"mvp-post-soc-in\">\n<div id=\"mvp-content-body\" class=\"left relative\">\n<div id=\"mvp-content-body-top\" class=\"left relative\">\n<div id=\"mvp-content-main\" class=\"left relative\">\n<div id=\"MobileRectangle_1\"><\/div>\n<p>La decisi\u00f3n se da en medio de una fuerte desinversi\u00f3n del Gobierno de Javier Milei en el sector y luego que la Provincia, por ejemplo, le pidiera semanas atr\u00e1s a Naci\u00f3n el traspaso del tren a Divisadero ante el anuncio de la eliminaci\u00f3n del trayecto que va de General Guido a Pinamar. A esto se suma el servicio interrumpido de Constituci\u00f3n a Bah\u00eda Blanca que, pese al reclamo de vecinos y dirigentes de varias ciudades, est\u00e1 paralizado desde hace dos a\u00f1os.<\/p>\n<p>En este contexto, Marinucci recibi\u00f3 a los l\u00edderes de la hist\u00f3rica ONG ferroviaria que tiene oficinas en Argentina, Brasil, Guatemala y Espa\u00f1a. En el marco de una reuni\u00f3n \u201cmuy productiva\u201d, el funcionario de Axel Kicillof explic\u00f3 que se empez\u00f3 a pensar en un proceso de planificaci\u00f3n con ALAF del Plan Estrat\u00e9gico de Desarrollo Ferroviario en la provincia de Buenos Aires.<\/p>\n<\/div>\n<div id=\"mvp-content-main\" class=\"left relative\">\n<p>Con ese proyecto, dijo, buscar\u00e1n \u201cfomentar el arraigo y mejorar la conectividad para todos los bonaerenses\u201d. En ese sentido, se mostr\u00f3 convencido \u201cde la importancia de la multimodalidad del transporte, que genera ventajas competitivas en la log\u00edstica para la industria y el campo, y beneficios sociales al integrar cada rinc\u00f3n de la Provincia\u201d. (DIB)<\/p>\n<\/div>\n<\/div>\n<\/div>\n<\/div>\n<\/div>\n<\/div>\n","protected":false},"excerpt":{"rendered":"<p>El ministro de Transporte, Mart\u00edn Marinucci, recibi\u00f3 a miembros de la Asociaci\u00f3n Latinoamericana de Ferrocarriles para pensar un estrat\u00e9gico.<\/p>\n","protected":false},"author":3,"featured_media":71546,"comment_status":"closed","ping_status":"closed","sticky":false,"template":"","format":"standard","meta":{"footnotes":""},"categories":[58],"tags":[],"class_list":["post-122173","post","type-post","status-publish","format-standard","has-post-thumbnail","hentry","category-gobierno"],"yoast_head":"<!-- This site is optimized with the Yoast SEO plugin v25.9 - https:\/\/yoast.com\/wordpress\/plugins\/seo\/ -->\n<title>La Provincia analiza un plan de desarrollo ferroviario para conectar al interior - Noticias Radio Reflejos<\/title>\n<meta name=\"robots\" content=\"index, follow, max-snippet:-1, max-image-preview:large, max-video-preview:-1\" \/>\n<link rel=\"canonical\" href=\"https:\/\/www.noticiasradioreflejos.com.ar\/2021\/la-provincia-analiza-un-plan-de-desarrollo-ferroviario-para-conectar-al-interior\/\" \/>\n<meta property=\"og:locale\" content=\"es_ES\" \/>\n<meta property=\"og:type\" content=\"article\" \/>\n<meta property=\"og:title\" content=\"La Provincia analiza un plan de desarrollo ferroviario para conectar al interior - Noticias Radio Reflejos\" \/>\n<meta property=\"og:description\" content=\"El ministro de Transporte, Mart\u00edn Marinucci, recibi\u00f3 a miembros de la Asociaci\u00f3n Latinoamericana de Ferrocarriles para pensar un estrat\u00e9gico.\" \/>\n<meta property=\"og:url\" content=\"https:\/\/www.noticiasradioreflejos.com.ar\/2021\/la-provincia-analiza-un-plan-de-desarrollo-ferroviario-para-conectar-al-interior\/\" \/>\n<meta property=\"og:site_name\" content=\"Noticias Radio Reflejos\" \/>\n<meta property=\"article:published_time\" content=\"2025-07-23T17:04:30+00:00\" \/>\n<meta property=\"og:image\" content=\"https:\/\/www.noticiasradioreflejos.com.ar\/2021\/wp-content\/uploads\/2022\/05\/tren.jpg_1599.jpg.webp\" \/>\n\t<meta property=\"og:image:width\" content=\"1200\" \/>\n\t<meta property=\"og:image:height\" content=\"801\" \/>\n\t<meta property=\"og:image:type\" content=\"image\/webp\" \/>\n<meta name=\"author\" content=\"Arnaldo Botto\" \/>\n<meta name=\"twitter:card\" content=\"summary_large_image\" \/>\n<script type=\"application\/ld+json\" class=\"yoast-schema-graph\">{\"@context\":\"https:\/\/schema.org\",\"@graph\":[{\"@type\":\"WebPage\",\"@id\":\"https:\/\/www.noticiasradioreflejos.com.ar\/2021\/la-provincia-analiza-un-plan-de-desarrollo-ferroviario-para-conectar-al-interior\/\",\"url\":\"https:\/\/www.noticiasradioreflejos.com.ar\/2021\/la-provincia-analiza-un-plan-de-desarrollo-ferroviario-para-conectar-al-interior\/\",\"name\":\"La Provincia analiza un plan de desarrollo ferroviario para conectar al interior - Noticias Radio Reflejos\",\"isPartOf\":{\"@id\":\"https:\/\/www.noticiasradioreflejos.com.ar\/2021\/#website\"},\"primaryImageOfPage\":{\"@id\":\"https:\/\/www.noticiasradioreflejos.com.ar\/2021\/la-provincia-analiza-un-plan-de-desarrollo-ferroviario-para-conectar-al-interior\/#primaryimage\"},\"image\":{\"@id\":\"https:\/\/www.noticiasradioreflejos.com.ar\/2021\/la-provincia-analiza-un-plan-de-desarrollo-ferroviario-para-conectar-al-interior\/#primaryimage\"},\"thumbnailUrl\":\"https:\/\/www.noticiasradioreflejos.com.ar\/2021\/wp-content\/uploads\/2022\/05\/tren.jpg_1599.jpg.webp\",\"datePublished\":\"2025-07-23T17:04:30+00:00\",\"author\":{\"@id\":\"https:\/\/www.noticiasradioreflejos.com.ar\/2021\/#\/schema\/person\/ad82545263dcc5ec0996818884fd5fb1\"},\"breadcrumb\":{\"@id\":\"https:\/\/www.noticiasradioreflejos.com.ar\/2021\/la-provincia-analiza-un-plan-de-desarrollo-ferroviario-para-conectar-al-interior\/#breadcrumb\"},\"inLanguage\":\"es\",\"potentialAction\":[{\"@type\":\"ReadAction\",\"target\":[\"https:\/\/www.noticiasradioreflejos.com.ar\/2021\/la-provincia-analiza-un-plan-de-desarrollo-ferroviario-para-conectar-al-interior\/\"]}]},{\"@type\":\"ImageObject\",\"inLanguage\":\"es\",\"@id\":\"https:\/\/www.noticiasradioreflejos.com.ar\/2021\/la-provincia-analiza-un-plan-de-desarrollo-ferroviario-para-conectar-al-interior\/#primaryimage\",\"url\":\"https:\/\/www.noticiasradioreflejos.com.ar\/2021\/wp-content\/uploads\/2022\/05\/tren.jpg_1599.jpg.webp\",\"contentUrl\":\"https:\/\/www.noticiasradioreflejos.com.ar\/2021\/wp-content\/uploads\/2022\/05\/tren.jpg_1599.jpg.webp\",\"width\":1200,\"height\":801},{\"@type\":\"BreadcrumbList\",\"@id\":\"https:\/\/www.noticiasradioreflejos.com.ar\/2021\/la-provincia-analiza-un-plan-de-desarrollo-ferroviario-para-conectar-al-interior\/#breadcrumb\",\"itemListElement\":[{\"@type\":\"ListItem\",\"position\":1,\"name\":\"Portada\",\"item\":\"https:\/\/www.noticiasradioreflejos.com.ar\/2021\/\"},{\"@type\":\"ListItem\",\"position\":2,\"name\":\"La Provincia analiza un plan de desarrollo ferroviario para conectar al interior\"}]},{\"@type\":\"WebSite\",\"@id\":\"https:\/\/www.noticiasradioreflejos.com.ar\/2021\/#website\",\"url\":\"https:\/\/www.noticiasradioreflejos.com.ar\/2021\/\",\"name\":\"Noticias Radio Reflejos\",\"description\":\"Las noticias de mi comarca\",\"potentialAction\":[{\"@type\":\"SearchAction\",\"target\":{\"@type\":\"EntryPoint\",\"urlTemplate\":\"https:\/\/www.noticiasradioreflejos.com.ar\/2021\/?s={search_term_string}\"},\"query-input\":{\"@type\":\"PropertyValueSpecification\",\"valueRequired\":true,\"valueName\":\"search_term_string\"}}],\"inLanguage\":\"es\"},{\"@type\":\"Person\",\"@id\":\"https:\/\/www.noticiasradioreflejos.com.ar\/2021\/#\/schema\/person\/ad82545263dcc5ec0996818884fd5fb1\",\"name\":\"Arnaldo Botto\",\"image\":{\"@type\":\"ImageObject\",\"inLanguage\":\"es\",\"@id\":\"https:\/\/www.noticiasradioreflejos.com.ar\/2021\/#\/schema\/person\/image\/\",\"url\":\"https:\/\/secure.gravatar.com\/avatar\/55cb5e37c1efa326397366e6974cb338056df65cb50e7d64d1cf314e87504837?s=96&d=mm&r=g\",\"contentUrl\":\"https:\/\/secure.gravatar.com\/avatar\/55cb5e37c1efa326397366e6974cb338056df65cb50e7d64d1cf314e87504837?s=96&d=mm&r=g\",\"caption\":\"Arnaldo Botto\"},\"url\":\"https:\/\/www.noticiasradioreflejos.com.ar\/2021\/author\/arnaldo\/\"}]}<\/script>\n<!-- \/ Yoast SEO plugin. -->","yoast_head_json":{"title":"La Provincia analiza un plan de desarrollo ferroviario para conectar al interior - Noticias Radio Reflejos","robots":{"index":"index","follow":"follow","max-snippet":"max-snippet:-1","max-image-preview":"max-image-preview:large","max-video-preview":"max-video-preview:-1"},"canonical":"https:\/\/www.noticiasradioreflejos.com.ar\/2021\/la-provincia-analiza-un-plan-de-desarrollo-ferroviario-para-conectar-al-interior\/","og_locale":"es_ES","og_type":"article","og_title":"La Provincia analiza un plan de desarrollo ferroviario para conectar al interior - Noticias Radio Reflejos","og_description":"El ministro de Transporte, Mart\u00edn Marinucci, recibi\u00f3 a miembros de la Asociaci\u00f3n Latinoamericana de Ferrocarriles para pensar un estrat\u00e9gico.","og_url":"https:\/\/www.noticiasradioreflejos.com.ar\/2021\/la-provincia-analiza-un-plan-de-desarrollo-ferroviario-para-conectar-al-interior\/","og_site_name":"Noticias Radio Reflejos","article_published_time":"2025-07-23T17:04:30+00:00","og_image":[{"width":1200,"height":801,"url":"https:\/\/www.noticiasradioreflejos.com.ar\/2021\/wp-content\/uploads\/2022\/05\/tren.jpg_1599.jpg.webp","type":"image\/webp"}],"author":"Arnaldo Botto","twitter_card":"summary_large_image","schema":{"@context":"https:\/\/schema.org","@graph":[{"@type":"WebPage","@id":"https:\/\/www.noticiasradioreflejos.com.ar\/2021\/la-provincia-analiza-un-plan-de-desarrollo-ferroviario-para-conectar-al-interior\/","url":"https:\/\/www.noticiasradioreflejos.com.ar\/2021\/la-provincia-analiza-un-plan-de-desarrollo-ferroviario-para-conectar-al-interior\/","name":"La Provincia analiza un plan de desarrollo ferroviario para conectar al interior - Noticias Radio Reflejos","isPartOf":{"@id":"https:\/\/www.noticiasradioreflejos.com.ar\/2021\/#website"},"primaryImageOfPage":{"@id":"https:\/\/www.noticiasradioreflejos.com.ar\/2021\/la-provincia-analiza-un-plan-de-desarrollo-ferroviario-para-conectar-al-interior\/#primaryimage"},"image":{"@id":"https:\/\/www.noticiasradioreflejos.com.ar\/2021\/la-provincia-analiza-un-plan-de-desarrollo-ferroviario-para-conectar-al-interior\/#primaryimage"},"thumbnailUrl":"https:\/\/www.noticiasradioreflejos.com.ar\/2021\/wp-content\/uploads\/2022\/05\/tren.jpg_1599.jpg.webp","datePublished":"2025-07-23T17:04:30+00:00","author":{"@id":"https:\/\/www.noticiasradioreflejos.com.ar\/2021\/#\/schema\/person\/ad82545263dcc5ec0996818884fd5fb1"},"breadcrumb":{"@id":"https:\/\/www.noticiasradioreflejos.com.ar\/2021\/la-provincia-analiza-un-plan-de-desarrollo-ferroviario-para-conectar-al-interior\/#breadcrumb"},"inLanguage":"es","potentialAction":[{"@type":"ReadAction","target":["https:\/\/www.noticiasradioreflejos.com.ar\/2021\/la-provincia-analiza-un-plan-de-desarrollo-ferroviario-para-conectar-al-interior\/"]}]},{"@type":"ImageObject","inLanguage":"es","@id":"https:\/\/www.noticiasradioreflejos.com.ar\/2021\/la-provincia-analiza-un-plan-de-desarrollo-ferroviario-para-conectar-al-interior\/#primaryimage","url":"https:\/\/www.noticiasradioreflejos.com.ar\/2021\/wp-content\/uploads\/2022\/05\/tren.jpg_1599.jpg.webp","contentUrl":"https:\/\/www.noticiasradioreflejos.com.ar\/2021\/wp-content\/uploads\/2022\/05\/tren.jpg_1599.jpg.webp","width":1200,"height":801},{"@type":"BreadcrumbList","@id":"https:\/\/www.noticiasradioreflejos.com.ar\/2021\/la-provincia-analiza-un-plan-de-desarrollo-ferroviario-para-conectar-al-interior\/#breadcrumb","itemListElement":[{"@type":"ListItem","position":1,"name":"Portada","item":"https:\/\/www.noticiasradioreflejos.com.ar\/2021\/"},{"@type":"ListItem","position":2,"name":"La Provincia analiza un plan de desarrollo ferroviario para conectar al interior"}]},{"@type":"WebSite","@id":"https:\/\/www.noticiasradioreflejos.com.ar\/2021\/#website","url":"https:\/\/www.noticiasradioreflejos.com.ar\/2021\/","name":"Noticias Radio Reflejos","description":"Las noticias de mi comarca","potentialAction":[{"@type":"SearchAction","target":{"@type":"EntryPoint","urlTemplate":"https:\/\/www.noticiasradioreflejos.com.ar\/2021\/?s={search_term_string}"},"query-input":{"@type":"PropertyValueSpecification","valueRequired":true,"valueName":"search_term_string"}}],"inLanguage":"es"},{"@type":"Person","@id":"https:\/\/www.noticiasradioreflejos.com.ar\/2021\/#\/schema\/person\/ad82545263dcc5ec0996818884fd5fb1","name":"Arnaldo Botto","image":{"@type":"ImageObject","inLanguage":"es","@id":"https:\/\/www.noticiasradioreflejos.com.ar\/2021\/#\/schema\/person\/image\/","url":"https:\/\/secure.gravatar.com\/avatar\/55cb5e37c1efa326397366e6974cb338056df65cb50e7d64d1cf314e87504837?s=96&d=mm&r=g","contentUrl":"https:\/\/secure.gravatar.com\/avatar\/55cb5e37c1efa326397366e6974cb338056df65cb50e7d64d1cf314e87504837?s=96&d=mm&r=g","caption":"Arnaldo Botto"},"url":"https:\/\/www.noticiasradioreflejos.com.ar\/2021\/author\/arnaldo\/"}]}},"_links":{"self":[{"href":"https:\/\/www.noticiasradioreflejos.com.ar\/2021\/wp-json\/wp\/v2\/posts\/122173","targetHints":{"allow":["GET"]}}],"collection":[{"href":"https:\/\/www.noticiasradioreflejos.com.ar\/2021\/wp-json\/wp\/v2\/posts"}],"about":[{"href":"https:\/\/www.noticiasradioreflejos.com.ar\/2021\/wp-json\/wp\/v2\/types\/post"}],"author":[{"embeddable":true,"href":"https:\/\/www.noticiasradioreflejos.com.ar\/2021\/wp-json\/wp\/v2\/users\/3"}],"replies":[{"embeddable":true,"href":"https:\/\/www.noticiasradioreflejos.com.ar\/2021\/wp-json\/wp\/v2\/comments?post=122173"}],"version-history":[{"count":1,"href":"https:\/\/www.noticiasradioreflejos.com.ar\/2021\/wp-json\/wp\/v2\/posts\/122173\/revisions"}],"predecessor-version":[{"id":122174,"href":"https:\/\/www.noticiasradioreflejos.com.ar\/2021\/wp-json\/wp\/v2\/posts\/122173\/revisions\/122174"}],"wp:featuredmedia":[{"embeddable":true,"href":"https:\/\/www.noticiasradioreflejos.com.ar\/2021\/wp-json\/wp\/v2\/media\/71546"}],"wp:attachment":[{"href":"https:\/\/www.noticiasradioreflejos.com.ar\/2021\/wp-json\/wp\/v2\/media?parent=122173"}],"wp:term":[{"taxonomy":"category","embeddable":true,"href":"https:\/\/www.noticiasradioreflejos.com.ar\/2021\/wp-json\/wp\/v2\/categories?post=122173"},{"taxonomy":"post_tag","embeddable":true,"href":"https:\/\/www.noticiasradioreflejos.com.ar\/2021\/wp-json\/wp\/v2\/tags?post=122173"}],"curies":[{"name":"wp","href":"https:\/\/api.w.org\/{rel}","templated":true}]}}