{"id":122169,"date":"2025-07-23T14:01:43","date_gmt":"2025-07-23T17:01:43","guid":{"rendered":"https:\/\/www.noticiasradioreflejos.com.ar\/2021\/?p=122169"},"modified":"2025-07-23T14:01:43","modified_gmt":"2025-07-23T17:01:43","slug":"video-un-auto-exploto-en-una-estacion-de-servicio-de-entre-rios-y-se-vivieron-momentos-de-terror","status":"publish","type":"post","link":"https:\/\/www.noticiasradioreflejos.com.ar\/2021\/video-un-auto-exploto-en-una-estacion-de-servicio-de-entre-rios-y-se-vivieron-momentos-de-terror\/","title":{"rendered":"Video: un auto explot\u00f3 en una estaci\u00f3n de servicio de Entre R\u00edos y se vivieron momentos de terror"},"content":{"rendered":"<p>El incendio comenz\u00f3 cuando el veh\u00edculo result\u00f3 contaminado con un combustible incorrecto.<!--more--><\/p>\n<p><strong>Un auto se incendi\u00f3<\/strong>\u00a0en una estaci\u00f3n de servicio en Concepci\u00f3n del Uruguay, Entre R\u00edos, y los testigos vivieron momentos de terror. Seg\u00fan informaron, el incendio comenz\u00f3 cuando el veh\u00edculo result\u00f3 contaminado con un\u00a0<strong>combustible incorrecto.<\/strong><\/p>\n<div class=\"columns\" data-tadevel-template=\"web\/article-columns\">\n<div class=\"column-main\">\n<div class=\"article-body\" data-tadevel-template=\"web\/article-body\">\n<div class=\"article-body-content\">\n<p>El hecho sucedi\u00f3 en la estaci\u00f3n de servicio, ubicada sobre la intersecci\u00f3n de las calles Galarza entre Reibel y Scelzi, cuando un playero llevaba a cabo la\u00a0<strong>modificaci\u00f3n del combustible<\/strong>\u00a0en un auto Volkswagen Passat, el cual hab\u00eda sido colocado de manera incorrecta.<\/p>\n<p>Una\u00a0<strong>c\u00e1mara de seguridad<\/strong>\u00a0registr\u00f3 el momento en el que el veh\u00edculo comenz\u00f3 a incendiarse, lo que gener\u00f3 p\u00e1nico entre los otros usuarios que se encontraban cargando nafta, como as\u00ed tambi\u00e9n en los playeros.<\/p>\n<p>En el video se observa a las personas que corren y tratan de protegerse ante la posibilidad de que el auto en cuesti\u00f3n explote.<\/p>\n<p>Sin embargo, gracias al\u00a0<strong>r\u00e1pido accionar de los empleados<\/strong>, se logr\u00f3 contener el fuego, mientras se aguardaba a la llegada de los Bomberos Voluntarios de la ciudad.<\/p>\n<p>Luego del operativo se confirm\u00f3 que no se registraron\u00a0<strong>personas lesionadas<\/strong>, como as\u00ed tampoco da\u00f1os en los otros veh\u00edculos, detallaron desde el medio\u00a0<strong>El Entre R\u00edos<\/strong>.<\/p>\n<\/div>\n<p><strong>Fuente NA<\/strong><\/p>\n<\/div>\n<\/div>\n<\/div>\n","protected":false},"excerpt":{"rendered":"<p>El incendio comenz\u00f3 cuando el veh\u00edculo result\u00f3 contaminado con un combustible incorrecto.<\/p>\n","protected":false},"author":3,"featured_media":122171,"comment_status":"closed","ping_status":"closed","sticky":false,"template":"","format":"standard","meta":{"footnotes":""},"categories":[29],"tags":[],"class_list":["post-122169","post","type-post","status-publish","format-standard","has-post-thumbnail","hentry","category-policiales"],"yoast_head":"<!-- This site is optimized with the Yoast SEO plugin v25.9 - https:\/\/yoast.com\/wordpress\/plugins\/seo\/ -->\n<title>Video: un auto explot\u00f3 en una estaci\u00f3n de servicio de Entre R\u00edos y se vivieron momentos de terror - Noticias Radio Reflejos<\/title>\n<meta name=\"robots\" content=\"index, follow, max-snippet:-1, max-image-preview:large, max-video-preview:-1\" \/>\n<link rel=\"canonical\" href=\"https:\/\/www.noticiasradioreflejos.com.ar\/2021\/video-un-auto-exploto-en-una-estacion-de-servicio-de-entre-rios-y-se-vivieron-momentos-de-terror\/\" \/>\n<meta property=\"og:locale\" content=\"es_ES\" \/>\n<meta property=\"og:type\" content=\"article\" \/>\n<meta property=\"og:title\" content=\"Video: un auto explot\u00f3 en una estaci\u00f3n de servicio de Entre R\u00edos y se vivieron momentos de terror - Noticias Radio Reflejos\" \/>\n<meta property=\"og:description\" content=\"El incendio comenz\u00f3 cuando el veh\u00edculo result\u00f3 contaminado con un combustible incorrecto.\" \/>\n<meta property=\"og:url\" content=\"https:\/\/www.noticiasradioreflejos.com.ar\/2021\/video-un-auto-exploto-en-una-estacion-de-servicio-de-entre-rios-y-se-vivieron-momentos-de-terror\/\" \/>\n<meta property=\"og:site_name\" content=\"Noticias Radio Reflejos\" \/>\n<meta property=\"article:published_time\" content=\"2025-07-23T17:01:43+00:00\" \/>\n<meta property=\"og:image\" content=\"https:\/\/www.noticiasradioreflejos.com.ar\/2021\/wp-content\/uploads\/2025\/07\/estacion-de-servicio.jpg\" \/>\n\t<meta property=\"og:image:width\" content=\"764\" \/>\n\t<meta property=\"og:image:height\" content=\"397\" \/>\n\t<meta property=\"og:image:type\" content=\"image\/jpeg\" \/>\n<meta name=\"author\" content=\"Arnaldo Botto\" \/>\n<meta name=\"twitter:card\" content=\"summary_large_image\" \/>\n<script type=\"application\/ld+json\" class=\"yoast-schema-graph\">{\"@context\":\"https:\/\/schema.org\",\"@graph\":[{\"@type\":\"WebPage\",\"@id\":\"https:\/\/www.noticiasradioreflejos.com.ar\/2021\/video-un-auto-exploto-en-una-estacion-de-servicio-de-entre-rios-y-se-vivieron-momentos-de-terror\/\",\"url\":\"https:\/\/www.noticiasradioreflejos.com.ar\/2021\/video-un-auto-exploto-en-una-estacion-de-servicio-de-entre-rios-y-se-vivieron-momentos-de-terror\/\",\"name\":\"Video: un auto explot\u00f3 en una estaci\u00f3n de servicio de Entre R\u00edos y se vivieron momentos de terror - Noticias Radio Reflejos\",\"isPartOf\":{\"@id\":\"https:\/\/www.noticiasradioreflejos.com.ar\/2021\/#website\"},\"primaryImageOfPage\":{\"@id\":\"https:\/\/www.noticiasradioreflejos.com.ar\/2021\/video-un-auto-exploto-en-una-estacion-de-servicio-de-entre-rios-y-se-vivieron-momentos-de-terror\/#primaryimage\"},\"image\":{\"@id\":\"https:\/\/www.noticiasradioreflejos.com.ar\/2021\/video-un-auto-exploto-en-una-estacion-de-servicio-de-entre-rios-y-se-vivieron-momentos-de-terror\/#primaryimage\"},\"thumbnailUrl\":\"https:\/\/www.noticiasradioreflejos.com.ar\/2021\/wp-content\/uploads\/2025\/07\/estacion-de-servicio.jpg\",\"datePublished\":\"2025-07-23T17:01:43+00:00\",\"author\":{\"@id\":\"https:\/\/www.noticiasradioreflejos.com.ar\/2021\/#\/schema\/person\/ad82545263dcc5ec0996818884fd5fb1\"},\"breadcrumb\":{\"@id\":\"https:\/\/www.noticiasradioreflejos.com.ar\/2021\/video-un-auto-exploto-en-una-estacion-de-servicio-de-entre-rios-y-se-vivieron-momentos-de-terror\/#breadcrumb\"},\"inLanguage\":\"es\",\"potentialAction\":[{\"@type\":\"ReadAction\",\"target\":[\"https:\/\/www.noticiasradioreflejos.com.ar\/2021\/video-un-auto-exploto-en-una-estacion-de-servicio-de-entre-rios-y-se-vivieron-momentos-de-terror\/\"]}]},{\"@type\":\"ImageObject\",\"inLanguage\":\"es\",\"@id\":\"https:\/\/www.noticiasradioreflejos.com.ar\/2021\/video-un-auto-exploto-en-una-estacion-de-servicio-de-entre-rios-y-se-vivieron-momentos-de-terror\/#primaryimage\",\"url\":\"https:\/\/www.noticiasradioreflejos.com.ar\/2021\/wp-content\/uploads\/2025\/07\/estacion-de-servicio.jpg\",\"contentUrl\":\"https:\/\/www.noticiasradioreflejos.com.ar\/2021\/wp-content\/uploads\/2025\/07\/estacion-de-servicio.jpg\",\"width\":764,\"height\":397},{\"@type\":\"BreadcrumbList\",\"@id\":\"https:\/\/www.noticiasradioreflejos.com.ar\/2021\/video-un-auto-exploto-en-una-estacion-de-servicio-de-entre-rios-y-se-vivieron-momentos-de-terror\/#breadcrumb\",\"itemListElement\":[{\"@type\":\"ListItem\",\"position\":1,\"name\":\"Portada\",\"item\":\"https:\/\/www.noticiasradioreflejos.com.ar\/2021\/\"},{\"@type\":\"ListItem\",\"position\":2,\"name\":\"Video: un auto explot\u00f3 en una estaci\u00f3n de servicio de Entre R\u00edos y se vivieron momentos de terror\"}]},{\"@type\":\"WebSite\",\"@id\":\"https:\/\/www.noticiasradioreflejos.com.ar\/2021\/#website\",\"url\":\"https:\/\/www.noticiasradioreflejos.com.ar\/2021\/\",\"name\":\"Noticias Radio Reflejos\",\"description\":\"Las noticias de mi comarca\",\"potentialAction\":[{\"@type\":\"SearchAction\",\"target\":{\"@type\":\"EntryPoint\",\"urlTemplate\":\"https:\/\/www.noticiasradioreflejos.com.ar\/2021\/?s={search_term_string}\"},\"query-input\":{\"@type\":\"PropertyValueSpecification\",\"valueRequired\":true,\"valueName\":\"search_term_string\"}}],\"inLanguage\":\"es\"},{\"@type\":\"Person\",\"@id\":\"https:\/\/www.noticiasradioreflejos.com.ar\/2021\/#\/schema\/person\/ad82545263dcc5ec0996818884fd5fb1\",\"name\":\"Arnaldo Botto\",\"image\":{\"@type\":\"ImageObject\",\"inLanguage\":\"es\",\"@id\":\"https:\/\/www.noticiasradioreflejos.com.ar\/2021\/#\/schema\/person\/image\/\",\"url\":\"https:\/\/secure.gravatar.com\/avatar\/55cb5e37c1efa326397366e6974cb338056df65cb50e7d64d1cf314e87504837?s=96&d=mm&r=g\",\"contentUrl\":\"https:\/\/secure.gravatar.com\/avatar\/55cb5e37c1efa326397366e6974cb338056df65cb50e7d64d1cf314e87504837?s=96&d=mm&r=g\",\"caption\":\"Arnaldo Botto\"},\"url\":\"https:\/\/www.noticiasradioreflejos.com.ar\/2021\/author\/arnaldo\/\"}]}<\/script>\n<!-- \/ Yoast SEO plugin. -->","yoast_head_json":{"title":"Video: un auto explot\u00f3 en una estaci\u00f3n de servicio de Entre R\u00edos y se vivieron momentos de terror - Noticias Radio Reflejos","robots":{"index":"index","follow":"follow","max-snippet":"max-snippet:-1","max-image-preview":"max-image-preview:large","max-video-preview":"max-video-preview:-1"},"canonical":"https:\/\/www.noticiasradioreflejos.com.ar\/2021\/video-un-auto-exploto-en-una-estacion-de-servicio-de-entre-rios-y-se-vivieron-momentos-de-terror\/","og_locale":"es_ES","og_type":"article","og_title":"Video: un auto explot\u00f3 en una estaci\u00f3n de servicio de Entre R\u00edos y se vivieron momentos de terror - Noticias Radio Reflejos","og_description":"El incendio comenz\u00f3 cuando el veh\u00edculo result\u00f3 contaminado con un combustible incorrecto.","og_url":"https:\/\/www.noticiasradioreflejos.com.ar\/2021\/video-un-auto-exploto-en-una-estacion-de-servicio-de-entre-rios-y-se-vivieron-momentos-de-terror\/","og_site_name":"Noticias Radio Reflejos","article_published_time":"2025-07-23T17:01:43+00:00","og_image":[{"width":764,"height":397,"url":"https:\/\/www.noticiasradioreflejos.com.ar\/2021\/wp-content\/uploads\/2025\/07\/estacion-de-servicio.jpg","type":"image\/jpeg"}],"author":"Arnaldo Botto","twitter_card":"summary_large_image","schema":{"@context":"https:\/\/schema.org","@graph":[{"@type":"WebPage","@id":"https:\/\/www.noticiasradioreflejos.com.ar\/2021\/video-un-auto-exploto-en-una-estacion-de-servicio-de-entre-rios-y-se-vivieron-momentos-de-terror\/","url":"https:\/\/www.noticiasradioreflejos.com.ar\/2021\/video-un-auto-exploto-en-una-estacion-de-servicio-de-entre-rios-y-se-vivieron-momentos-de-terror\/","name":"Video: un auto explot\u00f3 en una estaci\u00f3n de servicio de Entre R\u00edos y se vivieron momentos de terror - Noticias Radio Reflejos","isPartOf":{"@id":"https:\/\/www.noticiasradioreflejos.com.ar\/2021\/#website"},"primaryImageOfPage":{"@id":"https:\/\/www.noticiasradioreflejos.com.ar\/2021\/video-un-auto-exploto-en-una-estacion-de-servicio-de-entre-rios-y-se-vivieron-momentos-de-terror\/#primaryimage"},"image":{"@id":"https:\/\/www.noticiasradioreflejos.com.ar\/2021\/video-un-auto-exploto-en-una-estacion-de-servicio-de-entre-rios-y-se-vivieron-momentos-de-terror\/#primaryimage"},"thumbnailUrl":"https:\/\/www.noticiasradioreflejos.com.ar\/2021\/wp-content\/uploads\/2025\/07\/estacion-de-servicio.jpg","datePublished":"2025-07-23T17:01:43+00:00","author":{"@id":"https:\/\/www.noticiasradioreflejos.com.ar\/2021\/#\/schema\/person\/ad82545263dcc5ec0996818884fd5fb1"},"breadcrumb":{"@id":"https:\/\/www.noticiasradioreflejos.com.ar\/2021\/video-un-auto-exploto-en-una-estacion-de-servicio-de-entre-rios-y-se-vivieron-momentos-de-terror\/#breadcrumb"},"inLanguage":"es","potentialAction":[{"@type":"ReadAction","target":["https:\/\/www.noticiasradioreflejos.com.ar\/2021\/video-un-auto-exploto-en-una-estacion-de-servicio-de-entre-rios-y-se-vivieron-momentos-de-terror\/"]}]},{"@type":"ImageObject","inLanguage":"es","@id":"https:\/\/www.noticiasradioreflejos.com.ar\/2021\/video-un-auto-exploto-en-una-estacion-de-servicio-de-entre-rios-y-se-vivieron-momentos-de-terror\/#primaryimage","url":"https:\/\/www.noticiasradioreflejos.com.ar\/2021\/wp-content\/uploads\/2025\/07\/estacion-de-servicio.jpg","contentUrl":"https:\/\/www.noticiasradioreflejos.com.ar\/2021\/wp-content\/uploads\/2025\/07\/estacion-de-servicio.jpg","width":764,"height":397},{"@type":"BreadcrumbList","@id":"https:\/\/www.noticiasradioreflejos.com.ar\/2021\/video-un-auto-exploto-en-una-estacion-de-servicio-de-entre-rios-y-se-vivieron-momentos-de-terror\/#breadcrumb","itemListElement":[{"@type":"ListItem","position":1,"name":"Portada","item":"https:\/\/www.noticiasradioreflejos.com.ar\/2021\/"},{"@type":"ListItem","position":2,"name":"Video: un auto explot\u00f3 en una estaci\u00f3n de servicio de Entre R\u00edos y se vivieron momentos de terror"}]},{"@type":"WebSite","@id":"https:\/\/www.noticiasradioreflejos.com.ar\/2021\/#website","url":"https:\/\/www.noticiasradioreflejos.com.ar\/2021\/","name":"Noticias Radio Reflejos","description":"Las noticias de mi comarca","potentialAction":[{"@type":"SearchAction","target":{"@type":"EntryPoint","urlTemplate":"https:\/\/www.noticiasradioreflejos.com.ar\/2021\/?s={search_term_string}"},"query-input":{"@type":"PropertyValueSpecification","valueRequired":true,"valueName":"search_term_string"}}],"inLanguage":"es"},{"@type":"Person","@id":"https:\/\/www.noticiasradioreflejos.com.ar\/2021\/#\/schema\/person\/ad82545263dcc5ec0996818884fd5fb1","name":"Arnaldo Botto","image":{"@type":"ImageObject","inLanguage":"es","@id":"https:\/\/www.noticiasradioreflejos.com.ar\/2021\/#\/schema\/person\/image\/","url":"https:\/\/secure.gravatar.com\/avatar\/55cb5e37c1efa326397366e6974cb338056df65cb50e7d64d1cf314e87504837?s=96&d=mm&r=g","contentUrl":"https:\/\/secure.gravatar.com\/avatar\/55cb5e37c1efa326397366e6974cb338056df65cb50e7d64d1cf314e87504837?s=96&d=mm&r=g","caption":"Arnaldo Botto"},"url":"https:\/\/www.noticiasradioreflejos.com.ar\/2021\/author\/arnaldo\/"}]}},"_links":{"self":[{"href":"https:\/\/www.noticiasradioreflejos.com.ar\/2021\/wp-json\/wp\/v2\/posts\/122169","targetHints":{"allow":["GET"]}}],"collection":[{"href":"https:\/\/www.noticiasradioreflejos.com.ar\/2021\/wp-json\/wp\/v2\/posts"}],"about":[{"href":"https:\/\/www.noticiasradioreflejos.com.ar\/2021\/wp-json\/wp\/v2\/types\/post"}],"author":[{"embeddable":true,"href":"https:\/\/www.noticiasradioreflejos.com.ar\/2021\/wp-json\/wp\/v2\/users\/3"}],"replies":[{"embeddable":true,"href":"https:\/\/www.noticiasradioreflejos.com.ar\/2021\/wp-json\/wp\/v2\/comments?post=122169"}],"version-history":[{"count":1,"href":"https:\/\/www.noticiasradioreflejos.com.ar\/2021\/wp-json\/wp\/v2\/posts\/122169\/revisions"}],"predecessor-version":[{"id":122172,"href":"https:\/\/www.noticiasradioreflejos.com.ar\/2021\/wp-json\/wp\/v2\/posts\/122169\/revisions\/122172"}],"wp:featuredmedia":[{"embeddable":true,"href":"https:\/\/www.noticiasradioreflejos.com.ar\/2021\/wp-json\/wp\/v2\/media\/122171"}],"wp:attachment":[{"href":"https:\/\/www.noticiasradioreflejos.com.ar\/2021\/wp-json\/wp\/v2\/media?parent=122169"}],"wp:term":[{"taxonomy":"category","embeddable":true,"href":"https:\/\/www.noticiasradioreflejos.com.ar\/2021\/wp-json\/wp\/v2\/categories?post=122169"},{"taxonomy":"post_tag","embeddable":true,"href":"https:\/\/www.noticiasradioreflejos.com.ar\/2021\/wp-json\/wp\/v2\/tags?post=122169"}],"curies":[{"name":"wp","href":"https:\/\/api.w.org\/{rel}","templated":true}]}}