{"id":121597,"date":"2025-07-10T18:45:19","date_gmt":"2025-07-10T21:45:19","guid":{"rendered":"https:\/\/www.noticiasradioreflejos.com.ar\/2021\/?p=121597"},"modified":"2025-07-10T18:45:19","modified_gmt":"2025-07-10T21:45:19","slug":"el-senado-aprobo-el-aumento-del-bono-jubilatorio-la-recomposicion-del-72-y-la-extension-de-la-moratoria","status":"publish","type":"post","link":"https:\/\/www.noticiasradioreflejos.com.ar\/2021\/el-senado-aprobo-el-aumento-del-bono-jubilatorio-la-recomposicion-del-72-y-la-extension-de-la-moratoria\/","title":{"rendered":"El Senado aprob\u00f3 el aumento del bono jubilatorio, la recomposici\u00f3n del 7,2% y la extensi\u00f3n de la moratoria"},"content":{"rendered":"<p>De esta manera, la oposici\u00f3n aplic\u00f3 un duro golpe a Milei, quien ya hab\u00eda advertido que vetar\u00eda esas iniciativas por atentar contra el equilibrio fiscal<!--more-->El Senado convirti\u00f3 hoy en ley el proyecto que aumenta los<strong>\u00a0haberes jubilatorios en un 7,2 por ciento\u00a0<\/strong>y eleva bono de\u00a0<strong>70.000 pesos a 110.000<\/strong>, adem\u00e1s del proyecto que extiende de la\u00a0<strong>moratoria previsional<\/strong>, con lo que aplic\u00f3 un duro golpe al gobierno del presidente\u00a0<strong>Javier Milei<\/strong>, quien ya hab\u00eda advertido que vetar\u00eda esas iniciativas por atentar contra el equilibrio fiscal.<\/p>\n<div class=\"columns\" data-tadevel-template=\"web\/article-columns\">\n<div class=\"column-main\">\n<div class=\"article-body\" data-tadevel-template=\"web\/article-body\">\n<div class=\"article-body-content\">\n<p><strong>El proyecto que incrementa las jubilaciones y el bono fue sancionada por 52 votos y 4 abstenciones<\/strong>; los votos fueron aportados por peronistas, radicales y partidos provinciales, con lo que se superaron los dos tercios de los sufragios.<\/p>\n<p>Del mismo modo,\u00a0<strong>la moratoria result\u00f3 aprobado por 39 votos afirmativos, 14 negativos y una abstenci\u00f3n.\u00a0<\/strong><\/p>\n<p>Una de las tantas particularidades de la sesi\u00f3n fue que se cay\u00f3 el sistema, lo que podr\u00eda abrir m\u00e1s frentes de discusi\u00f3n.<\/p>\n<p>Antes de la votaci\u00f3n, La Libertad Avanza (LLA), el grueso del PRO y otros representantes de partidos provinciales decidieron ausentarse: los libertarios no reconocen la sesi\u00f3n y sostienen que la judicializar\u00e1n.<\/p>\n<p>La sesi\u00f3n inici\u00f3 pasadas las 14:15, luego de que la oposici\u00f3n lograra reunir el qu\u00f3rum aportado por los 34 senadores del interbloque peronista, a los que se sumaron el presidente del bloque de la UCR, Eduardo Vischi, y sus pares de bancada Mart\u00edn Lousteau, Favio Fama, Pablo Blanco y Maximiliano Abad.<\/p>\n<p>Tambi\u00e9n lo hicieron el jefe de la bancada Las Provincias Unidas, Carlos \u201cCamau\u201d Esp\u00ednola; la cordobesa Alejandra Vigo y la rionegrina M\u00f3nica Silva; se sumaron los santacruce\u00f1os que responden al mandatario Claudio Vidal, Natalia Gadano y Jos\u00e9 Carambia.<\/p>\n<figure class=\"multimedia\" data-tadevel-template=\"web\/multimedia\" data-type=\"photo\"><figcaption class=\"caption\">\n<div class=\"attribution\"><\/div>\n<\/figcaption><\/figure>\n<p>Adem\u00e1s asisti\u00f3 la senadora del PRO Guadalupe Tagliaferri, una dirigente muy cercana a Horacio Rodr\u00edguez Larreta.<\/p>\n<p>Despu\u00e9s de una hora y media de discusi\u00f3n para imponer el temario, prim\u00f3 la iniciativa del peronista Jos\u00e9 Mayans que tambi\u00e9n impuso con mayor\u00eda su criterio de considerar v\u00e1lidos los despachos -objetados por los libertarios-, por lo que de esa manera se inici\u00f3 el debate por los proyectos aprobados.<\/p>\n<p>El primero en tomar la palabra fue el senador peronista Mariano Recalde, que defendi\u00f3 proyecto aprobado por Diputados, aunque reconoci\u00f3 que esa mejora \u201ces m\u00ednima\u201d ya que alcanza a \u201ccubrir solo\u201d para peque\u00f1os gastos, aunque destac\u00f3 que ese incremento est\u00e1 solventado con las propuestas de financiamiento que se han incluido en esa iniciativa.<\/p>\n<p>\u201cEl proyecto cuenta con fuente de financiamiento propia que permitir\u00eda llevar un peque\u00f1o alivio a los jubilados y responder fiscalmente a esta necesidad. Tambi\u00e9n se plantea el redireccionamiento de las partidas que el Poder Ejecutivo asign\u00f3 para la SIDE\u201d, agreg\u00f3 Recalde.<\/p>\n<p>A su turno, la senadora del PRO Carmen \u00c1lvarez Rivero expres\u00f3 su rechazo al proyecto aprobado en la C\u00e1mara de Diputados y dijo que se deben estudiar otras propuestas si se quiere ayudar a los jubilados, como la situaci\u00f3n del empleo, para tratar el problema del trabajo sin registrar.<\/p>\n<p>Se\u00f1al\u00f3 que le \u201cpreocupan los jubilados y si de verdad queremos ayudarlos debemos tomar el toro por la astas y resolver entonces el problema de diez millones de trabajadores argentinos que est\u00e1n en la informalidad y no aportan\u201d.<\/p>\n<p>Por su parte, Tagliaferri se lament\u00f3 que el a\u00f1o pasado un grupo de diputados hayan avalado el veto Milei y sostuvo: \u201cLa casta para el Gobierno son los jubilados. Por mas que digan desde el relato cosas distintas\u201d, aunque vot\u00f3 contra la moratoria previsional.<\/p>\n<p>A su vez, la senadora Silva indic\u00f3 que \u201ces muy importante que hoy logremos la aprobaci\u00f3n de esta ley y apelemos a la sensibilidad del Gobierno para que sea aplicable\u201d.<\/p>\n<\/div>\n<\/div>\n<\/div>\n<\/div>\n<p>&nbsp;<\/p>\n<div class=\"imgwrap\"><img loading=\"lazy\" decoding=\"async\" src=\"https:\/\/alpha-assets.tadevel-cdn.com\/65a43a148091c3b3a0a177cd\/t256.jpeg\" alt=\"Gonzalo Delmonte\" width=\"64\" height=\"64\" \/><\/div>\n<div class=\"textwrap\">\n<div class=\"name\"><strong>Gonzalo Delmonte . elDiarioAR<\/strong><\/div>\n<\/div>\n","protected":false},"excerpt":{"rendered":"<p>De esta manera, la oposici\u00f3n aplic\u00f3 un duro golpe a Milei, quien ya hab\u00eda advertido que vetar\u00eda esas iniciativas por atentar contra el equilibrio fiscal<\/p>\n","protected":false},"author":3,"featured_media":0,"comment_status":"closed","ping_status":"closed","sticky":false,"template":"","format":"standard","meta":{"footnotes":""},"categories":[24],"tags":[48],"class_list":["post-121597","post","type-post","status-publish","format-standard","hentry","category-politica","tag-destacada"],"yoast_head":"<!-- This site is optimized with the Yoast SEO plugin v25.9 - https:\/\/yoast.com\/wordpress\/plugins\/seo\/ -->\n<title>El Senado aprob\u00f3 el aumento del bono jubilatorio, la recomposici\u00f3n del 7,2% y la extensi\u00f3n de la moratoria - Noticias Radio Reflejos<\/title>\n<meta name=\"robots\" content=\"index, follow, max-snippet:-1, max-image-preview:large, max-video-preview:-1\" \/>\n<link rel=\"canonical\" href=\"https:\/\/www.noticiasradioreflejos.com.ar\/2021\/el-senado-aprobo-el-aumento-del-bono-jubilatorio-la-recomposicion-del-72-y-la-extension-de-la-moratoria\/\" \/>\n<meta property=\"og:locale\" content=\"es_ES\" \/>\n<meta property=\"og:type\" content=\"article\" \/>\n<meta property=\"og:title\" content=\"El Senado aprob\u00f3 el aumento del bono jubilatorio, la recomposici\u00f3n del 7,2% y la extensi\u00f3n de la moratoria - Noticias Radio Reflejos\" \/>\n<meta property=\"og:description\" content=\"De esta manera, la oposici\u00f3n aplic\u00f3 un duro golpe a Milei, quien ya hab\u00eda advertido que vetar\u00eda esas iniciativas por atentar contra el equilibrio fiscal\" \/>\n<meta property=\"og:url\" content=\"https:\/\/www.noticiasradioreflejos.com.ar\/2021\/el-senado-aprobo-el-aumento-del-bono-jubilatorio-la-recomposicion-del-72-y-la-extension-de-la-moratoria\/\" \/>\n<meta property=\"og:site_name\" content=\"Noticias Radio Reflejos\" \/>\n<meta property=\"article:published_time\" content=\"2025-07-10T21:45:19+00:00\" \/>\n<meta property=\"og:image\" content=\"https:\/\/www.noticiasradioreflejos.com.ar\/2021\/wp-content\/uploads\/2025\/07\/Villaroel.jpg\" \/>\n\t<meta property=\"og:image:width\" content=\"1082\" \/>\n\t<meta property=\"og:image:height\" content=\"720\" \/>\n\t<meta property=\"og:image:type\" content=\"image\/jpeg\" \/>\n<meta name=\"author\" content=\"Arnaldo Botto\" \/>\n<meta name=\"twitter:card\" content=\"summary_large_image\" \/>\n<script type=\"application\/ld+json\" class=\"yoast-schema-graph\">{\"@context\":\"https:\/\/schema.org\",\"@graph\":[{\"@type\":\"WebPage\",\"@id\":\"https:\/\/www.noticiasradioreflejos.com.ar\/2021\/el-senado-aprobo-el-aumento-del-bono-jubilatorio-la-recomposicion-del-72-y-la-extension-de-la-moratoria\/\",\"url\":\"https:\/\/www.noticiasradioreflejos.com.ar\/2021\/el-senado-aprobo-el-aumento-del-bono-jubilatorio-la-recomposicion-del-72-y-la-extension-de-la-moratoria\/\",\"name\":\"El Senado aprob\u00f3 el aumento del bono jubilatorio, la recomposici\u00f3n del 7,2% y la extensi\u00f3n de la moratoria - Noticias Radio Reflejos\",\"isPartOf\":{\"@id\":\"https:\/\/www.noticiasradioreflejos.com.ar\/2021\/#website\"},\"primaryImageOfPage\":{\"@id\":\"https:\/\/www.noticiasradioreflejos.com.ar\/2021\/el-senado-aprobo-el-aumento-del-bono-jubilatorio-la-recomposicion-del-72-y-la-extension-de-la-moratoria\/#primaryimage\"},\"image\":{\"@id\":\"https:\/\/www.noticiasradioreflejos.com.ar\/2021\/el-senado-aprobo-el-aumento-del-bono-jubilatorio-la-recomposicion-del-72-y-la-extension-de-la-moratoria\/#primaryimage\"},\"thumbnailUrl\":\"https:\/\/alpha-assets.tadevel-cdn.com\/65a43a148091c3b3a0a177cd\/t256.jpeg\",\"datePublished\":\"2025-07-10T21:45:19+00:00\",\"author\":{\"@id\":\"https:\/\/www.noticiasradioreflejos.com.ar\/2021\/#\/schema\/person\/ad82545263dcc5ec0996818884fd5fb1\"},\"breadcrumb\":{\"@id\":\"https:\/\/www.noticiasradioreflejos.com.ar\/2021\/el-senado-aprobo-el-aumento-del-bono-jubilatorio-la-recomposicion-del-72-y-la-extension-de-la-moratoria\/#breadcrumb\"},\"inLanguage\":\"es\",\"potentialAction\":[{\"@type\":\"ReadAction\",\"target\":[\"https:\/\/www.noticiasradioreflejos.com.ar\/2021\/el-senado-aprobo-el-aumento-del-bono-jubilatorio-la-recomposicion-del-72-y-la-extension-de-la-moratoria\/\"]}]},{\"@type\":\"ImageObject\",\"inLanguage\":\"es\",\"@id\":\"https:\/\/www.noticiasradioreflejos.com.ar\/2021\/el-senado-aprobo-el-aumento-del-bono-jubilatorio-la-recomposicion-del-72-y-la-extension-de-la-moratoria\/#primaryimage\",\"url\":\"https:\/\/alpha-assets.tadevel-cdn.com\/65a43a148091c3b3a0a177cd\/t256.jpeg\",\"contentUrl\":\"https:\/\/alpha-assets.tadevel-cdn.com\/65a43a148091c3b3a0a177cd\/t256.jpeg\"},{\"@type\":\"BreadcrumbList\",\"@id\":\"https:\/\/www.noticiasradioreflejos.com.ar\/2021\/el-senado-aprobo-el-aumento-del-bono-jubilatorio-la-recomposicion-del-72-y-la-extension-de-la-moratoria\/#breadcrumb\",\"itemListElement\":[{\"@type\":\"ListItem\",\"position\":1,\"name\":\"Portada\",\"item\":\"https:\/\/www.noticiasradioreflejos.com.ar\/2021\/\"},{\"@type\":\"ListItem\",\"position\":2,\"name\":\"El Senado aprob\u00f3 el aumento del bono jubilatorio, la recomposici\u00f3n del 7,2% y la extensi\u00f3n de la moratoria\"}]},{\"@type\":\"WebSite\",\"@id\":\"https:\/\/www.noticiasradioreflejos.com.ar\/2021\/#website\",\"url\":\"https:\/\/www.noticiasradioreflejos.com.ar\/2021\/\",\"name\":\"Noticias Radio Reflejos\",\"description\":\"Las noticias de mi comarca\",\"potentialAction\":[{\"@type\":\"SearchAction\",\"target\":{\"@type\":\"EntryPoint\",\"urlTemplate\":\"https:\/\/www.noticiasradioreflejos.com.ar\/2021\/?s={search_term_string}\"},\"query-input\":{\"@type\":\"PropertyValueSpecification\",\"valueRequired\":true,\"valueName\":\"search_term_string\"}}],\"inLanguage\":\"es\"},{\"@type\":\"Person\",\"@id\":\"https:\/\/www.noticiasradioreflejos.com.ar\/2021\/#\/schema\/person\/ad82545263dcc5ec0996818884fd5fb1\",\"name\":\"Arnaldo Botto\",\"image\":{\"@type\":\"ImageObject\",\"inLanguage\":\"es\",\"@id\":\"https:\/\/www.noticiasradioreflejos.com.ar\/2021\/#\/schema\/person\/image\/\",\"url\":\"https:\/\/secure.gravatar.com\/avatar\/55cb5e37c1efa326397366e6974cb338056df65cb50e7d64d1cf314e87504837?s=96&d=mm&r=g\",\"contentUrl\":\"https:\/\/secure.gravatar.com\/avatar\/55cb5e37c1efa326397366e6974cb338056df65cb50e7d64d1cf314e87504837?s=96&d=mm&r=g\",\"caption\":\"Arnaldo Botto\"},\"url\":\"https:\/\/www.noticiasradioreflejos.com.ar\/2021\/author\/arnaldo\/\"}]}<\/script>\n<!-- \/ Yoast SEO plugin. -->","yoast_head_json":{"title":"El Senado aprob\u00f3 el aumento del bono jubilatorio, la recomposici\u00f3n del 7,2% y la extensi\u00f3n de la moratoria - Noticias Radio Reflejos","robots":{"index":"index","follow":"follow","max-snippet":"max-snippet:-1","max-image-preview":"max-image-preview:large","max-video-preview":"max-video-preview:-1"},"canonical":"https:\/\/www.noticiasradioreflejos.com.ar\/2021\/el-senado-aprobo-el-aumento-del-bono-jubilatorio-la-recomposicion-del-72-y-la-extension-de-la-moratoria\/","og_locale":"es_ES","og_type":"article","og_title":"El Senado aprob\u00f3 el aumento del bono jubilatorio, la recomposici\u00f3n del 7,2% y la extensi\u00f3n de la moratoria - Noticias Radio Reflejos","og_description":"De esta manera, la oposici\u00f3n aplic\u00f3 un duro golpe a Milei, quien ya hab\u00eda advertido que vetar\u00eda esas iniciativas por atentar contra el equilibrio fiscal","og_url":"https:\/\/www.noticiasradioreflejos.com.ar\/2021\/el-senado-aprobo-el-aumento-del-bono-jubilatorio-la-recomposicion-del-72-y-la-extension-de-la-moratoria\/","og_site_name":"Noticias Radio Reflejos","article_published_time":"2025-07-10T21:45:19+00:00","og_image":[{"width":1082,"height":720,"url":"https:\/\/www.noticiasradioreflejos.com.ar\/2021\/wp-content\/uploads\/2025\/07\/Villaroel.jpg","type":"image\/jpeg"}],"author":"Arnaldo Botto","twitter_card":"summary_large_image","schema":{"@context":"https:\/\/schema.org","@graph":[{"@type":"WebPage","@id":"https:\/\/www.noticiasradioreflejos.com.ar\/2021\/el-senado-aprobo-el-aumento-del-bono-jubilatorio-la-recomposicion-del-72-y-la-extension-de-la-moratoria\/","url":"https:\/\/www.noticiasradioreflejos.com.ar\/2021\/el-senado-aprobo-el-aumento-del-bono-jubilatorio-la-recomposicion-del-72-y-la-extension-de-la-moratoria\/","name":"El Senado aprob\u00f3 el aumento del bono jubilatorio, la recomposici\u00f3n del 7,2% y la extensi\u00f3n de la moratoria - Noticias Radio Reflejos","isPartOf":{"@id":"https:\/\/www.noticiasradioreflejos.com.ar\/2021\/#website"},"primaryImageOfPage":{"@id":"https:\/\/www.noticiasradioreflejos.com.ar\/2021\/el-senado-aprobo-el-aumento-del-bono-jubilatorio-la-recomposicion-del-72-y-la-extension-de-la-moratoria\/#primaryimage"},"image":{"@id":"https:\/\/www.noticiasradioreflejos.com.ar\/2021\/el-senado-aprobo-el-aumento-del-bono-jubilatorio-la-recomposicion-del-72-y-la-extension-de-la-moratoria\/#primaryimage"},"thumbnailUrl":"https:\/\/alpha-assets.tadevel-cdn.com\/65a43a148091c3b3a0a177cd\/t256.jpeg","datePublished":"2025-07-10T21:45:19+00:00","author":{"@id":"https:\/\/www.noticiasradioreflejos.com.ar\/2021\/#\/schema\/person\/ad82545263dcc5ec0996818884fd5fb1"},"breadcrumb":{"@id":"https:\/\/www.noticiasradioreflejos.com.ar\/2021\/el-senado-aprobo-el-aumento-del-bono-jubilatorio-la-recomposicion-del-72-y-la-extension-de-la-moratoria\/#breadcrumb"},"inLanguage":"es","potentialAction":[{"@type":"ReadAction","target":["https:\/\/www.noticiasradioreflejos.com.ar\/2021\/el-senado-aprobo-el-aumento-del-bono-jubilatorio-la-recomposicion-del-72-y-la-extension-de-la-moratoria\/"]}]},{"@type":"ImageObject","inLanguage":"es","@id":"https:\/\/www.noticiasradioreflejos.com.ar\/2021\/el-senado-aprobo-el-aumento-del-bono-jubilatorio-la-recomposicion-del-72-y-la-extension-de-la-moratoria\/#primaryimage","url":"https:\/\/alpha-assets.tadevel-cdn.com\/65a43a148091c3b3a0a177cd\/t256.jpeg","contentUrl":"https:\/\/alpha-assets.tadevel-cdn.com\/65a43a148091c3b3a0a177cd\/t256.jpeg"},{"@type":"BreadcrumbList","@id":"https:\/\/www.noticiasradioreflejos.com.ar\/2021\/el-senado-aprobo-el-aumento-del-bono-jubilatorio-la-recomposicion-del-72-y-la-extension-de-la-moratoria\/#breadcrumb","itemListElement":[{"@type":"ListItem","position":1,"name":"Portada","item":"https:\/\/www.noticiasradioreflejos.com.ar\/2021\/"},{"@type":"ListItem","position":2,"name":"El Senado aprob\u00f3 el aumento del bono jubilatorio, la recomposici\u00f3n del 7,2% y la extensi\u00f3n de la moratoria"}]},{"@type":"WebSite","@id":"https:\/\/www.noticiasradioreflejos.com.ar\/2021\/#website","url":"https:\/\/www.noticiasradioreflejos.com.ar\/2021\/","name":"Noticias Radio Reflejos","description":"Las noticias de mi comarca","potentialAction":[{"@type":"SearchAction","target":{"@type":"EntryPoint","urlTemplate":"https:\/\/www.noticiasradioreflejos.com.ar\/2021\/?s={search_term_string}"},"query-input":{"@type":"PropertyValueSpecification","valueRequired":true,"valueName":"search_term_string"}}],"inLanguage":"es"},{"@type":"Person","@id":"https:\/\/www.noticiasradioreflejos.com.ar\/2021\/#\/schema\/person\/ad82545263dcc5ec0996818884fd5fb1","name":"Arnaldo Botto","image":{"@type":"ImageObject","inLanguage":"es","@id":"https:\/\/www.noticiasradioreflejos.com.ar\/2021\/#\/schema\/person\/image\/","url":"https:\/\/secure.gravatar.com\/avatar\/55cb5e37c1efa326397366e6974cb338056df65cb50e7d64d1cf314e87504837?s=96&d=mm&r=g","contentUrl":"https:\/\/secure.gravatar.com\/avatar\/55cb5e37c1efa326397366e6974cb338056df65cb50e7d64d1cf314e87504837?s=96&d=mm&r=g","caption":"Arnaldo Botto"},"url":"https:\/\/www.noticiasradioreflejos.com.ar\/2021\/author\/arnaldo\/"}]}},"_links":{"self":[{"href":"https:\/\/www.noticiasradioreflejos.com.ar\/2021\/wp-json\/wp\/v2\/posts\/121597","targetHints":{"allow":["GET"]}}],"collection":[{"href":"https:\/\/www.noticiasradioreflejos.com.ar\/2021\/wp-json\/wp\/v2\/posts"}],"about":[{"href":"https:\/\/www.noticiasradioreflejos.com.ar\/2021\/wp-json\/wp\/v2\/types\/post"}],"author":[{"embeddable":true,"href":"https:\/\/www.noticiasradioreflejos.com.ar\/2021\/wp-json\/wp\/v2\/users\/3"}],"replies":[{"embeddable":true,"href":"https:\/\/www.noticiasradioreflejos.com.ar\/2021\/wp-json\/wp\/v2\/comments?post=121597"}],"version-history":[{"count":1,"href":"https:\/\/www.noticiasradioreflejos.com.ar\/2021\/wp-json\/wp\/v2\/posts\/121597\/revisions"}],"predecessor-version":[{"id":121599,"href":"https:\/\/www.noticiasradioreflejos.com.ar\/2021\/wp-json\/wp\/v2\/posts\/121597\/revisions\/121599"}],"wp:attachment":[{"href":"https:\/\/www.noticiasradioreflejos.com.ar\/2021\/wp-json\/wp\/v2\/media?parent=121597"}],"wp:term":[{"taxonomy":"category","embeddable":true,"href":"https:\/\/www.noticiasradioreflejos.com.ar\/2021\/wp-json\/wp\/v2\/categories?post=121597"},{"taxonomy":"post_tag","embeddable":true,"href":"https:\/\/www.noticiasradioreflejos.com.ar\/2021\/wp-json\/wp\/v2\/tags?post=121597"}],"curies":[{"name":"wp","href":"https:\/\/api.w.org\/{rel}","templated":true}]}}